{"id":134096,"date":"2026-03-14T09:29:18","date_gmt":"2026-03-14T12:29:18","guid":{"rendered":"https:\/\/www.noticiasradioreflejos.com.ar\/2021\/?p=134096"},"modified":"2026-03-14T09:29:18","modified_gmt":"2026-03-14T12:29:18","slug":"pablo-grillo-recibio-el-alta-medica-mientras-avanza-la-causa-por-el-disparo-que-casi-le-provoca-la-muerte","status":"publish","type":"post","link":"https:\/\/www.noticiasradioreflejos.com.ar\/2021\/pablo-grillo-recibio-el-alta-medica-mientras-avanza-la-causa-por-el-disparo-que-casi-le-provoca-la-muerte\/","title":{"rendered":"Pablo Grillo recibi\u00f3 el alta m\u00e9dica mientras avanza la causa por el disparo que casi le provoca la muerte"},"content":{"rendered":"<p>El fot\u00f3grafo continuar\u00e1 con rehabilitaci\u00f3n ambulatoria tras meses de internaci\u00f3n luego de recibir el impacto de un proyectil de gas lacrim\u00f3geno durante un operativo represivo que a\u00fan se investiga en la Justicia.<!--more--><\/p>\n<p>El fot\u00f3grafo <strong>Pablo Grillo<\/strong> recibi\u00f3 este viernes el alta de internaci\u00f3n y continuar\u00e1 su recuperaci\u00f3n con un tratamiento de rehabilitaci\u00f3n ambulatoria, seg\u00fan inform\u00f3 su entorno a trav\u00e9s de un mensaje difundido en redes sociales.<\/p>\n<div class=\"partner-wrapper article-page__body-row\">\n<div class=\"second-col\">\n<p class=\"article-text\">\u201cA Pablo le dieron el alta de internaci\u00f3n. Contin\u00faa con su rehabilitaci\u00f3n ambulatoria\u201d, se\u00f1ala el texto publicado en sus cuentas, en el que tambi\u00e9n agradecen a los profesionales de la salud p\u00fablica, a organizaciones sociales y a las personas que acompa\u00f1aron el proceso desde que result\u00f3 gravemente herido. \u201cHoy tenemos una certeza: la solidaridad y la empat\u00eda colectiva siempre le van a ganar a la violencia disfrazada de orden. Una nueva etapa comienza\u201d, concluye el mensaje.<\/p>\n<p class=\"article-text\">Grillo result\u00f3 herido durante un operativo represivo que se encuentra bajo investigaci\u00f3n judicial y en el que recibi\u00f3 el impacto de un proyectil de gas lacrim\u00f3geno en la cabeza. La causa tramita en el juzgado federal de\u00a0<strong>Mar\u00eda Servini<\/strong>, que ya proces\u00f3 al gendarme\u00a0<strong>H\u00e9ctor Guerrero<\/strong>\u00a0por lesiones grav\u00edsimas y abuso de armas reiterado en seis oportunidades.<\/p>\n<p class=\"article-text\">Seg\u00fan la investigaci\u00f3n, Guerrero efectu\u00f3 varios disparos con una pistola lanzagases de manera antirreglamentaria: en l\u00ednea horizontal y no a 45 grados, como establecen los protocolos. El disparo que impact\u00f3 en la cabeza de Grillo fue el cuarto de una secuencia de seis tiros realizados por el efectivo.<\/p>\n<figure class=\"embed-container embed-container--type-instagram \"><iframe id=\"instagram-embed-0\" class=\"instagram-media instagram-media-rendered\" src=\"https:\/\/www.instagram.com\/p\/DV10sFbgR8N\/embed\/captioned\/?cr=1&amp;v=14&amp;wp=575&amp;rd=https%3A%2F%2Fwww.eldiarioar.com&amp;rp=%2Fpolitica%2Fpablo-grillo-recibio-alta-medica-avanza-causa-disparo-le-provoca-muerte_1_13067791.html#%7B%22ci%22%3A0%2C%22os%22%3A2261.699999999255%2C%22ls%22%3A939.5999999977648%2C%22le%22%3A1313.300000000745%7D\" height=\"846\" frameborder=\"0\" scrolling=\"no\" allowfullscreen=\"allowfullscreen\" data-instgrm-payload-id=\"instagram-media-payload-0\" data-gtm-yt-inspected-34399851_303=\"true\" data-gtm-yt-inspected-34399851_396=\"true\" data-gtm-yt-inspected-41=\"true\" data-mce-fragment=\"1\"><\/iframe><\/figure>\n<p class=\"article-text\">Las pruebas reunidas por la Justicia, entre ellas registros audiovisuales del operativo, muestran adem\u00e1s que durante esa secuencia el gendarme recibi\u00f3 una palmada en la espalda de uno de sus superiores mientras continuaba disparando. Tambi\u00e9n hay videos en los que se observa a jefes de la\u00a0<strong>Gendarmer\u00eda Nacional Argentina<\/strong>\u00a0y de la\u00a0<strong>Polic\u00eda Federal Argentina<\/strong>\u00a0en la zona donde se produjeron los disparos sin que se registren intervenciones para frenar la conducta.<\/p>\n<p class=\"article-text\">El procesamiento de Guerrero fue confirmado por instancias superiores y esta semana la Justicia rechaz\u00f3 un nuevo planteo de su defensa, lo que deja a la causa m\u00e1s cerca de un eventual juicio oral.<\/p>\n<p class=\"article-text\">La querella que representa a Grillo, integrada por las abogadas\u00a0<strong>Claudia Cesaroni<\/strong>\u00a0y\u00a0<strong>Agustina Lloret<\/strong>, busca adem\u00e1s que la investigaci\u00f3n avance sobre la cadena de mando del operativo. En un escrito presentado ante la Justicia se\u00f1alaron que, de haberse intervenido tras los primeros disparos prohibidos, el fot\u00f3grafo no habr\u00eda resultado gravemente herido.<\/p>\n<p class=\"article-text\">En ese planteo se apunta a distintos responsables operativos de las fuerzas de seguridad, entre ellos los jefes de grupo\u00a0<strong>Hern\u00e1n Ariel Kozak<\/strong>\u00a0y\u00a0<strong>Jorge Luis Reyes<\/strong>, as\u00ed como a otros mandos de la fuerza y de la Polic\u00eda Federal que participaban del dispositivo.<\/p>\n<p class=\"article-text\">Tambi\u00e9n se menciona como m\u00e1xima responsable pol\u00edtica del operativo a la entonces ministra de Seguridad\u00a0<strong>Patricia Bullrich<\/strong>, en el contexto de la aplicaci\u00f3n del protocolo antipiquetes. La querella cuestiona adem\u00e1s el cierre de una investigaci\u00f3n administrativa interna contra Guerrero y reclama que se analice el rol de las autoridades que dise\u00f1aron, coordinaron y supervisaron el operativo.<\/p>\n<p class=\"article-text\">En la misma l\u00ednea, la\u00a0<strong>C\u00e1mara Federal de Apelaciones de Buenos Aires<\/strong>\u00a0pidi\u00f3 profundizar la investigaci\u00f3n sobre las responsabilidades de los funcionarios a cargo del operativo, m\u00e1s all\u00e1 del autor material del disparo.<\/p>\n<p class=\"article-text\">El juzgado de Servini tambi\u00e9n mantiene abierta otra causa sobre el operativo represivo en el que result\u00f3 herido Grillo, ocurrido el 12 de marzo, en el que tambi\u00e9n se investigan las lesiones sufridas por otros manifestantes.<\/p>\n<div id=\"container-after-news-outlook\"><\/div>\n<p class=\"article-text\">Mientras avanza el proceso judicial, el alta m\u00e9dica del fot\u00f3grafo marca un nuevo paso en su recuperaci\u00f3n tras meses de internaci\u00f3n y tratamiento. Desde su entorno se\u00f1alan que ahora comenzar\u00e1 una nueva etapa enfocada en la rehabilitaci\u00f3n.<\/p>\n<p>&nbsp;<\/p>\n<p class=\"article-text\"><strong><em>JIB\/MC &#8211; elDiarioAR<\/em><\/strong><\/p>\n<\/div>\n<\/div>\n","protected":false},"excerpt":{"rendered":"<p>El fot\u00f3grafo continuar\u00e1 con rehabilitaci\u00f3n ambulatoria tras meses de internaci\u00f3n luego de recibir el impacto de un proyectil de gas lacrim\u00f3geno durante un operativo represivo que a\u00fan se investiga en la Justicia.<\/p>\n","protected":false},"author":3,"featured_media":134098,"comment_status":"closed","ping_status":"closed","sticky":false,"template":"","format":"standard","meta":{"footnotes":""},"categories":[24,26],"tags":[],"class_list":["post-134096","post","type-post","status-publish","format-standard","has-post-thumbnail","hentry","category-politica","category-sociedad"],"yoast_head":"<!-- This site is optimized with the Yoast SEO plugin v25.9 - https:\/\/yoast.com\/wordpress\/plugins\/seo\/ -->\n<title>Pablo Grillo recibi\u00f3 el alta m\u00e9dica mientras avanza la causa por el disparo que casi le provoca la muerte - Noticias Radio Reflejos<\/title>\n<meta name=\"robots\" content=\"index, follow, max-snippet:-1, max-image-preview:large, max-video-preview:-1\" \/>\n<link rel=\"canonical\" href=\"https:\/\/www.noticiasradioreflejos.com.ar\/2021\/pablo-grillo-recibio-el-alta-medica-mientras-avanza-la-causa-por-el-disparo-que-casi-le-provoca-la-muerte\/\" \/>\n<meta property=\"og:locale\" content=\"es_ES\" \/>\n<meta property=\"og:type\" content=\"article\" \/>\n<meta property=\"og:title\" content=\"Pablo Grillo recibi\u00f3 el alta m\u00e9dica mientras avanza la causa por el disparo que casi le provoca la muerte - Noticias Radio Reflejos\" \/>\n<meta property=\"og:description\" content=\"El fot\u00f3grafo continuar\u00e1 con rehabilitaci\u00f3n ambulatoria tras meses de internaci\u00f3n luego de recibir el impacto de un proyectil de gas lacrim\u00f3geno durante un operativo represivo que a\u00fan se investiga en la Justicia.\" \/>\n<meta property=\"og:url\" content=\"https:\/\/www.noticiasradioreflejos.com.ar\/2021\/pablo-grillo-recibio-el-alta-medica-mientras-avanza-la-causa-por-el-disparo-que-casi-le-provoca-la-muerte\/\" \/>\n<meta property=\"og:site_name\" content=\"Noticias Radio Reflejos\" \/>\n<meta property=\"article:published_time\" content=\"2026-03-14T12:29:18+00:00\" \/>\n<meta property=\"og:image\" content=\"https:\/\/www.noticiasradioreflejos.com.ar\/2021\/wp-content\/uploads\/2026\/03\/Pablo-Grillo.webp\" \/>\n\t<meta property=\"og:image:width\" content=\"1200\" \/>\n\t<meta property=\"og:image:height\" content=\"675\" \/>\n\t<meta property=\"og:image:type\" content=\"image\/webp\" \/>\n<meta name=\"author\" content=\"Arnaldo Botto\" \/>\n<meta name=\"twitter:card\" content=\"summary_large_image\" \/>\n<script type=\"application\/ld+json\" class=\"yoast-schema-graph\">{\"@context\":\"https:\/\/schema.org\",\"@graph\":[{\"@type\":\"WebPage\",\"@id\":\"https:\/\/www.noticiasradioreflejos.com.ar\/2021\/pablo-grillo-recibio-el-alta-medica-mientras-avanza-la-causa-por-el-disparo-que-casi-le-provoca-la-muerte\/\",\"url\":\"https:\/\/www.noticiasradioreflejos.com.ar\/2021\/pablo-grillo-recibio-el-alta-medica-mientras-avanza-la-causa-por-el-disparo-que-casi-le-provoca-la-muerte\/\",\"name\":\"Pablo Grillo recibi\u00f3 el alta m\u00e9dica mientras avanza la causa por el disparo que casi le provoca la muerte - Noticias Radio Reflejos\",\"isPartOf\":{\"@id\":\"https:\/\/www.noticiasradioreflejos.com.ar\/2021\/#website\"},\"primaryImageOfPage\":{\"@id\":\"https:\/\/www.noticiasradioreflejos.com.ar\/2021\/pablo-grillo-recibio-el-alta-medica-mientras-avanza-la-causa-por-el-disparo-que-casi-le-provoca-la-muerte\/#primaryimage\"},\"image\":{\"@id\":\"https:\/\/www.noticiasradioreflejos.com.ar\/2021\/pablo-grillo-recibio-el-alta-medica-mientras-avanza-la-causa-por-el-disparo-que-casi-le-provoca-la-muerte\/#primaryimage\"},\"thumbnailUrl\":\"https:\/\/www.noticiasradioreflejos.com.ar\/2021\/wp-content\/uploads\/2026\/03\/Pablo-Grillo.webp\",\"datePublished\":\"2026-03-14T12:29:18+00:00\",\"author\":{\"@id\":\"https:\/\/www.noticiasradioreflejos.com.ar\/2021\/#\/schema\/person\/ad82545263dcc5ec0996818884fd5fb1\"},\"breadcrumb\":{\"@id\":\"https:\/\/www.noticiasradioreflejos.com.ar\/2021\/pablo-grillo-recibio-el-alta-medica-mientras-avanza-la-causa-por-el-disparo-que-casi-le-provoca-la-muerte\/#breadcrumb\"},\"inLanguage\":\"es\",\"potentialAction\":[{\"@type\":\"ReadAction\",\"target\":[\"https:\/\/www.noticiasradioreflejos.com.ar\/2021\/pablo-grillo-recibio-el-alta-medica-mientras-avanza-la-causa-por-el-disparo-que-casi-le-provoca-la-muerte\/\"]}]},{\"@type\":\"ImageObject\",\"inLanguage\":\"es\",\"@id\":\"https:\/\/www.noticiasradioreflejos.com.ar\/2021\/pablo-grillo-recibio-el-alta-medica-mientras-avanza-la-causa-por-el-disparo-que-casi-le-provoca-la-muerte\/#primaryimage\",\"url\":\"https:\/\/www.noticiasradioreflejos.com.ar\/2021\/wp-content\/uploads\/2026\/03\/Pablo-Grillo.webp\",\"contentUrl\":\"https:\/\/www.noticiasradioreflejos.com.ar\/2021\/wp-content\/uploads\/2026\/03\/Pablo-Grillo.webp\",\"width\":1200,\"height\":675},{\"@type\":\"BreadcrumbList\",\"@id\":\"https:\/\/www.noticiasradioreflejos.com.ar\/2021\/pablo-grillo-recibio-el-alta-medica-mientras-avanza-la-causa-por-el-disparo-que-casi-le-provoca-la-muerte\/#breadcrumb\",\"itemListElement\":[{\"@type\":\"ListItem\",\"position\":1,\"name\":\"Portada\",\"item\":\"https:\/\/www.noticiasradioreflejos.com.ar\/2021\/\"},{\"@type\":\"ListItem\",\"position\":2,\"name\":\"Pablo Grillo recibi\u00f3 el alta m\u00e9dica mientras avanza la causa por el disparo que casi le provoca la muerte\"}]},{\"@type\":\"WebSite\",\"@id\":\"https:\/\/www.noticiasradioreflejos.com.ar\/2021\/#website\",\"url\":\"https:\/\/www.noticiasradioreflejos.com.ar\/2021\/\",\"name\":\"Noticias Radio Reflejos\",\"description\":\"Las noticias de mi comarca\",\"potentialAction\":[{\"@type\":\"SearchAction\",\"target\":{\"@type\":\"EntryPoint\",\"urlTemplate\":\"https:\/\/www.noticiasradioreflejos.com.ar\/2021\/?s={search_term_string}\"},\"query-input\":{\"@type\":\"PropertyValueSpecification\",\"valueRequired\":true,\"valueName\":\"search_term_string\"}}],\"inLanguage\":\"es\"},{\"@type\":\"Person\",\"@id\":\"https:\/\/www.noticiasradioreflejos.com.ar\/2021\/#\/schema\/person\/ad82545263dcc5ec0996818884fd5fb1\",\"name\":\"Arnaldo Botto\",\"image\":{\"@type\":\"ImageObject\",\"inLanguage\":\"es\",\"@id\":\"https:\/\/www.noticiasradioreflejos.com.ar\/2021\/#\/schema\/person\/image\/\",\"url\":\"https:\/\/secure.gravatar.com\/avatar\/55cb5e37c1efa326397366e6974cb338056df65cb50e7d64d1cf314e87504837?s=96&d=mm&r=g\",\"contentUrl\":\"https:\/\/secure.gravatar.com\/avatar\/55cb5e37c1efa326397366e6974cb338056df65cb50e7d64d1cf314e87504837?s=96&d=mm&r=g\",\"caption\":\"Arnaldo Botto\"},\"url\":\"https:\/\/www.noticiasradioreflejos.com.ar\/2021\/author\/arnaldo\/\"}]}<\/script>\n<!-- \/ Yoast SEO plugin. -->","yoast_head_json":{"title":"Pablo Grillo recibi\u00f3 el alta m\u00e9dica mientras avanza la causa por el disparo que casi le provoca la muerte - Noticias Radio Reflejos","robots":{"index":"index","follow":"follow","max-snippet":"max-snippet:-1","max-image-preview":"max-image-preview:large","max-video-preview":"max-video-preview:-1"},"canonical":"https:\/\/www.noticiasradioreflejos.com.ar\/2021\/pablo-grillo-recibio-el-alta-medica-mientras-avanza-la-causa-por-el-disparo-que-casi-le-provoca-la-muerte\/","og_locale":"es_ES","og_type":"article","og_title":"Pablo Grillo recibi\u00f3 el alta m\u00e9dica mientras avanza la causa por el disparo que casi le provoca la muerte - Noticias Radio Reflejos","og_description":"El fot\u00f3grafo continuar\u00e1 con rehabilitaci\u00f3n ambulatoria tras meses de internaci\u00f3n luego de recibir el impacto de un proyectil de gas lacrim\u00f3geno durante un operativo represivo que a\u00fan se investiga en la Justicia.","og_url":"https:\/\/www.noticiasradioreflejos.com.ar\/2021\/pablo-grillo-recibio-el-alta-medica-mientras-avanza-la-causa-por-el-disparo-que-casi-le-provoca-la-muerte\/","og_site_name":"Noticias Radio Reflejos","article_published_time":"2026-03-14T12:29:18+00:00","og_image":[{"width":1200,"height":675,"url":"https:\/\/www.noticiasradioreflejos.com.ar\/2021\/wp-content\/uploads\/2026\/03\/Pablo-Grillo.webp","type":"image\/webp"}],"author":"Arnaldo Botto","twitter_card":"summary_large_image","schema":{"@context":"https:\/\/schema.org","@graph":[{"@type":"WebPage","@id":"https:\/\/www.noticiasradioreflejos.com.ar\/2021\/pablo-grillo-recibio-el-alta-medica-mientras-avanza-la-causa-por-el-disparo-que-casi-le-provoca-la-muerte\/","url":"https:\/\/www.noticiasradioreflejos.com.ar\/2021\/pablo-grillo-recibio-el-alta-medica-mientras-avanza-la-causa-por-el-disparo-que-casi-le-provoca-la-muerte\/","name":"Pablo Grillo recibi\u00f3 el alta m\u00e9dica mientras avanza la causa por el disparo que casi le provoca la muerte - Noticias Radio Reflejos","isPartOf":{"@id":"https:\/\/www.noticiasradioreflejos.com.ar\/2021\/#website"},"primaryImageOfPage":{"@id":"https:\/\/www.noticiasradioreflejos.com.ar\/2021\/pablo-grillo-recibio-el-alta-medica-mientras-avanza-la-causa-por-el-disparo-que-casi-le-provoca-la-muerte\/#primaryimage"},"image":{"@id":"https:\/\/www.noticiasradioreflejos.com.ar\/2021\/pablo-grillo-recibio-el-alta-medica-mientras-avanza-la-causa-por-el-disparo-que-casi-le-provoca-la-muerte\/#primaryimage"},"thumbnailUrl":"https:\/\/www.noticiasradioreflejos.com.ar\/2021\/wp-content\/uploads\/2026\/03\/Pablo-Grillo.webp","datePublished":"2026-03-14T12:29:18+00:00","author":{"@id":"https:\/\/www.noticiasradioreflejos.com.ar\/2021\/#\/schema\/person\/ad82545263dcc5ec0996818884fd5fb1"},"breadcrumb":{"@id":"https:\/\/www.noticiasradioreflejos.com.ar\/2021\/pablo-grillo-recibio-el-alta-medica-mientras-avanza-la-causa-por-el-disparo-que-casi-le-provoca-la-muerte\/#breadcrumb"},"inLanguage":"es","potentialAction":[{"@type":"ReadAction","target":["https:\/\/www.noticiasradioreflejos.com.ar\/2021\/pablo-grillo-recibio-el-alta-medica-mientras-avanza-la-causa-por-el-disparo-que-casi-le-provoca-la-muerte\/"]}]},{"@type":"ImageObject","inLanguage":"es","@id":"https:\/\/www.noticiasradioreflejos.com.ar\/2021\/pablo-grillo-recibio-el-alta-medica-mientras-avanza-la-causa-por-el-disparo-que-casi-le-provoca-la-muerte\/#primaryimage","url":"https:\/\/www.noticiasradioreflejos.com.ar\/2021\/wp-content\/uploads\/2026\/03\/Pablo-Grillo.webp","contentUrl":"https:\/\/www.noticiasradioreflejos.com.ar\/2021\/wp-content\/uploads\/2026\/03\/Pablo-Grillo.webp","width":1200,"height":675},{"@type":"BreadcrumbList","@id":"https:\/\/www.noticiasradioreflejos.com.ar\/2021\/pablo-grillo-recibio-el-alta-medica-mientras-avanza-la-causa-por-el-disparo-que-casi-le-provoca-la-muerte\/#breadcrumb","itemListElement":[{"@type":"ListItem","position":1,"name":"Portada","item":"https:\/\/www.noticiasradioreflejos.com.ar\/2021\/"},{"@type":"ListItem","position":2,"name":"Pablo Grillo recibi\u00f3 el alta m\u00e9dica mientras avanza la causa por el disparo que casi le provoca la muerte"}]},{"@type":"WebSite","@id":"https:\/\/www.noticiasradioreflejos.com.ar\/2021\/#website","url":"https:\/\/www.noticiasradioreflejos.com.ar\/2021\/","name":"Noticias Radio Reflejos","description":"Las noticias de mi comarca","potentialAction":[{"@type":"SearchAction","target":{"@type":"EntryPoint","urlTemplate":"https:\/\/www.noticiasradioreflejos.com.ar\/2021\/?s={search_term_string}"},"query-input":{"@type":"PropertyValueSpecification","valueRequired":true,"valueName":"search_term_string"}}],"inLanguage":"es"},{"@type":"Person","@id":"https:\/\/www.noticiasradioreflejos.com.ar\/2021\/#\/schema\/person\/ad82545263dcc5ec0996818884fd5fb1","name":"Arnaldo Botto","image":{"@type":"ImageObject","inLanguage":"es","@id":"https:\/\/www.noticiasradioreflejos.com.ar\/2021\/#\/schema\/person\/image\/","url":"https:\/\/secure.gravatar.com\/avatar\/55cb5e37c1efa326397366e6974cb338056df65cb50e7d64d1cf314e87504837?s=96&d=mm&r=g","contentUrl":"https:\/\/secure.gravatar.com\/avatar\/55cb5e37c1efa326397366e6974cb338056df65cb50e7d64d1cf314e87504837?s=96&d=mm&r=g","caption":"Arnaldo Botto"},"url":"https:\/\/www.noticiasradioreflejos.com.ar\/2021\/author\/arnaldo\/"}]}},"_links":{"self":[{"href":"https:\/\/www.noticiasradioreflejos.com.ar\/2021\/wp-json\/wp\/v2\/posts\/134096","targetHints":{"allow":["GET"]}}],"collection":[{"href":"https:\/\/www.noticiasradioreflejos.com.ar\/2021\/wp-json\/wp\/v2\/posts"}],"about":[{"href":"https:\/\/www.noticiasradioreflejos.com.ar\/2021\/wp-json\/wp\/v2\/types\/post"}],"author":[{"embeddable":true,"href":"https:\/\/www.noticiasradioreflejos.com.ar\/2021\/wp-json\/wp\/v2\/users\/3"}],"replies":[{"embeddable":true,"href":"https:\/\/www.noticiasradioreflejos.com.ar\/2021\/wp-json\/wp\/v2\/comments?post=134096"}],"version-history":[{"count":1,"href":"https:\/\/www.noticiasradioreflejos.com.ar\/2021\/wp-json\/wp\/v2\/posts\/134096\/revisions"}],"predecessor-version":[{"id":134099,"href":"https:\/\/www.noticiasradioreflejos.com.ar\/2021\/wp-json\/wp\/v2\/posts\/134096\/revisions\/134099"}],"wp:featuredmedia":[{"embeddable":true,"href":"https:\/\/www.noticiasradioreflejos.com.ar\/2021\/wp-json\/wp\/v2\/media\/134098"}],"wp:attachment":[{"href":"https:\/\/www.noticiasradioreflejos.com.ar\/2021\/wp-json\/wp\/v2\/media?parent=134096"}],"wp:term":[{"taxonomy":"category","embeddable":true,"href":"https:\/\/www.noticiasradioreflejos.com.ar\/2021\/wp-json\/wp\/v2\/categories?post=134096"},{"taxonomy":"post_tag","embeddable":true,"href":"https:\/\/www.noticiasradioreflejos.com.ar\/2021\/wp-json\/wp\/v2\/tags?post=134096"}],"curies":[{"name":"wp","href":"https:\/\/api.w.org\/{rel}","templated":true}]}}