{"id":134094,"date":"2026-03-14T09:23:59","date_gmt":"2026-03-14T12:23:59","guid":{"rendered":"https:\/\/www.noticiasradioreflejos.com.ar\/2021\/?p=134094"},"modified":"2026-03-15T11:08:57","modified_gmt":"2026-03-15T14:08:57","slug":"sabado-inestable-y-alerta-amarillo-para-el-domingo-por-tormentas-fuertes-en-la-comarca","status":"publish","type":"post","link":"https:\/\/www.noticiasradioreflejos.com.ar\/2021\/sabado-inestable-y-alerta-amarillo-para-el-domingo-por-tormentas-fuertes-en-la-comarca\/","title":{"rendered":"S\u00e1bado inestable y alerta amarillo para el domingo por tormentas fuertes en la comarca"},"content":{"rendered":"<p>El Servicio Meteorol\u00f3gico Nacional anticipa un domingo de gran inestabilidad con lluvias intensas, r\u00e1fagas de m\u00e1s de 70 km\/h y probable ca\u00edda de granizo.<!--more--><\/p>\n<p data-path-to-node=\"4\">Tras un s\u00e1bado gris y marcado por la inestabilidad, las condiciones meteorol\u00f3gicas en la regi\u00f3n serrana tienden a desmejorar significativamente hacia el cierre del fin de semana. Seg\u00fan el \u00faltimo reporte del Servicio Meteorol\u00f3gico Nacional (SMN), el avance de un frente fr\u00edo provocar\u00e1 fen\u00f3menos de variada intensidad que afectar\u00e1n a todo el sudoeste de la provincia de Buenos Aires.<\/p>\n<p data-path-to-node=\"5\">Para lo que resta del s\u00e1bado, se espera que las precipitaciones ganen fuerza durante las \u00faltimas horas de la tarde, con una temperatura m\u00e1xima que se ubicar\u00e1 en los 24\u00b0C.<\/p>\n<p data-path-to-node=\"5\">Sin embargo, el n\u00facleo del fen\u00f3meno llegar\u00e1 el domingo: se ha emitido un alerta amarillo debido a la formaci\u00f3n de tormentas, algunas localmente fuertes, con mayor impacto previsto entre la tarde y la noche.<\/p>\n<p data-path-to-node=\"6\">Desde el organismo oficial advirtieron que estas tormentas no solo traer\u00e1n abundante ca\u00edda de agua \u2014con valores acumulados de entre 20 y 40 mm\u2014, sino que tambi\u00e9n estar\u00e1n acompa\u00f1adas por actividad el\u00e9ctrica frecuente, ocasional ca\u00edda de granizo y r\u00e1fagas de viento que podr\u00edan superar los 70 km\/h.<\/p>\n<p data-path-to-node=\"6\">Se recomienda a los vecinos y turistas extremar las precauciones y mantenerse informados a trav\u00e9s de los canales oficiales.<\/p>\n","protected":false},"excerpt":{"rendered":"<p>El Servicio Meteorol\u00f3gico Nacional anticipa un domingo de gran inestabilidad con lluvias intensas, r\u00e1fagas de m\u00e1s de 70 km\/h y probable ca\u00edda de granizo.<\/p>\n","protected":false},"author":3,"featured_media":126992,"comment_status":"closed","ping_status":"closed","sticky":false,"template":"","format":"standard","meta":{"footnotes":""},"categories":[46],"tags":[],"class_list":["post-134094","post","type-post","status-publish","format-standard","has-post-thumbnail","hentry","category-ciencia-y-tecnologia"],"yoast_head":"<!-- This site is optimized with the Yoast SEO plugin v25.9 - https:\/\/yoast.com\/wordpress\/plugins\/seo\/ -->\n<title>S\u00e1bado inestable y alerta amarillo para el domingo por tormentas fuertes en la comarca - Noticias Radio Reflejos<\/title>\n<meta name=\"robots\" content=\"index, follow, max-snippet:-1, max-image-preview:large, max-video-preview:-1\" \/>\n<link rel=\"canonical\" href=\"https:\/\/www.noticiasradioreflejos.com.ar\/2021\/sabado-inestable-y-alerta-amarillo-para-el-domingo-por-tormentas-fuertes-en-la-comarca\/\" \/>\n<meta property=\"og:locale\" content=\"es_ES\" \/>\n<meta property=\"og:type\" content=\"article\" \/>\n<meta property=\"og:title\" content=\"S\u00e1bado inestable y alerta amarillo para el domingo por tormentas fuertes en la comarca - Noticias Radio Reflejos\" \/>\n<meta property=\"og:description\" content=\"El Servicio Meteorol\u00f3gico Nacional anticipa un domingo de gran inestabilidad con lluvias intensas, r\u00e1fagas de m\u00e1s de 70 km\/h y probable ca\u00edda de granizo.\" \/>\n<meta property=\"og:url\" content=\"https:\/\/www.noticiasradioreflejos.com.ar\/2021\/sabado-inestable-y-alerta-amarillo-para-el-domingo-por-tormentas-fuertes-en-la-comarca\/\" \/>\n<meta property=\"og:site_name\" content=\"Noticias Radio Reflejos\" \/>\n<meta property=\"article:published_time\" content=\"2026-03-14T12:23:59+00:00\" \/>\n<meta property=\"article:modified_time\" content=\"2026-03-15T14:08:57+00:00\" \/>\n<meta property=\"og:image\" content=\"https:\/\/www.noticiasradioreflejos.com.ar\/2021\/wp-content\/uploads\/2025\/10\/Sierra-de-la-Ventana-ventoso-y-tormentoso.jpg\" \/>\n\t<meta property=\"og:image:width\" content=\"1024\" \/>\n\t<meta property=\"og:image:height\" content=\"490\" \/>\n\t<meta property=\"og:image:type\" content=\"image\/jpeg\" \/>\n<meta name=\"author\" content=\"Arnaldo Botto\" \/>\n<meta name=\"twitter:card\" content=\"summary_large_image\" \/>\n<script type=\"application\/ld+json\" class=\"yoast-schema-graph\">{\"@context\":\"https:\/\/schema.org\",\"@graph\":[{\"@type\":\"WebPage\",\"@id\":\"https:\/\/www.noticiasradioreflejos.com.ar\/2021\/sabado-inestable-y-alerta-amarillo-para-el-domingo-por-tormentas-fuertes-en-la-comarca\/\",\"url\":\"https:\/\/www.noticiasradioreflejos.com.ar\/2021\/sabado-inestable-y-alerta-amarillo-para-el-domingo-por-tormentas-fuertes-en-la-comarca\/\",\"name\":\"S\u00e1bado inestable y alerta amarillo para el domingo por tormentas fuertes en la comarca - Noticias Radio Reflejos\",\"isPartOf\":{\"@id\":\"https:\/\/www.noticiasradioreflejos.com.ar\/2021\/#website\"},\"primaryImageOfPage\":{\"@id\":\"https:\/\/www.noticiasradioreflejos.com.ar\/2021\/sabado-inestable-y-alerta-amarillo-para-el-domingo-por-tormentas-fuertes-en-la-comarca\/#primaryimage\"},\"image\":{\"@id\":\"https:\/\/www.noticiasradioreflejos.com.ar\/2021\/sabado-inestable-y-alerta-amarillo-para-el-domingo-por-tormentas-fuertes-en-la-comarca\/#primaryimage\"},\"thumbnailUrl\":\"https:\/\/www.noticiasradioreflejos.com.ar\/2021\/wp-content\/uploads\/2025\/10\/Sierra-de-la-Ventana-ventoso-y-tormentoso.jpg\",\"datePublished\":\"2026-03-14T12:23:59+00:00\",\"dateModified\":\"2026-03-15T14:08:57+00:00\",\"author\":{\"@id\":\"https:\/\/www.noticiasradioreflejos.com.ar\/2021\/#\/schema\/person\/ad82545263dcc5ec0996818884fd5fb1\"},\"breadcrumb\":{\"@id\":\"https:\/\/www.noticiasradioreflejos.com.ar\/2021\/sabado-inestable-y-alerta-amarillo-para-el-domingo-por-tormentas-fuertes-en-la-comarca\/#breadcrumb\"},\"inLanguage\":\"es\",\"potentialAction\":[{\"@type\":\"ReadAction\",\"target\":[\"https:\/\/www.noticiasradioreflejos.com.ar\/2021\/sabado-inestable-y-alerta-amarillo-para-el-domingo-por-tormentas-fuertes-en-la-comarca\/\"]}]},{\"@type\":\"ImageObject\",\"inLanguage\":\"es\",\"@id\":\"https:\/\/www.noticiasradioreflejos.com.ar\/2021\/sabado-inestable-y-alerta-amarillo-para-el-domingo-por-tormentas-fuertes-en-la-comarca\/#primaryimage\",\"url\":\"https:\/\/www.noticiasradioreflejos.com.ar\/2021\/wp-content\/uploads\/2025\/10\/Sierra-de-la-Ventana-ventoso-y-tormentoso.jpg\",\"contentUrl\":\"https:\/\/www.noticiasradioreflejos.com.ar\/2021\/wp-content\/uploads\/2025\/10\/Sierra-de-la-Ventana-ventoso-y-tormentoso.jpg\",\"width\":1024,\"height\":490},{\"@type\":\"BreadcrumbList\",\"@id\":\"https:\/\/www.noticiasradioreflejos.com.ar\/2021\/sabado-inestable-y-alerta-amarillo-para-el-domingo-por-tormentas-fuertes-en-la-comarca\/#breadcrumb\",\"itemListElement\":[{\"@type\":\"ListItem\",\"position\":1,\"name\":\"Portada\",\"item\":\"https:\/\/www.noticiasradioreflejos.com.ar\/2021\/\"},{\"@type\":\"ListItem\",\"position\":2,\"name\":\"S\u00e1bado inestable y alerta amarillo para el domingo por tormentas fuertes en la comarca\"}]},{\"@type\":\"WebSite\",\"@id\":\"https:\/\/www.noticiasradioreflejos.com.ar\/2021\/#website\",\"url\":\"https:\/\/www.noticiasradioreflejos.com.ar\/2021\/\",\"name\":\"Noticias Radio Reflejos\",\"description\":\"Las noticias de mi comarca\",\"potentialAction\":[{\"@type\":\"SearchAction\",\"target\":{\"@type\":\"EntryPoint\",\"urlTemplate\":\"https:\/\/www.noticiasradioreflejos.com.ar\/2021\/?s={search_term_string}\"},\"query-input\":{\"@type\":\"PropertyValueSpecification\",\"valueRequired\":true,\"valueName\":\"search_term_string\"}}],\"inLanguage\":\"es\"},{\"@type\":\"Person\",\"@id\":\"https:\/\/www.noticiasradioreflejos.com.ar\/2021\/#\/schema\/person\/ad82545263dcc5ec0996818884fd5fb1\",\"name\":\"Arnaldo Botto\",\"image\":{\"@type\":\"ImageObject\",\"inLanguage\":\"es\",\"@id\":\"https:\/\/www.noticiasradioreflejos.com.ar\/2021\/#\/schema\/person\/image\/\",\"url\":\"https:\/\/secure.gravatar.com\/avatar\/55cb5e37c1efa326397366e6974cb338056df65cb50e7d64d1cf314e87504837?s=96&d=mm&r=g\",\"contentUrl\":\"https:\/\/secure.gravatar.com\/avatar\/55cb5e37c1efa326397366e6974cb338056df65cb50e7d64d1cf314e87504837?s=96&d=mm&r=g\",\"caption\":\"Arnaldo Botto\"},\"url\":\"https:\/\/www.noticiasradioreflejos.com.ar\/2021\/author\/arnaldo\/\"}]}<\/script>\n<!-- \/ Yoast SEO plugin. -->","yoast_head_json":{"title":"S\u00e1bado inestable y alerta amarillo para el domingo por tormentas fuertes en la comarca - Noticias Radio Reflejos","robots":{"index":"index","follow":"follow","max-snippet":"max-snippet:-1","max-image-preview":"max-image-preview:large","max-video-preview":"max-video-preview:-1"},"canonical":"https:\/\/www.noticiasradioreflejos.com.ar\/2021\/sabado-inestable-y-alerta-amarillo-para-el-domingo-por-tormentas-fuertes-en-la-comarca\/","og_locale":"es_ES","og_type":"article","og_title":"S\u00e1bado inestable y alerta amarillo para el domingo por tormentas fuertes en la comarca - Noticias Radio Reflejos","og_description":"El Servicio Meteorol\u00f3gico Nacional anticipa un domingo de gran inestabilidad con lluvias intensas, r\u00e1fagas de m\u00e1s de 70 km\/h y probable ca\u00edda de granizo.","og_url":"https:\/\/www.noticiasradioreflejos.com.ar\/2021\/sabado-inestable-y-alerta-amarillo-para-el-domingo-por-tormentas-fuertes-en-la-comarca\/","og_site_name":"Noticias Radio Reflejos","article_published_time":"2026-03-14T12:23:59+00:00","article_modified_time":"2026-03-15T14:08:57+00:00","og_image":[{"width":1024,"height":490,"url":"https:\/\/www.noticiasradioreflejos.com.ar\/2021\/wp-content\/uploads\/2025\/10\/Sierra-de-la-Ventana-ventoso-y-tormentoso.jpg","type":"image\/jpeg"}],"author":"Arnaldo Botto","twitter_card":"summary_large_image","schema":{"@context":"https:\/\/schema.org","@graph":[{"@type":"WebPage","@id":"https:\/\/www.noticiasradioreflejos.com.ar\/2021\/sabado-inestable-y-alerta-amarillo-para-el-domingo-por-tormentas-fuertes-en-la-comarca\/","url":"https:\/\/www.noticiasradioreflejos.com.ar\/2021\/sabado-inestable-y-alerta-amarillo-para-el-domingo-por-tormentas-fuertes-en-la-comarca\/","name":"S\u00e1bado inestable y alerta amarillo para el domingo por tormentas fuertes en la comarca - Noticias Radio Reflejos","isPartOf":{"@id":"https:\/\/www.noticiasradioreflejos.com.ar\/2021\/#website"},"primaryImageOfPage":{"@id":"https:\/\/www.noticiasradioreflejos.com.ar\/2021\/sabado-inestable-y-alerta-amarillo-para-el-domingo-por-tormentas-fuertes-en-la-comarca\/#primaryimage"},"image":{"@id":"https:\/\/www.noticiasradioreflejos.com.ar\/2021\/sabado-inestable-y-alerta-amarillo-para-el-domingo-por-tormentas-fuertes-en-la-comarca\/#primaryimage"},"thumbnailUrl":"https:\/\/www.noticiasradioreflejos.com.ar\/2021\/wp-content\/uploads\/2025\/10\/Sierra-de-la-Ventana-ventoso-y-tormentoso.jpg","datePublished":"2026-03-14T12:23:59+00:00","dateModified":"2026-03-15T14:08:57+00:00","author":{"@id":"https:\/\/www.noticiasradioreflejos.com.ar\/2021\/#\/schema\/person\/ad82545263dcc5ec0996818884fd5fb1"},"breadcrumb":{"@id":"https:\/\/www.noticiasradioreflejos.com.ar\/2021\/sabado-inestable-y-alerta-amarillo-para-el-domingo-por-tormentas-fuertes-en-la-comarca\/#breadcrumb"},"inLanguage":"es","potentialAction":[{"@type":"ReadAction","target":["https:\/\/www.noticiasradioreflejos.com.ar\/2021\/sabado-inestable-y-alerta-amarillo-para-el-domingo-por-tormentas-fuertes-en-la-comarca\/"]}]},{"@type":"ImageObject","inLanguage":"es","@id":"https:\/\/www.noticiasradioreflejos.com.ar\/2021\/sabado-inestable-y-alerta-amarillo-para-el-domingo-por-tormentas-fuertes-en-la-comarca\/#primaryimage","url":"https:\/\/www.noticiasradioreflejos.com.ar\/2021\/wp-content\/uploads\/2025\/10\/Sierra-de-la-Ventana-ventoso-y-tormentoso.jpg","contentUrl":"https:\/\/www.noticiasradioreflejos.com.ar\/2021\/wp-content\/uploads\/2025\/10\/Sierra-de-la-Ventana-ventoso-y-tormentoso.jpg","width":1024,"height":490},{"@type":"BreadcrumbList","@id":"https:\/\/www.noticiasradioreflejos.com.ar\/2021\/sabado-inestable-y-alerta-amarillo-para-el-domingo-por-tormentas-fuertes-en-la-comarca\/#breadcrumb","itemListElement":[{"@type":"ListItem","position":1,"name":"Portada","item":"https:\/\/www.noticiasradioreflejos.com.ar\/2021\/"},{"@type":"ListItem","position":2,"name":"S\u00e1bado inestable y alerta amarillo para el domingo por tormentas fuertes en la comarca"}]},{"@type":"WebSite","@id":"https:\/\/www.noticiasradioreflejos.com.ar\/2021\/#website","url":"https:\/\/www.noticiasradioreflejos.com.ar\/2021\/","name":"Noticias Radio Reflejos","description":"Las noticias de mi comarca","potentialAction":[{"@type":"SearchAction","target":{"@type":"EntryPoint","urlTemplate":"https:\/\/www.noticiasradioreflejos.com.ar\/2021\/?s={search_term_string}"},"query-input":{"@type":"PropertyValueSpecification","valueRequired":true,"valueName":"search_term_string"}}],"inLanguage":"es"},{"@type":"Person","@id":"https:\/\/www.noticiasradioreflejos.com.ar\/2021\/#\/schema\/person\/ad82545263dcc5ec0996818884fd5fb1","name":"Arnaldo Botto","image":{"@type":"ImageObject","inLanguage":"es","@id":"https:\/\/www.noticiasradioreflejos.com.ar\/2021\/#\/schema\/person\/image\/","url":"https:\/\/secure.gravatar.com\/avatar\/55cb5e37c1efa326397366e6974cb338056df65cb50e7d64d1cf314e87504837?s=96&d=mm&r=g","contentUrl":"https:\/\/secure.gravatar.com\/avatar\/55cb5e37c1efa326397366e6974cb338056df65cb50e7d64d1cf314e87504837?s=96&d=mm&r=g","caption":"Arnaldo Botto"},"url":"https:\/\/www.noticiasradioreflejos.com.ar\/2021\/author\/arnaldo\/"}]}},"_links":{"self":[{"href":"https:\/\/www.noticiasradioreflejos.com.ar\/2021\/wp-json\/wp\/v2\/posts\/134094","targetHints":{"allow":["GET"]}}],"collection":[{"href":"https:\/\/www.noticiasradioreflejos.com.ar\/2021\/wp-json\/wp\/v2\/posts"}],"about":[{"href":"https:\/\/www.noticiasradioreflejos.com.ar\/2021\/wp-json\/wp\/v2\/types\/post"}],"author":[{"embeddable":true,"href":"https:\/\/www.noticiasradioreflejos.com.ar\/2021\/wp-json\/wp\/v2\/users\/3"}],"replies":[{"embeddable":true,"href":"https:\/\/www.noticiasradioreflejos.com.ar\/2021\/wp-json\/wp\/v2\/comments?post=134094"}],"version-history":[{"count":1,"href":"https:\/\/www.noticiasradioreflejos.com.ar\/2021\/wp-json\/wp\/v2\/posts\/134094\/revisions"}],"predecessor-version":[{"id":134095,"href":"https:\/\/www.noticiasradioreflejos.com.ar\/2021\/wp-json\/wp\/v2\/posts\/134094\/revisions\/134095"}],"wp:featuredmedia":[{"embeddable":true,"href":"https:\/\/www.noticiasradioreflejos.com.ar\/2021\/wp-json\/wp\/v2\/media\/126992"}],"wp:attachment":[{"href":"https:\/\/www.noticiasradioreflejos.com.ar\/2021\/wp-json\/wp\/v2\/media?parent=134094"}],"wp:term":[{"taxonomy":"category","embeddable":true,"href":"https:\/\/www.noticiasradioreflejos.com.ar\/2021\/wp-json\/wp\/v2\/categories?post=134094"},{"taxonomy":"post_tag","embeddable":true,"href":"https:\/\/www.noticiasradioreflejos.com.ar\/2021\/wp-json\/wp\/v2\/tags?post=134094"}],"curies":[{"name":"wp","href":"https:\/\/api.w.org\/{rel}","templated":true}]}}