{"id":134091,"date":"2026-03-14T09:09:28","date_gmt":"2026-03-14T12:09:28","guid":{"rendered":"https:\/\/www.noticiasradioreflejos.com.ar\/2021\/?p=134091"},"modified":"2026-03-14T09:09:28","modified_gmt":"2026-03-14T12:09:28","slug":"la-industria-en-su-peor-arranque-desde-2002-la-capacidad-instalada-fue-de-536-en-enero","status":"publish","type":"post","link":"https:\/\/www.noticiasradioreflejos.com.ar\/2021\/la-industria-en-su-peor-arranque-desde-2002-la-capacidad-instalada-fue-de-536-en-enero\/","title":{"rendered":"La industria, en su peor arranque desde 2002: la capacidad instalada fue de 53,6% en enero"},"content":{"rendered":"<p>La baja se explica fundamentalmente por las industrias metalmec\u00e1nica, automotriz y textil.<!--more--><\/p>\n<p>La industria manufacturera argentina comenz\u00f3 el a\u00f1o con una se\u00f1al de alerta: la utilizaci\u00f3n de la capacidad instalada en la industria (UCII) se ubic\u00f3 en el <strong class=\"\">53,6% en enero de 2026<\/strong>, en el peor inicio de a\u00f1o para el sector desde la crisis de 2002. Esta cifra representa un retroceso frente al\u00a0<strong class=\"\">55,0%<\/strong>\u00a0registrado en el mismo mes de 2025, profundizando la preocupaci\u00f3n por el ritmo de la actividad econ\u00f3mica.<\/p>\n<div class=\"noticia-main-container\">\n<div class=\"noticia__desarrollo\">\n<p>En el informe de\u00a0<em>\u201cUtilizaci\u00f3n de la capacidad instalada en la industria\u201d<\/em>\u00a0de enero, publicado por el Instituto Nacional de Estad\u00edstica y Censos de la Rep\u00fablica Argentina (Indec), revel\u00f3 que el desplome alarmante se da en sectores estrat\u00e9gicos para el empleo. Los\u00a0<strong class=\"\">productos textiles<\/strong>\u00a0mostraron un nivel de utilizaci\u00f3n de apenas el\u00a0<strong class=\"\">23,7%<\/strong>, una ca\u00edda dr\u00e1stica frente al 33,9% del a\u00f1o pasado, impulsada por el derrumbe en la fabricaci\u00f3n de tejidos y el acabado de productos.<\/p>\n<p>Por su parte, la\u00a0<strong class=\"\">industria automotriz<\/strong>\u00a0oper\u00f3 al\u00a0<strong class=\"\">24,0%<\/strong>\u00a0de su capacidad, lejos del 34,8% que registraba en enero de 2025. Esta par\u00e1lisis est\u00e1 directamente relacionada con la menor cantidad de unidades fabricadas por las terminales, que sufrieron una disminuci\u00f3n del\u00a0<strong class=\"\">30,4%<\/strong>\u00a0en su producci\u00f3n interanual.<\/p>\n<p>La\u00a0<strong class=\"\">metalmec\u00e1nica<\/strong>\u00a0(excluida la automotriz) tampoco logr\u00f3 repuntar y se ubic\u00f3 en un\u00a0<strong class=\"\">31,4%<\/strong>. La principal incidencia negativa en este rubro proviene de la ca\u00edda del\u00a0<strong class=\"\">32,1%<\/strong>\u00a0en la fabricaci\u00f3n de maquinaria agropecuaria y del\u00a0<strong class=\"\">35,8%<\/strong>\u00a0en aparatos de uso dom\u00e9stico como heladeras o lavarropas. Los tres casos mencionados est\u00e1n atravesados de manera directa por los efectos de la\u00a0<strong>apertura comercial.<\/strong><\/p>\n<figure class=\"wp-block-image size-full\"><img loading=\"lazy\" decoding=\"async\" class=\"wp-image-212282\" src=\"https:\/\/frenteacano.com.ar\/wp-content\/uploads\/2026\/03\/image-25.webp\" sizes=\"auto, (max-width: 790px) 100vw, 790px\" srcset=\"https:\/\/frenteacano.com.ar\/wp-content\/uploads\/2026\/03\/image-25.webp 790w, https:\/\/frenteacano.com.ar\/wp-content\/uploads\/2026\/03\/image-25-300x182.webp 300w, https:\/\/frenteacano.com.ar\/wp-content\/uploads\/2026\/03\/image-25-768x466.webp 768w\" alt=\"\" width=\"790\" height=\"479\" \/><\/figure>\n<p>En enero, los rubros con mayor utilizaci\u00f3n de capacidad instalada se concentraron en\u00a0<strong>refinaci\u00f3n del petr\u00f3leo (86,8%), industrias met\u00e1licas b\u00e1sicas (67,6%<\/strong>)\u00a0<strong>y sustancias y productos qu\u00edmicos (64,8%)<\/strong>. Tambi\u00e9n se ubicaron en niveles relativamente elevados papel y cart\u00f3n (61,7%) y alimentos y bebidas (60,2%) en un reflejo de la actividad econ\u00f3mica:\u00a0<strong>niveles altos en energ\u00eda y miner\u00eda y muy bajos en las industrias que apuntan al mercado interno<\/strong>.<\/p>\n<p>Dentro de las escasas se\u00f1ales positivas, las industrias met\u00e1licas b\u00e1sicas evidenciaron una recuperaci\u00f3n interanual, apalancada por el crecimiento del 17,2% en la producci\u00f3n de acero crudo.<\/p>\n<p>Fuente: C5N<\/p>\n<\/div>\n<\/div>\n","protected":false},"excerpt":{"rendered":"<p>La baja se explica fundamentalmente por las industrias metalmec\u00e1nica, automotriz y textil.<\/p>\n","protected":false},"author":3,"featured_media":131344,"comment_status":"closed","ping_status":"closed","sticky":false,"template":"","format":"standard","meta":{"footnotes":""},"categories":[36],"tags":[],"class_list":["post-134091","post","type-post","status-publish","format-standard","has-post-thumbnail","hentry","category-economia"],"yoast_head":"<!-- This site is optimized with the Yoast SEO plugin v25.9 - https:\/\/yoast.com\/wordpress\/plugins\/seo\/ -->\n<title>La industria, en su peor arranque desde 2002: la capacidad instalada fue de 53,6% en enero - Noticias Radio Reflejos<\/title>\n<meta name=\"robots\" content=\"index, follow, max-snippet:-1, max-image-preview:large, max-video-preview:-1\" \/>\n<link rel=\"canonical\" href=\"https:\/\/www.noticiasradioreflejos.com.ar\/2021\/la-industria-en-su-peor-arranque-desde-2002-la-capacidad-instalada-fue-de-536-en-enero\/\" \/>\n<meta property=\"og:locale\" content=\"es_ES\" \/>\n<meta property=\"og:type\" content=\"article\" \/>\n<meta property=\"og:title\" content=\"La industria, en su peor arranque desde 2002: la capacidad instalada fue de 53,6% en enero - Noticias Radio Reflejos\" \/>\n<meta property=\"og:description\" content=\"La baja se explica fundamentalmente por las industrias metalmec\u00e1nica, automotriz y textil.\" \/>\n<meta property=\"og:url\" content=\"https:\/\/www.noticiasradioreflejos.com.ar\/2021\/la-industria-en-su-peor-arranque-desde-2002-la-capacidad-instalada-fue-de-536-en-enero\/\" \/>\n<meta property=\"og:site_name\" content=\"Noticias Radio Reflejos\" \/>\n<meta property=\"article:published_time\" content=\"2026-03-14T12:09:28+00:00\" \/>\n<meta property=\"og:image\" content=\"https:\/\/www.noticiasradioreflejos.com.ar\/2021\/wp-content\/uploads\/2026\/01\/foto-centro-industrial.webp\" \/>\n\t<meta property=\"og:image:width\" content=\"655\" \/>\n\t<meta property=\"og:image:height\" content=\"368\" \/>\n\t<meta property=\"og:image:type\" content=\"image\/webp\" \/>\n<meta name=\"author\" content=\"Arnaldo Botto\" \/>\n<meta name=\"twitter:card\" content=\"summary_large_image\" \/>\n<script type=\"application\/ld+json\" class=\"yoast-schema-graph\">{\"@context\":\"https:\/\/schema.org\",\"@graph\":[{\"@type\":\"WebPage\",\"@id\":\"https:\/\/www.noticiasradioreflejos.com.ar\/2021\/la-industria-en-su-peor-arranque-desde-2002-la-capacidad-instalada-fue-de-536-en-enero\/\",\"url\":\"https:\/\/www.noticiasradioreflejos.com.ar\/2021\/la-industria-en-su-peor-arranque-desde-2002-la-capacidad-instalada-fue-de-536-en-enero\/\",\"name\":\"La industria, en su peor arranque desde 2002: la capacidad instalada fue de 53,6% en enero - Noticias Radio Reflejos\",\"isPartOf\":{\"@id\":\"https:\/\/www.noticiasradioreflejos.com.ar\/2021\/#website\"},\"primaryImageOfPage\":{\"@id\":\"https:\/\/www.noticiasradioreflejos.com.ar\/2021\/la-industria-en-su-peor-arranque-desde-2002-la-capacidad-instalada-fue-de-536-en-enero\/#primaryimage\"},\"image\":{\"@id\":\"https:\/\/www.noticiasradioreflejos.com.ar\/2021\/la-industria-en-su-peor-arranque-desde-2002-la-capacidad-instalada-fue-de-536-en-enero\/#primaryimage\"},\"thumbnailUrl\":\"https:\/\/www.noticiasradioreflejos.com.ar\/2021\/wp-content\/uploads\/2026\/01\/foto-centro-industrial.webp\",\"datePublished\":\"2026-03-14T12:09:28+00:00\",\"author\":{\"@id\":\"https:\/\/www.noticiasradioreflejos.com.ar\/2021\/#\/schema\/person\/ad82545263dcc5ec0996818884fd5fb1\"},\"breadcrumb\":{\"@id\":\"https:\/\/www.noticiasradioreflejos.com.ar\/2021\/la-industria-en-su-peor-arranque-desde-2002-la-capacidad-instalada-fue-de-536-en-enero\/#breadcrumb\"},\"inLanguage\":\"es\",\"potentialAction\":[{\"@type\":\"ReadAction\",\"target\":[\"https:\/\/www.noticiasradioreflejos.com.ar\/2021\/la-industria-en-su-peor-arranque-desde-2002-la-capacidad-instalada-fue-de-536-en-enero\/\"]}]},{\"@type\":\"ImageObject\",\"inLanguage\":\"es\",\"@id\":\"https:\/\/www.noticiasradioreflejos.com.ar\/2021\/la-industria-en-su-peor-arranque-desde-2002-la-capacidad-instalada-fue-de-536-en-enero\/#primaryimage\",\"url\":\"https:\/\/www.noticiasradioreflejos.com.ar\/2021\/wp-content\/uploads\/2026\/01\/foto-centro-industrial.webp\",\"contentUrl\":\"https:\/\/www.noticiasradioreflejos.com.ar\/2021\/wp-content\/uploads\/2026\/01\/foto-centro-industrial.webp\",\"width\":655,\"height\":368},{\"@type\":\"BreadcrumbList\",\"@id\":\"https:\/\/www.noticiasradioreflejos.com.ar\/2021\/la-industria-en-su-peor-arranque-desde-2002-la-capacidad-instalada-fue-de-536-en-enero\/#breadcrumb\",\"itemListElement\":[{\"@type\":\"ListItem\",\"position\":1,\"name\":\"Portada\",\"item\":\"https:\/\/www.noticiasradioreflejos.com.ar\/2021\/\"},{\"@type\":\"ListItem\",\"position\":2,\"name\":\"La industria, en su peor arranque desde 2002: la capacidad instalada fue de 53,6% en enero\"}]},{\"@type\":\"WebSite\",\"@id\":\"https:\/\/www.noticiasradioreflejos.com.ar\/2021\/#website\",\"url\":\"https:\/\/www.noticiasradioreflejos.com.ar\/2021\/\",\"name\":\"Noticias Radio Reflejos\",\"description\":\"Las noticias de mi comarca\",\"potentialAction\":[{\"@type\":\"SearchAction\",\"target\":{\"@type\":\"EntryPoint\",\"urlTemplate\":\"https:\/\/www.noticiasradioreflejos.com.ar\/2021\/?s={search_term_string}\"},\"query-input\":{\"@type\":\"PropertyValueSpecification\",\"valueRequired\":true,\"valueName\":\"search_term_string\"}}],\"inLanguage\":\"es\"},{\"@type\":\"Person\",\"@id\":\"https:\/\/www.noticiasradioreflejos.com.ar\/2021\/#\/schema\/person\/ad82545263dcc5ec0996818884fd5fb1\",\"name\":\"Arnaldo Botto\",\"image\":{\"@type\":\"ImageObject\",\"inLanguage\":\"es\",\"@id\":\"https:\/\/www.noticiasradioreflejos.com.ar\/2021\/#\/schema\/person\/image\/\",\"url\":\"https:\/\/secure.gravatar.com\/avatar\/55cb5e37c1efa326397366e6974cb338056df65cb50e7d64d1cf314e87504837?s=96&d=mm&r=g\",\"contentUrl\":\"https:\/\/secure.gravatar.com\/avatar\/55cb5e37c1efa326397366e6974cb338056df65cb50e7d64d1cf314e87504837?s=96&d=mm&r=g\",\"caption\":\"Arnaldo Botto\"},\"url\":\"https:\/\/www.noticiasradioreflejos.com.ar\/2021\/author\/arnaldo\/\"}]}<\/script>\n<!-- \/ Yoast SEO plugin. -->","yoast_head_json":{"title":"La industria, en su peor arranque desde 2002: la capacidad instalada fue de 53,6% en enero - Noticias Radio Reflejos","robots":{"index":"index","follow":"follow","max-snippet":"max-snippet:-1","max-image-preview":"max-image-preview:large","max-video-preview":"max-video-preview:-1"},"canonical":"https:\/\/www.noticiasradioreflejos.com.ar\/2021\/la-industria-en-su-peor-arranque-desde-2002-la-capacidad-instalada-fue-de-536-en-enero\/","og_locale":"es_ES","og_type":"article","og_title":"La industria, en su peor arranque desde 2002: la capacidad instalada fue de 53,6% en enero - Noticias Radio Reflejos","og_description":"La baja se explica fundamentalmente por las industrias metalmec\u00e1nica, automotriz y textil.","og_url":"https:\/\/www.noticiasradioreflejos.com.ar\/2021\/la-industria-en-su-peor-arranque-desde-2002-la-capacidad-instalada-fue-de-536-en-enero\/","og_site_name":"Noticias Radio Reflejos","article_published_time":"2026-03-14T12:09:28+00:00","og_image":[{"width":655,"height":368,"url":"https:\/\/www.noticiasradioreflejos.com.ar\/2021\/wp-content\/uploads\/2026\/01\/foto-centro-industrial.webp","type":"image\/webp"}],"author":"Arnaldo Botto","twitter_card":"summary_large_image","schema":{"@context":"https:\/\/schema.org","@graph":[{"@type":"WebPage","@id":"https:\/\/www.noticiasradioreflejos.com.ar\/2021\/la-industria-en-su-peor-arranque-desde-2002-la-capacidad-instalada-fue-de-536-en-enero\/","url":"https:\/\/www.noticiasradioreflejos.com.ar\/2021\/la-industria-en-su-peor-arranque-desde-2002-la-capacidad-instalada-fue-de-536-en-enero\/","name":"La industria, en su peor arranque desde 2002: la capacidad instalada fue de 53,6% en enero - Noticias Radio Reflejos","isPartOf":{"@id":"https:\/\/www.noticiasradioreflejos.com.ar\/2021\/#website"},"primaryImageOfPage":{"@id":"https:\/\/www.noticiasradioreflejos.com.ar\/2021\/la-industria-en-su-peor-arranque-desde-2002-la-capacidad-instalada-fue-de-536-en-enero\/#primaryimage"},"image":{"@id":"https:\/\/www.noticiasradioreflejos.com.ar\/2021\/la-industria-en-su-peor-arranque-desde-2002-la-capacidad-instalada-fue-de-536-en-enero\/#primaryimage"},"thumbnailUrl":"https:\/\/www.noticiasradioreflejos.com.ar\/2021\/wp-content\/uploads\/2026\/01\/foto-centro-industrial.webp","datePublished":"2026-03-14T12:09:28+00:00","author":{"@id":"https:\/\/www.noticiasradioreflejos.com.ar\/2021\/#\/schema\/person\/ad82545263dcc5ec0996818884fd5fb1"},"breadcrumb":{"@id":"https:\/\/www.noticiasradioreflejos.com.ar\/2021\/la-industria-en-su-peor-arranque-desde-2002-la-capacidad-instalada-fue-de-536-en-enero\/#breadcrumb"},"inLanguage":"es","potentialAction":[{"@type":"ReadAction","target":["https:\/\/www.noticiasradioreflejos.com.ar\/2021\/la-industria-en-su-peor-arranque-desde-2002-la-capacidad-instalada-fue-de-536-en-enero\/"]}]},{"@type":"ImageObject","inLanguage":"es","@id":"https:\/\/www.noticiasradioreflejos.com.ar\/2021\/la-industria-en-su-peor-arranque-desde-2002-la-capacidad-instalada-fue-de-536-en-enero\/#primaryimage","url":"https:\/\/www.noticiasradioreflejos.com.ar\/2021\/wp-content\/uploads\/2026\/01\/foto-centro-industrial.webp","contentUrl":"https:\/\/www.noticiasradioreflejos.com.ar\/2021\/wp-content\/uploads\/2026\/01\/foto-centro-industrial.webp","width":655,"height":368},{"@type":"BreadcrumbList","@id":"https:\/\/www.noticiasradioreflejos.com.ar\/2021\/la-industria-en-su-peor-arranque-desde-2002-la-capacidad-instalada-fue-de-536-en-enero\/#breadcrumb","itemListElement":[{"@type":"ListItem","position":1,"name":"Portada","item":"https:\/\/www.noticiasradioreflejos.com.ar\/2021\/"},{"@type":"ListItem","position":2,"name":"La industria, en su peor arranque desde 2002: la capacidad instalada fue de 53,6% en enero"}]},{"@type":"WebSite","@id":"https:\/\/www.noticiasradioreflejos.com.ar\/2021\/#website","url":"https:\/\/www.noticiasradioreflejos.com.ar\/2021\/","name":"Noticias Radio Reflejos","description":"Las noticias de mi comarca","potentialAction":[{"@type":"SearchAction","target":{"@type":"EntryPoint","urlTemplate":"https:\/\/www.noticiasradioreflejos.com.ar\/2021\/?s={search_term_string}"},"query-input":{"@type":"PropertyValueSpecification","valueRequired":true,"valueName":"search_term_string"}}],"inLanguage":"es"},{"@type":"Person","@id":"https:\/\/www.noticiasradioreflejos.com.ar\/2021\/#\/schema\/person\/ad82545263dcc5ec0996818884fd5fb1","name":"Arnaldo Botto","image":{"@type":"ImageObject","inLanguage":"es","@id":"https:\/\/www.noticiasradioreflejos.com.ar\/2021\/#\/schema\/person\/image\/","url":"https:\/\/secure.gravatar.com\/avatar\/55cb5e37c1efa326397366e6974cb338056df65cb50e7d64d1cf314e87504837?s=96&d=mm&r=g","contentUrl":"https:\/\/secure.gravatar.com\/avatar\/55cb5e37c1efa326397366e6974cb338056df65cb50e7d64d1cf314e87504837?s=96&d=mm&r=g","caption":"Arnaldo Botto"},"url":"https:\/\/www.noticiasradioreflejos.com.ar\/2021\/author\/arnaldo\/"}]}},"_links":{"self":[{"href":"https:\/\/www.noticiasradioreflejos.com.ar\/2021\/wp-json\/wp\/v2\/posts\/134091","targetHints":{"allow":["GET"]}}],"collection":[{"href":"https:\/\/www.noticiasradioreflejos.com.ar\/2021\/wp-json\/wp\/v2\/posts"}],"about":[{"href":"https:\/\/www.noticiasradioreflejos.com.ar\/2021\/wp-json\/wp\/v2\/types\/post"}],"author":[{"embeddable":true,"href":"https:\/\/www.noticiasradioreflejos.com.ar\/2021\/wp-json\/wp\/v2\/users\/3"}],"replies":[{"embeddable":true,"href":"https:\/\/www.noticiasradioreflejos.com.ar\/2021\/wp-json\/wp\/v2\/comments?post=134091"}],"version-history":[{"count":1,"href":"https:\/\/www.noticiasradioreflejos.com.ar\/2021\/wp-json\/wp\/v2\/posts\/134091\/revisions"}],"predecessor-version":[{"id":134093,"href":"https:\/\/www.noticiasradioreflejos.com.ar\/2021\/wp-json\/wp\/v2\/posts\/134091\/revisions\/134093"}],"wp:featuredmedia":[{"embeddable":true,"href":"https:\/\/www.noticiasradioreflejos.com.ar\/2021\/wp-json\/wp\/v2\/media\/131344"}],"wp:attachment":[{"href":"https:\/\/www.noticiasradioreflejos.com.ar\/2021\/wp-json\/wp\/v2\/media?parent=134091"}],"wp:term":[{"taxonomy":"category","embeddable":true,"href":"https:\/\/www.noticiasradioreflejos.com.ar\/2021\/wp-json\/wp\/v2\/categories?post=134091"},{"taxonomy":"post_tag","embeddable":true,"href":"https:\/\/www.noticiasradioreflejos.com.ar\/2021\/wp-json\/wp\/v2\/tags?post=134091"}],"curies":[{"name":"wp","href":"https:\/\/api.w.org\/{rel}","templated":true}]}}