{"id":134086,"date":"2026-03-14T09:05:58","date_gmt":"2026-03-14T12:05:58","guid":{"rendered":"https:\/\/www.noticiasradioreflejos.com.ar\/2021\/?p=134086"},"modified":"2026-03-14T09:07:51","modified_gmt":"2026-03-14T12:07:51","slug":"134086-2","status":"publish","type":"post","link":"https:\/\/www.noticiasradioreflejos.com.ar\/2021\/134086-2\/","title":{"rendered":"La salmonicultura llega al fin del mundo tras a\u00f1os de resistencia"},"content":{"rendered":"<p>La provincia argentina de Tierra del Fuego dio un giro de 180 grados a su decisi\u00f3n pionera de prohibir la salmonicultura industrial, lo que ha despertado temores en materia de conservaci\u00f3n<!--more--><\/p>\n<div class=\"content-container col-12 col-lg-8\">\n<div class=\"c-content\">\n<div class=\"partner-wrapper opening\" data-mrf-recirculation=\"Apertura\">\n<div class=\"second-col\">\n<figure class=\"ni-figure\"><picture class=\"news-image\"><source srcset=\"https:\/\/static.eldiario.es\/clip\/8923b38d-681d-45c4-a898-389c336479a0_16-9-discover-aspect-ratio_50p_0.webp\" type=\"image\/webp\" media=\"(max-width: 576px)\" \/><source srcset=\"https:\/\/static.eldiario.es\/clip\/8923b38d-681d-45c4-a898-389c336479a0_16-9-discover-aspect-ratio_50p_0.jpg\" type=\"image\/jpg\" media=\"(max-width: 576px)\" \/><source srcset=\"https:\/\/static.eldiario.es\/clip\/8923b38d-681d-45c4-a898-389c336479a0_16-9-discover-aspect-ratio_75p_0.webp\" type=\"image\/webp\" media=\"(max-width: 767px)\" \/><source srcset=\"https:\/\/static.eldiario.es\/clip\/8923b38d-681d-45c4-a898-389c336479a0_16-9-discover-aspect-ratio_75p_0.jpg\" type=\"image\/jpg\" media=\"(max-width: 767px)\" \/><source srcset=\"https:\/\/static.eldiario.es\/clip\/8923b38d-681d-45c4-a898-389c336479a0_16-9-discover-aspect-ratio_default_0.webp\" type=\"image\/webp\" \/><source srcset=\"https:\/\/static.eldiario.es\/clip\/8923b38d-681d-45c4-a898-389c336479a0_16-9-discover-aspect-ratio_default_0.jpg\" type=\"image\/jpg\" \/><\/picture><\/figure>\n<\/div>\n<\/div>\n<\/div>\n<\/div>\n<div class=\"news-info\" data-mrf-recirculation=\"firma\">\n<div class=\"twitter-wrapper\">Ocho a favor, siete en contra.<a class=\"link\" href=\"https:\/\/www.eldiarioar.com\/politica\/pese-advertencias-ambientales-tierra-fuego-habilito-salmonicultura_1_12851422.html\" data-mrf-recirculation=\"links-noticia\" data-mrf-link=\"https:\/\/www.eldiarioar.com\/politica\/pese-advertencias-ambientales-tierra-fuego-habilito-salmonicultura_1_12851422.html\">\u00a0El 15 de diciembre, la legislatura de Tierra del Fuego\u00a0aprob\u00f3,<\/a>\u00a0en medio de un fuerte rechazo social, una nueva Ley de Acuicultura que habilita la producci\u00f3n industrial de salm\u00f3n en mares, r\u00edos y lagos.<\/div>\n<\/div>\n<div class=\"partner-wrapper article-page__body-row\">\n<div class=\"second-col\">\n<aside class=\"know-more know-more--with-image\">\n<p class=\"know-more__title\">El Canal de Beagle y sus costas conforman uno de los paisajes m\u00e1s remotos del planeta, y Ushuaia, es la puerta de entrada a la Ant\u00e1rtida. Tierra del Fuego es conocida desde hace tiempo por sus ecosistemas, en gran parte intactos. Aqu\u00ed, en un reino subant\u00e1rtico de bosques, viento, turberas y mares fr\u00edos y ricos en nutrientes, la vida silvestre prospera. Los lobos marinos y los delfines surcan los canales, las ballenas francas australes migran y las aves marinas \u2014desde albatros hasta cormoranes y ping\u00fcinos\u2014 dependen de estas aguas para alimentarse y reproducirse.<\/p>\n<\/aside>\n<p class=\"article-text\">Para muchos habitantes de la provincia, la nueva ley significa que esto ya no se puede dar por sentado.<\/p>\n<p><a href=\"https:\/\/www.noticiasradioreflejos.com.ar\/2021\/134086-2\/salmoneras\/\" rel=\"attachment wp-att-134087\"><img loading=\"lazy\" decoding=\"async\" class=\"aligncenter size-full wp-image-134087\" src=\"https:\/\/www.noticiasradioreflejos.com.ar\/2021\/wp-content\/uploads\/2026\/03\/salmoneras.webp\" alt=\"\" width=\"1200\" height=\"675\" srcset=\"https:\/\/www.noticiasradioreflejos.com.ar\/2021\/wp-content\/uploads\/2026\/03\/salmoneras.webp 1200w, https:\/\/www.noticiasradioreflejos.com.ar\/2021\/wp-content\/uploads\/2026\/03\/salmoneras-300x169.webp 300w, https:\/\/www.noticiasradioreflejos.com.ar\/2021\/wp-content\/uploads\/2026\/03\/salmoneras-1024x576.webp 1024w, https:\/\/www.noticiasradioreflejos.com.ar\/2021\/wp-content\/uploads\/2026\/03\/salmoneras-768x432.webp 768w, https:\/\/www.noticiasradioreflejos.com.ar\/2021\/wp-content\/uploads\/2026\/03\/salmoneras-750x422.webp 750w, https:\/\/www.noticiasradioreflejos.com.ar\/2021\/wp-content\/uploads\/2026\/03\/salmoneras-1140x641.webp 1140w\" sizes=\"auto, (max-width: 1200px) 100vw, 1200px\" \/><\/a><\/p>\n<h2 class=\"article-text\">Cambios en la coyuntura pol\u00edtica<\/h2>\n<p class=\"article-text\">Apenas concluy\u00f3 la re\u00f1ida votaci\u00f3n, el recinto qued\u00f3 envuelto en silencio. \u201cHubo una sensaci\u00f3n rara, como si [los legisladores] estuvieran entre la espada y la pared. Fue un segundo, pero nos miraron como diciendo \u2018no nos qued\u00f3 otra<em>\u2019<\/em>\u201d, cuenta a Dialogue Earth Nancy Fern\u00e1ndez, profesora de la Universidad Nacional de Tierra del Fuego (UNTdF) y presidenta de la Asociaci\u00f3n Mane\u2019kenk (<a class=\"link\" href=\"https:\/\/www.manekenk.org.ar\/\" target=\"_blank\" rel=\"noopener\" data-mrf-recirculation=\"links-noticia\" data-mrf-link=\"https:\/\/www.manekenk.org.ar\/\">AM<\/a>), una ONG dedicada a la educaci\u00f3n y la conservaci\u00f3n del medioambiente.<\/p>\n<p class=\"article-text\">Fue una de las \u00fanicas tres representantes de la sociedad civil que pudieron entrar a la legislatura. A diferencia del 2021, cuando se aprob\u00f3 la ley anterior (<a class=\"link\" href=\"https:\/\/legistdf.gob.ar\/lp\/leyes\/Provinciales\/LEYP1355.pdf\" target=\"_blank\" rel=\"noopener\" data-mrf-recirculation=\"links-noticia\" data-mrf-link=\"https:\/\/legistdf.gob.ar\/lp\/leyes\/Provinciales\/LEYP1355.pdf\">N\u00b01.355<\/a>), que hab\u00eda sido pionera a nivel mundial en prohibir la salmonicultura en aguas lacustres y mar\u00edtimas. Aquella vez, la entonces legisladora M\u00f3nica Urquiza, del Movimiento Popular Fueguino, abri\u00f3 las puertas del recinto para que todos entren a celebrar.<\/p>\n<figure><picture class=\"news-image\"><source srcset=\"https:\/\/static.eldiario.es\/clip\/c8d4507e-5e49-4040-abb0-866d38f57475_16-9-discover-aspect-ratio_50p_0.webp\" type=\"image\/webp\" media=\"(max-width: 576px)\" \/><source srcset=\"https:\/\/static.eldiario.es\/clip\/c8d4507e-5e49-4040-abb0-866d38f57475_16-9-discover-aspect-ratio_50p_0.jpg\" type=\"image\/jpg\" media=\"(max-width: 576px)\" \/><source srcset=\"https:\/\/static.eldiario.es\/clip\/c8d4507e-5e49-4040-abb0-866d38f57475_16-9-discover-aspect-ratio_75p_0.webp\" type=\"image\/webp\" media=\"(max-width: 767px)\" \/><source srcset=\"https:\/\/static.eldiario.es\/clip\/c8d4507e-5e49-4040-abb0-866d38f57475_16-9-discover-aspect-ratio_75p_0.jpg\" type=\"image\/jpg\" media=\"(max-width: 767px)\" \/><source srcset=\"https:\/\/static.eldiario.es\/clip\/c8d4507e-5e49-4040-abb0-866d38f57475_16-9-discover-aspect-ratio_default_0.webp\" type=\"image\/webp\" media=\"(min-width: 768px)\" \/><source srcset=\"https:\/\/static.eldiario.es\/clip\/c8d4507e-5e49-4040-abb0-866d38f57475_16-9-discover-aspect-ratio_default_0.jpg\" type=\"image\/jpg\" media=\"(min-width: 768px)\" \/><source srcset=\"https:\/\/static.eldiario.es\/clip\/c8d4507e-5e49-4040-abb0-866d38f57475_16-9-discover-aspect-ratio_default_0.webp\" type=\"image\/webp\" \/><img decoding=\"async\" class=\"lazy entered loaded\" src=\"https:\/\/static.eldiario.es\/clip\/c8d4507e-5e49-4040-abb0-866d38f57475_16-9-discover-aspect-ratio_default_0.jpg\" alt=\"Protesta en noviembre de 2025 contra la instalaci\u00f3n de la industria salmonera en Tierra del Fuego. En 2021 se prohibi\u00f3 la cr\u00eda de salm\u00f3n, pero esa decisi\u00f3n se revoc\u00f3 solo cuatro a\u00f1os despu\u00e9s.\" data-src=\"https:\/\/static.eldiario.es\/clip\/c8d4507e-5e49-4040-abb0-866d38f57475_16-9-discover-aspect-ratio_default_0.jpg\" data-ll-status=\"loaded\" \/><\/picture><figcaption class=\"image-footer\"><em><span class=\"title\">Protesta en noviembre de 2025 contra la instalaci\u00f3n de la industria salmonera en Tierra del Fuego. En 2021 se prohibi\u00f3 la cr\u00eda de salm\u00f3n, pero esa decisi\u00f3n se revoc\u00f3 solo cuatro a\u00f1os despu\u00e9s.\u00a0<span class=\"author\">Asociaci\u00f3n Mane\u2019kenk<\/span><\/span><\/em><\/figcaption><\/figure>\n<p>&nbsp;<\/p>\n<p class=\"article-text\">\u201cHoy, siendo vicegobernadora, impidi\u00f3 que la gente ingrese. Y legisladores que hasta el viernes anterior dec\u00edan que no iban a acompa\u00f1ar el proyecto, votaron a favor. Evidentemente hubo promesas, acuerdos, un \u2018si vos me das esto, te apoyo en esto<em>\u2019<\/em>\u201d, sugiere Fern\u00e1ndez.<\/p>\n<p class=\"article-text\">De esta forma, la Ley de Acuicultura N\u00b01601 sustituye a la 1.355, que\u00a0<strong>solamente permit\u00eda la producci\u00f3n de salm\u00f3nidos a escala artesanal, con un tope de 50 toneladas por a\u00f1o. Con la\u00a0<\/strong><a class=\"link\" href=\"https:\/\/www.legistdf.gob.ar\/lp\/indiceleyes\/Leyes%20Sancionadas%202025\/19%29%20Modificando%20la%20Ley%20provincial%201355%20-Cultivo%20y%20producci%F3n%20de%20Salm%F3nidos.%20Prohibici%F3n%20en%20aguas%20lacustres-.pdf\" target=\"_blank\" rel=\"noopener\" data-mrf-recirculation=\"links-noticia\" data-mrf-link=\"https:\/\/www.legistdf.gob.ar\/lp\/indiceleyes\/Leyes%20Sancionadas%202025\/19%29%20Modificando%20la%20Ley%20provincial%201355%20-Cultivo%20y%20producci%F3n%20de%20Salm%F3nidos.%20Prohibici%F3n%20en%20aguas%20lacustres-.pdf\"><strong>nueva ley<\/strong><\/a><strong>, la actividad ya no tiene tope y solo queda prohibida en el Canal de Beagle, lo cual en la pr\u00e1ctica implica que, en el resto de la isla, la salmonicultura queda habilitada.<\/strong><\/p>\n<p class=\"article-text\">La iniciativa para modificar la ley fue impulsada por el gobernador Gustavo Melella (Forja), quien en 2021 hab\u00eda apoyado la prohibici\u00f3n de las salmoneras. \u201cTenemos una naturaleza propia, una producci\u00f3n propia del lugar, no queremos introducir otra especie. Si tuvi\u00e9ramos alg\u00fan problema, como ha pasado en otros lugares, ha pasado en Chile, el desastre es irrecuperable\u201d, hab\u00eda dicho Melella ese a\u00f1o en una\u00a0<a class=\"link\" href=\"https:\/\/www.instagram.com\/reels\/DSF6mpTinQ3\/\" target=\"_blank\" rel=\"noopener\" data-mrf-recirculation=\"links-noticia\" data-mrf-link=\"https:\/\/www.instagram.com\/reels\/DSF6mpTinQ3\/\">entrevista<\/a>\u00a0radial.<\/p>\n<p class=\"article-text\"><strong>Cuatro a\u00f1os despu\u00e9s, fue Melella quien present\u00f3 al poder legislativo el proyecto de ley de reforma. En las redes sociales,<\/strong><a class=\"link\" href=\"https:\/\/x.com\/gustavomelella\/status\/2000739518140371360\" target=\"_blank\" rel=\"noopener\" data-mrf-recirculation=\"links-noticia\" data-mrf-link=\"https:\/\/x.com\/gustavomelella\/status\/2000739518140371360\"><strong>\u00a0argument\u00f3<\/strong><\/a><strong>\u00a0que era necesario \u201cactualizar y fortalecer el marco normativo para el desarrollo acu\u00edcola\u201d, incorporando \u201clos m\u00e1s altos est\u00e1ndares de control ambiental\u201d.<\/strong><\/p>\n<p class=\"article-text\">Las definiciones de estos est\u00e1ndares y otros detalles clave se decidir\u00e1n cuando el gobierno provincial implemente la ley, lo que est\u00e1 previsto para finales de esta semana, el 15 de marzo. La Fundaci\u00f3n Ambiente y Recursos Naturales (FARN), inform\u00f3 a Dialogue Earth que la implementaci\u00f3n a\u00fan est\u00e1 pendiente.<\/p>\n<h2 class=\"article-text\">\u00bfCreaci\u00f3n de empleo o falsas esperanzas?<\/h2>\n<p class=\"article-text\">Argentina se enfrenta a una prolongada crisis econ\u00f3mica, caracterizada por una elevada inflaci\u00f3n, inestabilidad monetaria y aumento de la pobreza. Esta crisis es anterior a la actual presidencia de Javier Milei, que ocupa el cargo desde diciembre de 2023, pero ha continuado y, en cierto modo, se ha agravado bajo la agenda de austeridad y reformas de mercado de su administraci\u00f3n. Por ello, los argumentos esgrimidos en contra de la prohibici\u00f3n de la acuicultura del salm\u00f3n, que muchos de los mismos pol\u00edticos de Tierra del Fuego apoyaron hace cuatro a\u00f1os, se basan en el crecimiento econ\u00f3mico y la creaci\u00f3n de empleo.<\/p>\n<p class=\"article-text\">Diego Marzioni, subsecretario provincial de Pesca y Agricultura, declar\u00f3 el a\u00f1o pasado a la agencia regional de noticias ADNSUR que la salmonicultura podr\u00eda generar<a class=\"link\" href=\"https:\/\/www.adnsur.com.ar\/sociedad\/cria-de-salmones-en-tierra-del-fuego---por-que-se-reabrio-el-debate-y-que-propone-el-nuevo-proyecto-de-ley-_a68d6aab43a7093ae9eab5c23\" target=\"_blank\" rel=\"noopener\" data-mrf-recirculation=\"links-noticia\" data-mrf-link=\"https:\/\/www.adnsur.com.ar\/sociedad\/cria-de-salmones-en-tierra-del-fuego---por-que-se-reabrio-el-debate-y-que-propone-el-nuevo-proyecto-de-ley-_a68d6aab43a7093ae9eab5c23\">\u00a0\u201centre 4.000 y 4.500 puestos de trabajo\u201d<\/a>.<\/p>\n<p class=\"article-text\">Algunos acad\u00e9micos y ambientalistas cuestionan estas cifras. Para Gustavo Lovrich, doctor en Ciencias Biol\u00f3gicas e investigador del CONICET en el Centro Austral de Investigaciones Cient\u00edficas (<a class=\"link\" href=\"https:\/\/cadic.conicet.gov.ar\/\" target=\"_blank\" rel=\"noopener\" data-mrf-recirculation=\"links-noticia\" data-mrf-link=\"https:\/\/cadic.conicet.gov.ar\/\">CADIC<\/a>), el cambio de posici\u00f3n del gobierno est\u00e1 relacionado con el impacto de la eliminaci\u00f3n de los aranceles de importaci\u00f3n sobre los productos electr\u00f3nicos. Esta medida federal se introdujo en mayo de 2025 y ha afectado a una industria que se concentra en Tierra del Fuego. Seg\u00fan algunas estimaciones, esto podr\u00eda significar la p\u00e9rdida de casi un tercio de los empleos en el sector electr\u00f3nico de la provincia,\u00a0<a class=\"link\" href=\"https:\/\/www.identidadsindical.ar\/nota-arancel-cero-y-despidos-el-decreto-de-milei-pone-en-riesgo-2-500-empleos-en-tierra-del-fuego-64659\" target=\"_blank\" rel=\"noopener\" data-mrf-recirculation=\"links-noticia\" data-mrf-link=\"https:\/\/www.identidadsindical.ar\/nota-arancel-cero-y-despidos-el-decreto-de-milei-pone-en-riesgo-2-500-empleos-en-tierra-del-fuego-64659\">entre 2.000 y 2.500<\/a><\/p>\n<p class=\"article-text\">\u201cEl discurso del gobierno es que \u2018esto va a aumentar la mano de obra\u2019 y es mentira. Nosotros les dec\u00edamos que dejen de darle ilusiones a la gente, porque es triste hacer eso en este contexto de crisis\u201d, sostiene Fern\u00e1ndez.<\/p>\n<p class=\"article-text\">Dialogue Earth contact\u00f3 a Diego Marzioni pero, al cierre de esta nota, no obtuvo respuestas.<\/p>\n<h2 class=\"article-text\">Criar salmones, pero a qu\u00e9 costo<\/h2>\n<p class=\"article-text\">Los salmones son originarios del hemisferio norte y\u00a0<a class=\"link\" href=\"https:\/\/www.consejodelsalmon.cl\/historia-de-la-industria-en-chile\/\" target=\"_blank\" rel=\"noopener\" data-mrf-recirculation=\"links-noticia\" data-mrf-link=\"https:\/\/www.consejodelsalmon.cl\/historia-de-la-industria-en-chile\/\">fueron introducidos en Chile<\/a>\u00a0hace m\u00e1s de un siglo para pesca recreativa. \u201cEl 70% de los peces nativos en Chile est\u00e1 con problemas de conservaci\u00f3n porque los salmones son carn\u00edvoros y se alimentan de los peces nativos\u201d, se\u00f1ala Flavia Liberona, bi\u00f3loga chilena y directora ejecutiva de la\u00a0<a class=\"link\" href=\"https:\/\/www.terram.cl\/\" target=\"_blank\" rel=\"noopener\" data-mrf-recirculation=\"links-noticia\" data-mrf-link=\"https:\/\/www.terram.cl\/\">Fundaci\u00f3n Terram<\/a>. La producci\u00f3n de salmones con fines comerciales comenz\u00f3 a fines de los 70, de forma artesanal. Para el 2000, ya estaba en manos de grandes industrias.<\/p>\n<figure><picture class=\"news-image\"><source srcset=\"https:\/\/static.eldiario.es\/clip\/a974b2d1-e152-4cf8-a111-75c8a5e0c5bf_16-9-discover-aspect-ratio_50p_0.webp\" type=\"image\/webp\" media=\"(max-width: 576px)\" \/><source srcset=\"https:\/\/static.eldiario.es\/clip\/a974b2d1-e152-4cf8-a111-75c8a5e0c5bf_16-9-discover-aspect-ratio_50p_0.jpg\" type=\"image\/jpg\" media=\"(max-width: 576px)\" \/><source srcset=\"https:\/\/static.eldiario.es\/clip\/a974b2d1-e152-4cf8-a111-75c8a5e0c5bf_16-9-discover-aspect-ratio_75p_0.webp\" type=\"image\/webp\" media=\"(max-width: 767px)\" \/><source srcset=\"https:\/\/static.eldiario.es\/clip\/a974b2d1-e152-4cf8-a111-75c8a5e0c5bf_16-9-discover-aspect-ratio_75p_0.jpg\" type=\"image\/jpg\" media=\"(max-width: 767px)\" \/><source srcset=\"https:\/\/static.eldiario.es\/clip\/a974b2d1-e152-4cf8-a111-75c8a5e0c5bf_16-9-discover-aspect-ratio_default_0.webp\" type=\"image\/webp\" media=\"(min-width: 768px)\" \/><source srcset=\"https:\/\/static.eldiario.es\/clip\/a974b2d1-e152-4cf8-a111-75c8a5e0c5bf_16-9-discover-aspect-ratio_default_0.jpg\" type=\"image\/jpg\" media=\"(min-width: 768px)\" \/><source srcset=\"https:\/\/static.eldiario.es\/clip\/a974b2d1-e152-4cf8-a111-75c8a5e0c5bf_16-9-discover-aspect-ratio_default_0.webp\" type=\"image\/webp\" \/><img decoding=\"async\" class=\"lazy entered loaded\" src=\"https:\/\/static.eldiario.es\/clip\/a974b2d1-e152-4cf8-a111-75c8a5e0c5bf_16-9-discover-aspect-ratio_default_0.jpg\" alt=\"Jaulas de salm\u00f3n en la Patagonia chilena operadas por la empresa multinacional Mitsubishi. La pesca comercial del salm\u00f3n comenz\u00f3 en Chile en la d\u00e9cada de 1970, y actualmente el pa\u00eds domina el mercado mundial junto a Noruega.\" data-src=\"https:\/\/static.eldiario.es\/clip\/a974b2d1-e152-4cf8-a111-75c8a5e0c5bf_16-9-discover-aspect-ratio_default_0.jpg\" data-ll-status=\"loaded\" \/><\/picture><figcaption class=\"image-footer\"><em><span class=\"title\">Jaulas de salm\u00f3n en la Patagonia chilena operadas por la empresa multinacional Mitsubishi. La pesca comercial del salm\u00f3n comenz\u00f3 en Chile en la d\u00e9cada de 1970, y actualmente el pa\u00eds domina el mercado mundial junto a Noruega.\u00a0<span class=\"author\">Sergio Salazar \/ Greenpeace<\/span><\/span><\/em><\/figcaption><\/figure>\n<p>&nbsp;<\/p>\n<p class=\"article-text\">En 2007,\u00a0<a class=\"link\" href=\"https:\/\/pubmed.ncbi.nlm.nih.gov\/31866673\/\" target=\"_blank\" rel=\"noopener\" data-mrf-recirculation=\"links-noticia\" data-mrf-link=\"https:\/\/pubmed.ncbi.nlm.nih.gov\/31866673\/\">hubo una crisis sanitaria<\/a>\u00a0por el brote del virus ISA (Anemia Infecciosa del Salm\u00f3n), que provoc\u00f3 una alta mortalidad y llev\u00f3 a que el cultivo se expanda hacia otras regiones. \u201cHoy la industria salmonera cosecha m\u00e1s de un mill\u00f3n de toneladas al a\u00f1o. Hay 1.380 concesiones, de las cuales 408 est\u00e1n en \u00e1reas protegidas. Las autoridades han hecho vista gorda y no han fiscalizado como se debe a la industria\u201d, afirma Liberona.<\/p>\n<p class=\"article-text\">El\u00a0<a class=\"link\" href=\"https:\/\/marpatagonico.org\/\" target=\"_blank\" rel=\"noopener\" data-mrf-recirculation=\"links-noticia\" data-mrf-link=\"https:\/\/marpatagonico.org\/\">Foro para la Conservaci\u00f3n del Mar Patag\u00f3nico<\/a>, que nuclea a treinta organizaciones de Argentina, Chile, Brasil y Uruguay, elabor\u00f3 un\u00a0<a class=\"link\" href=\"https:\/\/www.eldiarioar.com\/sociedad\/medio-ambiente\/salmonicultura-llega-mundo-anos-resistencia_1_13067695.html#\" target=\"_blank\" rel=\"noopener\" data-mrf-recirculation=\"links-noticia\" data-mrf-link=\"https:\/\/www.eldiarioar.com\/sociedad\/medio-ambiente\/salmonicultura-llega-mundo-anos-resistencia_1_13067695.html\">documento de posici\u00f3n<\/a>\u00a0donde detallan los impactos negativos relevados en numerosos\u00a0<em>papers<\/em>. Se ha observado, por ejemplo, que los desechos org\u00e1nicos acumulados en el fondo marino disminuyen el ox\u00edgeno y generan cambios en la biodiversidad; los inorg\u00e1nicos producen florecimientos algales nocivos (marea roja); y los restos excesivos de antibi\u00f3ticos colaboran en el aumento de la resistencia antimocrobiana en humanos. Llevar estos problemas a Tierra del Fuego podr\u00eda da\u00f1ar una regi\u00f3n relativamente virgen, afirman quienes se oponen a la cr\u00eda industrial.<\/p>\n<p class=\"article-text\">Tambi\u00e9n hay dudas sobre la viabilidad econ\u00f3mica de desarrollar la cr\u00eda de salm\u00f3n en Tierra del Fuego. La industria es muy competitiva y est\u00e1 dominada por Noruega y Chile. Las granjas de salm\u00f3n en el extremo sur de Argentina tendr\u00edan que abastecerse de peces y suministros especializados, llevar su salm\u00f3n a mercados lejanos y atraer a trabajadores calificados a esta regi\u00f3n remota.<\/p>\n<p class=\"article-text\">Por su parte, Liberona indica que quienes tengan intenci\u00f3n de instalar centros de cultivo en Tierra del Fuego tendr\u00e1n que hacer estudios econ\u00f3micos para saber si es viable. \u201cEs una industria s\u00faper compleja, no basta con tener centros de cultivo en el mar\u201d, subraya.<\/p>\n<figure><picture class=\"news-image\"><source srcset=\"https:\/\/static.eldiario.es\/clip\/18ae6c1c-e087-4841-b9b8-adc70d3466cc_16-9-discover-aspect-ratio_50p_0.webp\" type=\"image\/webp\" media=\"(max-width: 576px)\" \/><source srcset=\"https:\/\/static.eldiario.es\/clip\/18ae6c1c-e087-4841-b9b8-adc70d3466cc_16-9-discover-aspect-ratio_50p_0.jpg\" type=\"image\/jpg\" media=\"(max-width: 576px)\" \/><source srcset=\"https:\/\/static.eldiario.es\/clip\/18ae6c1c-e087-4841-b9b8-adc70d3466cc_16-9-discover-aspect-ratio_75p_0.webp\" type=\"image\/webp\" media=\"(max-width: 767px)\" \/><source srcset=\"https:\/\/static.eldiario.es\/clip\/18ae6c1c-e087-4841-b9b8-adc70d3466cc_16-9-discover-aspect-ratio_75p_0.jpg\" type=\"image\/jpg\" media=\"(max-width: 767px)\" \/><source srcset=\"https:\/\/static.eldiario.es\/clip\/18ae6c1c-e087-4841-b9b8-adc70d3466cc_16-9-discover-aspect-ratio_default_0.webp\" type=\"image\/webp\" media=\"(min-width: 768px)\" \/><source srcset=\"https:\/\/static.eldiario.es\/clip\/18ae6c1c-e087-4841-b9b8-adc70d3466cc_16-9-discover-aspect-ratio_default_0.jpg\" type=\"image\/jpg\" media=\"(min-width: 768px)\" \/><source srcset=\"https:\/\/static.eldiario.es\/clip\/18ae6c1c-e087-4841-b9b8-adc70d3466cc_16-9-discover-aspect-ratio_default_0.webp\" type=\"image\/webp\" \/><img decoding=\"async\" class=\"lazy entered loaded\" src=\"https:\/\/static.eldiario.es\/clip\/18ae6c1c-e087-4841-b9b8-adc70d3466cc_16-9-discover-aspect-ratio_default_0.jpg\" alt=\"Cientos de salmones murieron en 2021 en medio de una floraci\u00f3n de algas en Los Lagos, Chile. Expertos afirman que la industria del salm\u00f3n tiene numerosas consecuencias negativas, como los residuos org\u00e1nicos que alimentan estas floraciones.\" data-src=\"https:\/\/static.eldiario.es\/clip\/18ae6c1c-e087-4841-b9b8-adc70d3466cc_16-9-discover-aspect-ratio_default_0.jpg\" data-ll-status=\"loaded\" \/><\/picture><figcaption class=\"image-footer\"><em><span class=\"title\">Cientos de salmones murieron en 2021 en medio de una floraci\u00f3n de algas en Los Lagos, Chile. Expertos afirman que la industria del salm\u00f3n tiene numerosas consecuencias negativas, como los residuos org\u00e1nicos que alimentan estas floraciones.\u00a0<span class=\"author\">Alvaro Vidal \/ Greenpeace<\/span><\/span><\/em><\/figcaption><\/figure>\n<h2><\/h2>\n<h2 class=\"article-text\">El problema de la fiscalizaci\u00f3n<\/h2>\n<p class=\"article-text\">La nueva ley establece que el gobierno provincial debe llevar a cabo una Evaluaci\u00f3n Ambiental Estrat\u00e9gica para determinar las zonas adecuadas para el cultivo del salm\u00f3n, y que cada establecimiento propuesta deber\u00e1 presentar un estudio de impacto ambiental. La Secretar\u00eda de Pesca y Acuicultura y la Secretar\u00eda de Medioambiente ser\u00e1n responsables de hacer cumplir la ley. El funcionamiento de este sistema se determinar\u00e1 cuando se aplique la normativa.<\/p>\n<p class=\"article-text\">Algunos cient\u00edficos y ecologistas dudan de la capacidad del gobierno para supervisar y controlar las granjas. \u201cLa provincia no tiene capacidad de fiscalizar, si hoy le pasan por las narices cuestiones como el vertido de residuos peligrosos en el ambiente y la extracci\u00f3n desmedida de turberas y bosques. Creo que la desconfianza m\u00e1s fuerte de la gente est\u00e1 en ese punto: no creen que tengan capacidad de control\u201d, sostiene Fern\u00e1ndez.<\/p>\n<p class=\"article-text\">En el momento de la publicaci\u00f3n, a\u00fan no se hab\u00eda llevado a cabo la Evaluaci\u00f3n Ambiental Estrat\u00e9gica. Por lo tanto, a\u00fan no est\u00e1 claro d\u00f3nde podr\u00edan ubicarse los proyectos y si hay empresas con intenci\u00f3n de invertir.<\/p>\n<p class=\"article-text\">La nueva ley estipula que esta evaluaci\u00f3n se llevar\u00e1 a cabo de acuerdo con \u201ccriterios de sostenibilidad\u201d. Sin embargo, no especifica cu\u00e1les ser\u00e1n esos criterios. FARN explica que este tipo de leyes no suelen especificar dichos criterios, ya que generalmente se establecen durante su implementaci\u00f3n.<\/p>\n<p class=\"article-text\">Andrea Michelson, coordinadora del Foro para la Conservaci\u00f3n del Mar Patag\u00f3nico, afirma que la organizaci\u00f3n sigue esperando poder detener cualquier tipo de cr\u00eda de salm\u00f3n. \u201cDesde nuestro punto de vista, la soluci\u00f3n ser\u00eda no habilitar la actividad. Las alternativas nuestras siempre son el cuidado del ambiente y potenciar actividades que ya existen, como el turismo de naturaleza y otras actividades campesinas sustentables que no implican una extracci\u00f3n en el ambiente\u201d, apunta.<\/p>\n<p class=\"article-text\">Por ahora, la cr\u00eda de salm\u00f3n en Tierra del Fuego sigue adelante, por un solo voto. El debate ya no se centra en si la cr\u00eda de salm\u00f3n va a llegar, sino en si \u201cel fin del mundo\u201d est\u00e1 preparado para lo que ello conlleva.<\/p>\n<p>&nbsp;<\/p>\n<p class=\"article-text\"><em><strong>Nadia Luna &#8211; Este art\u00edculo fue publicado originalmente en <a class=\"link\" href=\"https:\/\/dialogue.earth\/es\/oceanos\/salmonicultura-llega-al-fin-del-mundo-tras-resistencia\/\" target=\"_blank\" rel=\"noopener\" data-mrf-recirculation=\"links-noticia\" data-mrf-link=\"https:\/\/dialogue.earth\/es\/oceanos\/salmonicultura-llega-al-fin-del-mundo-tras-resistencia\/\">Dialogue Earth<\/a><\/strong><\/em><\/p>\n<\/div>\n<\/div>\n","protected":false},"excerpt":{"rendered":"<p>La provincia argentina de Tierra del Fuego dio un giro de 180 grados a su decisi\u00f3n pionera de prohibir la salmonicultura industrial, lo que ha despertado temores en materia de conservaci\u00f3n<\/p>\n","protected":false},"author":3,"featured_media":134088,"comment_status":"closed","ping_status":"closed","sticky":false,"template":"","format":"standard","meta":{"footnotes":""},"categories":[36,24],"tags":[],"class_list":["post-134086","post","type-post","status-publish","format-standard","has-post-thumbnail","hentry","category-economia","category-politica"],"yoast_head":"<!-- This site is optimized with the Yoast SEO plugin v25.9 - https:\/\/yoast.com\/wordpress\/plugins\/seo\/ -->\n<title>La salmonicultura llega al fin del mundo tras a\u00f1os de resistencia - Noticias Radio Reflejos<\/title>\n<meta name=\"robots\" content=\"index, follow, max-snippet:-1, max-image-preview:large, max-video-preview:-1\" \/>\n<link rel=\"canonical\" href=\"https:\/\/www.noticiasradioreflejos.com.ar\/2021\/134086-2\/\" \/>\n<meta property=\"og:locale\" content=\"es_ES\" \/>\n<meta property=\"og:type\" content=\"article\" \/>\n<meta property=\"og:title\" content=\"La salmonicultura llega al fin del mundo tras a\u00f1os de resistencia - Noticias Radio Reflejos\" \/>\n<meta property=\"og:description\" content=\"La provincia argentina de Tierra del Fuego dio un giro de 180 grados a su decisi\u00f3n pionera de prohibir la salmonicultura industrial, lo que ha despertado temores en materia de conservaci\u00f3n\" \/>\n<meta property=\"og:url\" content=\"https:\/\/www.noticiasradioreflejos.com.ar\/2021\/134086-2\/\" \/>\n<meta property=\"og:site_name\" content=\"Noticias Radio Reflejos\" \/>\n<meta property=\"article:published_time\" content=\"2026-03-14T12:05:58+00:00\" \/>\n<meta property=\"article:modified_time\" content=\"2026-03-14T12:07:51+00:00\" \/>\n<meta property=\"og:image\" content=\"https:\/\/www.noticiasradioreflejos.com.ar\/2021\/wp-content\/uploads\/2026\/03\/tierra-del-fuego.webp\" \/>\n\t<meta property=\"og:image:width\" content=\"1200\" \/>\n\t<meta property=\"og:image:height\" content=\"675\" \/>\n\t<meta property=\"og:image:type\" content=\"image\/webp\" \/>\n<meta name=\"author\" content=\"Arnaldo Botto\" \/>\n<meta name=\"twitter:card\" content=\"summary_large_image\" \/>\n<script type=\"application\/ld+json\" class=\"yoast-schema-graph\">{\"@context\":\"https:\/\/schema.org\",\"@graph\":[{\"@type\":\"WebPage\",\"@id\":\"https:\/\/www.noticiasradioreflejos.com.ar\/2021\/134086-2\/\",\"url\":\"https:\/\/www.noticiasradioreflejos.com.ar\/2021\/134086-2\/\",\"name\":\"La salmonicultura llega al fin del mundo tras a\u00f1os de resistencia - Noticias Radio Reflejos\",\"isPartOf\":{\"@id\":\"https:\/\/www.noticiasradioreflejos.com.ar\/2021\/#website\"},\"primaryImageOfPage\":{\"@id\":\"https:\/\/www.noticiasradioreflejos.com.ar\/2021\/134086-2\/#primaryimage\"},\"image\":{\"@id\":\"https:\/\/www.noticiasradioreflejos.com.ar\/2021\/134086-2\/#primaryimage\"},\"thumbnailUrl\":\"https:\/\/www.noticiasradioreflejos.com.ar\/2021\/wp-content\/uploads\/2026\/03\/tierra-del-fuego.webp\",\"datePublished\":\"2026-03-14T12:05:58+00:00\",\"dateModified\":\"2026-03-14T12:07:51+00:00\",\"author\":{\"@id\":\"https:\/\/www.noticiasradioreflejos.com.ar\/2021\/#\/schema\/person\/ad82545263dcc5ec0996818884fd5fb1\"},\"breadcrumb\":{\"@id\":\"https:\/\/www.noticiasradioreflejos.com.ar\/2021\/134086-2\/#breadcrumb\"},\"inLanguage\":\"es\",\"potentialAction\":[{\"@type\":\"ReadAction\",\"target\":[\"https:\/\/www.noticiasradioreflejos.com.ar\/2021\/134086-2\/\"]}]},{\"@type\":\"ImageObject\",\"inLanguage\":\"es\",\"@id\":\"https:\/\/www.noticiasradioreflejos.com.ar\/2021\/134086-2\/#primaryimage\",\"url\":\"https:\/\/www.noticiasradioreflejos.com.ar\/2021\/wp-content\/uploads\/2026\/03\/tierra-del-fuego.webp\",\"contentUrl\":\"https:\/\/www.noticiasradioreflejos.com.ar\/2021\/wp-content\/uploads\/2026\/03\/tierra-del-fuego.webp\",\"width\":1200,\"height\":675},{\"@type\":\"BreadcrumbList\",\"@id\":\"https:\/\/www.noticiasradioreflejos.com.ar\/2021\/134086-2\/#breadcrumb\",\"itemListElement\":[{\"@type\":\"ListItem\",\"position\":1,\"name\":\"Portada\",\"item\":\"https:\/\/www.noticiasradioreflejos.com.ar\/2021\/\"},{\"@type\":\"ListItem\",\"position\":2,\"name\":\"La salmonicultura llega al fin del mundo tras a\u00f1os de resistencia\"}]},{\"@type\":\"WebSite\",\"@id\":\"https:\/\/www.noticiasradioreflejos.com.ar\/2021\/#website\",\"url\":\"https:\/\/www.noticiasradioreflejos.com.ar\/2021\/\",\"name\":\"Noticias Radio Reflejos\",\"description\":\"Las noticias de mi comarca\",\"potentialAction\":[{\"@type\":\"SearchAction\",\"target\":{\"@type\":\"EntryPoint\",\"urlTemplate\":\"https:\/\/www.noticiasradioreflejos.com.ar\/2021\/?s={search_term_string}\"},\"query-input\":{\"@type\":\"PropertyValueSpecification\",\"valueRequired\":true,\"valueName\":\"search_term_string\"}}],\"inLanguage\":\"es\"},{\"@type\":\"Person\",\"@id\":\"https:\/\/www.noticiasradioreflejos.com.ar\/2021\/#\/schema\/person\/ad82545263dcc5ec0996818884fd5fb1\",\"name\":\"Arnaldo Botto\",\"image\":{\"@type\":\"ImageObject\",\"inLanguage\":\"es\",\"@id\":\"https:\/\/www.noticiasradioreflejos.com.ar\/2021\/#\/schema\/person\/image\/\",\"url\":\"https:\/\/secure.gravatar.com\/avatar\/55cb5e37c1efa326397366e6974cb338056df65cb50e7d64d1cf314e87504837?s=96&d=mm&r=g\",\"contentUrl\":\"https:\/\/secure.gravatar.com\/avatar\/55cb5e37c1efa326397366e6974cb338056df65cb50e7d64d1cf314e87504837?s=96&d=mm&r=g\",\"caption\":\"Arnaldo Botto\"},\"url\":\"https:\/\/www.noticiasradioreflejos.com.ar\/2021\/author\/arnaldo\/\"}]}<\/script>\n<!-- \/ Yoast SEO plugin. -->","yoast_head_json":{"title":"La salmonicultura llega al fin del mundo tras a\u00f1os de resistencia - Noticias Radio Reflejos","robots":{"index":"index","follow":"follow","max-snippet":"max-snippet:-1","max-image-preview":"max-image-preview:large","max-video-preview":"max-video-preview:-1"},"canonical":"https:\/\/www.noticiasradioreflejos.com.ar\/2021\/134086-2\/","og_locale":"es_ES","og_type":"article","og_title":"La salmonicultura llega al fin del mundo tras a\u00f1os de resistencia - Noticias Radio Reflejos","og_description":"La provincia argentina de Tierra del Fuego dio un giro de 180 grados a su decisi\u00f3n pionera de prohibir la salmonicultura industrial, lo que ha despertado temores en materia de conservaci\u00f3n","og_url":"https:\/\/www.noticiasradioreflejos.com.ar\/2021\/134086-2\/","og_site_name":"Noticias Radio Reflejos","article_published_time":"2026-03-14T12:05:58+00:00","article_modified_time":"2026-03-14T12:07:51+00:00","og_image":[{"width":1200,"height":675,"url":"https:\/\/www.noticiasradioreflejos.com.ar\/2021\/wp-content\/uploads\/2026\/03\/tierra-del-fuego.webp","type":"image\/webp"}],"author":"Arnaldo Botto","twitter_card":"summary_large_image","schema":{"@context":"https:\/\/schema.org","@graph":[{"@type":"WebPage","@id":"https:\/\/www.noticiasradioreflejos.com.ar\/2021\/134086-2\/","url":"https:\/\/www.noticiasradioreflejos.com.ar\/2021\/134086-2\/","name":"La salmonicultura llega al fin del mundo tras a\u00f1os de resistencia - Noticias Radio Reflejos","isPartOf":{"@id":"https:\/\/www.noticiasradioreflejos.com.ar\/2021\/#website"},"primaryImageOfPage":{"@id":"https:\/\/www.noticiasradioreflejos.com.ar\/2021\/134086-2\/#primaryimage"},"image":{"@id":"https:\/\/www.noticiasradioreflejos.com.ar\/2021\/134086-2\/#primaryimage"},"thumbnailUrl":"https:\/\/www.noticiasradioreflejos.com.ar\/2021\/wp-content\/uploads\/2026\/03\/tierra-del-fuego.webp","datePublished":"2026-03-14T12:05:58+00:00","dateModified":"2026-03-14T12:07:51+00:00","author":{"@id":"https:\/\/www.noticiasradioreflejos.com.ar\/2021\/#\/schema\/person\/ad82545263dcc5ec0996818884fd5fb1"},"breadcrumb":{"@id":"https:\/\/www.noticiasradioreflejos.com.ar\/2021\/134086-2\/#breadcrumb"},"inLanguage":"es","potentialAction":[{"@type":"ReadAction","target":["https:\/\/www.noticiasradioreflejos.com.ar\/2021\/134086-2\/"]}]},{"@type":"ImageObject","inLanguage":"es","@id":"https:\/\/www.noticiasradioreflejos.com.ar\/2021\/134086-2\/#primaryimage","url":"https:\/\/www.noticiasradioreflejos.com.ar\/2021\/wp-content\/uploads\/2026\/03\/tierra-del-fuego.webp","contentUrl":"https:\/\/www.noticiasradioreflejos.com.ar\/2021\/wp-content\/uploads\/2026\/03\/tierra-del-fuego.webp","width":1200,"height":675},{"@type":"BreadcrumbList","@id":"https:\/\/www.noticiasradioreflejos.com.ar\/2021\/134086-2\/#breadcrumb","itemListElement":[{"@type":"ListItem","position":1,"name":"Portada","item":"https:\/\/www.noticiasradioreflejos.com.ar\/2021\/"},{"@type":"ListItem","position":2,"name":"La salmonicultura llega al fin del mundo tras a\u00f1os de resistencia"}]},{"@type":"WebSite","@id":"https:\/\/www.noticiasradioreflejos.com.ar\/2021\/#website","url":"https:\/\/www.noticiasradioreflejos.com.ar\/2021\/","name":"Noticias Radio Reflejos","description":"Las noticias de mi comarca","potentialAction":[{"@type":"SearchAction","target":{"@type":"EntryPoint","urlTemplate":"https:\/\/www.noticiasradioreflejos.com.ar\/2021\/?s={search_term_string}"},"query-input":{"@type":"PropertyValueSpecification","valueRequired":true,"valueName":"search_term_string"}}],"inLanguage":"es"},{"@type":"Person","@id":"https:\/\/www.noticiasradioreflejos.com.ar\/2021\/#\/schema\/person\/ad82545263dcc5ec0996818884fd5fb1","name":"Arnaldo Botto","image":{"@type":"ImageObject","inLanguage":"es","@id":"https:\/\/www.noticiasradioreflejos.com.ar\/2021\/#\/schema\/person\/image\/","url":"https:\/\/secure.gravatar.com\/avatar\/55cb5e37c1efa326397366e6974cb338056df65cb50e7d64d1cf314e87504837?s=96&d=mm&r=g","contentUrl":"https:\/\/secure.gravatar.com\/avatar\/55cb5e37c1efa326397366e6974cb338056df65cb50e7d64d1cf314e87504837?s=96&d=mm&r=g","caption":"Arnaldo Botto"},"url":"https:\/\/www.noticiasradioreflejos.com.ar\/2021\/author\/arnaldo\/"}]}},"_links":{"self":[{"href":"https:\/\/www.noticiasradioreflejos.com.ar\/2021\/wp-json\/wp\/v2\/posts\/134086","targetHints":{"allow":["GET"]}}],"collection":[{"href":"https:\/\/www.noticiasradioreflejos.com.ar\/2021\/wp-json\/wp\/v2\/posts"}],"about":[{"href":"https:\/\/www.noticiasradioreflejos.com.ar\/2021\/wp-json\/wp\/v2\/types\/post"}],"author":[{"embeddable":true,"href":"https:\/\/www.noticiasradioreflejos.com.ar\/2021\/wp-json\/wp\/v2\/users\/3"}],"replies":[{"embeddable":true,"href":"https:\/\/www.noticiasradioreflejos.com.ar\/2021\/wp-json\/wp\/v2\/comments?post=134086"}],"version-history":[{"count":3,"href":"https:\/\/www.noticiasradioreflejos.com.ar\/2021\/wp-json\/wp\/v2\/posts\/134086\/revisions"}],"predecessor-version":[{"id":134092,"href":"https:\/\/www.noticiasradioreflejos.com.ar\/2021\/wp-json\/wp\/v2\/posts\/134086\/revisions\/134092"}],"wp:featuredmedia":[{"embeddable":true,"href":"https:\/\/www.noticiasradioreflejos.com.ar\/2021\/wp-json\/wp\/v2\/media\/134088"}],"wp:attachment":[{"href":"https:\/\/www.noticiasradioreflejos.com.ar\/2021\/wp-json\/wp\/v2\/media?parent=134086"}],"wp:term":[{"taxonomy":"category","embeddable":true,"href":"https:\/\/www.noticiasradioreflejos.com.ar\/2021\/wp-json\/wp\/v2\/categories?post=134086"},{"taxonomy":"post_tag","embeddable":true,"href":"https:\/\/www.noticiasradioreflejos.com.ar\/2021\/wp-json\/wp\/v2\/tags?post=134086"}],"curies":[{"name":"wp","href":"https:\/\/api.w.org\/{rel}","templated":true}]}}