{"id":134082,"date":"2026-03-14T09:00:18","date_gmt":"2026-03-14T12:00:18","guid":{"rendered":"https:\/\/www.noticiasradioreflejos.com.ar\/2021\/?p=134082"},"modified":"2026-03-14T09:00:18","modified_gmt":"2026-03-14T12:00:18","slug":"dia-mundial-de-la-endometriosis-por-que-se-celebra-el-14-de-marzo","status":"publish","type":"post","link":"https:\/\/www.noticiasradioreflejos.com.ar\/2021\/dia-mundial-de-la-endometriosis-por-que-se-celebra-el-14-de-marzo\/","title":{"rendered":"D\u00eda Mundial de la Endometriosis: \u00bfpor qu\u00e9 se celebra el 14 de marzo?"},"content":{"rendered":"<p>Se trata de una enfermedad inflamatoria que afecta a 180 millones de mujeres en todo el mundo y que est\u00e1 infra diagnosticada. Se caracteriza por un dolor p\u00e9lvico cr\u00f3nico.<!--more--><br \/>\nEl\u00a0<strong>14 de marzo<\/strong>\u00a0se celebra el<strong>\u00a0D\u00eda Mundial de la Endometriosis<\/strong>, una enfermedad que afecta a 180 millones de mujeres en todo el mundo y que est\u00e1 infra diagnosticada.<\/p>\n<p><!--more--><\/p>\n<p class=\"article-text\">La endometriosis es una enfermedad inflamatoria que afecta a las mujeres\u00a0y se caracteriza por un dolor p\u00e9lvico cr\u00f3nico, que suele ser m\u00e1s intenso durante el per\u00edodo menstrual. Este padecimiento provoca da\u00f1os en el aparato reproductor femenino, donde suele aparecer un crecimiento benigno del tejido endometrial, que ocasiona la aparici\u00f3n de quistes y otras malformaciones en los ovarios y que en algunos casos puede dejar a la mujer inf\u00e9rtil.<\/p>\n<p class=\"article-text\">Resulta dif\u00edcil dar un diagn\u00f3stico temprano de esta patolog\u00eda y esto impide que la paciente sea tratada.\u00a0Es una enfermedad cr\u00f3nica que a veces tarda de siete a diez a\u00f1os en ser detectada y que hasta ahora est\u00e1 catalogada como una patolog\u00eda desconocida, que inclusive puede causar discapacidad en las personas que la padecen.<\/p>\n<h4 class=\"article-text\">\u00bfCu\u00e1l es el tratamiento para la endometriosis?<\/h4>\n<p class=\"article-text\">La endometriosis en una enfermedad benigna que no tiene cura, sin embargo, puede ser tratada con el uso de algunos f\u00e1rmacos como antiinflamatorios, analg\u00e9sicos y hormonas. Cuando presenta complicaciones mayores como adherencias, quistes y retracciones, lo m\u00e1s recomendable es la intervenci\u00f3n quir\u00fargica.<\/p>\n<p class=\"article-text\">Dependiendo del da\u00f1o presente en la regi\u00f3n genital, esto\u00a0puede ser causa de infertilidad o una menopausia temprana. Por esta raz\u00f3n, muchos especialistas en este campo recomiendan alargar esta alternativa lo m\u00e1s posible y as\u00ed preservar los deseos de maternidad a que tiene derecho la mujer.<\/p>\n<figure><picture class=\"news-image\"><source srcset=\"https:\/\/static.eldiario.es\/clip\/5e78e3c9-d805-46d4-a086-e517932bcfa9_16-9-discover-aspect-ratio_50p_0.webp\" type=\"image\/webp\" media=\"(max-width: 576px)\" \/><source srcset=\"https:\/\/static.eldiario.es\/clip\/5e78e3c9-d805-46d4-a086-e517932bcfa9_16-9-discover-aspect-ratio_50p_0.jpg\" type=\"image\/jpg\" media=\"(max-width: 576px)\" \/><source srcset=\"https:\/\/static.eldiario.es\/clip\/5e78e3c9-d805-46d4-a086-e517932bcfa9_16-9-discover-aspect-ratio_75p_0.webp\" type=\"image\/webp\" media=\"(max-width: 767px)\" \/><source srcset=\"https:\/\/static.eldiario.es\/clip\/5e78e3c9-d805-46d4-a086-e517932bcfa9_16-9-discover-aspect-ratio_75p_0.jpg\" type=\"image\/jpg\" media=\"(max-width: 767px)\" \/><source srcset=\"https:\/\/static.eldiario.es\/clip\/5e78e3c9-d805-46d4-a086-e517932bcfa9_16-9-discover-aspect-ratio_default_0.webp\" type=\"image\/webp\" media=\"(min-width: 768px)\" \/><source srcset=\"https:\/\/static.eldiario.es\/clip\/5e78e3c9-d805-46d4-a086-e517932bcfa9_16-9-discover-aspect-ratio_default_0.jpg\" type=\"image\/jpg\" media=\"(min-width: 768px)\" \/><source srcset=\"https:\/\/static.eldiario.es\/clip\/5e78e3c9-d805-46d4-a086-e517932bcfa9_16-9-discover-aspect-ratio_default_0.webp\" type=\"image\/webp\" \/><img decoding=\"async\" class=\"lazy entered loaded\" src=\"https:\/\/static.eldiario.es\/clip\/5e78e3c9-d805-46d4-a086-e517932bcfa9_16-9-discover-aspect-ratio_default_0.jpg\" alt=\"D\u00eda mundial de la Endometriosis.\" data-src=\"https:\/\/static.eldiario.es\/clip\/5e78e3c9-d805-46d4-a086-e517932bcfa9_16-9-discover-aspect-ratio_default_0.jpg\" data-ll-status=\"loaded\" \/><\/picture><figcaption class=\"image-footer\"><em><span class=\"title\">D\u00eda mundial de la Endometriosis.<\/span><\/em><\/figcaption><\/figure>\n<p>&nbsp;<\/p>\n<p class=\"article-text\">Puede darse el caso, que la paciente presente un cuadro m\u00e1s complejo, donde aparezcan otros \u00f3rganos comprometidos que afecten tambi\u00e9n su calidad de vida. Aunque hasta ahora, son pocos los casos con estas complicaciones.<\/p>\n<p class=\"article-text\">La endometriosis puede resultar una enfermedad limitante en la mujer que incluso afecte su autoestima.\u00a0Para ofrecerle apoyo, es muy importante la ayuda familiar e inclusive la intervenci\u00f3n de un especialista en salud mental.<\/p>\n<h4 class=\"article-text\">La endometriosis, una enfermedad silenciosa<\/h4>\n<p class=\"article-text\">La endometriosis es una patolog\u00eda cr\u00f3nica, que afecta a 1 de cada 10 mujeres.\u00a0Se calcula que en la actualidad existe un aproximado de 180 millones de casos en todo el mundo. El s\u00edntoma m\u00e1s recurrente es un dolor muy fuerte.<\/p>\n<p class=\"article-text\">Los \u00f3rganos que pueden verse afectados por este mal son los ovarios y las trompas, pero hay pacientes que pueden tener comprometidas \u00e1reas como los intestinos, la vejiga y hasta los pulmones. Se dice que es una enfermedad silenciosa porque pasa mucho tiempo antes que la mujer empiece a manifestar los primeros s\u00edntomas.<\/p>\n<div id=\"container-after-news-outlook\"><\/div>\n<p class=\"article-text\">Puede darse el caso que la paciente sea diagnosticada con la enfermedad conocida como fibromialgia o cualquier otra patolog\u00eda, de all\u00ed la importancia de buscar verdaderos profesionales con informaci\u00f3n m\u00e1s actualizada para tratar un padecimiento tan complejo y controvertido.<\/p>\n<p class=\"article-text\"><em>NB &#8211; elDiarioAR<\/em><\/p>\n","protected":false},"excerpt":{"rendered":"<p>Se trata de una enfermedad inflamatoria que afecta a 180 millones de mujeres en todo el mundo y que est\u00e1 infra diagnosticada. Se caracteriza por un dolor p\u00e9lvico cr\u00f3nico.<\/p>\n","protected":false},"author":3,"featured_media":134084,"comment_status":"closed","ping_status":"closed","sticky":false,"template":"","format":"standard","meta":{"footnotes":""},"categories":[30,26],"tags":[],"class_list":["post-134082","post","type-post","status-publish","format-standard","has-post-thumbnail","hentry","category-salud","category-sociedad"],"yoast_head":"<!-- This site is optimized with the Yoast SEO plugin v25.9 - https:\/\/yoast.com\/wordpress\/plugins\/seo\/ -->\n<title>D\u00eda Mundial de la Endometriosis: \u00bfpor qu\u00e9 se celebra el 14 de marzo? - Noticias Radio Reflejos<\/title>\n<meta name=\"robots\" content=\"index, follow, max-snippet:-1, max-image-preview:large, max-video-preview:-1\" \/>\n<link rel=\"canonical\" href=\"https:\/\/www.noticiasradioreflejos.com.ar\/2021\/dia-mundial-de-la-endometriosis-por-que-se-celebra-el-14-de-marzo\/\" \/>\n<meta property=\"og:locale\" content=\"es_ES\" \/>\n<meta property=\"og:type\" content=\"article\" \/>\n<meta property=\"og:title\" content=\"D\u00eda Mundial de la Endometriosis: \u00bfpor qu\u00e9 se celebra el 14 de marzo? - Noticias Radio Reflejos\" \/>\n<meta property=\"og:description\" content=\"Se trata de una enfermedad inflamatoria que afecta a 180 millones de mujeres en todo el mundo y que est\u00e1 infra diagnosticada. Se caracteriza por un dolor p\u00e9lvico cr\u00f3nico.\" \/>\n<meta property=\"og:url\" content=\"https:\/\/www.noticiasradioreflejos.com.ar\/2021\/dia-mundial-de-la-endometriosis-por-que-se-celebra-el-14-de-marzo\/\" \/>\n<meta property=\"og:site_name\" content=\"Noticias Radio Reflejos\" \/>\n<meta property=\"article:published_time\" content=\"2026-03-14T12:00:18+00:00\" \/>\n<meta property=\"og:image\" content=\"https:\/\/www.noticiasradioreflejos.com.ar\/2021\/wp-content\/uploads\/2026\/03\/endometriosis.webp\" \/>\n\t<meta property=\"og:image:width\" content=\"1200\" \/>\n\t<meta property=\"og:image:height\" content=\"675\" \/>\n\t<meta property=\"og:image:type\" content=\"image\/webp\" \/>\n<meta name=\"author\" content=\"Arnaldo Botto\" \/>\n<meta name=\"twitter:card\" content=\"summary_large_image\" \/>\n<script type=\"application\/ld+json\" class=\"yoast-schema-graph\">{\"@context\":\"https:\/\/schema.org\",\"@graph\":[{\"@type\":\"WebPage\",\"@id\":\"https:\/\/www.noticiasradioreflejos.com.ar\/2021\/dia-mundial-de-la-endometriosis-por-que-se-celebra-el-14-de-marzo\/\",\"url\":\"https:\/\/www.noticiasradioreflejos.com.ar\/2021\/dia-mundial-de-la-endometriosis-por-que-se-celebra-el-14-de-marzo\/\",\"name\":\"D\u00eda Mundial de la Endometriosis: \u00bfpor qu\u00e9 se celebra el 14 de marzo? - Noticias Radio Reflejos\",\"isPartOf\":{\"@id\":\"https:\/\/www.noticiasradioreflejos.com.ar\/2021\/#website\"},\"primaryImageOfPage\":{\"@id\":\"https:\/\/www.noticiasradioreflejos.com.ar\/2021\/dia-mundial-de-la-endometriosis-por-que-se-celebra-el-14-de-marzo\/#primaryimage\"},\"image\":{\"@id\":\"https:\/\/www.noticiasradioreflejos.com.ar\/2021\/dia-mundial-de-la-endometriosis-por-que-se-celebra-el-14-de-marzo\/#primaryimage\"},\"thumbnailUrl\":\"https:\/\/www.noticiasradioreflejos.com.ar\/2021\/wp-content\/uploads\/2026\/03\/endometriosis.webp\",\"datePublished\":\"2026-03-14T12:00:18+00:00\",\"author\":{\"@id\":\"https:\/\/www.noticiasradioreflejos.com.ar\/2021\/#\/schema\/person\/ad82545263dcc5ec0996818884fd5fb1\"},\"breadcrumb\":{\"@id\":\"https:\/\/www.noticiasradioreflejos.com.ar\/2021\/dia-mundial-de-la-endometriosis-por-que-se-celebra-el-14-de-marzo\/#breadcrumb\"},\"inLanguage\":\"es\",\"potentialAction\":[{\"@type\":\"ReadAction\",\"target\":[\"https:\/\/www.noticiasradioreflejos.com.ar\/2021\/dia-mundial-de-la-endometriosis-por-que-se-celebra-el-14-de-marzo\/\"]}]},{\"@type\":\"ImageObject\",\"inLanguage\":\"es\",\"@id\":\"https:\/\/www.noticiasradioreflejos.com.ar\/2021\/dia-mundial-de-la-endometriosis-por-que-se-celebra-el-14-de-marzo\/#primaryimage\",\"url\":\"https:\/\/www.noticiasradioreflejos.com.ar\/2021\/wp-content\/uploads\/2026\/03\/endometriosis.webp\",\"contentUrl\":\"https:\/\/www.noticiasradioreflejos.com.ar\/2021\/wp-content\/uploads\/2026\/03\/endometriosis.webp\",\"width\":1200,\"height\":675},{\"@type\":\"BreadcrumbList\",\"@id\":\"https:\/\/www.noticiasradioreflejos.com.ar\/2021\/dia-mundial-de-la-endometriosis-por-que-se-celebra-el-14-de-marzo\/#breadcrumb\",\"itemListElement\":[{\"@type\":\"ListItem\",\"position\":1,\"name\":\"Portada\",\"item\":\"https:\/\/www.noticiasradioreflejos.com.ar\/2021\/\"},{\"@type\":\"ListItem\",\"position\":2,\"name\":\"D\u00eda Mundial de la Endometriosis: \u00bfpor qu\u00e9 se celebra el 14 de marzo?\"}]},{\"@type\":\"WebSite\",\"@id\":\"https:\/\/www.noticiasradioreflejos.com.ar\/2021\/#website\",\"url\":\"https:\/\/www.noticiasradioreflejos.com.ar\/2021\/\",\"name\":\"Noticias Radio Reflejos\",\"description\":\"Las noticias de mi comarca\",\"potentialAction\":[{\"@type\":\"SearchAction\",\"target\":{\"@type\":\"EntryPoint\",\"urlTemplate\":\"https:\/\/www.noticiasradioreflejos.com.ar\/2021\/?s={search_term_string}\"},\"query-input\":{\"@type\":\"PropertyValueSpecification\",\"valueRequired\":true,\"valueName\":\"search_term_string\"}}],\"inLanguage\":\"es\"},{\"@type\":\"Person\",\"@id\":\"https:\/\/www.noticiasradioreflejos.com.ar\/2021\/#\/schema\/person\/ad82545263dcc5ec0996818884fd5fb1\",\"name\":\"Arnaldo Botto\",\"image\":{\"@type\":\"ImageObject\",\"inLanguage\":\"es\",\"@id\":\"https:\/\/www.noticiasradioreflejos.com.ar\/2021\/#\/schema\/person\/image\/\",\"url\":\"https:\/\/secure.gravatar.com\/avatar\/55cb5e37c1efa326397366e6974cb338056df65cb50e7d64d1cf314e87504837?s=96&d=mm&r=g\",\"contentUrl\":\"https:\/\/secure.gravatar.com\/avatar\/55cb5e37c1efa326397366e6974cb338056df65cb50e7d64d1cf314e87504837?s=96&d=mm&r=g\",\"caption\":\"Arnaldo Botto\"},\"url\":\"https:\/\/www.noticiasradioreflejos.com.ar\/2021\/author\/arnaldo\/\"}]}<\/script>\n<!-- \/ Yoast SEO plugin. -->","yoast_head_json":{"title":"D\u00eda Mundial de la Endometriosis: \u00bfpor qu\u00e9 se celebra el 14 de marzo? - Noticias Radio Reflejos","robots":{"index":"index","follow":"follow","max-snippet":"max-snippet:-1","max-image-preview":"max-image-preview:large","max-video-preview":"max-video-preview:-1"},"canonical":"https:\/\/www.noticiasradioreflejos.com.ar\/2021\/dia-mundial-de-la-endometriosis-por-que-se-celebra-el-14-de-marzo\/","og_locale":"es_ES","og_type":"article","og_title":"D\u00eda Mundial de la Endometriosis: \u00bfpor qu\u00e9 se celebra el 14 de marzo? - Noticias Radio Reflejos","og_description":"Se trata de una enfermedad inflamatoria que afecta a 180 millones de mujeres en todo el mundo y que est\u00e1 infra diagnosticada. Se caracteriza por un dolor p\u00e9lvico cr\u00f3nico.","og_url":"https:\/\/www.noticiasradioreflejos.com.ar\/2021\/dia-mundial-de-la-endometriosis-por-que-se-celebra-el-14-de-marzo\/","og_site_name":"Noticias Radio Reflejos","article_published_time":"2026-03-14T12:00:18+00:00","og_image":[{"width":1200,"height":675,"url":"https:\/\/www.noticiasradioreflejos.com.ar\/2021\/wp-content\/uploads\/2026\/03\/endometriosis.webp","type":"image\/webp"}],"author":"Arnaldo Botto","twitter_card":"summary_large_image","schema":{"@context":"https:\/\/schema.org","@graph":[{"@type":"WebPage","@id":"https:\/\/www.noticiasradioreflejos.com.ar\/2021\/dia-mundial-de-la-endometriosis-por-que-se-celebra-el-14-de-marzo\/","url":"https:\/\/www.noticiasradioreflejos.com.ar\/2021\/dia-mundial-de-la-endometriosis-por-que-se-celebra-el-14-de-marzo\/","name":"D\u00eda Mundial de la Endometriosis: \u00bfpor qu\u00e9 se celebra el 14 de marzo? - Noticias Radio Reflejos","isPartOf":{"@id":"https:\/\/www.noticiasradioreflejos.com.ar\/2021\/#website"},"primaryImageOfPage":{"@id":"https:\/\/www.noticiasradioreflejos.com.ar\/2021\/dia-mundial-de-la-endometriosis-por-que-se-celebra-el-14-de-marzo\/#primaryimage"},"image":{"@id":"https:\/\/www.noticiasradioreflejos.com.ar\/2021\/dia-mundial-de-la-endometriosis-por-que-se-celebra-el-14-de-marzo\/#primaryimage"},"thumbnailUrl":"https:\/\/www.noticiasradioreflejos.com.ar\/2021\/wp-content\/uploads\/2026\/03\/endometriosis.webp","datePublished":"2026-03-14T12:00:18+00:00","author":{"@id":"https:\/\/www.noticiasradioreflejos.com.ar\/2021\/#\/schema\/person\/ad82545263dcc5ec0996818884fd5fb1"},"breadcrumb":{"@id":"https:\/\/www.noticiasradioreflejos.com.ar\/2021\/dia-mundial-de-la-endometriosis-por-que-se-celebra-el-14-de-marzo\/#breadcrumb"},"inLanguage":"es","potentialAction":[{"@type":"ReadAction","target":["https:\/\/www.noticiasradioreflejos.com.ar\/2021\/dia-mundial-de-la-endometriosis-por-que-se-celebra-el-14-de-marzo\/"]}]},{"@type":"ImageObject","inLanguage":"es","@id":"https:\/\/www.noticiasradioreflejos.com.ar\/2021\/dia-mundial-de-la-endometriosis-por-que-se-celebra-el-14-de-marzo\/#primaryimage","url":"https:\/\/www.noticiasradioreflejos.com.ar\/2021\/wp-content\/uploads\/2026\/03\/endometriosis.webp","contentUrl":"https:\/\/www.noticiasradioreflejos.com.ar\/2021\/wp-content\/uploads\/2026\/03\/endometriosis.webp","width":1200,"height":675},{"@type":"BreadcrumbList","@id":"https:\/\/www.noticiasradioreflejos.com.ar\/2021\/dia-mundial-de-la-endometriosis-por-que-se-celebra-el-14-de-marzo\/#breadcrumb","itemListElement":[{"@type":"ListItem","position":1,"name":"Portada","item":"https:\/\/www.noticiasradioreflejos.com.ar\/2021\/"},{"@type":"ListItem","position":2,"name":"D\u00eda Mundial de la Endometriosis: \u00bfpor qu\u00e9 se celebra el 14 de marzo?"}]},{"@type":"WebSite","@id":"https:\/\/www.noticiasradioreflejos.com.ar\/2021\/#website","url":"https:\/\/www.noticiasradioreflejos.com.ar\/2021\/","name":"Noticias Radio Reflejos","description":"Las noticias de mi comarca","potentialAction":[{"@type":"SearchAction","target":{"@type":"EntryPoint","urlTemplate":"https:\/\/www.noticiasradioreflejos.com.ar\/2021\/?s={search_term_string}"},"query-input":{"@type":"PropertyValueSpecification","valueRequired":true,"valueName":"search_term_string"}}],"inLanguage":"es"},{"@type":"Person","@id":"https:\/\/www.noticiasradioreflejos.com.ar\/2021\/#\/schema\/person\/ad82545263dcc5ec0996818884fd5fb1","name":"Arnaldo Botto","image":{"@type":"ImageObject","inLanguage":"es","@id":"https:\/\/www.noticiasradioreflejos.com.ar\/2021\/#\/schema\/person\/image\/","url":"https:\/\/secure.gravatar.com\/avatar\/55cb5e37c1efa326397366e6974cb338056df65cb50e7d64d1cf314e87504837?s=96&d=mm&r=g","contentUrl":"https:\/\/secure.gravatar.com\/avatar\/55cb5e37c1efa326397366e6974cb338056df65cb50e7d64d1cf314e87504837?s=96&d=mm&r=g","caption":"Arnaldo Botto"},"url":"https:\/\/www.noticiasradioreflejos.com.ar\/2021\/author\/arnaldo\/"}]}},"_links":{"self":[{"href":"https:\/\/www.noticiasradioreflejos.com.ar\/2021\/wp-json\/wp\/v2\/posts\/134082","targetHints":{"allow":["GET"]}}],"collection":[{"href":"https:\/\/www.noticiasradioreflejos.com.ar\/2021\/wp-json\/wp\/v2\/posts"}],"about":[{"href":"https:\/\/www.noticiasradioreflejos.com.ar\/2021\/wp-json\/wp\/v2\/types\/post"}],"author":[{"embeddable":true,"href":"https:\/\/www.noticiasradioreflejos.com.ar\/2021\/wp-json\/wp\/v2\/users\/3"}],"replies":[{"embeddable":true,"href":"https:\/\/www.noticiasradioreflejos.com.ar\/2021\/wp-json\/wp\/v2\/comments?post=134082"}],"version-history":[{"count":1,"href":"https:\/\/www.noticiasradioreflejos.com.ar\/2021\/wp-json\/wp\/v2\/posts\/134082\/revisions"}],"predecessor-version":[{"id":134085,"href":"https:\/\/www.noticiasradioreflejos.com.ar\/2021\/wp-json\/wp\/v2\/posts\/134082\/revisions\/134085"}],"wp:featuredmedia":[{"embeddable":true,"href":"https:\/\/www.noticiasradioreflejos.com.ar\/2021\/wp-json\/wp\/v2\/media\/134084"}],"wp:attachment":[{"href":"https:\/\/www.noticiasradioreflejos.com.ar\/2021\/wp-json\/wp\/v2\/media?parent=134082"}],"wp:term":[{"taxonomy":"category","embeddable":true,"href":"https:\/\/www.noticiasradioreflejos.com.ar\/2021\/wp-json\/wp\/v2\/categories?post=134082"},{"taxonomy":"post_tag","embeddable":true,"href":"https:\/\/www.noticiasradioreflejos.com.ar\/2021\/wp-json\/wp\/v2\/tags?post=134082"}],"curies":[{"name":"wp","href":"https:\/\/api.w.org\/{rel}","templated":true}]}}