{"id":134070,"date":"2026-03-13T20:53:33","date_gmt":"2026-03-13T23:53:33","guid":{"rendered":"https:\/\/www.noticiasradioreflejos.com.ar\/2021\/?p=134070"},"modified":"2026-03-14T08:57:41","modified_gmt":"2026-03-14T11:57:41","slug":"accidente-en-el-acceso-a-saldungaray-trabajan-servicios-de-emergencia-en-ruta-72","status":"publish","type":"post","link":"https:\/\/www.noticiasradioreflejos.com.ar\/2021\/accidente-en-el-acceso-a-saldungaray-trabajan-servicios-de-emergencia-en-ruta-72\/","title":{"rendered":"Accidente en el acceso a Saldungaray: Dos personas resultaron heridas por el impacto"},"content":{"rendered":"<p data-path-to-node=\"5\">El siniestro ocurri\u00f3 pasadas las 20 horas de este viernes a la altura del puente que divide las jurisdicciones de Tornquist y Pringles. Los dos ocupantes del rodado, una pareja oriunda de la zona, fueron asistidos por los Bomberos Voluntarios de Saldungaray y trasladados inicialmente a la sala m\u00e9dica local y luego al Hospital Municipal de Tornquist. En el lugar trabaj\u00f3 Polic\u00eda Cient\u00edfica para determinar las causas de la p\u00e9rdida de control.<!--more--><\/p>\n<p data-path-to-node=\"4\">Un fuerte accidente de tr\u00e1nsito moviliz\u00f3 a los servicios de emergencia en la noche de este viernes. Alrededor de las <b data-path-to-node=\"4\" data-index-in-node=\"131\">20:15 horas<\/b>, el toque de sirena de los Bomberos Voluntarios de Saldungaray alert\u00f3 sobre un siniestro ocurrido en la <b data-path-to-node=\"4\" data-index-in-node=\"247\">Ruta Provincial 72<\/b>, espec\u00edficamente en el sector del acceso a la localidad, del lado del puente (jurisdicci\u00f3n del partido de Coronel Pringles).<\/p>\n<p data-path-to-node=\"6\">Por razones que a\u00fan son materia de investigaci\u00f3n, un veh\u00edculo <b data-path-to-node=\"6\" data-index-in-node=\"62\">Toyota Yaris<\/b> (dominio SG169UJ) de color blanco, que circulaba en sentido Paraje Fra-Pal hacia Saldungaray, protagoniz\u00f3 un violento despiste. El rodado era conducido por <b data-path-to-node=\"6\" data-index-in-node=\"231\">Mauro Mart\u00ednez (38)<\/b>, quien viajaba acompa\u00f1ado por <b data-path-to-node=\"6\" data-index-in-node=\"281\">Sof\u00eda Diribarne (36)<\/b>.<\/p>\n<p data-path-to-node=\"7\">Seg\u00fan las pericias preliminares, el conductor perdi\u00f3 el control de la unidad, lo que provoc\u00f3 que el veh\u00edculo impactara de forma frontal contra el guardarra\u00edl, del lado del acompa\u00f1ante. Tras el choque, el auto realiz\u00f3 un trompo y qued\u00f3 posicionado sobre sus cuatro ruedas sobre la cinta asf\u00e1ltica, con la parte delantera orientada hacia el Este.<\/p>\n<p data-path-to-node=\"9\">En el lugar se hicieron presentes de inmediato dotaciones de <b data-path-to-node=\"9\" data-index-in-node=\"61\">Bomberos Voluntarios de Saldungaray<\/b> y la ambulancia local. Los ocupantes fueron rescatados y trasladados de urgencia a la Sala M\u00e9dica de Saldungaray. Si bien se inform\u00f3 que se encontraban <b data-path-to-node=\"9\" data-index-in-node=\"249\">sin riesgo de vida<\/b>, posteriormente fueron derivados al <b data-path-to-node=\"9\" data-index-in-node=\"304\">Hospital Municipal de Tornquist<\/b> para una evaluaci\u00f3n m\u00e1s compleja.<\/p>\n<p data-path-to-node=\"10\">Debido a la magnitud del impacto, se solicit\u00f3 la presencia de peritos de la <b data-path-to-node=\"10\" data-index-in-node=\"76\">Polic\u00eda Cient\u00edfica de Bah\u00eda Blanca<\/b> para preservar la escena y realizar las pericias accidentol\u00f3gicas correspondientes. Durante el operativo, el tr\u00e1nsito en la ruta se vio parcialmente afectado, quedando liberada una sola mano bajo custodia del personal policial de este elemento.<\/p>\n<p data-path-to-node=\"10\"><a href=\"https:\/\/www.noticiasradioreflejos.com.ar\/2021\/accidente-en-el-acceso-a-saldungaray-trabajan-servicios-de-emergencia-en-ruta-72\/toyota-yaris-2\/\" rel=\"attachment wp-att-134080\"><img loading=\"lazy\" decoding=\"async\" class=\"aligncenter size-full wp-image-134080\" src=\"https:\/\/www.noticiasradioreflejos.com.ar\/2021\/wp-content\/uploads\/2026\/03\/toyota-yaris-1.jpg\" alt=\"\" width=\"591\" height=\"574\" srcset=\"https:\/\/www.noticiasradioreflejos.com.ar\/2021\/wp-content\/uploads\/2026\/03\/toyota-yaris-1.jpg 591w, https:\/\/www.noticiasradioreflejos.com.ar\/2021\/wp-content\/uploads\/2026\/03\/toyota-yaris-1-300x291.jpg 300w\" sizes=\"auto, (max-width: 591px) 100vw, 591px\" \/><\/a><\/p>\n<p data-path-to-node=\"10\"><a href=\"https:\/\/www.noticiasradioreflejos.com.ar\/2021\/accidente-en-el-acceso-a-saldungaray-trabajan-servicios-de-emergencia-en-ruta-72\/ruta-72-2\/\" rel=\"attachment wp-att-134077\"><img loading=\"lazy\" decoding=\"async\" class=\"aligncenter size-full wp-image-134077\" src=\"https:\/\/www.noticiasradioreflejos.com.ar\/2021\/wp-content\/uploads\/2026\/03\/ruta-72-1.jpg\" alt=\"\" width=\"1200\" height=\"958\" \/><\/a><\/p>\n<p data-path-to-node=\"9\">\n","protected":false},"excerpt":{"rendered":"<p>El siniestro ocurri\u00f3 pasadas las 20 horas de este viernes a la altura del puente que divide las jurisdicciones de Tornquist y Pringles. Los dos ocupantes del rodado, una pareja oriunda de la zona, fueron asistidos por los Bomberos Voluntarios de Saldungaray y trasladados inicialmente a la sala m\u00e9dica local y luego al Hospital Municipal [&hellip;]<\/p>\n","protected":false},"author":3,"featured_media":134073,"comment_status":"closed","ping_status":"closed","sticky":false,"template":"","format":"standard","meta":{"footnotes":""},"categories":[29],"tags":[48],"class_list":["post-134070","post","type-post","status-publish","format-standard","has-post-thumbnail","hentry","category-policiales","tag-destacada"],"yoast_head":"<!-- This site is optimized with the Yoast SEO plugin v25.9 - https:\/\/yoast.com\/wordpress\/plugins\/seo\/ -->\n<title>Accidente en el acceso a Saldungaray: Dos personas resultaron heridas por el impacto - Noticias Radio Reflejos<\/title>\n<meta name=\"robots\" content=\"index, follow, max-snippet:-1, max-image-preview:large, max-video-preview:-1\" \/>\n<link rel=\"canonical\" href=\"https:\/\/www.noticiasradioreflejos.com.ar\/2021\/accidente-en-el-acceso-a-saldungaray-trabajan-servicios-de-emergencia-en-ruta-72\/\" \/>\n<meta property=\"og:locale\" content=\"es_ES\" \/>\n<meta property=\"og:type\" content=\"article\" \/>\n<meta property=\"og:title\" content=\"Accidente en el acceso a Saldungaray: Dos personas resultaron heridas por el impacto - Noticias Radio Reflejos\" \/>\n<meta property=\"og:description\" content=\"El siniestro ocurri\u00f3 pasadas las 20 horas de este viernes a la altura del puente que divide las jurisdicciones de Tornquist y Pringles. Los dos ocupantes del rodado, una pareja oriunda de la zona, fueron asistidos por los Bomberos Voluntarios de Saldungaray y trasladados inicialmente a la sala m\u00e9dica local y luego al Hospital Municipal [&hellip;]\" \/>\n<meta property=\"og:url\" content=\"https:\/\/www.noticiasradioreflejos.com.ar\/2021\/accidente-en-el-acceso-a-saldungaray-trabajan-servicios-de-emergencia-en-ruta-72\/\" \/>\n<meta property=\"og:site_name\" content=\"Noticias Radio Reflejos\" \/>\n<meta property=\"article:published_time\" content=\"2026-03-13T23:53:33+00:00\" \/>\n<meta property=\"article:modified_time\" content=\"2026-03-14T11:57:41+00:00\" \/>\n<meta property=\"og:image\" content=\"https:\/\/www.noticiasradioreflejos.com.ar\/2021\/wp-content\/uploads\/2026\/03\/toyota-yaris.jpg\" \/>\n\t<meta property=\"og:image:width\" content=\"960\" \/>\n\t<meta property=\"og:image:height\" content=\"1030\" \/>\n\t<meta property=\"og:image:type\" content=\"image\/jpeg\" \/>\n<meta name=\"author\" content=\"Arnaldo Botto\" \/>\n<meta name=\"twitter:card\" content=\"summary_large_image\" \/>\n<script type=\"application\/ld+json\" class=\"yoast-schema-graph\">{\"@context\":\"https:\/\/schema.org\",\"@graph\":[{\"@type\":\"WebPage\",\"@id\":\"https:\/\/www.noticiasradioreflejos.com.ar\/2021\/accidente-en-el-acceso-a-saldungaray-trabajan-servicios-de-emergencia-en-ruta-72\/\",\"url\":\"https:\/\/www.noticiasradioreflejos.com.ar\/2021\/accidente-en-el-acceso-a-saldungaray-trabajan-servicios-de-emergencia-en-ruta-72\/\",\"name\":\"Accidente en el acceso a Saldungaray: Dos personas resultaron heridas por el impacto - Noticias Radio Reflejos\",\"isPartOf\":{\"@id\":\"https:\/\/www.noticiasradioreflejos.com.ar\/2021\/#website\"},\"primaryImageOfPage\":{\"@id\":\"https:\/\/www.noticiasradioreflejos.com.ar\/2021\/accidente-en-el-acceso-a-saldungaray-trabajan-servicios-de-emergencia-en-ruta-72\/#primaryimage\"},\"image\":{\"@id\":\"https:\/\/www.noticiasradioreflejos.com.ar\/2021\/accidente-en-el-acceso-a-saldungaray-trabajan-servicios-de-emergencia-en-ruta-72\/#primaryimage\"},\"thumbnailUrl\":\"https:\/\/www.noticiasradioreflejos.com.ar\/2021\/wp-content\/uploads\/2026\/03\/toyota-yaris.jpg\",\"datePublished\":\"2026-03-13T23:53:33+00:00\",\"dateModified\":\"2026-03-14T11:57:41+00:00\",\"author\":{\"@id\":\"https:\/\/www.noticiasradioreflejos.com.ar\/2021\/#\/schema\/person\/ad82545263dcc5ec0996818884fd5fb1\"},\"breadcrumb\":{\"@id\":\"https:\/\/www.noticiasradioreflejos.com.ar\/2021\/accidente-en-el-acceso-a-saldungaray-trabajan-servicios-de-emergencia-en-ruta-72\/#breadcrumb\"},\"inLanguage\":\"es\",\"potentialAction\":[{\"@type\":\"ReadAction\",\"target\":[\"https:\/\/www.noticiasradioreflejos.com.ar\/2021\/accidente-en-el-acceso-a-saldungaray-trabajan-servicios-de-emergencia-en-ruta-72\/\"]}]},{\"@type\":\"ImageObject\",\"inLanguage\":\"es\",\"@id\":\"https:\/\/www.noticiasradioreflejos.com.ar\/2021\/accidente-en-el-acceso-a-saldungaray-trabajan-servicios-de-emergencia-en-ruta-72\/#primaryimage\",\"url\":\"https:\/\/www.noticiasradioreflejos.com.ar\/2021\/wp-content\/uploads\/2026\/03\/toyota-yaris.jpg\",\"contentUrl\":\"https:\/\/www.noticiasradioreflejos.com.ar\/2021\/wp-content\/uploads\/2026\/03\/toyota-yaris.jpg\",\"width\":960,\"height\":1030},{\"@type\":\"BreadcrumbList\",\"@id\":\"https:\/\/www.noticiasradioreflejos.com.ar\/2021\/accidente-en-el-acceso-a-saldungaray-trabajan-servicios-de-emergencia-en-ruta-72\/#breadcrumb\",\"itemListElement\":[{\"@type\":\"ListItem\",\"position\":1,\"name\":\"Portada\",\"item\":\"https:\/\/www.noticiasradioreflejos.com.ar\/2021\/\"},{\"@type\":\"ListItem\",\"position\":2,\"name\":\"Accidente en el acceso a Saldungaray: Dos personas resultaron heridas por el impacto\"}]},{\"@type\":\"WebSite\",\"@id\":\"https:\/\/www.noticiasradioreflejos.com.ar\/2021\/#website\",\"url\":\"https:\/\/www.noticiasradioreflejos.com.ar\/2021\/\",\"name\":\"Noticias Radio Reflejos\",\"description\":\"Las noticias de mi comarca\",\"potentialAction\":[{\"@type\":\"SearchAction\",\"target\":{\"@type\":\"EntryPoint\",\"urlTemplate\":\"https:\/\/www.noticiasradioreflejos.com.ar\/2021\/?s={search_term_string}\"},\"query-input\":{\"@type\":\"PropertyValueSpecification\",\"valueRequired\":true,\"valueName\":\"search_term_string\"}}],\"inLanguage\":\"es\"},{\"@type\":\"Person\",\"@id\":\"https:\/\/www.noticiasradioreflejos.com.ar\/2021\/#\/schema\/person\/ad82545263dcc5ec0996818884fd5fb1\",\"name\":\"Arnaldo Botto\",\"image\":{\"@type\":\"ImageObject\",\"inLanguage\":\"es\",\"@id\":\"https:\/\/www.noticiasradioreflejos.com.ar\/2021\/#\/schema\/person\/image\/\",\"url\":\"https:\/\/secure.gravatar.com\/avatar\/55cb5e37c1efa326397366e6974cb338056df65cb50e7d64d1cf314e87504837?s=96&d=mm&r=g\",\"contentUrl\":\"https:\/\/secure.gravatar.com\/avatar\/55cb5e37c1efa326397366e6974cb338056df65cb50e7d64d1cf314e87504837?s=96&d=mm&r=g\",\"caption\":\"Arnaldo Botto\"},\"url\":\"https:\/\/www.noticiasradioreflejos.com.ar\/2021\/author\/arnaldo\/\"}]}<\/script>\n<!-- \/ Yoast SEO plugin. -->","yoast_head_json":{"title":"Accidente en el acceso a Saldungaray: Dos personas resultaron heridas por el impacto - Noticias Radio Reflejos","robots":{"index":"index","follow":"follow","max-snippet":"max-snippet:-1","max-image-preview":"max-image-preview:large","max-video-preview":"max-video-preview:-1"},"canonical":"https:\/\/www.noticiasradioreflejos.com.ar\/2021\/accidente-en-el-acceso-a-saldungaray-trabajan-servicios-de-emergencia-en-ruta-72\/","og_locale":"es_ES","og_type":"article","og_title":"Accidente en el acceso a Saldungaray: Dos personas resultaron heridas por el impacto - Noticias Radio Reflejos","og_description":"El siniestro ocurri\u00f3 pasadas las 20 horas de este viernes a la altura del puente que divide las jurisdicciones de Tornquist y Pringles. Los dos ocupantes del rodado, una pareja oriunda de la zona, fueron asistidos por los Bomberos Voluntarios de Saldungaray y trasladados inicialmente a la sala m\u00e9dica local y luego al Hospital Municipal [&hellip;]","og_url":"https:\/\/www.noticiasradioreflejos.com.ar\/2021\/accidente-en-el-acceso-a-saldungaray-trabajan-servicios-de-emergencia-en-ruta-72\/","og_site_name":"Noticias Radio Reflejos","article_published_time":"2026-03-13T23:53:33+00:00","article_modified_time":"2026-03-14T11:57:41+00:00","og_image":[{"width":960,"height":1030,"url":"https:\/\/www.noticiasradioreflejos.com.ar\/2021\/wp-content\/uploads\/2026\/03\/toyota-yaris.jpg","type":"image\/jpeg"}],"author":"Arnaldo Botto","twitter_card":"summary_large_image","schema":{"@context":"https:\/\/schema.org","@graph":[{"@type":"WebPage","@id":"https:\/\/www.noticiasradioreflejos.com.ar\/2021\/accidente-en-el-acceso-a-saldungaray-trabajan-servicios-de-emergencia-en-ruta-72\/","url":"https:\/\/www.noticiasradioreflejos.com.ar\/2021\/accidente-en-el-acceso-a-saldungaray-trabajan-servicios-de-emergencia-en-ruta-72\/","name":"Accidente en el acceso a Saldungaray: Dos personas resultaron heridas por el impacto - Noticias Radio Reflejos","isPartOf":{"@id":"https:\/\/www.noticiasradioreflejos.com.ar\/2021\/#website"},"primaryImageOfPage":{"@id":"https:\/\/www.noticiasradioreflejos.com.ar\/2021\/accidente-en-el-acceso-a-saldungaray-trabajan-servicios-de-emergencia-en-ruta-72\/#primaryimage"},"image":{"@id":"https:\/\/www.noticiasradioreflejos.com.ar\/2021\/accidente-en-el-acceso-a-saldungaray-trabajan-servicios-de-emergencia-en-ruta-72\/#primaryimage"},"thumbnailUrl":"https:\/\/www.noticiasradioreflejos.com.ar\/2021\/wp-content\/uploads\/2026\/03\/toyota-yaris.jpg","datePublished":"2026-03-13T23:53:33+00:00","dateModified":"2026-03-14T11:57:41+00:00","author":{"@id":"https:\/\/www.noticiasradioreflejos.com.ar\/2021\/#\/schema\/person\/ad82545263dcc5ec0996818884fd5fb1"},"breadcrumb":{"@id":"https:\/\/www.noticiasradioreflejos.com.ar\/2021\/accidente-en-el-acceso-a-saldungaray-trabajan-servicios-de-emergencia-en-ruta-72\/#breadcrumb"},"inLanguage":"es","potentialAction":[{"@type":"ReadAction","target":["https:\/\/www.noticiasradioreflejos.com.ar\/2021\/accidente-en-el-acceso-a-saldungaray-trabajan-servicios-de-emergencia-en-ruta-72\/"]}]},{"@type":"ImageObject","inLanguage":"es","@id":"https:\/\/www.noticiasradioreflejos.com.ar\/2021\/accidente-en-el-acceso-a-saldungaray-trabajan-servicios-de-emergencia-en-ruta-72\/#primaryimage","url":"https:\/\/www.noticiasradioreflejos.com.ar\/2021\/wp-content\/uploads\/2026\/03\/toyota-yaris.jpg","contentUrl":"https:\/\/www.noticiasradioreflejos.com.ar\/2021\/wp-content\/uploads\/2026\/03\/toyota-yaris.jpg","width":960,"height":1030},{"@type":"BreadcrumbList","@id":"https:\/\/www.noticiasradioreflejos.com.ar\/2021\/accidente-en-el-acceso-a-saldungaray-trabajan-servicios-de-emergencia-en-ruta-72\/#breadcrumb","itemListElement":[{"@type":"ListItem","position":1,"name":"Portada","item":"https:\/\/www.noticiasradioreflejos.com.ar\/2021\/"},{"@type":"ListItem","position":2,"name":"Accidente en el acceso a Saldungaray: Dos personas resultaron heridas por el impacto"}]},{"@type":"WebSite","@id":"https:\/\/www.noticiasradioreflejos.com.ar\/2021\/#website","url":"https:\/\/www.noticiasradioreflejos.com.ar\/2021\/","name":"Noticias Radio Reflejos","description":"Las noticias de mi comarca","potentialAction":[{"@type":"SearchAction","target":{"@type":"EntryPoint","urlTemplate":"https:\/\/www.noticiasradioreflejos.com.ar\/2021\/?s={search_term_string}"},"query-input":{"@type":"PropertyValueSpecification","valueRequired":true,"valueName":"search_term_string"}}],"inLanguage":"es"},{"@type":"Person","@id":"https:\/\/www.noticiasradioreflejos.com.ar\/2021\/#\/schema\/person\/ad82545263dcc5ec0996818884fd5fb1","name":"Arnaldo Botto","image":{"@type":"ImageObject","inLanguage":"es","@id":"https:\/\/www.noticiasradioreflejos.com.ar\/2021\/#\/schema\/person\/image\/","url":"https:\/\/secure.gravatar.com\/avatar\/55cb5e37c1efa326397366e6974cb338056df65cb50e7d64d1cf314e87504837?s=96&d=mm&r=g","contentUrl":"https:\/\/secure.gravatar.com\/avatar\/55cb5e37c1efa326397366e6974cb338056df65cb50e7d64d1cf314e87504837?s=96&d=mm&r=g","caption":"Arnaldo Botto"},"url":"https:\/\/www.noticiasradioreflejos.com.ar\/2021\/author\/arnaldo\/"}]}},"_links":{"self":[{"href":"https:\/\/www.noticiasradioreflejos.com.ar\/2021\/wp-json\/wp\/v2\/posts\/134070","targetHints":{"allow":["GET"]}}],"collection":[{"href":"https:\/\/www.noticiasradioreflejos.com.ar\/2021\/wp-json\/wp\/v2\/posts"}],"about":[{"href":"https:\/\/www.noticiasradioreflejos.com.ar\/2021\/wp-json\/wp\/v2\/types\/post"}],"author":[{"embeddable":true,"href":"https:\/\/www.noticiasradioreflejos.com.ar\/2021\/wp-json\/wp\/v2\/users\/3"}],"replies":[{"embeddable":true,"href":"https:\/\/www.noticiasradioreflejos.com.ar\/2021\/wp-json\/wp\/v2\/comments?post=134070"}],"version-history":[{"count":8,"href":"https:\/\/www.noticiasradioreflejos.com.ar\/2021\/wp-json\/wp\/v2\/posts\/134070\/revisions"}],"predecessor-version":[{"id":134083,"href":"https:\/\/www.noticiasradioreflejos.com.ar\/2021\/wp-json\/wp\/v2\/posts\/134070\/revisions\/134083"}],"wp:featuredmedia":[{"embeddable":true,"href":"https:\/\/www.noticiasradioreflejos.com.ar\/2021\/wp-json\/wp\/v2\/media\/134073"}],"wp:attachment":[{"href":"https:\/\/www.noticiasradioreflejos.com.ar\/2021\/wp-json\/wp\/v2\/media?parent=134070"}],"wp:term":[{"taxonomy":"category","embeddable":true,"href":"https:\/\/www.noticiasradioreflejos.com.ar\/2021\/wp-json\/wp\/v2\/categories?post=134070"},{"taxonomy":"post_tag","embeddable":true,"href":"https:\/\/www.noticiasradioreflejos.com.ar\/2021\/wp-json\/wp\/v2\/tags?post=134070"}],"curies":[{"name":"wp","href":"https:\/\/api.w.org\/{rel}","templated":true}]}}