{"id":13407,"date":"2017-08-14T07:50:16","date_gmt":"2017-08-14T10:50:16","guid":{"rendered":"http:\/\/www.noticiasradioreflejos.com.ar\/noticias\/?p=13407"},"modified":"2017-08-14T07:50:16","modified_gmt":"2017-08-14T10:50:16","slug":"por-23-puntos-de-diferencia-cambiemos-gano-en-el-distrito-de-tornquist","status":"publish","type":"post","link":"https:\/\/www.noticiasradioreflejos.com.ar\/2021\/por-23-puntos-de-diferencia-cambiemos-gano-en-el-distrito-de-tornquist\/","title":{"rendered":"Por 23 puntos de diferencia, Cambiemos gan\u00f3 en el distrito de Tornquist"},"content":{"rendered":"<p>En las primeras horas de este lunes se culmin\u00f3 con la carga de todos los telegramas en el Centro de C\u00f3mputos lo que arroj\u00f3 un contundente triunfo de la lista del Intendente Sergio Bordoni que postula a Noelia Baier ahora como candidata a Concejal.<br \/>\n23 puntos de diferencia marc\u00f3 el triunfo de la lista de Cambiemos sobre la lista que postula a Laura Rosatelli de Cumplir en las primarias, lo que posiciona al oficialismo como imbatible en Octubre.<!--more--><br \/>\nCambiemos gan\u00f3 en el distrito 44.3% a 21.3%. En la ciudad\u00a0 42% a 26\u201d. Sierra de la Ventana 46.5 % a 16.9% de 1Pais. Saldungaray 43.55% a 18.73% Cumplir. En Tres Picos Cambiemos 53.8% a 24.6% Cumplir. Chasic\u00f3 53.7% a 27.8% Cumplir.<br \/>\n<strong>En tanto a Diputados Nacionales<\/strong><br \/>\nCambiemos 45%<br \/>\nCumplir 17%<br \/>\n<strong>Diputados Provinciales<\/strong><br \/>\nCambiemos 45%<br \/>\nCumplir 20%<br \/>\n<strong>Senadores Nacionales<\/strong><br \/>\nCambiemos 45% (Bullrich)<br \/>\nCumplir\u00a0\u00a0\u00a0\u00a0\u00a0 16% (Randazzo)<br \/>\nU.Ciudad.\u00a0\u00a0 15%(C.Kirchner)<br \/>\n1 Pais\u00a0\u00a0\u00a0\u00a0\u00a0\u00a0 12%( Masssa)<br \/>\n<strong>Todas las Placas\u00a0 de los resultados<\/strong><br \/>\n<a href=\"http:\/\/noticiastornquist.com.ar\/noticias\/wp-content\/uploads\/2017\/08\/PLACA-FINAL-CONCEJALES-DISTRITO-1.jpg\"><img loading=\"lazy\" decoding=\"async\" class=\"aligncenter size-full wp-image-57732\" src=\"http:\/\/noticiastornquist.com.ar\/noticias\/wp-content\/uploads\/2017\/08\/PLACA-FINAL-CONCEJALES-DISTRITO-1.jpg\" sizes=\"auto, (max-width: 739px) 100vw, 739px\" srcset=\"http:\/\/noticiastornquist.com.ar\/noticias\/wp-content\/uploads\/2017\/08\/PLACA-FINAL-CONCEJALES-DISTRITO-1.jpg 739w, http:\/\/noticiastornquist.com.ar\/noticias\/wp-content\/uploads\/2017\/08\/PLACA-FINAL-CONCEJALES-DISTRITO-1-300x215.jpg 300w\" alt=\"\" width=\"739\" height=\"529\" \/><\/a><a href=\"http:\/\/noticiastornquist.com.ar\/noticias\/wp-content\/uploads\/2017\/08\/SALDUNGARAY.jpg\"><img loading=\"lazy\" decoding=\"async\" class=\"aligncenter size-full wp-image-57733\" src=\"http:\/\/noticiastornquist.com.ar\/noticias\/wp-content\/uploads\/2017\/08\/SALDUNGARAY.jpg\" sizes=\"auto, (max-width: 734px) 100vw, 734px\" srcset=\"http:\/\/noticiastornquist.com.ar\/noticias\/wp-content\/uploads\/2017\/08\/SALDUNGARAY.jpg 734w, http:\/\/noticiastornquist.com.ar\/noticias\/wp-content\/uploads\/2017\/08\/SALDUNGARAY-300x212.jpg 300w\" alt=\"\" width=\"734\" height=\"518\" \/><\/a><a href=\"http:\/\/noticiastornquist.com.ar\/noticias\/wp-content\/uploads\/2017\/08\/SIERRA-DE-LA-VENTANA.jpg\"><img loading=\"lazy\" decoding=\"async\" class=\"aligncenter size-full wp-image-57734\" src=\"http:\/\/noticiastornquist.com.ar\/noticias\/wp-content\/uploads\/2017\/08\/SIERRA-DE-LA-VENTANA.jpg\" sizes=\"auto, (max-width: 740px) 100vw, 740px\" srcset=\"http:\/\/noticiastornquist.com.ar\/noticias\/wp-content\/uploads\/2017\/08\/SIERRA-DE-LA-VENTANA.jpg 740w, http:\/\/noticiastornquist.com.ar\/noticias\/wp-content\/uploads\/2017\/08\/SIERRA-DE-LA-VENTANA-300x218.jpg 300w\" alt=\"\" width=\"740\" height=\"538\" \/><\/a><a href=\"http:\/\/noticiastornquist.com.ar\/noticias\/wp-content\/uploads\/2017\/08\/TORNQUIST.jpg\"><img loading=\"lazy\" decoding=\"async\" class=\"aligncenter size-full wp-image-57735\" src=\"http:\/\/noticiastornquist.com.ar\/noticias\/wp-content\/uploads\/2017\/08\/TORNQUIST.jpg\" sizes=\"auto, (max-width: 744px) 100vw, 744px\" srcset=\"http:\/\/noticiastornquist.com.ar\/noticias\/wp-content\/uploads\/2017\/08\/TORNQUIST.jpg 744w, http:\/\/noticiastornquist.com.ar\/noticias\/wp-content\/uploads\/2017\/08\/TORNQUIST-300x219.jpg 300w\" alt=\"\" width=\"744\" height=\"543\" \/><\/a><a href=\"http:\/\/noticiastornquist.com.ar\/noticias\/wp-content\/uploads\/2017\/08\/TRES-PICOS.jpg\"><img loading=\"lazy\" decoding=\"async\" class=\"aligncenter size-full wp-image-57736\" src=\"http:\/\/noticiastornquist.com.ar\/noticias\/wp-content\/uploads\/2017\/08\/TRES-PICOS.jpg\" sizes=\"auto, (max-width: 748px) 100vw, 748px\" srcset=\"http:\/\/noticiastornquist.com.ar\/noticias\/wp-content\/uploads\/2017\/08\/TRES-PICOS.jpg 748w, http:\/\/noticiastornquist.com.ar\/noticias\/wp-content\/uploads\/2017\/08\/TRES-PICOS-300x221.jpg 300w\" alt=\"\" width=\"748\" height=\"552\" \/><\/a><a href=\"http:\/\/noticiastornquist.com.ar\/noticias\/wp-content\/uploads\/2017\/08\/VILLA-VENTANA.jpg\"><img loading=\"lazy\" decoding=\"async\" class=\"aligncenter size-full wp-image-57737\" src=\"http:\/\/noticiastornquist.com.ar\/noticias\/wp-content\/uploads\/2017\/08\/VILLA-VENTANA.jpg\" sizes=\"auto, (max-width: 738px) 100vw, 738px\" srcset=\"http:\/\/noticiastornquist.com.ar\/noticias\/wp-content\/uploads\/2017\/08\/VILLA-VENTANA.jpg 738w, http:\/\/noticiastornquist.com.ar\/noticias\/wp-content\/uploads\/2017\/08\/VILLA-VENTANA-300x213.jpg 300w\" alt=\"\" width=\"738\" height=\"525\" \/><\/a><br \/>\n<a title=\"CHASICO\" href=\"http:\/\/farm5.staticflickr.com\/4388\/36515832736_37f7e30e13.jpg\" rel=\"\"><img loading=\"lazy\" decoding=\"async\" class=\"aligncenter\" title=\"CHASICO\" src=\"http:\/\/farm5.staticflickr.com\/4388\/36515832736_37f7e30e13.jpg\" alt=\"CHASICO\" width=\"500\" height=\"348\" \/><\/a><br \/>\n&nbsp;<br \/>\n<a href=\"http:\/\/noticiastornquist.com.ar\/noticias\/wp-content\/uploads\/2017\/08\/DIPUTADOS-NACIONALES.jpg\"><img loading=\"lazy\" decoding=\"async\" class=\"aligncenter size-full wp-image-57738\" src=\"http:\/\/noticiastornquist.com.ar\/noticias\/wp-content\/uploads\/2017\/08\/DIPUTADOS-NACIONALES.jpg\" sizes=\"auto, (max-width: 714px) 100vw, 714px\" srcset=\"http:\/\/noticiastornquist.com.ar\/noticias\/wp-content\/uploads\/2017\/08\/DIPUTADOS-NACIONALES.jpg 714w, http:\/\/noticiastornquist.com.ar\/noticias\/wp-content\/uploads\/2017\/08\/DIPUTADOS-NACIONALES-300x218.jpg 300w\" alt=\"\" width=\"714\" height=\"519\" \/><\/a><br \/>\n<a href=\"http:\/\/noticiastornquist.com.ar\/noticias\/wp-content\/uploads\/2017\/08\/LEGISLADORES-PROVINCIALES.jpg\"><img loading=\"lazy\" decoding=\"async\" class=\"aligncenter size-full wp-image-57739\" src=\"http:\/\/noticiastornquist.com.ar\/noticias\/wp-content\/uploads\/2017\/08\/LEGISLADORES-PROVINCIALES.jpg\" sizes=\"auto, (max-width: 743px) 100vw, 743px\" srcset=\"http:\/\/noticiastornquist.com.ar\/noticias\/wp-content\/uploads\/2017\/08\/LEGISLADORES-PROVINCIALES.jpg 743w, http:\/\/noticiastornquist.com.ar\/noticias\/wp-content\/uploads\/2017\/08\/LEGISLADORES-PROVINCIALES-300x215.jpg 300w\" alt=\"\" width=\"743\" height=\"532\" \/><\/a><br \/>\n&nbsp;<br \/>\n<a href=\"https:\/\/es.scribd.com\/document\/356264228\/PASO-2017\">TODAS LAS MESAS<\/a><\/p>\n","protected":false},"excerpt":{"rendered":"<p>En las primeras horas de este lunes se culmin\u00f3 con la carga de todos los telegramas en el Centro de C\u00f3mputos lo que arroj\u00f3 un contundente triunfo de la lista del Intendente Sergio Bordoni que postula a Noelia Baier ahora como candidata a Concejal. 23 puntos de diferencia marc\u00f3 el triunfo de la lista de [&hellip;]<\/p>\n","protected":false},"author":3,"featured_media":0,"comment_status":"closed","ping_status":"open","sticky":false,"template":"","format":"standard","meta":{"footnotes":""},"categories":[24],"tags":[],"class_list":["post-13407","post","type-post","status-publish","format-standard","hentry","category-politica"],"yoast_head":"<!-- This site is optimized with the Yoast SEO plugin v25.9 - https:\/\/yoast.com\/wordpress\/plugins\/seo\/ -->\n<title>Por 23 puntos de diferencia, Cambiemos gan\u00f3 en el distrito de Tornquist - Noticias Radio Reflejos<\/title>\n<meta name=\"robots\" content=\"index, follow, max-snippet:-1, max-image-preview:large, max-video-preview:-1\" \/>\n<link rel=\"canonical\" href=\"https:\/\/www.noticiasradioreflejos.com.ar\/2021\/por-23-puntos-de-diferencia-cambiemos-gano-en-el-distrito-de-tornquist\/\" \/>\n<meta property=\"og:locale\" content=\"es_ES\" \/>\n<meta property=\"og:type\" content=\"article\" \/>\n<meta property=\"og:title\" content=\"Por 23 puntos de diferencia, Cambiemos gan\u00f3 en el distrito de Tornquist - Noticias Radio Reflejos\" \/>\n<meta property=\"og:description\" content=\"En las primeras horas de este lunes se culmin\u00f3 con la carga de todos los telegramas en el Centro de C\u00f3mputos lo que arroj\u00f3 un contundente triunfo de la lista del Intendente Sergio Bordoni que postula a Noelia Baier ahora como candidata a Concejal. 23 puntos de diferencia marc\u00f3 el triunfo de la lista de [&hellip;]\" \/>\n<meta property=\"og:url\" content=\"https:\/\/www.noticiasradioreflejos.com.ar\/2021\/por-23-puntos-de-diferencia-cambiemos-gano-en-el-distrito-de-tornquist\/\" \/>\n<meta property=\"og:site_name\" content=\"Noticias Radio Reflejos\" \/>\n<meta property=\"article:published_time\" content=\"2017-08-14T10:50:16+00:00\" \/>\n<meta property=\"og:image\" content=\"https:\/\/www.noticiasradioreflejos.com.ar\/2021\/wp-content\/uploads\/2021\/07\/logosol300x200.png\" \/>\n\t<meta property=\"og:image:width\" content=\"300\" \/>\n\t<meta property=\"og:image:height\" content=\"200\" \/>\n\t<meta property=\"og:image:type\" content=\"image\/png\" \/>\n<meta name=\"author\" content=\"Arnaldo Botto\" \/>\n<meta name=\"twitter:card\" content=\"summary_large_image\" \/>\n<script type=\"application\/ld+json\" class=\"yoast-schema-graph\">{\"@context\":\"https:\/\/schema.org\",\"@graph\":[{\"@type\":\"WebPage\",\"@id\":\"https:\/\/www.noticiasradioreflejos.com.ar\/2021\/por-23-puntos-de-diferencia-cambiemos-gano-en-el-distrito-de-tornquist\/\",\"url\":\"https:\/\/www.noticiasradioreflejos.com.ar\/2021\/por-23-puntos-de-diferencia-cambiemos-gano-en-el-distrito-de-tornquist\/\",\"name\":\"Por 23 puntos de diferencia, Cambiemos gan\u00f3 en el distrito de Tornquist - Noticias Radio Reflejos\",\"isPartOf\":{\"@id\":\"https:\/\/www.noticiasradioreflejos.com.ar\/2021\/#website\"},\"primaryImageOfPage\":{\"@id\":\"https:\/\/www.noticiasradioreflejos.com.ar\/2021\/por-23-puntos-de-diferencia-cambiemos-gano-en-el-distrito-de-tornquist\/#primaryimage\"},\"image\":{\"@id\":\"https:\/\/www.noticiasradioreflejos.com.ar\/2021\/por-23-puntos-de-diferencia-cambiemos-gano-en-el-distrito-de-tornquist\/#primaryimage\"},\"thumbnailUrl\":\"http:\/\/noticiastornquist.com.ar\/noticias\/wp-content\/uploads\/2017\/08\/PLACA-FINAL-CONCEJALES-DISTRITO-1.jpg\",\"datePublished\":\"2017-08-14T10:50:16+00:00\",\"author\":{\"@id\":\"https:\/\/www.noticiasradioreflejos.com.ar\/2021\/#\/schema\/person\/ad82545263dcc5ec0996818884fd5fb1\"},\"breadcrumb\":{\"@id\":\"https:\/\/www.noticiasradioreflejos.com.ar\/2021\/por-23-puntos-de-diferencia-cambiemos-gano-en-el-distrito-de-tornquist\/#breadcrumb\"},\"inLanguage\":\"es\",\"potentialAction\":[{\"@type\":\"ReadAction\",\"target\":[\"https:\/\/www.noticiasradioreflejos.com.ar\/2021\/por-23-puntos-de-diferencia-cambiemos-gano-en-el-distrito-de-tornquist\/\"]}]},{\"@type\":\"ImageObject\",\"inLanguage\":\"es\",\"@id\":\"https:\/\/www.noticiasradioreflejos.com.ar\/2021\/por-23-puntos-de-diferencia-cambiemos-gano-en-el-distrito-de-tornquist\/#primaryimage\",\"url\":\"http:\/\/noticiastornquist.com.ar\/noticias\/wp-content\/uploads\/2017\/08\/PLACA-FINAL-CONCEJALES-DISTRITO-1.jpg\",\"contentUrl\":\"http:\/\/noticiastornquist.com.ar\/noticias\/wp-content\/uploads\/2017\/08\/PLACA-FINAL-CONCEJALES-DISTRITO-1.jpg\"},{\"@type\":\"BreadcrumbList\",\"@id\":\"https:\/\/www.noticiasradioreflejos.com.ar\/2021\/por-23-puntos-de-diferencia-cambiemos-gano-en-el-distrito-de-tornquist\/#breadcrumb\",\"itemListElement\":[{\"@type\":\"ListItem\",\"position\":1,\"name\":\"Portada\",\"item\":\"https:\/\/www.noticiasradioreflejos.com.ar\/2021\/\"},{\"@type\":\"ListItem\",\"position\":2,\"name\":\"Por 23 puntos de diferencia, Cambiemos gan\u00f3 en el distrito de Tornquist\"}]},{\"@type\":\"WebSite\",\"@id\":\"https:\/\/www.noticiasradioreflejos.com.ar\/2021\/#website\",\"url\":\"https:\/\/www.noticiasradioreflejos.com.ar\/2021\/\",\"name\":\"Noticias Radio Reflejos\",\"description\":\"Las noticias de mi comarca\",\"potentialAction\":[{\"@type\":\"SearchAction\",\"target\":{\"@type\":\"EntryPoint\",\"urlTemplate\":\"https:\/\/www.noticiasradioreflejos.com.ar\/2021\/?s={search_term_string}\"},\"query-input\":{\"@type\":\"PropertyValueSpecification\",\"valueRequired\":true,\"valueName\":\"search_term_string\"}}],\"inLanguage\":\"es\"},{\"@type\":\"Person\",\"@id\":\"https:\/\/www.noticiasradioreflejos.com.ar\/2021\/#\/schema\/person\/ad82545263dcc5ec0996818884fd5fb1\",\"name\":\"Arnaldo Botto\",\"image\":{\"@type\":\"ImageObject\",\"inLanguage\":\"es\",\"@id\":\"https:\/\/www.noticiasradioreflejos.com.ar\/2021\/#\/schema\/person\/image\/\",\"url\":\"https:\/\/secure.gravatar.com\/avatar\/55cb5e37c1efa326397366e6974cb338056df65cb50e7d64d1cf314e87504837?s=96&d=mm&r=g\",\"contentUrl\":\"https:\/\/secure.gravatar.com\/avatar\/55cb5e37c1efa326397366e6974cb338056df65cb50e7d64d1cf314e87504837?s=96&d=mm&r=g\",\"caption\":\"Arnaldo Botto\"},\"url\":\"https:\/\/www.noticiasradioreflejos.com.ar\/2021\/author\/arnaldo\/\"}]}<\/script>\n<!-- \/ Yoast SEO plugin. -->","yoast_head_json":{"title":"Por 23 puntos de diferencia, Cambiemos gan\u00f3 en el distrito de Tornquist - Noticias Radio Reflejos","robots":{"index":"index","follow":"follow","max-snippet":"max-snippet:-1","max-image-preview":"max-image-preview:large","max-video-preview":"max-video-preview:-1"},"canonical":"https:\/\/www.noticiasradioreflejos.com.ar\/2021\/por-23-puntos-de-diferencia-cambiemos-gano-en-el-distrito-de-tornquist\/","og_locale":"es_ES","og_type":"article","og_title":"Por 23 puntos de diferencia, Cambiemos gan\u00f3 en el distrito de Tornquist - Noticias Radio Reflejos","og_description":"En las primeras horas de este lunes se culmin\u00f3 con la carga de todos los telegramas en el Centro de C\u00f3mputos lo que arroj\u00f3 un contundente triunfo de la lista del Intendente Sergio Bordoni que postula a Noelia Baier ahora como candidata a Concejal. 23 puntos de diferencia marc\u00f3 el triunfo de la lista de [&hellip;]","og_url":"https:\/\/www.noticiasradioreflejos.com.ar\/2021\/por-23-puntos-de-diferencia-cambiemos-gano-en-el-distrito-de-tornquist\/","og_site_name":"Noticias Radio Reflejos","article_published_time":"2017-08-14T10:50:16+00:00","og_image":[{"width":300,"height":200,"url":"https:\/\/www.noticiasradioreflejos.com.ar\/2021\/wp-content\/uploads\/2021\/07\/logosol300x200.png","type":"image\/png"}],"author":"Arnaldo Botto","twitter_card":"summary_large_image","schema":{"@context":"https:\/\/schema.org","@graph":[{"@type":"WebPage","@id":"https:\/\/www.noticiasradioreflejos.com.ar\/2021\/por-23-puntos-de-diferencia-cambiemos-gano-en-el-distrito-de-tornquist\/","url":"https:\/\/www.noticiasradioreflejos.com.ar\/2021\/por-23-puntos-de-diferencia-cambiemos-gano-en-el-distrito-de-tornquist\/","name":"Por 23 puntos de diferencia, Cambiemos gan\u00f3 en el distrito de Tornquist - Noticias Radio Reflejos","isPartOf":{"@id":"https:\/\/www.noticiasradioreflejos.com.ar\/2021\/#website"},"primaryImageOfPage":{"@id":"https:\/\/www.noticiasradioreflejos.com.ar\/2021\/por-23-puntos-de-diferencia-cambiemos-gano-en-el-distrito-de-tornquist\/#primaryimage"},"image":{"@id":"https:\/\/www.noticiasradioreflejos.com.ar\/2021\/por-23-puntos-de-diferencia-cambiemos-gano-en-el-distrito-de-tornquist\/#primaryimage"},"thumbnailUrl":"http:\/\/noticiastornquist.com.ar\/noticias\/wp-content\/uploads\/2017\/08\/PLACA-FINAL-CONCEJALES-DISTRITO-1.jpg","datePublished":"2017-08-14T10:50:16+00:00","author":{"@id":"https:\/\/www.noticiasradioreflejos.com.ar\/2021\/#\/schema\/person\/ad82545263dcc5ec0996818884fd5fb1"},"breadcrumb":{"@id":"https:\/\/www.noticiasradioreflejos.com.ar\/2021\/por-23-puntos-de-diferencia-cambiemos-gano-en-el-distrito-de-tornquist\/#breadcrumb"},"inLanguage":"es","potentialAction":[{"@type":"ReadAction","target":["https:\/\/www.noticiasradioreflejos.com.ar\/2021\/por-23-puntos-de-diferencia-cambiemos-gano-en-el-distrito-de-tornquist\/"]}]},{"@type":"ImageObject","inLanguage":"es","@id":"https:\/\/www.noticiasradioreflejos.com.ar\/2021\/por-23-puntos-de-diferencia-cambiemos-gano-en-el-distrito-de-tornquist\/#primaryimage","url":"http:\/\/noticiastornquist.com.ar\/noticias\/wp-content\/uploads\/2017\/08\/PLACA-FINAL-CONCEJALES-DISTRITO-1.jpg","contentUrl":"http:\/\/noticiastornquist.com.ar\/noticias\/wp-content\/uploads\/2017\/08\/PLACA-FINAL-CONCEJALES-DISTRITO-1.jpg"},{"@type":"BreadcrumbList","@id":"https:\/\/www.noticiasradioreflejos.com.ar\/2021\/por-23-puntos-de-diferencia-cambiemos-gano-en-el-distrito-de-tornquist\/#breadcrumb","itemListElement":[{"@type":"ListItem","position":1,"name":"Portada","item":"https:\/\/www.noticiasradioreflejos.com.ar\/2021\/"},{"@type":"ListItem","position":2,"name":"Por 23 puntos de diferencia, Cambiemos gan\u00f3 en el distrito de Tornquist"}]},{"@type":"WebSite","@id":"https:\/\/www.noticiasradioreflejos.com.ar\/2021\/#website","url":"https:\/\/www.noticiasradioreflejos.com.ar\/2021\/","name":"Noticias Radio Reflejos","description":"Las noticias de mi comarca","potentialAction":[{"@type":"SearchAction","target":{"@type":"EntryPoint","urlTemplate":"https:\/\/www.noticiasradioreflejos.com.ar\/2021\/?s={search_term_string}"},"query-input":{"@type":"PropertyValueSpecification","valueRequired":true,"valueName":"search_term_string"}}],"inLanguage":"es"},{"@type":"Person","@id":"https:\/\/www.noticiasradioreflejos.com.ar\/2021\/#\/schema\/person\/ad82545263dcc5ec0996818884fd5fb1","name":"Arnaldo Botto","image":{"@type":"ImageObject","inLanguage":"es","@id":"https:\/\/www.noticiasradioreflejos.com.ar\/2021\/#\/schema\/person\/image\/","url":"https:\/\/secure.gravatar.com\/avatar\/55cb5e37c1efa326397366e6974cb338056df65cb50e7d64d1cf314e87504837?s=96&d=mm&r=g","contentUrl":"https:\/\/secure.gravatar.com\/avatar\/55cb5e37c1efa326397366e6974cb338056df65cb50e7d64d1cf314e87504837?s=96&d=mm&r=g","caption":"Arnaldo Botto"},"url":"https:\/\/www.noticiasradioreflejos.com.ar\/2021\/author\/arnaldo\/"}]}},"_links":{"self":[{"href":"https:\/\/www.noticiasradioreflejos.com.ar\/2021\/wp-json\/wp\/v2\/posts\/13407","targetHints":{"allow":["GET"]}}],"collection":[{"href":"https:\/\/www.noticiasradioreflejos.com.ar\/2021\/wp-json\/wp\/v2\/posts"}],"about":[{"href":"https:\/\/www.noticiasradioreflejos.com.ar\/2021\/wp-json\/wp\/v2\/types\/post"}],"author":[{"embeddable":true,"href":"https:\/\/www.noticiasradioreflejos.com.ar\/2021\/wp-json\/wp\/v2\/users\/3"}],"replies":[{"embeddable":true,"href":"https:\/\/www.noticiasradioreflejos.com.ar\/2021\/wp-json\/wp\/v2\/comments?post=13407"}],"version-history":[{"count":0,"href":"https:\/\/www.noticiasradioreflejos.com.ar\/2021\/wp-json\/wp\/v2\/posts\/13407\/revisions"}],"wp:attachment":[{"href":"https:\/\/www.noticiasradioreflejos.com.ar\/2021\/wp-json\/wp\/v2\/media?parent=13407"}],"wp:term":[{"taxonomy":"category","embeddable":true,"href":"https:\/\/www.noticiasradioreflejos.com.ar\/2021\/wp-json\/wp\/v2\/categories?post=13407"},{"taxonomy":"post_tag","embeddable":true,"href":"https:\/\/www.noticiasradioreflejos.com.ar\/2021\/wp-json\/wp\/v2\/tags?post=13407"}],"curies":[{"name":"wp","href":"https:\/\/api.w.org\/{rel}","templated":true}]}}