{"id":134062,"date":"2026-03-13T14:43:58","date_gmt":"2026-03-13T17:43:58","guid":{"rendered":"https:\/\/www.noticiasradioreflejos.com.ar\/2021\/?p=134062"},"modified":"2026-03-13T14:43:58","modified_gmt":"2026-03-13T17:43:58","slug":"javier-rodriguez-presento-una-agenda-centrada-en-financiamiento-innovacion-y-programas-especificos","status":"publish","type":"post","link":"https:\/\/www.noticiasradioreflejos.com.ar\/2021\/javier-rodriguez-presento-una-agenda-centrada-en-financiamiento-innovacion-y-programas-especificos\/","title":{"rendered":"Javier Rodr\u00edguez present\u00f3 una agenda centrada en financiamiento, innovaci\u00f3n y programas especificos"},"content":{"rendered":"<p>El ministro de Desarrollo Agrario bonaerense analiz\u00f3 el escenario productivo del agro, advirti\u00f3 sobre el impacto de las variables macroecon\u00f3micas en la rentabilidad y present\u00f3 las pol\u00edticas provinciales de financiamiento, innovaci\u00f3n y desarrollo tecnol\u00f3gico para el sector.<!--more--><\/p>\n<p>Durante una nueva edici\u00f3n de Expoagro, el ministro de Desarrollo Agrario de la provincia de Buenos Aires, Javier Rodr\u00edguez, encabez\u00f3 una intensa agenda institucional que incluy\u00f3 una charla sobre la estrategia productiva bonaerense, anuncios vinculados a innovaci\u00f3n tecnol\u00f3gica, financiamiento para el sector y la articulaci\u00f3n con universidades, cooperativas y organismos cient\u00edficos.<\/p>\n<p>&nbsp;<\/p>\n<p>La exposici\u00f3n destac\u00f3 el rol de la provincia con la charla \u201cAportes bonaerenses para el desarrollo productivo argentino\u201d, en la que el ministro expuso los principales lineamientos de la pol\u00edtica agroalimentaria que impulsa la Provincia. La participaci\u00f3n bonaerense se complet\u00f3 adem\u00e1s con una serie de actividades, convenios y lanzamientos vinculados al desarrollo tecnol\u00f3gico, la producci\u00f3n regional y el fortalecimiento del entramado productivo.<\/p>\n<p>&nbsp;<\/p>\n<h4><strong>Una estrategia de desarrollo con cinco ejes<\/strong><\/h4>\n<p>En su charla, Javier Rodr\u00edguez plante\u00f3 que el desarrollo agroalimentario bonaerense se sustenta en una mirada integral que abarca la producci\u00f3n primaria, la industrializaci\u00f3n, la producci\u00f3n de alimentos y la ruralidad.<\/p>\n<p>En ese marco, Javier Rodr\u00edguez explic\u00f3 que desde el inicio de la gesti\u00f3n, en diciembre de 2019, el Ministerio defini\u00f3 cinco ejes estrat\u00e9gicos para orientar las pol\u00edticas p\u00fablicas del sector: producir con m\u00e1s productores, agregar valor a la producci\u00f3n, incorporar ciencia y tecnolog\u00eda, avanzar hacia sistemas productivos sustentables y mejorar el acceso de la poblaci\u00f3n a los alimentos.<\/p>\n<p>\u201cPara nosotros el desarrollo del sector implica generar condiciones para sostener y ampliar la cantidad de productores\u201d, se\u00f1al\u00f3 el ministro Javier Rodr\u00edguez, al destacar que el objetivo es revertir los procesos de concentraci\u00f3n productiva y fortalecer el entramado de productores en el territorio.<\/p>\n<p>Javier Rodr\u00edguez remarc\u00f3 adem\u00e1s que la incorporaci\u00f3n de tecnolog\u00eda y conocimiento resulta clave para la competitividad del sector en el mediano y largo plazo, al tiempo que subray\u00f3 la necesidad de integrar la dimensi\u00f3n ambiental desde el inicio de los procesos productivos.<\/p>\n<p>&nbsp;<\/p>\n<h4><strong>El contexto productivo: buenos rindes frente a una macro adversa<\/strong><\/h4>\n<p>Durante su exposici\u00f3n, Javier Rodr\u00edguez tambi\u00e9n analiz\u00f3 el contexto econ\u00f3mico que atraviesa el sector agropecuario. \u201cEn la producci\u00f3n agropecuaria la rentabilidad siempre tiene dos patas: las condiciones naturales y las condiciones econ\u00f3micas y productivas. Este a\u00f1o tuvimos condiciones naturales muy favorables \u2014clima, suelos y rindes\u2014 que terminaron compensando un escenario econ\u00f3mico que no es favorable para producir\u201d, explic\u00f3.<\/p>\n<p>En ese sentido, el ministro se\u00f1al\u00f3 que los resultados positivos de la campa\u00f1a agr\u00edcola se explican principalmente por los rindes obtenidos. \u201cLa rentabilidad de los cultivos extensivos hoy es positiva b\u00e1sicamente por los rindes, que afortunadamente fueron muy buenos e incluso r\u00e9cord en muchos casos. Si no hubi\u00e9ramos tenido estas condiciones clim\u00e1ticas excepcionales, la rentabilidad del sector se habr\u00eda visto seriamente comprometida\u201d, sostuvo el ministro.<\/p>\n<p>En ese sentido, el ministro se\u00f1al\u00f3 que los resultados positivos de la campa\u00f1a agr\u00edcola se explican principalmente por los rindes obtenidos. \u201cLa rentabilidad de los cultivos extensivos hoy es positiva b\u00e1sicamente por los rindes, que afortunadamente fueron muy buenos e incluso r\u00e9cord en muchos casos. Si no hubi\u00e9ramos tenido estas condiciones clim\u00e1ticas excepcionales, la rentabilidad del sector se habr\u00eda visto seriamente comprometida\u201d, sostuvo el ministro.<\/p>\n<p>Javier Rodr\u00edguez tambi\u00e9n remarc\u00f3 que distintas variables econ\u00f3micas impactan negativamente sobre la producci\u00f3n. \u201cCuando uno mira las variables macroecon\u00f3micas \u2014los costos de producci\u00f3n, el nivel de consumo o el tipo de cambio\u2014 ve que muchas de ellas hoy juegan en contra de la rentabilidad del sector\u201d, afirm\u00f3.<\/p>\n<h4><\/h4>\n<h4><strong>Ca\u00edda del consumo y situaci\u00f3n del sector c\u00e1rnico<\/strong><\/h4>\n<p>El ministro tambi\u00e9n se refiri\u00f3 a la situaci\u00f3n del mercado interno y al impacto que tiene sobre la cadena c\u00e1rnica. \u201cLa producci\u00f3n de carne tambi\u00e9n est\u00e1 atravesando una situaci\u00f3n compleja. El consumo todav\u00eda no logr\u00f3 recuperarse de la fuerte ca\u00edda que tuvo en 2024 y en algunos meses incluso sigui\u00f3 bajando\u201d, se\u00f1al\u00f3 Javier Rodr\u00edguez.<\/p>\n<p>Seg\u00fan explic\u00f3, el comportamiento de los ingresos de la poblaci\u00f3n tiene una incidencia directa sobre la demanda de alimentos. \u201cEl precio de la carne subi\u00f3 por encima de la inflaci\u00f3n, pero al mismo tiempo los salarios y las jubilaciones quedaron muy rezagados. En ese contexto es l\u00f3gico que el consumo caiga\u201d, explic\u00f3 el ministro.<\/p>\n<p>Para Javier Rodr\u00edguez, la ca\u00edda en el consumo de alimentos no solo representa un problema social, sino que tambi\u00e9n genera efectos sobre el entramado productivo.<\/p>\n<p>\u201cCuando baja el consumo de carne y de otros alimentos, eso tambi\u00e9n termina impactando en toda la cadena productiva\u201d, agreg\u00f3.<\/p>\n<p>&nbsp;<\/p>\n<h4><strong>R\u00e9cord de superficie sembrada en la provincia<\/strong><\/h4>\n<p>M\u00e1s all\u00e1 de ese contexto macroecon\u00f3mico complejo, Javier Rodr\u00edguez destac\u00f3 el dinamismo que viene mostrando la producci\u00f3n bonaerense. \u201cLa provincia de Buenos Aires viene mostrando un fuerte impulso productivo. En la campa\u00f1a 2024\/2025 alcanzamos el r\u00e9cord hist\u00f3rico de superficie sembrada de los principales cultivos, con 13,9 millones de hect\u00e1reas entre trigo, cebada, soja, ma\u00edz y girasol\u201d, afirm\u00f3 el ministro.<\/p>\n<p>Seg\u00fan detall\u00f3 Javier Rodr\u00edguez, ese nivel de producci\u00f3n representa 1,9 millones de hect\u00e1reas m\u00e1s que en la campa\u00f1a 2019\/2020, lo que muestra el crecimiento del sector en los \u00faltimos a\u00f1os.<\/p>\n<p>&nbsp;<\/p>\n<h4><strong>Financiamiento, infraestructura y tecnolog\u00eda<\/strong><\/h4>\n<p>Durante la exposici\u00f3n, Javier Rodr\u00edguez repas\u00f3 algunas de las herramientas que la Provincia viene implementando para fortalecer al sector.<\/p>\n<p>En materia de financiamiento, el ministro destac\u00f3 el trabajo conjunto con el Banco de la Provincia de Buenos Aires, que permiti\u00f3 otorgar m\u00e1s de 3,2 billones de pesos en cr\u00e9ditos, en m\u00e1s de 100.000 operaciones, alcanzando a m\u00e1s de 10.700 productores y empresas agropecuarias.<\/p>\n<p>A ese esquema se suma el Fondo Agrario del Ministerio, que ya lleg\u00f3 a m\u00e1s de 6.000 productores, en particular de la agricultura familiar, el sector ap\u00edcola y otras producciones que suelen tener menor acceso al sistema bancario.<\/p>\n<p>Tambi\u00e9n mencion\u00f3 el trabajo en infraestructura rural, donde sobresale el Plan Maestro Integral del R\u00edo Salado, una obra estructural para el sistema productivo bonaerense, y el programa de mejora de caminos rurales, que ya permiti\u00f3 intervenir m\u00e1s de 5.500 kil\u00f3metros en distintos municipios.<\/p>\n<p>\u201cSiempre decimos que el camino rural es el primer kil\u00f3metro de la producci\u00f3n, pero tambi\u00e9n es el camino que lleva a la escuela o al pueblo\u201d, explic\u00f3 Javier Rodr\u00edguez, al se\u00f1alar el impacto que estas obras tienen en la conectividad de parajes rurales, tambos y escuelas.<\/p>\n<p>&nbsp;<\/p>\n<h4><strong>Ciencia aplicada al desarrollo productivo<\/strong><\/h4>\n<p>Otro de los puntos centrales de la charla fue el rol de la investigaci\u00f3n cient\u00edfica aplicada al agro. Javier Rodr\u00edguez destac\u00f3 la ampliaci\u00f3n del sistema de chacras experimentales bonaerenses \u2014con nuevas sedes en Rojas, Berazategui y Rauch\u2014 y el trabajo articulado con universidades, institutos cient\u00edficos y el sector privado en proyectos de mejoramiento gen\u00e9tico animal y vegetal.<\/p>\n<p>Entre otros desarrollos, mencion\u00f3 investigaciones sobre cruzamientos bovinos adaptados a condiciones clim\u00e1ticas m\u00e1s secas, nuevas variedades de trigo candeal, trabajos en avena y desarrollos en tomate junto a universidades nacionales.<\/p>\n<p>Tambi\u00e9n se refiri\u00f3 al contexto nacional y advirti\u00f3 sobre el impacto que pueden tener los recortes en el sistema cient\u00edfico-tecnol\u00f3gico. En ese sentido, el ministro se\u00f1al\u00f3 que el desfinanciamiento de organismos como el Instituto Nacional de Tecnolog\u00eda Agropecuaria afecta la capacidad del pa\u00eds para sostener procesos de innovaci\u00f3n en el sector agropecuario.<\/p>\n<p>&nbsp;<\/p>\n<h4><strong>Innovaci\u00f3n tecnol\u00f3gica y cooperaci\u00f3n productiva<\/strong><\/h4>\n<p>La agenda del Ministerio en Expoagro tambi\u00e9n incluy\u00f3 el lanzamiento de la quinta edici\u00f3n de TecnoBio, que se realizar\u00e1 el 8 de abril en Tandil bajo el formato TecnoBio 360, incorporando adem\u00e1s la Tercera Jornada de AgTech.<\/p>\n<p>El evento buscar\u00e1 integrar el desarrollo de bioinsumos, tecnolog\u00edas digitales y el sistema cient\u00edfico-tecnol\u00f3gico aplicado al agro. En esa misma l\u00ednea, el Ministerio avanz\u00f3 en una agenda de trabajo con la federaci\u00f3n FACTTIC para impulsar proyectos vinculados a conectividad rural, agricultura de precisi\u00f3n y desarrollo cooperativo.<\/p>\n<p>El acuerdo contempla la realizaci\u00f3n de un encuentro en Tandil durante mayo, con la participaci\u00f3n de universidades, cooperativas agropecuarias, organizaciones tecnol\u00f3gicas y cooperativas de servicios, con el objetivo de identificar proyectos piloto y consolidar esquemas de colaboraci\u00f3n tecnol\u00f3gica en \u00e1mbitos rurales.<\/p>\n<h4><\/h4>\n<h4><strong>Convenios, financiamiento y normativa tecnol\u00f3gica<\/strong><\/h4>\n<p>Durante la exposici\u00f3n tambi\u00e9n se firmaron distintos convenios orientados al desarrollo cient\u00edfico y tecnol\u00f3gico aplicado al agro. Uno de ellos fue suscripto con la C\u00e1mara de la Industria Argentina de Fertilizantes y Agroqu\u00edmicos de Buenos Aires (CIAFBA), con el objetivo de desarrollar ensayos e investigaciones vinculadas a tecnolog\u00edas de aplicaci\u00f3n de fitosanitarios, incluyendo equipos terrestres, aplicaciones a\u00e9reas y drones.<\/p>\n<p>En ese marco, el ministro destac\u00f3 la importancia de establecer reglas claras para el uso de nuevas tecnolog\u00edas. \u201cMientras el gobierno nacional, a trav\u00e9s de Federico Sturzenegger, impulsa una l\u00f3gica de desregulaci\u00f3n en distintos \u00e1mbitos de la actividad econ\u00f3mica, en la provincia de Buenos Aires creemos que es fundamental contar con reglas claras. Los productores necesitan previsibilidad para poder planificar a mediano y largo plazo, y para eso es clave que exista un respaldo normativo que acompa\u00f1e el desarrollo tecnol\u00f3gico y productivo\u201d, se\u00f1al\u00f3 Javier Rodr\u00edguez.<\/p>\n<p>Tambi\u00e9n se firm\u00f3 un convenio con la Universidad Nacional de Lomas de Zamora para profundizar investigaciones vinculadas al ganado bovino criollo patag\u00f3nico, orientadas al mejoramiento gen\u00e9tico y a la adaptaci\u00f3n de animales a distintas condiciones productivas.<\/p>\n<p>A su vez, Javier Rodr\u00edguez particip\u00f3 de la firma de un acuerdo con el presidente del Banco de la Provincia de Buenos Aires, Juan Cuattromo, y la presidenta de MAGRIBA, Luc\u00eda Mart\u00ednez, para otorgar cr\u00e9ditos con tasas preferenciales destinados a la compra de maquinaria agr\u00edcola bonaerense.<\/p>\n<p>&nbsp;<\/p>\n<h4><strong>Producciones regionales y agenda territorial<\/strong><\/h4>\n<p>La presencia del Ministerio en Expoagro tambi\u00e9n incluy\u00f3 la participaci\u00f3n de Javier Rodr\u00edguez en distintos anuncios vinculados a producciones regionales y eventos productivos del interior bonaerense, como la Fiesta del Tambero en Navarro, la Fiesta de la Naranja de Ombligo en San Pedro y la Fiesta de la Vendimia en Saldungaray, partido de Tornquist.<\/p>\n<p>Asimismo, Javier Rodr\u00edguez particip\u00f3 del lanzamiento del III Foro Internacional de G\u00e9nero y Ruralidad y de los Premios L\u00eda Encalada, en el marco de un conversatorio dedicado al liderazgo de mujeres productoras rurales.<\/p>\n<p>En conjunto, la agenda provincial en Expoagro estuvo atravesada por cuatro ejes centrales: innovaci\u00f3n tecnol\u00f3gica, financiamiento productivo, desarrollo cient\u00edfico y fortalecimiento de las econom\u00edas regionales, una estrategia que \u2014seg\u00fan plante\u00f3 el ministro\u2014 busca consolidar un modelo de desarrollo agroalimentario con m\u00e1s productores, mayor valor agregado y fuerte articulaci\u00f3n entre el Estado, el sistema cient\u00edfico y el sector productivo.<\/p>\n","protected":false},"excerpt":{"rendered":"<p>El ministro de Desarrollo Agrario bonaerense analiz\u00f3 el escenario productivo del agro, advirti\u00f3 sobre el impacto de las variables macroecon\u00f3micas en la rentabilidad y present\u00f3 las pol\u00edticas provinciales de financiamiento, innovaci\u00f3n y desarrollo tecnol\u00f3gico para el sector.<\/p>\n","protected":false},"author":3,"featured_media":0,"comment_status":"closed","ping_status":"closed","sticky":false,"template":"","format":"standard","meta":{"footnotes":""},"categories":[36,24],"tags":[],"class_list":["post-134062","post","type-post","status-publish","format-standard","hentry","category-economia","category-politica"],"yoast_head":"<!-- This site is optimized with the Yoast SEO plugin v25.9 - https:\/\/yoast.com\/wordpress\/plugins\/seo\/ -->\n<title>Javier Rodr\u00edguez present\u00f3 una agenda centrada en financiamiento, innovaci\u00f3n y programas especificos - Noticias Radio Reflejos<\/title>\n<meta name=\"robots\" content=\"index, follow, max-snippet:-1, max-image-preview:large, max-video-preview:-1\" \/>\n<link rel=\"canonical\" href=\"https:\/\/www.noticiasradioreflejos.com.ar\/2021\/javier-rodriguez-presento-una-agenda-centrada-en-financiamiento-innovacion-y-programas-especificos\/\" \/>\n<meta property=\"og:locale\" content=\"es_ES\" \/>\n<meta property=\"og:type\" content=\"article\" \/>\n<meta property=\"og:title\" content=\"Javier Rodr\u00edguez present\u00f3 una agenda centrada en financiamiento, innovaci\u00f3n y programas especificos - Noticias Radio Reflejos\" \/>\n<meta property=\"og:description\" content=\"El ministro de Desarrollo Agrario bonaerense analiz\u00f3 el escenario productivo del agro, advirti\u00f3 sobre el impacto de las variables macroecon\u00f3micas en la rentabilidad y present\u00f3 las pol\u00edticas provinciales de financiamiento, innovaci\u00f3n y desarrollo tecnol\u00f3gico para el sector.\" \/>\n<meta property=\"og:url\" content=\"https:\/\/www.noticiasradioreflejos.com.ar\/2021\/javier-rodriguez-presento-una-agenda-centrada-en-financiamiento-innovacion-y-programas-especificos\/\" \/>\n<meta property=\"og:site_name\" content=\"Noticias Radio Reflejos\" \/>\n<meta property=\"article:published_time\" content=\"2026-03-13T17:43:58+00:00\" \/>\n<meta property=\"og:image\" content=\"https:\/\/www.noticiasradioreflejos.com.ar\/2021\/wp-content\/uploads\/2026\/03\/unnamed.jpg\" \/>\n\t<meta property=\"og:image:width\" content=\"1600\" \/>\n\t<meta property=\"og:image:height\" content=\"1064\" \/>\n\t<meta property=\"og:image:type\" content=\"image\/jpeg\" \/>\n<meta name=\"author\" content=\"Arnaldo Botto\" \/>\n<meta name=\"twitter:card\" content=\"summary_large_image\" \/>\n<script type=\"application\/ld+json\" class=\"yoast-schema-graph\">{\"@context\":\"https:\/\/schema.org\",\"@graph\":[{\"@type\":\"WebPage\",\"@id\":\"https:\/\/www.noticiasradioreflejos.com.ar\/2021\/javier-rodriguez-presento-una-agenda-centrada-en-financiamiento-innovacion-y-programas-especificos\/\",\"url\":\"https:\/\/www.noticiasradioreflejos.com.ar\/2021\/javier-rodriguez-presento-una-agenda-centrada-en-financiamiento-innovacion-y-programas-especificos\/\",\"name\":\"Javier Rodr\u00edguez present\u00f3 una agenda centrada en financiamiento, innovaci\u00f3n y programas especificos - Noticias Radio Reflejos\",\"isPartOf\":{\"@id\":\"https:\/\/www.noticiasradioreflejos.com.ar\/2021\/#website\"},\"datePublished\":\"2026-03-13T17:43:58+00:00\",\"author\":{\"@id\":\"https:\/\/www.noticiasradioreflejos.com.ar\/2021\/#\/schema\/person\/ad82545263dcc5ec0996818884fd5fb1\"},\"breadcrumb\":{\"@id\":\"https:\/\/www.noticiasradioreflejos.com.ar\/2021\/javier-rodriguez-presento-una-agenda-centrada-en-financiamiento-innovacion-y-programas-especificos\/#breadcrumb\"},\"inLanguage\":\"es\",\"potentialAction\":[{\"@type\":\"ReadAction\",\"target\":[\"https:\/\/www.noticiasradioreflejos.com.ar\/2021\/javier-rodriguez-presento-una-agenda-centrada-en-financiamiento-innovacion-y-programas-especificos\/\"]}]},{\"@type\":\"BreadcrumbList\",\"@id\":\"https:\/\/www.noticiasradioreflejos.com.ar\/2021\/javier-rodriguez-presento-una-agenda-centrada-en-financiamiento-innovacion-y-programas-especificos\/#breadcrumb\",\"itemListElement\":[{\"@type\":\"ListItem\",\"position\":1,\"name\":\"Portada\",\"item\":\"https:\/\/www.noticiasradioreflejos.com.ar\/2021\/\"},{\"@type\":\"ListItem\",\"position\":2,\"name\":\"Javier Rodr\u00edguez present\u00f3 una agenda centrada en financiamiento, innovaci\u00f3n y programas especificos\"}]},{\"@type\":\"WebSite\",\"@id\":\"https:\/\/www.noticiasradioreflejos.com.ar\/2021\/#website\",\"url\":\"https:\/\/www.noticiasradioreflejos.com.ar\/2021\/\",\"name\":\"Noticias Radio Reflejos\",\"description\":\"Las noticias de mi comarca\",\"potentialAction\":[{\"@type\":\"SearchAction\",\"target\":{\"@type\":\"EntryPoint\",\"urlTemplate\":\"https:\/\/www.noticiasradioreflejos.com.ar\/2021\/?s={search_term_string}\"},\"query-input\":{\"@type\":\"PropertyValueSpecification\",\"valueRequired\":true,\"valueName\":\"search_term_string\"}}],\"inLanguage\":\"es\"},{\"@type\":\"Person\",\"@id\":\"https:\/\/www.noticiasradioreflejos.com.ar\/2021\/#\/schema\/person\/ad82545263dcc5ec0996818884fd5fb1\",\"name\":\"Arnaldo Botto\",\"image\":{\"@type\":\"ImageObject\",\"inLanguage\":\"es\",\"@id\":\"https:\/\/www.noticiasradioreflejos.com.ar\/2021\/#\/schema\/person\/image\/\",\"url\":\"https:\/\/secure.gravatar.com\/avatar\/55cb5e37c1efa326397366e6974cb338056df65cb50e7d64d1cf314e87504837?s=96&d=mm&r=g\",\"contentUrl\":\"https:\/\/secure.gravatar.com\/avatar\/55cb5e37c1efa326397366e6974cb338056df65cb50e7d64d1cf314e87504837?s=96&d=mm&r=g\",\"caption\":\"Arnaldo Botto\"},\"url\":\"https:\/\/www.noticiasradioreflejos.com.ar\/2021\/author\/arnaldo\/\"}]}<\/script>\n<!-- \/ Yoast SEO plugin. -->","yoast_head_json":{"title":"Javier Rodr\u00edguez present\u00f3 una agenda centrada en financiamiento, innovaci\u00f3n y programas especificos - Noticias Radio Reflejos","robots":{"index":"index","follow":"follow","max-snippet":"max-snippet:-1","max-image-preview":"max-image-preview:large","max-video-preview":"max-video-preview:-1"},"canonical":"https:\/\/www.noticiasradioreflejos.com.ar\/2021\/javier-rodriguez-presento-una-agenda-centrada-en-financiamiento-innovacion-y-programas-especificos\/","og_locale":"es_ES","og_type":"article","og_title":"Javier Rodr\u00edguez present\u00f3 una agenda centrada en financiamiento, innovaci\u00f3n y programas especificos - Noticias Radio Reflejos","og_description":"El ministro de Desarrollo Agrario bonaerense analiz\u00f3 el escenario productivo del agro, advirti\u00f3 sobre el impacto de las variables macroecon\u00f3micas en la rentabilidad y present\u00f3 las pol\u00edticas provinciales de financiamiento, innovaci\u00f3n y desarrollo tecnol\u00f3gico para el sector.","og_url":"https:\/\/www.noticiasradioreflejos.com.ar\/2021\/javier-rodriguez-presento-una-agenda-centrada-en-financiamiento-innovacion-y-programas-especificos\/","og_site_name":"Noticias Radio Reflejos","article_published_time":"2026-03-13T17:43:58+00:00","og_image":[{"width":1600,"height":1064,"url":"https:\/\/www.noticiasradioreflejos.com.ar\/2021\/wp-content\/uploads\/2026\/03\/unnamed.jpg","type":"image\/jpeg"}],"author":"Arnaldo Botto","twitter_card":"summary_large_image","schema":{"@context":"https:\/\/schema.org","@graph":[{"@type":"WebPage","@id":"https:\/\/www.noticiasradioreflejos.com.ar\/2021\/javier-rodriguez-presento-una-agenda-centrada-en-financiamiento-innovacion-y-programas-especificos\/","url":"https:\/\/www.noticiasradioreflejos.com.ar\/2021\/javier-rodriguez-presento-una-agenda-centrada-en-financiamiento-innovacion-y-programas-especificos\/","name":"Javier Rodr\u00edguez present\u00f3 una agenda centrada en financiamiento, innovaci\u00f3n y programas especificos - Noticias Radio Reflejos","isPartOf":{"@id":"https:\/\/www.noticiasradioreflejos.com.ar\/2021\/#website"},"datePublished":"2026-03-13T17:43:58+00:00","author":{"@id":"https:\/\/www.noticiasradioreflejos.com.ar\/2021\/#\/schema\/person\/ad82545263dcc5ec0996818884fd5fb1"},"breadcrumb":{"@id":"https:\/\/www.noticiasradioreflejos.com.ar\/2021\/javier-rodriguez-presento-una-agenda-centrada-en-financiamiento-innovacion-y-programas-especificos\/#breadcrumb"},"inLanguage":"es","potentialAction":[{"@type":"ReadAction","target":["https:\/\/www.noticiasradioreflejos.com.ar\/2021\/javier-rodriguez-presento-una-agenda-centrada-en-financiamiento-innovacion-y-programas-especificos\/"]}]},{"@type":"BreadcrumbList","@id":"https:\/\/www.noticiasradioreflejos.com.ar\/2021\/javier-rodriguez-presento-una-agenda-centrada-en-financiamiento-innovacion-y-programas-especificos\/#breadcrumb","itemListElement":[{"@type":"ListItem","position":1,"name":"Portada","item":"https:\/\/www.noticiasradioreflejos.com.ar\/2021\/"},{"@type":"ListItem","position":2,"name":"Javier Rodr\u00edguez present\u00f3 una agenda centrada en financiamiento, innovaci\u00f3n y programas especificos"}]},{"@type":"WebSite","@id":"https:\/\/www.noticiasradioreflejos.com.ar\/2021\/#website","url":"https:\/\/www.noticiasradioreflejos.com.ar\/2021\/","name":"Noticias Radio Reflejos","description":"Las noticias de mi comarca","potentialAction":[{"@type":"SearchAction","target":{"@type":"EntryPoint","urlTemplate":"https:\/\/www.noticiasradioreflejos.com.ar\/2021\/?s={search_term_string}"},"query-input":{"@type":"PropertyValueSpecification","valueRequired":true,"valueName":"search_term_string"}}],"inLanguage":"es"},{"@type":"Person","@id":"https:\/\/www.noticiasradioreflejos.com.ar\/2021\/#\/schema\/person\/ad82545263dcc5ec0996818884fd5fb1","name":"Arnaldo Botto","image":{"@type":"ImageObject","inLanguage":"es","@id":"https:\/\/www.noticiasradioreflejos.com.ar\/2021\/#\/schema\/person\/image\/","url":"https:\/\/secure.gravatar.com\/avatar\/55cb5e37c1efa326397366e6974cb338056df65cb50e7d64d1cf314e87504837?s=96&d=mm&r=g","contentUrl":"https:\/\/secure.gravatar.com\/avatar\/55cb5e37c1efa326397366e6974cb338056df65cb50e7d64d1cf314e87504837?s=96&d=mm&r=g","caption":"Arnaldo Botto"},"url":"https:\/\/www.noticiasradioreflejos.com.ar\/2021\/author\/arnaldo\/"}]}},"_links":{"self":[{"href":"https:\/\/www.noticiasradioreflejos.com.ar\/2021\/wp-json\/wp\/v2\/posts\/134062","targetHints":{"allow":["GET"]}}],"collection":[{"href":"https:\/\/www.noticiasradioreflejos.com.ar\/2021\/wp-json\/wp\/v2\/posts"}],"about":[{"href":"https:\/\/www.noticiasradioreflejos.com.ar\/2021\/wp-json\/wp\/v2\/types\/post"}],"author":[{"embeddable":true,"href":"https:\/\/www.noticiasradioreflejos.com.ar\/2021\/wp-json\/wp\/v2\/users\/3"}],"replies":[{"embeddable":true,"href":"https:\/\/www.noticiasradioreflejos.com.ar\/2021\/wp-json\/wp\/v2\/comments?post=134062"}],"version-history":[{"count":1,"href":"https:\/\/www.noticiasradioreflejos.com.ar\/2021\/wp-json\/wp\/v2\/posts\/134062\/revisions"}],"predecessor-version":[{"id":134064,"href":"https:\/\/www.noticiasradioreflejos.com.ar\/2021\/wp-json\/wp\/v2\/posts\/134062\/revisions\/134064"}],"wp:attachment":[{"href":"https:\/\/www.noticiasradioreflejos.com.ar\/2021\/wp-json\/wp\/v2\/media?parent=134062"}],"wp:term":[{"taxonomy":"category","embeddable":true,"href":"https:\/\/www.noticiasradioreflejos.com.ar\/2021\/wp-json\/wp\/v2\/categories?post=134062"},{"taxonomy":"post_tag","embeddable":true,"href":"https:\/\/www.noticiasradioreflejos.com.ar\/2021\/wp-json\/wp\/v2\/tags?post=134062"}],"curies":[{"name":"wp","href":"https:\/\/api.w.org\/{rel}","templated":true}]}}