{"id":134057,"date":"2026-03-13T14:08:59","date_gmt":"2026-03-13T17:08:59","guid":{"rendered":"https:\/\/www.noticiasradioreflejos.com.ar\/2021\/?p=134057"},"modified":"2026-03-13T14:09:10","modified_gmt":"2026-03-13T17:09:10","slug":"aca-junto-a-las-cooperativas-del-campo-argentino-reafirmaron-la-importancia-del-modelo-cooperativo-para-el-crecimiento-de-nuestro-pais","status":"publish","type":"post","link":"https:\/\/www.noticiasradioreflejos.com.ar\/2021\/aca-junto-a-las-cooperativas-del-campo-argentino-reafirmaron-la-importancia-del-modelo-cooperativo-para-el-crecimiento-de-nuestro-pais\/","title":{"rendered":"ACA junto a las cooperativas del campo argentino\u00a0reafirmaron la importancia del modelo cooperativo para el crecimiento de nuestro pa\u00eds"},"content":{"rendered":"<p>La Asociaci\u00f3n de Cooperativas Argentinas (ACA) reuni\u00f3 a m\u00e1s de 100 cooperativas agropecuarias en Expoagro 2026, con un espacio que integr\u00f3 negocios, servicios, innovaci\u00f3n, tecnolog\u00eda y el encuentro con los productores. All\u00ed mostr\u00f3 el trabajo conjunto con las cooperativas de todo el pa\u00eds, quienes consolidaron su rol clave para que miles de productores agropecuarios puedan ganar escala, invertir y competir en mercados cada vez m\u00e1s exigentes.<!--more--><\/p>\n<p>En la vig\u00e9sima edici\u00f3n de Expoagro 2026, el stand de ACA fue el punto de encuentro para que m\u00e1s de 6.000 productores puedan conocer la propuesta integral en comercializaci\u00f3n y log\u00edstica de granos, insumos agropecuarios y ganader\u00eda, comercio exterior y finanzas integradas; adem\u00e1s de reforzar el valor del v\u00ednculo entre las personas como la fortaleza principal del Tejido Cooperativo.<\/p>\n<p>En Argentina, donde el agro es uno de los principales motores de la econom\u00eda, el modelo cooperativo permite que miles de productores se integren en cadenas de valor m\u00e1s complejas, desarrollando inversiones log\u00edsticas, industriales y comerciales que fortalecen la competitividad del sector.<\/p>\n<p>Para Francisco Farr\u00e1s, presidente de la Asociaci\u00f3n de Cooperativas Argentinas y productor agropecuario, las cooperativas \u201cnacieron para resolver un problema concreto: permitir que los productores se integren, reduzcan costos de transacci\u00f3n y puedan competir en mejores condiciones\u201d.<\/p>\n<p>Y destac\u00f3: \u201cCuando los productores se integran a trav\u00e9s de cooperativas pueden invertir en infraestructura, tecnolog\u00eda y log\u00edstica, cosa que de manera individual ser\u00eda imposible. Ese es el verdadero valor econ\u00f3mico del modelo cooperativo\u201d.<\/p>\n<p>La propuesta de ACA en Expoagro 2026 tambi\u00e9n incluy\u00f3 la participaci\u00f3n del Grupo Cooperativo, integrado por La Segunda Seguros, Avalian, Coovaeco y Fundaci\u00f3n Nodos, que acercaron soluciones y servicios para el desarrollo de la actividad agropecuaria y de las personas, mostrando c\u00f3mo el trabajo articulado dentro del sistema cooperativo permite brindar respuestas integrales a las necesidades del campo argentino.<\/p>\n<p>Otro de los espacios destacados fue el de ACA J\u00f3venes, que reafirm\u00f3 el compromiso de las juventudes agrarias cooperativas con el modelo cooperativo, llenando el stand de ACA con m\u00e1s de 100 j\u00f3venes que construyen el futuro de la producci\u00f3n agropecuaria.<\/p>\n<p>Tambi\u00e9n tuvo un momento destacado en el stand de ACA la Red de Mujeres Rurales, que realiz\u00f3 un desayuno de trabajo orientado a fortalecer v\u00ednculos y generar espacios de di\u00e1logo entre ambas redes. La actividad busc\u00f3 tender puentes para integrar acciones, promoviendo una mirada de desarrollo basada en el cuidado de la tierra y en la construcci\u00f3n de oportunidades para las generaciones presentes y futuras.<br \/>\n<a href=\"https:\/\/www.noticiasradioreflejos.com.ar\/2021\/aca-junto-a-las-cooperativas-del-campo-argentino-reafirmaron-la-importancia-del-modelo-cooperativo-para-el-crecimiento-de-nuestro-pais\/aca-2\/\" rel=\"attachment wp-att-134058\"><img loading=\"lazy\" decoding=\"async\" class=\"aligncenter size-full wp-image-134058\" src=\"https:\/\/www.noticiasradioreflejos.com.ar\/2021\/wp-content\/uploads\/2026\/03\/aca.jpg\" alt=\"\" width=\"1280\" height=\"519\" srcset=\"https:\/\/www.noticiasradioreflejos.com.ar\/2021\/wp-content\/uploads\/2026\/03\/aca.jpg 1280w, https:\/\/www.noticiasradioreflejos.com.ar\/2021\/wp-content\/uploads\/2026\/03\/aca-300x122.jpg 300w, https:\/\/www.noticiasradioreflejos.com.ar\/2021\/wp-content\/uploads\/2026\/03\/aca-1024x415.jpg 1024w, https:\/\/www.noticiasradioreflejos.com.ar\/2021\/wp-content\/uploads\/2026\/03\/aca-768x311.jpg 768w, https:\/\/www.noticiasradioreflejos.com.ar\/2021\/wp-content\/uploads\/2026\/03\/aca-750x304.jpg 750w, https:\/\/www.noticiasradioreflejos.com.ar\/2021\/wp-content\/uploads\/2026\/03\/aca-1140x462.jpg 1140w\" sizes=\"auto, (max-width: 1280px) 100vw, 1280px\" \/><\/a><br \/>\nDurante los cuatro d\u00edas de la muestra, el auditorio de ACA se consolid\u00f3 como uno de los espacios m\u00e1s din\u00e1micos del stand, con m\u00e1s de 25 charlas y encuentros que reunieron a especialistas, t\u00e9cnicos y representantes de cooperativas de todo el pa\u00eds. ACA tambi\u00e9n particip\u00f3 de la agenda del Anfiteatro ArgenINTA con una charla abierta al p\u00fablico, en la que especialistas de la mesa estrat\u00e9gica de Productos Agr\u00edcolas compartieron un an\u00e1lisis del mercado de granos y las principales variables que hoy influyen en la toma de decisiones de los productores.<\/p>\n<div class=\"m_2168654770028910419styles_1773341257129\">\n<p>La agenda tambi\u00e9n incluy\u00f3 encuentros estrat\u00e9gicos con aliados del Tejido Cooperativo. Entre ellos se destac\u00f3 el evento realizado junto a Puma Energy, consolidando la alianza desde hace 7 a\u00f1os, donde se destac\u00f3 la evoluci\u00f3n, la innovaci\u00f3n y la proyecci\u00f3n comercial de la red de agroservicios. Tambi\u00e9n se realiz\u00f3 una jornada junto a Neogen, donde t\u00e9cnicos de ACA y las cooperativas repasaron el trabajo conjunto y el portfolio de sojas para esta campa\u00f1a.<\/p>\n<p>En el marco de Expoagro tambi\u00e9n se concret\u00f3 un hito para el desarrollo de la cadena de valor ganadera, con la firma de una alianza estrat\u00e9gica con el frigor\u00edfico Arrebeef, orientada a potenciar la integraci\u00f3n productiva, comercial e industrial entre productores, cooperativas e industrias. Este acuerdo busca fortalecer los eslabones de la producci\u00f3n ganadera con nuevas oportunidades para la producci\u00f3n dentro del sistema cooperativo.<\/p>\n<p>Con su participaci\u00f3n en Expoagro 2026, ACA reafirm\u00f3 el valor del modelo cooperativo como una herramienta clave para el desarrollo del agro argentino, promoviendo la integraci\u00f3n entre cooperativas, productores, empresas y aliados estrat\u00e9gicos. A trav\u00e9s de un espacio pensado para el encuentro, el intercambio de conocimiento y la construcci\u00f3n de nuevas oportunidades, pero por sobre todo un espacio para poner en valor la fuerza del trabajo cooperativo y el rol de las cooperativas agropecuarias como protagonistas del presente y del futuro del campo argentino.<\/p>\n<p>&nbsp;<\/p>\n<div><a><img decoding=\"async\" class=\"CToWUd a6T\" tabindex=\"0\" src=\"https:\/\/ci3.googleusercontent.com\/meips\/ADKq_NYjuKYjJyCNDOeRqHoP3QF3OapXjujeHqput3d1UC0zqL_Kv9HN-jam0bgQ8dgnGio5REEYelvKegKUougTUQiuQWkYaa_boyw61cJ31YED1qnxgFlh1RUzMbdwHIx_3r2xiS1Jr6sylyeCbAkZxb_Wzmr5wkSU-4cy7F8hQCxsQp5f3hxHjRlxEE7NMII2NIpUyq2ZU7I=s0-d-e1-ft#https:\/\/44462.asset.mtaes.net\/storage\/picture\/57f54df58b4ff9400fca2cc6\/69b2fc2e717d8ee528c4f8fc\/img\/69b30a27717d8ee528c5137f.jpg\" width=\"600\" data-bit=\"iit\" \/><\/a><\/div>\n<div><a><img decoding=\"async\" id=\"m_2168654770028910419d5865c7a-d5b1-42c3-8cb4-d9fe996426c9\" class=\"CToWUd a6T\" tabindex=\"0\" src=\"https:\/\/ci3.googleusercontent.com\/meips\/ADKq_NYZOpU6I4S5eJPKD1ft24mgvzwsfXULGBXfi2BEXZjRggHRhrbSeuMDsPzH-aeUUEGaF8df31UvkDOa27xsETv10uqhhVTv_2ekR915nFcB2k26-EAZY41J1OdsD7AcZg-JJOl0Xt26V8e3n31oDLzUVkJZ0FSd8nbKA05tznV8jLCqUIQoKgb8GhqTc7AniyBQ08jW_a8=s0-d-e1-ft#https:\/\/44462.asset.mtaes.net\/storage\/picture\/57f54df58b4ff9400fca2cc6\/69b2fc2e717d8ee528c4f8fc\/img\/69b30aaa717d8ee528c513df.jpg\" alt=\"\" width=\"600\" data-bit=\"iit\" \/><\/a><\/div>\n<p><strong id=\"m_2168654770028910419icmldf\">Acerca de ACA<\/strong><\/p>\n<p>Con m\u00e1s de 100 a\u00f1os de trayectoria, la Asociaci\u00f3n de Cooperativas Argentinas (ACA) es uno de los m\u00e1s importantes operadores del pa\u00eds en la comercializaci\u00f3n de cereales y oleaginosas, al igual que en la fabricaci\u00f3n y distribuci\u00f3n de insumos agropecuarios.<\/p>\n<p>Es una cooperativa de segundo grado que nuclea a m\u00e1s de 130 cooperativas, cuya misi\u00f3n es brindar soluciones integrales, creando valor de forma competitiva y sustentable, aportando transparencia a los mercados y manteniendo el diferencial de los principios y valores cooperativos.<\/p>\n<p><a id=\"m_2168654770028910419iu9vmo\" href=\"https:\/\/44462.clicks.mtaes.net\/track\/click?u=1058949&amp;p=34343436323a323436333a323234353a303a353a30&amp;s=a5bbb32e089e2f66fd4b5dbe98b98666&amp;m=161066\" target=\"_blank\" rel=\"noopener\" data-saferedirecturl=\"https:\/\/www.google.com\/url?q=https:\/\/44462.clicks.mtaes.net\/track\/click?u%3D1058949%26p%3D34343436323a323436333a323234353a303a353a30%26s%3Da5bbb32e089e2f66fd4b5dbe98b98666%26m%3D161066&amp;source=gmail&amp;ust=1773507462521000&amp;usg=AOvVaw2LO-eKX0qod-dwMXCzVOL7\">http:\/\/www.acacoop.com.ar\/<\/a><\/p>\n<p>Redes sociales: @acacoop<\/p>\n<\/div>\n","protected":false},"excerpt":{"rendered":"<p>La Asociaci\u00f3n de Cooperativas Argentinas (ACA) reuni\u00f3 a m\u00e1s de 100 cooperativas agropecuarias en Expoagro 2026, con un espacio que integr\u00f3 negocios, servicios, innovaci\u00f3n, tecnolog\u00eda y el encuentro con los productores. All\u00ed mostr\u00f3 el trabajo conjunto con las cooperativas de todo el pa\u00eds, quienes consolidaron su rol clave para que miles de productores agropecuarios puedan [&hellip;]<\/p>\n","protected":false},"author":3,"featured_media":134059,"comment_status":"closed","ping_status":"closed","sticky":false,"template":"","format":"standard","meta":{"footnotes":""},"categories":[36,26],"tags":[],"class_list":["post-134057","post","type-post","status-publish","format-standard","has-post-thumbnail","hentry","category-economia","category-sociedad"],"yoast_head":"<!-- This site is optimized with the Yoast SEO plugin v25.9 - https:\/\/yoast.com\/wordpress\/plugins\/seo\/ -->\n<title>ACA junto a las cooperativas del campo argentino\u00a0reafirmaron la importancia del modelo cooperativo para el crecimiento de nuestro pa\u00eds - Noticias Radio Reflejos<\/title>\n<meta name=\"robots\" content=\"index, follow, max-snippet:-1, max-image-preview:large, max-video-preview:-1\" \/>\n<link rel=\"canonical\" href=\"https:\/\/www.noticiasradioreflejos.com.ar\/2021\/aca-junto-a-las-cooperativas-del-campo-argentino-reafirmaron-la-importancia-del-modelo-cooperativo-para-el-crecimiento-de-nuestro-pais\/\" \/>\n<meta property=\"og:locale\" content=\"es_ES\" \/>\n<meta property=\"og:type\" content=\"article\" \/>\n<meta property=\"og:title\" content=\"ACA junto a las cooperativas del campo argentino\u00a0reafirmaron la importancia del modelo cooperativo para el crecimiento de nuestro pa\u00eds - Noticias Radio Reflejos\" \/>\n<meta property=\"og:description\" content=\"La Asociaci\u00f3n de Cooperativas Argentinas (ACA) reuni\u00f3 a m\u00e1s de 100 cooperativas agropecuarias en Expoagro 2026, con un espacio que integr\u00f3 negocios, servicios, innovaci\u00f3n, tecnolog\u00eda y el encuentro con los productores. All\u00ed mostr\u00f3 el trabajo conjunto con las cooperativas de todo el pa\u00eds, quienes consolidaron su rol clave para que miles de productores agropecuarios puedan [&hellip;]\" \/>\n<meta property=\"og:url\" content=\"https:\/\/www.noticiasradioreflejos.com.ar\/2021\/aca-junto-a-las-cooperativas-del-campo-argentino-reafirmaron-la-importancia-del-modelo-cooperativo-para-el-crecimiento-de-nuestro-pais\/\" \/>\n<meta property=\"og:site_name\" content=\"Noticias Radio Reflejos\" \/>\n<meta property=\"article:published_time\" content=\"2026-03-13T17:08:59+00:00\" \/>\n<meta property=\"article:modified_time\" content=\"2026-03-13T17:09:10+00:00\" \/>\n<meta property=\"og:image\" content=\"https:\/\/www.noticiasradioreflejos.com.ar\/2021\/wp-content\/uploads\/2026\/03\/aca-1.jpg\" \/>\n\t<meta property=\"og:image:width\" content=\"1280\" \/>\n\t<meta property=\"og:image:height\" content=\"720\" \/>\n\t<meta property=\"og:image:type\" content=\"image\/jpeg\" \/>\n<meta name=\"author\" content=\"Arnaldo Botto\" \/>\n<meta name=\"twitter:card\" content=\"summary_large_image\" \/>\n<script type=\"application\/ld+json\" class=\"yoast-schema-graph\">{\"@context\":\"https:\/\/schema.org\",\"@graph\":[{\"@type\":\"WebPage\",\"@id\":\"https:\/\/www.noticiasradioreflejos.com.ar\/2021\/aca-junto-a-las-cooperativas-del-campo-argentino-reafirmaron-la-importancia-del-modelo-cooperativo-para-el-crecimiento-de-nuestro-pais\/\",\"url\":\"https:\/\/www.noticiasradioreflejos.com.ar\/2021\/aca-junto-a-las-cooperativas-del-campo-argentino-reafirmaron-la-importancia-del-modelo-cooperativo-para-el-crecimiento-de-nuestro-pais\/\",\"name\":\"ACA junto a las cooperativas del campo argentino\u00a0reafirmaron la importancia del modelo cooperativo para el crecimiento de nuestro pa\u00eds - Noticias Radio Reflejos\",\"isPartOf\":{\"@id\":\"https:\/\/www.noticiasradioreflejos.com.ar\/2021\/#website\"},\"primaryImageOfPage\":{\"@id\":\"https:\/\/www.noticiasradioreflejos.com.ar\/2021\/aca-junto-a-las-cooperativas-del-campo-argentino-reafirmaron-la-importancia-del-modelo-cooperativo-para-el-crecimiento-de-nuestro-pais\/#primaryimage\"},\"image\":{\"@id\":\"https:\/\/www.noticiasradioreflejos.com.ar\/2021\/aca-junto-a-las-cooperativas-del-campo-argentino-reafirmaron-la-importancia-del-modelo-cooperativo-para-el-crecimiento-de-nuestro-pais\/#primaryimage\"},\"thumbnailUrl\":\"https:\/\/www.noticiasradioreflejos.com.ar\/2021\/wp-content\/uploads\/2026\/03\/aca-1.jpg\",\"datePublished\":\"2026-03-13T17:08:59+00:00\",\"dateModified\":\"2026-03-13T17:09:10+00:00\",\"author\":{\"@id\":\"https:\/\/www.noticiasradioreflejos.com.ar\/2021\/#\/schema\/person\/ad82545263dcc5ec0996818884fd5fb1\"},\"breadcrumb\":{\"@id\":\"https:\/\/www.noticiasradioreflejos.com.ar\/2021\/aca-junto-a-las-cooperativas-del-campo-argentino-reafirmaron-la-importancia-del-modelo-cooperativo-para-el-crecimiento-de-nuestro-pais\/#breadcrumb\"},\"inLanguage\":\"es\",\"potentialAction\":[{\"@type\":\"ReadAction\",\"target\":[\"https:\/\/www.noticiasradioreflejos.com.ar\/2021\/aca-junto-a-las-cooperativas-del-campo-argentino-reafirmaron-la-importancia-del-modelo-cooperativo-para-el-crecimiento-de-nuestro-pais\/\"]}]},{\"@type\":\"ImageObject\",\"inLanguage\":\"es\",\"@id\":\"https:\/\/www.noticiasradioreflejos.com.ar\/2021\/aca-junto-a-las-cooperativas-del-campo-argentino-reafirmaron-la-importancia-del-modelo-cooperativo-para-el-crecimiento-de-nuestro-pais\/#primaryimage\",\"url\":\"https:\/\/www.noticiasradioreflejos.com.ar\/2021\/wp-content\/uploads\/2026\/03\/aca-1.jpg\",\"contentUrl\":\"https:\/\/www.noticiasradioreflejos.com.ar\/2021\/wp-content\/uploads\/2026\/03\/aca-1.jpg\",\"width\":1280,\"height\":720},{\"@type\":\"BreadcrumbList\",\"@id\":\"https:\/\/www.noticiasradioreflejos.com.ar\/2021\/aca-junto-a-las-cooperativas-del-campo-argentino-reafirmaron-la-importancia-del-modelo-cooperativo-para-el-crecimiento-de-nuestro-pais\/#breadcrumb\",\"itemListElement\":[{\"@type\":\"ListItem\",\"position\":1,\"name\":\"Portada\",\"item\":\"https:\/\/www.noticiasradioreflejos.com.ar\/2021\/\"},{\"@type\":\"ListItem\",\"position\":2,\"name\":\"ACA junto a las cooperativas del campo argentino\u00a0reafirmaron la importancia del modelo cooperativo para el crecimiento de nuestro pa\u00eds\"}]},{\"@type\":\"WebSite\",\"@id\":\"https:\/\/www.noticiasradioreflejos.com.ar\/2021\/#website\",\"url\":\"https:\/\/www.noticiasradioreflejos.com.ar\/2021\/\",\"name\":\"Noticias Radio Reflejos\",\"description\":\"Las noticias de mi comarca\",\"potentialAction\":[{\"@type\":\"SearchAction\",\"target\":{\"@type\":\"EntryPoint\",\"urlTemplate\":\"https:\/\/www.noticiasradioreflejos.com.ar\/2021\/?s={search_term_string}\"},\"query-input\":{\"@type\":\"PropertyValueSpecification\",\"valueRequired\":true,\"valueName\":\"search_term_string\"}}],\"inLanguage\":\"es\"},{\"@type\":\"Person\",\"@id\":\"https:\/\/www.noticiasradioreflejos.com.ar\/2021\/#\/schema\/person\/ad82545263dcc5ec0996818884fd5fb1\",\"name\":\"Arnaldo Botto\",\"image\":{\"@type\":\"ImageObject\",\"inLanguage\":\"es\",\"@id\":\"https:\/\/www.noticiasradioreflejos.com.ar\/2021\/#\/schema\/person\/image\/\",\"url\":\"https:\/\/secure.gravatar.com\/avatar\/55cb5e37c1efa326397366e6974cb338056df65cb50e7d64d1cf314e87504837?s=96&d=mm&r=g\",\"contentUrl\":\"https:\/\/secure.gravatar.com\/avatar\/55cb5e37c1efa326397366e6974cb338056df65cb50e7d64d1cf314e87504837?s=96&d=mm&r=g\",\"caption\":\"Arnaldo Botto\"},\"url\":\"https:\/\/www.noticiasradioreflejos.com.ar\/2021\/author\/arnaldo\/\"}]}<\/script>\n<!-- \/ Yoast SEO plugin. -->","yoast_head_json":{"title":"ACA junto a las cooperativas del campo argentino\u00a0reafirmaron la importancia del modelo cooperativo para el crecimiento de nuestro pa\u00eds - Noticias Radio Reflejos","robots":{"index":"index","follow":"follow","max-snippet":"max-snippet:-1","max-image-preview":"max-image-preview:large","max-video-preview":"max-video-preview:-1"},"canonical":"https:\/\/www.noticiasradioreflejos.com.ar\/2021\/aca-junto-a-las-cooperativas-del-campo-argentino-reafirmaron-la-importancia-del-modelo-cooperativo-para-el-crecimiento-de-nuestro-pais\/","og_locale":"es_ES","og_type":"article","og_title":"ACA junto a las cooperativas del campo argentino\u00a0reafirmaron la importancia del modelo cooperativo para el crecimiento de nuestro pa\u00eds - Noticias Radio Reflejos","og_description":"La Asociaci\u00f3n de Cooperativas Argentinas (ACA) reuni\u00f3 a m\u00e1s de 100 cooperativas agropecuarias en Expoagro 2026, con un espacio que integr\u00f3 negocios, servicios, innovaci\u00f3n, tecnolog\u00eda y el encuentro con los productores. All\u00ed mostr\u00f3 el trabajo conjunto con las cooperativas de todo el pa\u00eds, quienes consolidaron su rol clave para que miles de productores agropecuarios puedan [&hellip;]","og_url":"https:\/\/www.noticiasradioreflejos.com.ar\/2021\/aca-junto-a-las-cooperativas-del-campo-argentino-reafirmaron-la-importancia-del-modelo-cooperativo-para-el-crecimiento-de-nuestro-pais\/","og_site_name":"Noticias Radio Reflejos","article_published_time":"2026-03-13T17:08:59+00:00","article_modified_time":"2026-03-13T17:09:10+00:00","og_image":[{"width":1280,"height":720,"url":"https:\/\/www.noticiasradioreflejos.com.ar\/2021\/wp-content\/uploads\/2026\/03\/aca-1.jpg","type":"image\/jpeg"}],"author":"Arnaldo Botto","twitter_card":"summary_large_image","schema":{"@context":"https:\/\/schema.org","@graph":[{"@type":"WebPage","@id":"https:\/\/www.noticiasradioreflejos.com.ar\/2021\/aca-junto-a-las-cooperativas-del-campo-argentino-reafirmaron-la-importancia-del-modelo-cooperativo-para-el-crecimiento-de-nuestro-pais\/","url":"https:\/\/www.noticiasradioreflejos.com.ar\/2021\/aca-junto-a-las-cooperativas-del-campo-argentino-reafirmaron-la-importancia-del-modelo-cooperativo-para-el-crecimiento-de-nuestro-pais\/","name":"ACA junto a las cooperativas del campo argentino\u00a0reafirmaron la importancia del modelo cooperativo para el crecimiento de nuestro pa\u00eds - Noticias Radio Reflejos","isPartOf":{"@id":"https:\/\/www.noticiasradioreflejos.com.ar\/2021\/#website"},"primaryImageOfPage":{"@id":"https:\/\/www.noticiasradioreflejos.com.ar\/2021\/aca-junto-a-las-cooperativas-del-campo-argentino-reafirmaron-la-importancia-del-modelo-cooperativo-para-el-crecimiento-de-nuestro-pais\/#primaryimage"},"image":{"@id":"https:\/\/www.noticiasradioreflejos.com.ar\/2021\/aca-junto-a-las-cooperativas-del-campo-argentino-reafirmaron-la-importancia-del-modelo-cooperativo-para-el-crecimiento-de-nuestro-pais\/#primaryimage"},"thumbnailUrl":"https:\/\/www.noticiasradioreflejos.com.ar\/2021\/wp-content\/uploads\/2026\/03\/aca-1.jpg","datePublished":"2026-03-13T17:08:59+00:00","dateModified":"2026-03-13T17:09:10+00:00","author":{"@id":"https:\/\/www.noticiasradioreflejos.com.ar\/2021\/#\/schema\/person\/ad82545263dcc5ec0996818884fd5fb1"},"breadcrumb":{"@id":"https:\/\/www.noticiasradioreflejos.com.ar\/2021\/aca-junto-a-las-cooperativas-del-campo-argentino-reafirmaron-la-importancia-del-modelo-cooperativo-para-el-crecimiento-de-nuestro-pais\/#breadcrumb"},"inLanguage":"es","potentialAction":[{"@type":"ReadAction","target":["https:\/\/www.noticiasradioreflejos.com.ar\/2021\/aca-junto-a-las-cooperativas-del-campo-argentino-reafirmaron-la-importancia-del-modelo-cooperativo-para-el-crecimiento-de-nuestro-pais\/"]}]},{"@type":"ImageObject","inLanguage":"es","@id":"https:\/\/www.noticiasradioreflejos.com.ar\/2021\/aca-junto-a-las-cooperativas-del-campo-argentino-reafirmaron-la-importancia-del-modelo-cooperativo-para-el-crecimiento-de-nuestro-pais\/#primaryimage","url":"https:\/\/www.noticiasradioreflejos.com.ar\/2021\/wp-content\/uploads\/2026\/03\/aca-1.jpg","contentUrl":"https:\/\/www.noticiasradioreflejos.com.ar\/2021\/wp-content\/uploads\/2026\/03\/aca-1.jpg","width":1280,"height":720},{"@type":"BreadcrumbList","@id":"https:\/\/www.noticiasradioreflejos.com.ar\/2021\/aca-junto-a-las-cooperativas-del-campo-argentino-reafirmaron-la-importancia-del-modelo-cooperativo-para-el-crecimiento-de-nuestro-pais\/#breadcrumb","itemListElement":[{"@type":"ListItem","position":1,"name":"Portada","item":"https:\/\/www.noticiasradioreflejos.com.ar\/2021\/"},{"@type":"ListItem","position":2,"name":"ACA junto a las cooperativas del campo argentino\u00a0reafirmaron la importancia del modelo cooperativo para el crecimiento de nuestro pa\u00eds"}]},{"@type":"WebSite","@id":"https:\/\/www.noticiasradioreflejos.com.ar\/2021\/#website","url":"https:\/\/www.noticiasradioreflejos.com.ar\/2021\/","name":"Noticias Radio Reflejos","description":"Las noticias de mi comarca","potentialAction":[{"@type":"SearchAction","target":{"@type":"EntryPoint","urlTemplate":"https:\/\/www.noticiasradioreflejos.com.ar\/2021\/?s={search_term_string}"},"query-input":{"@type":"PropertyValueSpecification","valueRequired":true,"valueName":"search_term_string"}}],"inLanguage":"es"},{"@type":"Person","@id":"https:\/\/www.noticiasradioreflejos.com.ar\/2021\/#\/schema\/person\/ad82545263dcc5ec0996818884fd5fb1","name":"Arnaldo Botto","image":{"@type":"ImageObject","inLanguage":"es","@id":"https:\/\/www.noticiasradioreflejos.com.ar\/2021\/#\/schema\/person\/image\/","url":"https:\/\/secure.gravatar.com\/avatar\/55cb5e37c1efa326397366e6974cb338056df65cb50e7d64d1cf314e87504837?s=96&d=mm&r=g","contentUrl":"https:\/\/secure.gravatar.com\/avatar\/55cb5e37c1efa326397366e6974cb338056df65cb50e7d64d1cf314e87504837?s=96&d=mm&r=g","caption":"Arnaldo Botto"},"url":"https:\/\/www.noticiasradioreflejos.com.ar\/2021\/author\/arnaldo\/"}]}},"_links":{"self":[{"href":"https:\/\/www.noticiasradioreflejos.com.ar\/2021\/wp-json\/wp\/v2\/posts\/134057","targetHints":{"allow":["GET"]}}],"collection":[{"href":"https:\/\/www.noticiasradioreflejos.com.ar\/2021\/wp-json\/wp\/v2\/posts"}],"about":[{"href":"https:\/\/www.noticiasradioreflejos.com.ar\/2021\/wp-json\/wp\/v2\/types\/post"}],"author":[{"embeddable":true,"href":"https:\/\/www.noticiasradioreflejos.com.ar\/2021\/wp-json\/wp\/v2\/users\/3"}],"replies":[{"embeddable":true,"href":"https:\/\/www.noticiasradioreflejos.com.ar\/2021\/wp-json\/wp\/v2\/comments?post=134057"}],"version-history":[{"count":2,"href":"https:\/\/www.noticiasradioreflejos.com.ar\/2021\/wp-json\/wp\/v2\/posts\/134057\/revisions"}],"predecessor-version":[{"id":134061,"href":"https:\/\/www.noticiasradioreflejos.com.ar\/2021\/wp-json\/wp\/v2\/posts\/134057\/revisions\/134061"}],"wp:featuredmedia":[{"embeddable":true,"href":"https:\/\/www.noticiasradioreflejos.com.ar\/2021\/wp-json\/wp\/v2\/media\/134059"}],"wp:attachment":[{"href":"https:\/\/www.noticiasradioreflejos.com.ar\/2021\/wp-json\/wp\/v2\/media?parent=134057"}],"wp:term":[{"taxonomy":"category","embeddable":true,"href":"https:\/\/www.noticiasradioreflejos.com.ar\/2021\/wp-json\/wp\/v2\/categories?post=134057"},{"taxonomy":"post_tag","embeddable":true,"href":"https:\/\/www.noticiasradioreflejos.com.ar\/2021\/wp-json\/wp\/v2\/tags?post=134057"}],"curies":[{"name":"wp","href":"https:\/\/api.w.org\/{rel}","templated":true}]}}