{"id":134044,"date":"2026-03-13T10:49:42","date_gmt":"2026-03-13T13:49:42","guid":{"rendered":"https:\/\/www.noticiasradioreflejos.com.ar\/2021\/?p=134044"},"modified":"2026-03-13T11:00:40","modified_gmt":"2026-03-13T14:00:40","slug":"imputan-a-influencer-bahiense-por-vender-suplemento-dietario-peligroso-para-la-salud","status":"publish","type":"post","link":"https:\/\/www.noticiasradioreflejos.com.ar\/2021\/imputan-a-influencer-bahiense-por-vender-suplemento-dietario-peligroso-para-la-salud\/","title":{"rendered":"Imputan a influencer bahiense por vender suplemento dietario peligroso para la salud"},"content":{"rendered":"<header id=\"mvp-post-head\" class=\"left relative\">El producto se comercializaba por redes sociales. Ten\u00eda sello falso de Anmat y ocasiona retenci\u00f3n de l\u00edquidos, mareos, migra\u00f1a, taquicardia, desvanecimiento y constipaci\u00f3n. Tambi\u00e9n est\u00e1 implicada su hermana.<\/header>\n<p><!--more--><\/p>\n<div class=\"mvp-post-main-out left relative\">\n<div class=\"mvp-post-main-in\">\n<div id=\"mvp-post-content\" class=\"left relative\">\n<div id=\"mvp-post-feat-img\" class=\"left relative mvp-post-feat-img-wide2\"><\/div>\n<div id=\"mvp-content-wrap\" class=\"left relative\">\n<div class=\"mvp-post-soc-out right relative\">\n<div class=\"mvp-post-soc-in\">\n<div id=\"mvp-content-body\" class=\"left relative\">\n<div id=\"mvp-content-body-top\" class=\"left relative\">\n<div id=\"mvp-content-main\" class=\"left relative\">\n<p>La Unidad Fiscal de Bah\u00eda Blanca imput\u00f3 formalmente a una influencer bahiense acusada de comercializar un suplemento dietario en comprimidos presentado como quemador de grasas que, de acuerdo con los an\u00e1lisis t\u00e9cnicos efectuados, conten\u00eda sustancias peligrosas para la salud. Seg\u00fan la imputaci\u00f3n, ambas mujeres disimulaban el car\u00e1cter nocivo del producto y utilizaban un sello falsificado de la Administraci\u00f3n Nacional de Medicamentos, Alimentos y Tecnolog\u00eda M\u00e9dica (ANMAT) para darle apariencia de legalidad.<\/p>\n<p>La imputaci\u00f3n contra Victoria Ramos (41), es como presunta autora de los delitos de comercializaci\u00f3n de sustancias medicinales peligrosas para la salud (art\u00edculo 201 del C\u00f3digo Penal, que contempla una pena de entre 3 y 10 a\u00f1os de prisi\u00f3n) y uso de sello oficial falsificado (art\u00edculo 288, inciso 1, que prev\u00e9 penas de entre 1 y 6 a\u00f1os de prisi\u00f3n), por dos hechos en concurso real. Tambi\u00e9n aparece mencionada en la causa su hermana, Valeria Ramos (40) a la que se le atribuyen los mismos delitos, pero como part\u00edcipe secundaria de un hecho.<\/p>\n<p>Durante la audiencia de formalizaci\u00f3n de la investigaci\u00f3n penal realizada el 5 de marzo pasado, a pedido de la fiscal federal Elisa Trinch\u00edn, titular del \u00c1rea de Investigaci\u00f3n y Litigio de Casos Sencillos, y del auxiliar fiscal Facundo Nicol\u00e1s Ruiz Mart\u00ednez, la jueza federal de Garant\u00edas Mar\u00eda Gabriela Marr\u00f3n otorg\u00f3 el plazo de 60 d\u00edas h\u00e1biles para desarrollar la investigaci\u00f3n, en atenci\u00f3n a la complejidad del caso y a las medidas probatorias pendientes.<\/p>\n<figure class=\"wp-block-image size-large\"><img decoding=\"async\" src=\"https:\/\/www.fiscales.gob.ar\/wp-content\/uploads\/2026\/03\/Fiscalia-Area-de-Casos-Sencillos.png\" alt=\"\" \/><figcaption class=\"wp-element-caption\"><em>El equipo del \u00c1rea de Investigaci\u00f3n y Litigio de Casos Sencillos de la Unidad Fiscal Bah\u00eda Blanca. En la audiencia intervinieron la fiscal Elisa Trinch\u00edn y el auxiliar fiscal Facundo Ruiz Mart\u00ednez.<\/em><\/figcaption><\/figure>\n<p>&nbsp;<\/p>\n<p>Asimismo, para la principal imputada, la magistrada dispuso medidas de coerci\u00f3n tales como la prohibici\u00f3n de salida del pa\u00eds y la obligaci\u00f3n de presentarse semanalmente en la sede de la Polic\u00eda Federal Argentina (PFA), as\u00ed como la prohibici\u00f3n de uso de las redes sociales por las que se comercializaban los productos, y el contacto con las clientas y los proveedores de las sustancias.<\/p>\n<p>Respecto de su hermana, la jueza le impuso la promesa de someterse al proceso, con la obligaci\u00f3n de comparecer cada vez que sea citada e informar, por intermedio de su defensa, cualquier cambio de domicilio.<\/p>\n<p>El Ministerio P\u00fablico de la Defensa estuvo representado por los defensores Jos\u00e9 Ignacio Guillermo Pazos Croccito y Gisella Malvestiti, quienes no cuestionaron los hechos expuestos por la fiscal\u00eda, aunque se\u00f1alaron que las imputadas desconoc\u00edan la disposici\u00f3n de la ANMAT N\u00b0 6132\/2025, que proh\u00edbe el uso, distribuci\u00f3n y comercializaci\u00f3n del producto en toda la Argentina del producto. No obstante, plantearon la nulidad de un segundo allanamiento realizado en el domicilio de la part\u00edcipe secundaria, al considerar que no contaba con habilitaci\u00f3n judicial, lo que fue rechazado por la jueza Marr\u00f3n, quien indic\u00f3 que la medida hab\u00eda sido debidamente autorizada.<\/p>\n<h2 class=\"wp-block-heading\">Denuncia de la ANMAT<\/h2>\n<p>El caso se inici\u00f3 a partir de una denuncia presentada por la ANMAT ante la Divisi\u00f3n Delitos contra la Salud P\u00fablica de la Polic\u00eda Federal Argentina. Seg\u00fan se indic\u00f3, desde un perfil de la red social Instagram se promocionaba y comercializaba una sustancia prohibida bajo la denominaci\u00f3n \u201cQuemador Natural Viking&#8217;s, Natural Gym Receta por 30 comprimidos\u201d. El envase, adem\u00e1s, exhib\u00eda un r\u00f3tulo con la leyenda \u201cProducto autorizado por ANMAT\u201d.<\/p>\n<p>A partir del n\u00famero telef\u00f3nico ofrecido como contacto para la compra del producto, la fiscal\u00eda logr\u00f3 identificar a la titular de la l\u00ednea, quien result\u00f3 ser la persona que lo comercializaba.<\/p>\n<p>La investigaci\u00f3n tambi\u00e9n permiti\u00f3 identificar perfiles en redes sociales, otras l\u00edneas telef\u00f3nicas vinculadas y la participaci\u00f3n de una segunda persona \u2014la hermana de la imputada\u2014, quien fue acusada como part\u00edcipe secundaria luego de establecerse que su domicilio funcionaba como punto de entrega de las sustancias y como remitente de env\u00edos al interior del pa\u00eds.<\/p>\n<figure class=\"wp-block-image size-large\"><img decoding=\"async\" src=\"https:\/\/www.fiscales.gob.ar\/wp-content\/uploads\/2026\/03\/WhatsApp-Image-2026-03-11-at-13.11.51.jpeg\" alt=\"\" \/><figcaption class=\"wp-element-caption\"><em>Una caja con 16 de los frascos de los comprimidos del suplemento, fue secuestrada en uno de los allanamientos &#8211; Foto: Polic\u00eda Federal<\/em><\/figcaption><\/figure>\n<p>&nbsp;<\/p>\n<p>Con esos elementos, la fiscal\u00eda solicit\u00f3 \u00f3rdenes de allanamiento para los domicilios de ambas imputadas, en una audiencia unilateral ante la jueza Marr\u00f3n. Durante los procedimientos realizados el 17 de diciembre de 2025 se secuestraron tel\u00e9fonos celulares, un cuaderno con anotaciones y 87 frascos del producto denominado \u201cQuemador Natural\u201d.<\/p>\n<p>No obstante, con posterioridad se constat\u00f3 que la imputada principal, V.M.R., continuaba con la comercializaci\u00f3n de los productos, lo que motiv\u00f3 nuevos allanamientos, materializados el 26 de febrero del corriente a\u00f1o, tambi\u00e9n con resultados positivos.<\/p>\n<h2 class=\"wp-block-heading\">Los damnificados<\/h2>\n<p>En el marco de la investigaci\u00f3n, se entrevist\u00f3 a cuatro personas que hab\u00edan adquirido el producto, quienes describieron distintos efectos adversos tras su consumo, entre ellos, retenci\u00f3n de l\u00edquidos, mareos, migra\u00f1as intensas, taquicardia, desvanecimiento y constipaci\u00f3n. Adem\u00e1s, entregaron los envases en los que se encontraban los comprimidos, que inclu\u00edan la inscripci\u00f3n \u201cProducto autorizado por ANMAT\u201d.<\/p>\n<p>La Divisi\u00f3n del Laboratorio Qu\u00edmico de la PFA, a pedido de la fiscal\u00eda, realiz\u00f3 los an\u00e1lisis sobre los comprimidos secuestrados y determin\u00f3 que conten\u00edan mazindol e hidroclorotiazida. A la primera \u2014incluida en el listado de estupefacientes de la Ley N\u00b023.737\u2014 se la conoce como una droga \u201canor\u00e9xica\u201d con una composici\u00f3n similar a la de las anfetaminas y considerada altamente perjudicial para la salud.<\/p>\n<p>Por su parte, la hidroclorotiazida es un diur\u00e9tico tiaz\u00eddico que debe utilizarse \u00fanicamente bajo indicaci\u00f3n m\u00e9dica y que no posee funci\u00f3n adelgazante, ya que no produce efectos sobre la grasa corporal. Los representantes del MPF explicaron que, al igual que el mazindol, su uso sin control m\u00e9dico implica riesgos graves para la salud.<\/p>\n<p>Por este motivo, la Direcci\u00f3n de Industrias y Productos Alimenticios (DIPA), el organismo del gobierno de la provincia de Buenos Aires que regula la calidad y seguridad agroalimentaria, emiti\u00f3 una comunicado para que la ciudadan\u00eda se abstenga de consumirlos.<\/p>\n<figure class=\"wp-block-image size-large\"><img decoding=\"async\" src=\"https:\/\/www.fiscales.gob.ar\/wp-content\/uploads\/2026\/03\/quemador-gym.jpg\" alt=\"\" \/><figcaption class=\"wp-element-caption\"><em>La Direcci\u00f3n de Industrias y Productos Alimenticios (DIPA) de la provincia de Buenos Aires emiti\u00f3 con esta imagen una comunicado para advertir sobre el producto &#8211; Foto: Gobierno de la Provincia de Buenos Aires<\/em><\/figcaption><\/figure>\n<p>&nbsp;<\/p>\n<p><strong>Fuente:<\/strong>\u00a0LB24 \/ Fiscales.gob.ar<\/p>\n<\/div>\n<\/div>\n<\/div>\n<\/div>\n<\/div>\n<\/div>\n<\/div>\n<\/div>\n<\/div>\n","protected":false},"excerpt":{"rendered":"<p>El producto se comercializaba por redes sociales. Ten\u00eda sello falso de Anmat y ocasiona retenci\u00f3n de l\u00edquidos, mareos, migra\u00f1a, taquicardia, desvanecimiento y constipaci\u00f3n. Tambi\u00e9n est\u00e1 implicada su hermana.<\/p>\n","protected":false},"author":3,"featured_media":134045,"comment_status":"closed","ping_status":"closed","sticky":false,"template":"","format":"standard","meta":{"footnotes":""},"categories":[57],"tags":[],"class_list":["post-134044","post","type-post","status-publish","format-standard","has-post-thumbnail","hentry","category-judiciales"],"yoast_head":"<!-- This site is optimized with the Yoast SEO plugin v25.9 - https:\/\/yoast.com\/wordpress\/plugins\/seo\/ -->\n<title>Imputan a influencer bahiense por vender suplemento dietario peligroso para la salud - Noticias Radio Reflejos<\/title>\n<meta name=\"robots\" content=\"index, follow, max-snippet:-1, max-image-preview:large, max-video-preview:-1\" \/>\n<link rel=\"canonical\" href=\"https:\/\/www.noticiasradioreflejos.com.ar\/2021\/imputan-a-influencer-bahiense-por-vender-suplemento-dietario-peligroso-para-la-salud\/\" \/>\n<meta property=\"og:locale\" content=\"es_ES\" \/>\n<meta property=\"og:type\" content=\"article\" \/>\n<meta property=\"og:title\" content=\"Imputan a influencer bahiense por vender suplemento dietario peligroso para la salud - Noticias Radio Reflejos\" \/>\n<meta property=\"og:description\" content=\"El producto se comercializaba por redes sociales. Ten\u00eda sello falso de Anmat y ocasiona retenci\u00f3n de l\u00edquidos, mareos, migra\u00f1a, taquicardia, desvanecimiento y constipaci\u00f3n. Tambi\u00e9n est\u00e1 implicada su hermana.\" \/>\n<meta property=\"og:url\" content=\"https:\/\/www.noticiasradioreflejos.com.ar\/2021\/imputan-a-influencer-bahiense-por-vender-suplemento-dietario-peligroso-para-la-salud\/\" \/>\n<meta property=\"og:site_name\" content=\"Noticias Radio Reflejos\" \/>\n<meta property=\"article:published_time\" content=\"2026-03-13T13:49:42+00:00\" \/>\n<meta property=\"article:modified_time\" content=\"2026-03-13T14:00:40+00:00\" \/>\n<meta property=\"og:image\" content=\"https:\/\/www.noticiasradioreflejos.com.ar\/2021\/wp-content\/uploads\/2026\/03\/suplemento.jpg\" \/>\n\t<meta property=\"og:image:width\" content=\"1063\" \/>\n\t<meta property=\"og:image:height\" content=\"681\" \/>\n\t<meta property=\"og:image:type\" content=\"image\/jpeg\" \/>\n<meta name=\"author\" content=\"Arnaldo Botto\" \/>\n<meta name=\"twitter:card\" content=\"summary_large_image\" \/>\n<script type=\"application\/ld+json\" class=\"yoast-schema-graph\">{\"@context\":\"https:\/\/schema.org\",\"@graph\":[{\"@type\":\"WebPage\",\"@id\":\"https:\/\/www.noticiasradioreflejos.com.ar\/2021\/imputan-a-influencer-bahiense-por-vender-suplemento-dietario-peligroso-para-la-salud\/\",\"url\":\"https:\/\/www.noticiasradioreflejos.com.ar\/2021\/imputan-a-influencer-bahiense-por-vender-suplemento-dietario-peligroso-para-la-salud\/\",\"name\":\"Imputan a influencer bahiense por vender suplemento dietario peligroso para la salud - Noticias Radio Reflejos\",\"isPartOf\":{\"@id\":\"https:\/\/www.noticiasradioreflejos.com.ar\/2021\/#website\"},\"primaryImageOfPage\":{\"@id\":\"https:\/\/www.noticiasradioreflejos.com.ar\/2021\/imputan-a-influencer-bahiense-por-vender-suplemento-dietario-peligroso-para-la-salud\/#primaryimage\"},\"image\":{\"@id\":\"https:\/\/www.noticiasradioreflejos.com.ar\/2021\/imputan-a-influencer-bahiense-por-vender-suplemento-dietario-peligroso-para-la-salud\/#primaryimage\"},\"thumbnailUrl\":\"https:\/\/www.noticiasradioreflejos.com.ar\/2021\/wp-content\/uploads\/2026\/03\/suplemento.jpg\",\"datePublished\":\"2026-03-13T13:49:42+00:00\",\"dateModified\":\"2026-03-13T14:00:40+00:00\",\"author\":{\"@id\":\"https:\/\/www.noticiasradioreflejos.com.ar\/2021\/#\/schema\/person\/ad82545263dcc5ec0996818884fd5fb1\"},\"breadcrumb\":{\"@id\":\"https:\/\/www.noticiasradioreflejos.com.ar\/2021\/imputan-a-influencer-bahiense-por-vender-suplemento-dietario-peligroso-para-la-salud\/#breadcrumb\"},\"inLanguage\":\"es\",\"potentialAction\":[{\"@type\":\"ReadAction\",\"target\":[\"https:\/\/www.noticiasradioreflejos.com.ar\/2021\/imputan-a-influencer-bahiense-por-vender-suplemento-dietario-peligroso-para-la-salud\/\"]}]},{\"@type\":\"ImageObject\",\"inLanguage\":\"es\",\"@id\":\"https:\/\/www.noticiasradioreflejos.com.ar\/2021\/imputan-a-influencer-bahiense-por-vender-suplemento-dietario-peligroso-para-la-salud\/#primaryimage\",\"url\":\"https:\/\/www.noticiasradioreflejos.com.ar\/2021\/wp-content\/uploads\/2026\/03\/suplemento.jpg\",\"contentUrl\":\"https:\/\/www.noticiasradioreflejos.com.ar\/2021\/wp-content\/uploads\/2026\/03\/suplemento.jpg\",\"width\":1063,\"height\":681},{\"@type\":\"BreadcrumbList\",\"@id\":\"https:\/\/www.noticiasradioreflejos.com.ar\/2021\/imputan-a-influencer-bahiense-por-vender-suplemento-dietario-peligroso-para-la-salud\/#breadcrumb\",\"itemListElement\":[{\"@type\":\"ListItem\",\"position\":1,\"name\":\"Portada\",\"item\":\"https:\/\/www.noticiasradioreflejos.com.ar\/2021\/\"},{\"@type\":\"ListItem\",\"position\":2,\"name\":\"Imputan a influencer bahiense por vender suplemento dietario peligroso para la salud\"}]},{\"@type\":\"WebSite\",\"@id\":\"https:\/\/www.noticiasradioreflejos.com.ar\/2021\/#website\",\"url\":\"https:\/\/www.noticiasradioreflejos.com.ar\/2021\/\",\"name\":\"Noticias Radio Reflejos\",\"description\":\"Las noticias de mi comarca\",\"potentialAction\":[{\"@type\":\"SearchAction\",\"target\":{\"@type\":\"EntryPoint\",\"urlTemplate\":\"https:\/\/www.noticiasradioreflejos.com.ar\/2021\/?s={search_term_string}\"},\"query-input\":{\"@type\":\"PropertyValueSpecification\",\"valueRequired\":true,\"valueName\":\"search_term_string\"}}],\"inLanguage\":\"es\"},{\"@type\":\"Person\",\"@id\":\"https:\/\/www.noticiasradioreflejos.com.ar\/2021\/#\/schema\/person\/ad82545263dcc5ec0996818884fd5fb1\",\"name\":\"Arnaldo Botto\",\"image\":{\"@type\":\"ImageObject\",\"inLanguage\":\"es\",\"@id\":\"https:\/\/www.noticiasradioreflejos.com.ar\/2021\/#\/schema\/person\/image\/\",\"url\":\"https:\/\/secure.gravatar.com\/avatar\/55cb5e37c1efa326397366e6974cb338056df65cb50e7d64d1cf314e87504837?s=96&d=mm&r=g\",\"contentUrl\":\"https:\/\/secure.gravatar.com\/avatar\/55cb5e37c1efa326397366e6974cb338056df65cb50e7d64d1cf314e87504837?s=96&d=mm&r=g\",\"caption\":\"Arnaldo Botto\"},\"url\":\"https:\/\/www.noticiasradioreflejos.com.ar\/2021\/author\/arnaldo\/\"}]}<\/script>\n<!-- \/ Yoast SEO plugin. -->","yoast_head_json":{"title":"Imputan a influencer bahiense por vender suplemento dietario peligroso para la salud - Noticias Radio Reflejos","robots":{"index":"index","follow":"follow","max-snippet":"max-snippet:-1","max-image-preview":"max-image-preview:large","max-video-preview":"max-video-preview:-1"},"canonical":"https:\/\/www.noticiasradioreflejos.com.ar\/2021\/imputan-a-influencer-bahiense-por-vender-suplemento-dietario-peligroso-para-la-salud\/","og_locale":"es_ES","og_type":"article","og_title":"Imputan a influencer bahiense por vender suplemento dietario peligroso para la salud - Noticias Radio Reflejos","og_description":"El producto se comercializaba por redes sociales. Ten\u00eda sello falso de Anmat y ocasiona retenci\u00f3n de l\u00edquidos, mareos, migra\u00f1a, taquicardia, desvanecimiento y constipaci\u00f3n. Tambi\u00e9n est\u00e1 implicada su hermana.","og_url":"https:\/\/www.noticiasradioreflejos.com.ar\/2021\/imputan-a-influencer-bahiense-por-vender-suplemento-dietario-peligroso-para-la-salud\/","og_site_name":"Noticias Radio Reflejos","article_published_time":"2026-03-13T13:49:42+00:00","article_modified_time":"2026-03-13T14:00:40+00:00","og_image":[{"width":1063,"height":681,"url":"https:\/\/www.noticiasradioreflejos.com.ar\/2021\/wp-content\/uploads\/2026\/03\/suplemento.jpg","type":"image\/jpeg"}],"author":"Arnaldo Botto","twitter_card":"summary_large_image","schema":{"@context":"https:\/\/schema.org","@graph":[{"@type":"WebPage","@id":"https:\/\/www.noticiasradioreflejos.com.ar\/2021\/imputan-a-influencer-bahiense-por-vender-suplemento-dietario-peligroso-para-la-salud\/","url":"https:\/\/www.noticiasradioreflejos.com.ar\/2021\/imputan-a-influencer-bahiense-por-vender-suplemento-dietario-peligroso-para-la-salud\/","name":"Imputan a influencer bahiense por vender suplemento dietario peligroso para la salud - Noticias Radio Reflejos","isPartOf":{"@id":"https:\/\/www.noticiasradioreflejos.com.ar\/2021\/#website"},"primaryImageOfPage":{"@id":"https:\/\/www.noticiasradioreflejos.com.ar\/2021\/imputan-a-influencer-bahiense-por-vender-suplemento-dietario-peligroso-para-la-salud\/#primaryimage"},"image":{"@id":"https:\/\/www.noticiasradioreflejos.com.ar\/2021\/imputan-a-influencer-bahiense-por-vender-suplemento-dietario-peligroso-para-la-salud\/#primaryimage"},"thumbnailUrl":"https:\/\/www.noticiasradioreflejos.com.ar\/2021\/wp-content\/uploads\/2026\/03\/suplemento.jpg","datePublished":"2026-03-13T13:49:42+00:00","dateModified":"2026-03-13T14:00:40+00:00","author":{"@id":"https:\/\/www.noticiasradioreflejos.com.ar\/2021\/#\/schema\/person\/ad82545263dcc5ec0996818884fd5fb1"},"breadcrumb":{"@id":"https:\/\/www.noticiasradioreflejos.com.ar\/2021\/imputan-a-influencer-bahiense-por-vender-suplemento-dietario-peligroso-para-la-salud\/#breadcrumb"},"inLanguage":"es","potentialAction":[{"@type":"ReadAction","target":["https:\/\/www.noticiasradioreflejos.com.ar\/2021\/imputan-a-influencer-bahiense-por-vender-suplemento-dietario-peligroso-para-la-salud\/"]}]},{"@type":"ImageObject","inLanguage":"es","@id":"https:\/\/www.noticiasradioreflejos.com.ar\/2021\/imputan-a-influencer-bahiense-por-vender-suplemento-dietario-peligroso-para-la-salud\/#primaryimage","url":"https:\/\/www.noticiasradioreflejos.com.ar\/2021\/wp-content\/uploads\/2026\/03\/suplemento.jpg","contentUrl":"https:\/\/www.noticiasradioreflejos.com.ar\/2021\/wp-content\/uploads\/2026\/03\/suplemento.jpg","width":1063,"height":681},{"@type":"BreadcrumbList","@id":"https:\/\/www.noticiasradioreflejos.com.ar\/2021\/imputan-a-influencer-bahiense-por-vender-suplemento-dietario-peligroso-para-la-salud\/#breadcrumb","itemListElement":[{"@type":"ListItem","position":1,"name":"Portada","item":"https:\/\/www.noticiasradioreflejos.com.ar\/2021\/"},{"@type":"ListItem","position":2,"name":"Imputan a influencer bahiense por vender suplemento dietario peligroso para la salud"}]},{"@type":"WebSite","@id":"https:\/\/www.noticiasradioreflejos.com.ar\/2021\/#website","url":"https:\/\/www.noticiasradioreflejos.com.ar\/2021\/","name":"Noticias Radio Reflejos","description":"Las noticias de mi comarca","potentialAction":[{"@type":"SearchAction","target":{"@type":"EntryPoint","urlTemplate":"https:\/\/www.noticiasradioreflejos.com.ar\/2021\/?s={search_term_string}"},"query-input":{"@type":"PropertyValueSpecification","valueRequired":true,"valueName":"search_term_string"}}],"inLanguage":"es"},{"@type":"Person","@id":"https:\/\/www.noticiasradioreflejos.com.ar\/2021\/#\/schema\/person\/ad82545263dcc5ec0996818884fd5fb1","name":"Arnaldo Botto","image":{"@type":"ImageObject","inLanguage":"es","@id":"https:\/\/www.noticiasradioreflejos.com.ar\/2021\/#\/schema\/person\/image\/","url":"https:\/\/secure.gravatar.com\/avatar\/55cb5e37c1efa326397366e6974cb338056df65cb50e7d64d1cf314e87504837?s=96&d=mm&r=g","contentUrl":"https:\/\/secure.gravatar.com\/avatar\/55cb5e37c1efa326397366e6974cb338056df65cb50e7d64d1cf314e87504837?s=96&d=mm&r=g","caption":"Arnaldo Botto"},"url":"https:\/\/www.noticiasradioreflejos.com.ar\/2021\/author\/arnaldo\/"}]}},"_links":{"self":[{"href":"https:\/\/www.noticiasradioreflejos.com.ar\/2021\/wp-json\/wp\/v2\/posts\/134044","targetHints":{"allow":["GET"]}}],"collection":[{"href":"https:\/\/www.noticiasradioreflejos.com.ar\/2021\/wp-json\/wp\/v2\/posts"}],"about":[{"href":"https:\/\/www.noticiasradioreflejos.com.ar\/2021\/wp-json\/wp\/v2\/types\/post"}],"author":[{"embeddable":true,"href":"https:\/\/www.noticiasradioreflejos.com.ar\/2021\/wp-json\/wp\/v2\/users\/3"}],"replies":[{"embeddable":true,"href":"https:\/\/www.noticiasradioreflejos.com.ar\/2021\/wp-json\/wp\/v2\/comments?post=134044"}],"version-history":[{"count":2,"href":"https:\/\/www.noticiasradioreflejos.com.ar\/2021\/wp-json\/wp\/v2\/posts\/134044\/revisions"}],"predecessor-version":[{"id":134047,"href":"https:\/\/www.noticiasradioreflejos.com.ar\/2021\/wp-json\/wp\/v2\/posts\/134044\/revisions\/134047"}],"wp:featuredmedia":[{"embeddable":true,"href":"https:\/\/www.noticiasradioreflejos.com.ar\/2021\/wp-json\/wp\/v2\/media\/134045"}],"wp:attachment":[{"href":"https:\/\/www.noticiasradioreflejos.com.ar\/2021\/wp-json\/wp\/v2\/media?parent=134044"}],"wp:term":[{"taxonomy":"category","embeddable":true,"href":"https:\/\/www.noticiasradioreflejos.com.ar\/2021\/wp-json\/wp\/v2\/categories?post=134044"},{"taxonomy":"post_tag","embeddable":true,"href":"https:\/\/www.noticiasradioreflejos.com.ar\/2021\/wp-json\/wp\/v2\/tags?post=134044"}],"curies":[{"name":"wp","href":"https:\/\/api.w.org\/{rel}","templated":true}]}}