{"id":134037,"date":"2026-03-13T10:16:08","date_gmt":"2026-03-13T13:16:08","guid":{"rendered":"https:\/\/www.noticiasradioreflejos.com.ar\/2021\/?p=134037"},"modified":"2026-03-13T10:35:46","modified_gmt":"2026-03-13T13:35:46","slug":"siniestro-en-la-ruta-72-un-vehiculo-fue-consumido-totalmente-por-las-llamas-cerca-de-sierra-de-la-ventana","status":"publish","type":"post","link":"https:\/\/www.noticiasradioreflejos.com.ar\/2021\/siniestro-en-la-ruta-72-un-vehiculo-fue-consumido-totalmente-por-las-llamas-cerca-de-sierra-de-la-ventana\/","title":{"rendered":"Siniestro en la Ruta 72: Un veh\u00edculo fue consumido totalmente por las llamas cerca de Sierra de la Ventana"},"content":{"rendered":"<p>Un joven conductor de 28 a\u00f1os debi\u00f3 abandonar de urgencia su autom\u00f3vil luego de advertir humo en el sector del motor. A pesar de la r\u00e1pida intervenci\u00f3n de los Bomberos Voluntarios, el foco \u00edgneo se propag\u00f3 con velocidad provocando p\u00e9rdidas totales en el rodado. El hecho ocurri\u00f3 durante la madrugada de este viernes a la altura del kil\u00f3metro 7.<!--more--><\/p>\n<p data-path-to-node=\"4\">\u00a0Un grave incendio vehicular se registr\u00f3 en los primeros minutos de este viernes sobre la <b data-path-to-node=\"4\" data-index-in-node=\"112\">Ruta Provincial 72<\/b>, requiriendo el despliegue de los servicios de emergencia. El incidente ocurri\u00f3 alrededor de las <b data-path-to-node=\"4\" data-index-in-node=\"228\">00:40 horas<\/b>, aproximadamente a la altura del kil\u00f3metro 7, en el trayecto que conduce hacia nuestra localidad.<\/p>\n<p data-path-to-node=\"6\">Seg\u00fan el parte oficial, el personal policial tom\u00f3 conocimiento del siniestro a trav\u00e9s de un aviso de los Bomberos Voluntarios. Al arribar al lugar, los efectivos constataron que un veh\u00edculo se encontraba completamente envuelto en llamas sobre la banquina izquierda, en sentido hacia Sierra de la Ventana.<\/p>\n<p data-path-to-node=\"7\">El conductor y propietario del rodado, identificado como <b data-path-to-node=\"7\" data-index-in-node=\"57\">Jano Pastor (28)<\/b>, residente de la zona, relat\u00f3 que mientras circulaba comenz\u00f3 a observar una densa columna de humo proveniente del compartimento del motor. Ante esta situaci\u00f3n, logr\u00f3 detener la marcha y descender del veh\u00edculo antes de que el fuego se generalizara en toda la estructura.<\/p>\n<p data-path-to-node=\"9\">A pesar del esfuerzo de las dotaciones de bomberos que trabajaron en el sitio, el <b data-path-to-node=\"9\" data-index-in-node=\"82\">Fiat Palio Adventure<\/b> (Dominio IZF 739) sufri\u00f3 <b data-path-to-node=\"9\" data-index-in-node=\"128\">p\u00e9rdidas totales<\/b>. Afortunadamente, no se registraron heridos ni otros veh\u00edculos involucrados, quedando el \u00e1rea asegurada por el personal interviniente tras sofocar el incendio.<\/p>\n<p data-path-to-node=\"9\"><a href=\"https:\/\/www.noticiasradioreflejos.com.ar\/2021\/siniestro-en-la-ruta-72-un-vehiculo-fue-consumido-totalmente-por-las-llamas-cerca-de-sierra-de-la-ventana\/auto-ioncendiado-r72\/\" rel=\"attachment wp-att-134038\"><img loading=\"lazy\" decoding=\"async\" class=\"aligncenter size-full wp-image-134038\" src=\"https:\/\/www.noticiasradioreflejos.com.ar\/2021\/wp-content\/uploads\/2026\/03\/auto-ioncendiado-R72.jpg\" alt=\"\" width=\"721\" height=\"965\" srcset=\"https:\/\/www.noticiasradioreflejos.com.ar\/2021\/wp-content\/uploads\/2026\/03\/auto-ioncendiado-R72.jpg 721w, https:\/\/www.noticiasradioreflejos.com.ar\/2021\/wp-content\/uploads\/2026\/03\/auto-ioncendiado-R72-224x300.jpg 224w\" sizes=\"auto, (max-width: 721px) 100vw, 721px\" \/><\/a> <a href=\"https:\/\/www.noticiasradioreflejos.com.ar\/2021\/siniestro-en-la-ruta-72-un-vehiculo-fue-consumido-totalmente-por-las-llamas-cerca-de-sierra-de-la-ventana\/auto-quemado-r72\/\" rel=\"attachment wp-att-134039\"><img loading=\"lazy\" decoding=\"async\" class=\"aligncenter size-full wp-image-134039\" src=\"https:\/\/www.noticiasradioreflejos.com.ar\/2021\/wp-content\/uploads\/2026\/03\/auto-quemado-R72.jpg\" alt=\"\" width=\"718\" height=\"747\" srcset=\"https:\/\/www.noticiasradioreflejos.com.ar\/2021\/wp-content\/uploads\/2026\/03\/auto-quemado-R72.jpg 718w, https:\/\/www.noticiasradioreflejos.com.ar\/2021\/wp-content\/uploads\/2026\/03\/auto-quemado-R72-288x300.jpg 288w\" sizes=\"auto, (max-width: 718px) 100vw, 718px\" \/><\/a> <a href=\"https:\/\/www.noticiasradioreflejos.com.ar\/2021\/siniestro-en-la-ruta-72-un-vehiculo-fue-consumido-totalmente-por-las-llamas-cerca-de-sierra-de-la-ventana\/whatsapp-image-2026-03-13-at-10-08-14\/\" rel=\"attachment wp-att-134040\"><img loading=\"lazy\" decoding=\"async\" class=\"aligncenter size-full wp-image-134040\" src=\"https:\/\/www.noticiasradioreflejos.com.ar\/2021\/wp-content\/uploads\/2026\/03\/WhatsApp-Image-2026-03-13-at-10.08.14.jpeg\" alt=\"\" width=\"1600\" height=\"721\" srcset=\"https:\/\/www.noticiasradioreflejos.com.ar\/2021\/wp-content\/uploads\/2026\/03\/WhatsApp-Image-2026-03-13-at-10.08.14.jpeg 1600w, https:\/\/www.noticiasradioreflejos.com.ar\/2021\/wp-content\/uploads\/2026\/03\/WhatsApp-Image-2026-03-13-at-10.08.14-300x135.jpeg 300w, https:\/\/www.noticiasradioreflejos.com.ar\/2021\/wp-content\/uploads\/2026\/03\/WhatsApp-Image-2026-03-13-at-10.08.14-1024x461.jpeg 1024w, https:\/\/www.noticiasradioreflejos.com.ar\/2021\/wp-content\/uploads\/2026\/03\/WhatsApp-Image-2026-03-13-at-10.08.14-768x346.jpeg 768w, https:\/\/www.noticiasradioreflejos.com.ar\/2021\/wp-content\/uploads\/2026\/03\/WhatsApp-Image-2026-03-13-at-10.08.14-1536x692.jpeg 1536w, https:\/\/www.noticiasradioreflejos.com.ar\/2021\/wp-content\/uploads\/2026\/03\/WhatsApp-Image-2026-03-13-at-10.08.14-750x338.jpeg 750w, https:\/\/www.noticiasradioreflejos.com.ar\/2021\/wp-content\/uploads\/2026\/03\/WhatsApp-Image-2026-03-13-at-10.08.14-1140x514.jpeg 1140w\" sizes=\"auto, (max-width: 1600px) 100vw, 1600px\" \/><\/a><\/p>\n<p data-path-to-node=\"9\">Fuente MT<\/p>\n","protected":false},"excerpt":{"rendered":"<p>Un joven conductor de 28 a\u00f1os debi\u00f3 abandonar de urgencia su autom\u00f3vil luego de advertir humo en el sector del motor. A pesar de la r\u00e1pida intervenci\u00f3n de los Bomberos Voluntarios, el foco \u00edgneo se propag\u00f3 con velocidad provocando p\u00e9rdidas totales en el rodado. El hecho ocurri\u00f3 durante la madrugada de este viernes a la [&hellip;]<\/p>\n","protected":false},"author":3,"featured_media":134041,"comment_status":"closed","ping_status":"closed","sticky":false,"template":"","format":"standard","meta":{"footnotes":""},"categories":[29],"tags":[48],"class_list":["post-134037","post","type-post","status-publish","format-standard","has-post-thumbnail","hentry","category-policiales","tag-destacada"],"yoast_head":"<!-- This site is optimized with the Yoast SEO plugin v25.9 - https:\/\/yoast.com\/wordpress\/plugins\/seo\/ -->\n<title>Siniestro en la Ruta 72: Un veh\u00edculo fue consumido totalmente por las llamas cerca de Sierra de la Ventana - Noticias Radio Reflejos<\/title>\n<meta name=\"robots\" content=\"index, follow, max-snippet:-1, max-image-preview:large, max-video-preview:-1\" \/>\n<link rel=\"canonical\" href=\"https:\/\/www.noticiasradioreflejos.com.ar\/2021\/siniestro-en-la-ruta-72-un-vehiculo-fue-consumido-totalmente-por-las-llamas-cerca-de-sierra-de-la-ventana\/\" \/>\n<meta property=\"og:locale\" content=\"es_ES\" \/>\n<meta property=\"og:type\" content=\"article\" \/>\n<meta property=\"og:title\" content=\"Siniestro en la Ruta 72: Un veh\u00edculo fue consumido totalmente por las llamas cerca de Sierra de la Ventana - Noticias Radio Reflejos\" \/>\n<meta property=\"og:description\" content=\"Un joven conductor de 28 a\u00f1os debi\u00f3 abandonar de urgencia su autom\u00f3vil luego de advertir humo en el sector del motor. A pesar de la r\u00e1pida intervenci\u00f3n de los Bomberos Voluntarios, el foco \u00edgneo se propag\u00f3 con velocidad provocando p\u00e9rdidas totales en el rodado. El hecho ocurri\u00f3 durante la madrugada de este viernes a la [&hellip;]\" \/>\n<meta property=\"og:url\" content=\"https:\/\/www.noticiasradioreflejos.com.ar\/2021\/siniestro-en-la-ruta-72-un-vehiculo-fue-consumido-totalmente-por-las-llamas-cerca-de-sierra-de-la-ventana\/\" \/>\n<meta property=\"og:site_name\" content=\"Noticias Radio Reflejos\" \/>\n<meta property=\"article:published_time\" content=\"2026-03-13T13:16:08+00:00\" \/>\n<meta property=\"article:modified_time\" content=\"2026-03-13T13:35:46+00:00\" \/>\n<meta property=\"og:image\" content=\"https:\/\/www.noticiasradioreflejos.com.ar\/2021\/wp-content\/uploads\/2026\/03\/R72.jpg\" \/>\n\t<meta property=\"og:image:width\" content=\"1600\" \/>\n\t<meta property=\"og:image:height\" content=\"721\" \/>\n\t<meta property=\"og:image:type\" content=\"image\/jpeg\" \/>\n<meta name=\"author\" content=\"Arnaldo Botto\" \/>\n<meta name=\"twitter:card\" content=\"summary_large_image\" \/>\n<script type=\"application\/ld+json\" class=\"yoast-schema-graph\">{\"@context\":\"https:\/\/schema.org\",\"@graph\":[{\"@type\":\"WebPage\",\"@id\":\"https:\/\/www.noticiasradioreflejos.com.ar\/2021\/siniestro-en-la-ruta-72-un-vehiculo-fue-consumido-totalmente-por-las-llamas-cerca-de-sierra-de-la-ventana\/\",\"url\":\"https:\/\/www.noticiasradioreflejos.com.ar\/2021\/siniestro-en-la-ruta-72-un-vehiculo-fue-consumido-totalmente-por-las-llamas-cerca-de-sierra-de-la-ventana\/\",\"name\":\"Siniestro en la Ruta 72: Un veh\u00edculo fue consumido totalmente por las llamas cerca de Sierra de la Ventana - Noticias Radio Reflejos\",\"isPartOf\":{\"@id\":\"https:\/\/www.noticiasradioreflejos.com.ar\/2021\/#website\"},\"primaryImageOfPage\":{\"@id\":\"https:\/\/www.noticiasradioreflejos.com.ar\/2021\/siniestro-en-la-ruta-72-un-vehiculo-fue-consumido-totalmente-por-las-llamas-cerca-de-sierra-de-la-ventana\/#primaryimage\"},\"image\":{\"@id\":\"https:\/\/www.noticiasradioreflejos.com.ar\/2021\/siniestro-en-la-ruta-72-un-vehiculo-fue-consumido-totalmente-por-las-llamas-cerca-de-sierra-de-la-ventana\/#primaryimage\"},\"thumbnailUrl\":\"https:\/\/www.noticiasradioreflejos.com.ar\/2021\/wp-content\/uploads\/2026\/03\/R72.jpg\",\"datePublished\":\"2026-03-13T13:16:08+00:00\",\"dateModified\":\"2026-03-13T13:35:46+00:00\",\"author\":{\"@id\":\"https:\/\/www.noticiasradioreflejos.com.ar\/2021\/#\/schema\/person\/ad82545263dcc5ec0996818884fd5fb1\"},\"breadcrumb\":{\"@id\":\"https:\/\/www.noticiasradioreflejos.com.ar\/2021\/siniestro-en-la-ruta-72-un-vehiculo-fue-consumido-totalmente-por-las-llamas-cerca-de-sierra-de-la-ventana\/#breadcrumb\"},\"inLanguage\":\"es\",\"potentialAction\":[{\"@type\":\"ReadAction\",\"target\":[\"https:\/\/www.noticiasradioreflejos.com.ar\/2021\/siniestro-en-la-ruta-72-un-vehiculo-fue-consumido-totalmente-por-las-llamas-cerca-de-sierra-de-la-ventana\/\"]}]},{\"@type\":\"ImageObject\",\"inLanguage\":\"es\",\"@id\":\"https:\/\/www.noticiasradioreflejos.com.ar\/2021\/siniestro-en-la-ruta-72-un-vehiculo-fue-consumido-totalmente-por-las-llamas-cerca-de-sierra-de-la-ventana\/#primaryimage\",\"url\":\"https:\/\/www.noticiasradioreflejos.com.ar\/2021\/wp-content\/uploads\/2026\/03\/R72.jpg\",\"contentUrl\":\"https:\/\/www.noticiasradioreflejos.com.ar\/2021\/wp-content\/uploads\/2026\/03\/R72.jpg\",\"width\":1600,\"height\":721},{\"@type\":\"BreadcrumbList\",\"@id\":\"https:\/\/www.noticiasradioreflejos.com.ar\/2021\/siniestro-en-la-ruta-72-un-vehiculo-fue-consumido-totalmente-por-las-llamas-cerca-de-sierra-de-la-ventana\/#breadcrumb\",\"itemListElement\":[{\"@type\":\"ListItem\",\"position\":1,\"name\":\"Portada\",\"item\":\"https:\/\/www.noticiasradioreflejos.com.ar\/2021\/\"},{\"@type\":\"ListItem\",\"position\":2,\"name\":\"Siniestro en la Ruta 72: Un veh\u00edculo fue consumido totalmente por las llamas cerca de Sierra de la Ventana\"}]},{\"@type\":\"WebSite\",\"@id\":\"https:\/\/www.noticiasradioreflejos.com.ar\/2021\/#website\",\"url\":\"https:\/\/www.noticiasradioreflejos.com.ar\/2021\/\",\"name\":\"Noticias Radio Reflejos\",\"description\":\"Las noticias de mi comarca\",\"potentialAction\":[{\"@type\":\"SearchAction\",\"target\":{\"@type\":\"EntryPoint\",\"urlTemplate\":\"https:\/\/www.noticiasradioreflejos.com.ar\/2021\/?s={search_term_string}\"},\"query-input\":{\"@type\":\"PropertyValueSpecification\",\"valueRequired\":true,\"valueName\":\"search_term_string\"}}],\"inLanguage\":\"es\"},{\"@type\":\"Person\",\"@id\":\"https:\/\/www.noticiasradioreflejos.com.ar\/2021\/#\/schema\/person\/ad82545263dcc5ec0996818884fd5fb1\",\"name\":\"Arnaldo Botto\",\"image\":{\"@type\":\"ImageObject\",\"inLanguage\":\"es\",\"@id\":\"https:\/\/www.noticiasradioreflejos.com.ar\/2021\/#\/schema\/person\/image\/\",\"url\":\"https:\/\/secure.gravatar.com\/avatar\/55cb5e37c1efa326397366e6974cb338056df65cb50e7d64d1cf314e87504837?s=96&d=mm&r=g\",\"contentUrl\":\"https:\/\/secure.gravatar.com\/avatar\/55cb5e37c1efa326397366e6974cb338056df65cb50e7d64d1cf314e87504837?s=96&d=mm&r=g\",\"caption\":\"Arnaldo Botto\"},\"url\":\"https:\/\/www.noticiasradioreflejos.com.ar\/2021\/author\/arnaldo\/\"}]}<\/script>\n<!-- \/ Yoast SEO plugin. -->","yoast_head_json":{"title":"Siniestro en la Ruta 72: Un veh\u00edculo fue consumido totalmente por las llamas cerca de Sierra de la Ventana - Noticias Radio Reflejos","robots":{"index":"index","follow":"follow","max-snippet":"max-snippet:-1","max-image-preview":"max-image-preview:large","max-video-preview":"max-video-preview:-1"},"canonical":"https:\/\/www.noticiasradioreflejos.com.ar\/2021\/siniestro-en-la-ruta-72-un-vehiculo-fue-consumido-totalmente-por-las-llamas-cerca-de-sierra-de-la-ventana\/","og_locale":"es_ES","og_type":"article","og_title":"Siniestro en la Ruta 72: Un veh\u00edculo fue consumido totalmente por las llamas cerca de Sierra de la Ventana - Noticias Radio Reflejos","og_description":"Un joven conductor de 28 a\u00f1os debi\u00f3 abandonar de urgencia su autom\u00f3vil luego de advertir humo en el sector del motor. A pesar de la r\u00e1pida intervenci\u00f3n de los Bomberos Voluntarios, el foco \u00edgneo se propag\u00f3 con velocidad provocando p\u00e9rdidas totales en el rodado. El hecho ocurri\u00f3 durante la madrugada de este viernes a la [&hellip;]","og_url":"https:\/\/www.noticiasradioreflejos.com.ar\/2021\/siniestro-en-la-ruta-72-un-vehiculo-fue-consumido-totalmente-por-las-llamas-cerca-de-sierra-de-la-ventana\/","og_site_name":"Noticias Radio Reflejos","article_published_time":"2026-03-13T13:16:08+00:00","article_modified_time":"2026-03-13T13:35:46+00:00","og_image":[{"width":1600,"height":721,"url":"https:\/\/www.noticiasradioreflejos.com.ar\/2021\/wp-content\/uploads\/2026\/03\/R72.jpg","type":"image\/jpeg"}],"author":"Arnaldo Botto","twitter_card":"summary_large_image","schema":{"@context":"https:\/\/schema.org","@graph":[{"@type":"WebPage","@id":"https:\/\/www.noticiasradioreflejos.com.ar\/2021\/siniestro-en-la-ruta-72-un-vehiculo-fue-consumido-totalmente-por-las-llamas-cerca-de-sierra-de-la-ventana\/","url":"https:\/\/www.noticiasradioreflejos.com.ar\/2021\/siniestro-en-la-ruta-72-un-vehiculo-fue-consumido-totalmente-por-las-llamas-cerca-de-sierra-de-la-ventana\/","name":"Siniestro en la Ruta 72: Un veh\u00edculo fue consumido totalmente por las llamas cerca de Sierra de la Ventana - Noticias Radio Reflejos","isPartOf":{"@id":"https:\/\/www.noticiasradioreflejos.com.ar\/2021\/#website"},"primaryImageOfPage":{"@id":"https:\/\/www.noticiasradioreflejos.com.ar\/2021\/siniestro-en-la-ruta-72-un-vehiculo-fue-consumido-totalmente-por-las-llamas-cerca-de-sierra-de-la-ventana\/#primaryimage"},"image":{"@id":"https:\/\/www.noticiasradioreflejos.com.ar\/2021\/siniestro-en-la-ruta-72-un-vehiculo-fue-consumido-totalmente-por-las-llamas-cerca-de-sierra-de-la-ventana\/#primaryimage"},"thumbnailUrl":"https:\/\/www.noticiasradioreflejos.com.ar\/2021\/wp-content\/uploads\/2026\/03\/R72.jpg","datePublished":"2026-03-13T13:16:08+00:00","dateModified":"2026-03-13T13:35:46+00:00","author":{"@id":"https:\/\/www.noticiasradioreflejos.com.ar\/2021\/#\/schema\/person\/ad82545263dcc5ec0996818884fd5fb1"},"breadcrumb":{"@id":"https:\/\/www.noticiasradioreflejos.com.ar\/2021\/siniestro-en-la-ruta-72-un-vehiculo-fue-consumido-totalmente-por-las-llamas-cerca-de-sierra-de-la-ventana\/#breadcrumb"},"inLanguage":"es","potentialAction":[{"@type":"ReadAction","target":["https:\/\/www.noticiasradioreflejos.com.ar\/2021\/siniestro-en-la-ruta-72-un-vehiculo-fue-consumido-totalmente-por-las-llamas-cerca-de-sierra-de-la-ventana\/"]}]},{"@type":"ImageObject","inLanguage":"es","@id":"https:\/\/www.noticiasradioreflejos.com.ar\/2021\/siniestro-en-la-ruta-72-un-vehiculo-fue-consumido-totalmente-por-las-llamas-cerca-de-sierra-de-la-ventana\/#primaryimage","url":"https:\/\/www.noticiasradioreflejos.com.ar\/2021\/wp-content\/uploads\/2026\/03\/R72.jpg","contentUrl":"https:\/\/www.noticiasradioreflejos.com.ar\/2021\/wp-content\/uploads\/2026\/03\/R72.jpg","width":1600,"height":721},{"@type":"BreadcrumbList","@id":"https:\/\/www.noticiasradioreflejos.com.ar\/2021\/siniestro-en-la-ruta-72-un-vehiculo-fue-consumido-totalmente-por-las-llamas-cerca-de-sierra-de-la-ventana\/#breadcrumb","itemListElement":[{"@type":"ListItem","position":1,"name":"Portada","item":"https:\/\/www.noticiasradioreflejos.com.ar\/2021\/"},{"@type":"ListItem","position":2,"name":"Siniestro en la Ruta 72: Un veh\u00edculo fue consumido totalmente por las llamas cerca de Sierra de la Ventana"}]},{"@type":"WebSite","@id":"https:\/\/www.noticiasradioreflejos.com.ar\/2021\/#website","url":"https:\/\/www.noticiasradioreflejos.com.ar\/2021\/","name":"Noticias Radio Reflejos","description":"Las noticias de mi comarca","potentialAction":[{"@type":"SearchAction","target":{"@type":"EntryPoint","urlTemplate":"https:\/\/www.noticiasradioreflejos.com.ar\/2021\/?s={search_term_string}"},"query-input":{"@type":"PropertyValueSpecification","valueRequired":true,"valueName":"search_term_string"}}],"inLanguage":"es"},{"@type":"Person","@id":"https:\/\/www.noticiasradioreflejos.com.ar\/2021\/#\/schema\/person\/ad82545263dcc5ec0996818884fd5fb1","name":"Arnaldo Botto","image":{"@type":"ImageObject","inLanguage":"es","@id":"https:\/\/www.noticiasradioreflejos.com.ar\/2021\/#\/schema\/person\/image\/","url":"https:\/\/secure.gravatar.com\/avatar\/55cb5e37c1efa326397366e6974cb338056df65cb50e7d64d1cf314e87504837?s=96&d=mm&r=g","contentUrl":"https:\/\/secure.gravatar.com\/avatar\/55cb5e37c1efa326397366e6974cb338056df65cb50e7d64d1cf314e87504837?s=96&d=mm&r=g","caption":"Arnaldo Botto"},"url":"https:\/\/www.noticiasradioreflejos.com.ar\/2021\/author\/arnaldo\/"}]}},"_links":{"self":[{"href":"https:\/\/www.noticiasradioreflejos.com.ar\/2021\/wp-json\/wp\/v2\/posts\/134037","targetHints":{"allow":["GET"]}}],"collection":[{"href":"https:\/\/www.noticiasradioreflejos.com.ar\/2021\/wp-json\/wp\/v2\/posts"}],"about":[{"href":"https:\/\/www.noticiasradioreflejos.com.ar\/2021\/wp-json\/wp\/v2\/types\/post"}],"author":[{"embeddable":true,"href":"https:\/\/www.noticiasradioreflejos.com.ar\/2021\/wp-json\/wp\/v2\/users\/3"}],"replies":[{"embeddable":true,"href":"https:\/\/www.noticiasradioreflejos.com.ar\/2021\/wp-json\/wp\/v2\/comments?post=134037"}],"version-history":[{"count":2,"href":"https:\/\/www.noticiasradioreflejos.com.ar\/2021\/wp-json\/wp\/v2\/posts\/134037\/revisions"}],"predecessor-version":[{"id":134043,"href":"https:\/\/www.noticiasradioreflejos.com.ar\/2021\/wp-json\/wp\/v2\/posts\/134037\/revisions\/134043"}],"wp:featuredmedia":[{"embeddable":true,"href":"https:\/\/www.noticiasradioreflejos.com.ar\/2021\/wp-json\/wp\/v2\/media\/134041"}],"wp:attachment":[{"href":"https:\/\/www.noticiasradioreflejos.com.ar\/2021\/wp-json\/wp\/v2\/media?parent=134037"}],"wp:term":[{"taxonomy":"category","embeddable":true,"href":"https:\/\/www.noticiasradioreflejos.com.ar\/2021\/wp-json\/wp\/v2\/categories?post=134037"},{"taxonomy":"post_tag","embeddable":true,"href":"https:\/\/www.noticiasradioreflejos.com.ar\/2021\/wp-json\/wp\/v2\/tags?post=134037"}],"curies":[{"name":"wp","href":"https:\/\/api.w.org\/{rel}","templated":true}]}}