{"id":134030,"date":"2026-03-13T08:15:55","date_gmt":"2026-03-13T11:15:55","guid":{"rendered":"https:\/\/www.noticiasradioreflejos.com.ar\/2021\/?p=134030"},"modified":"2026-03-13T08:16:21","modified_gmt":"2026-03-13T11:16:21","slug":"choque-entre-un-auto-y-un-camion-en-la-ruta-33-no-hubo-heridos","status":"publish","type":"post","link":"https:\/\/www.noticiasradioreflejos.com.ar\/2021\/choque-entre-un-auto-y-un-camion-en-la-ruta-33-no-hubo-heridos\/","title":{"rendered":"Choque entre un auto y un cami\u00f3n en la Ruta 33: No hubo heridos"},"content":{"rendered":"<p>El siniestro ocurri\u00f3 a la altura del kil\u00f3metro 46 durante las primeras horas de este viernes. A pesar del impacto, ambos conductores resultaron ilesos.<!--more--><\/p>\n<p data-path-to-node=\"7\">El autom\u00f3vil, que se desplazaba en sentido hacia la ciudad de Bah\u00eda Blanca, era conducido por <b data-path-to-node=\"7\" data-index-in-node=\"94\">Ra\u00fal Omar Galv\u00e1n<\/b>, de 69 a\u00f1os y residente de la localidad de Pig\u00fc\u00e9. Por razones que a\u00fan se intentan establecer, el veh\u00edculo colision\u00f3 contra un cami\u00f3n que se encontraba al mando de <b data-path-to-node=\"7\" data-index-in-node=\"274\">Juli\u00e1n Esteban Canori<\/b>, de 51 a\u00f1os, domiciliado en Gonz\u00e1lez Moreno, partido de Rivadavia.<\/p>\n<p data-path-to-node=\"9\">Tras el alerta, se activ\u00f3 un protocolo de emergencia para asistir a los involucrados; Bomberos Voluntarios de Tornquist acudieron al sitio a las 6:25 horas. Cabe destacar que la salida se realiz\u00f3 de manera silenciosa, sin toque de sirena. \u00a0Trabaj\u00f3 en el lugar personal de la Patrulla Rural y de Tr\u00e1nsito Municipal, bajo la coordinaci\u00f3n de la Secretar\u00eda de Seguridad local.<\/p>\n<p data-path-to-node=\"11\">Pese a la magnitud del impacto y los da\u00f1os materiales, las autoridades confirmaron que <b data-path-to-node=\"11\" data-index-in-node=\"87\">ambos conductores resultaron ilesos<\/b>, por lo que no fue necesario el traslado a centros sanitarios.<\/p>\n<div class=\"main\">\n<div class=\"main-content\">\n<div class=\"main-article asideright\">\n<div class=\"table\">\n<article class=\"table-cell aside_article\">\n<div class=\"noticia\">\n<div class=\"noticia-content\">\n<p><img decoding=\"async\" src=\"https:\/\/www.noticiastornquist.com.ar\/imagen.php?imagen=2026-03\/074607_81_3.jpg\" \/><\/p>\n<div><\/div>\n<hr \/>\n<p><img decoding=\"async\" src=\"https:\/\/www.noticiastornquist.com.ar\/imagen.php?imagen=2026-03\/074612_75_2.jpg\" \/><\/p>\n<div><\/div>\n<hr \/>\n<p><img decoding=\"async\" src=\"https:\/\/www.noticiastornquist.com.ar\/imagen.php?imagen=2026-03\/074613_82_4.jpg\" \/><\/p>\n<div><strong>Fuente Noticias Tornquist<\/strong><\/div>\n<\/div>\n<\/div>\n<\/article>\n<\/div>\n<\/div>\n<\/div>\n<\/div>\n","protected":false},"excerpt":{"rendered":"<p>El siniestro ocurri\u00f3 a la altura del kil\u00f3metro 46 durante las primeras horas de este viernes. A pesar del impacto, ambos conductores resultaron ilesos.<\/p>\n","protected":false},"author":3,"featured_media":134031,"comment_status":"closed","ping_status":"closed","sticky":false,"template":"","format":"standard","meta":{"footnotes":""},"categories":[29],"tags":[48],"class_list":["post-134030","post","type-post","status-publish","format-standard","has-post-thumbnail","hentry","category-policiales","tag-destacada"],"yoast_head":"<!-- This site is optimized with the Yoast SEO plugin v25.9 - https:\/\/yoast.com\/wordpress\/plugins\/seo\/ -->\n<title>Choque entre un auto y un cami\u00f3n en la Ruta 33: No hubo heridos - Noticias Radio Reflejos<\/title>\n<meta name=\"robots\" content=\"index, follow, max-snippet:-1, max-image-preview:large, max-video-preview:-1\" \/>\n<link rel=\"canonical\" href=\"https:\/\/www.noticiasradioreflejos.com.ar\/2021\/choque-entre-un-auto-y-un-camion-en-la-ruta-33-no-hubo-heridos\/\" \/>\n<meta property=\"og:locale\" content=\"es_ES\" \/>\n<meta property=\"og:type\" content=\"article\" \/>\n<meta property=\"og:title\" content=\"Choque entre un auto y un cami\u00f3n en la Ruta 33: No hubo heridos - Noticias Radio Reflejos\" \/>\n<meta property=\"og:description\" content=\"El siniestro ocurri\u00f3 a la altura del kil\u00f3metro 46 durante las primeras horas de este viernes. A pesar del impacto, ambos conductores resultaron ilesos.\" \/>\n<meta property=\"og:url\" content=\"https:\/\/www.noticiasradioreflejos.com.ar\/2021\/choque-entre-un-auto-y-un-camion-en-la-ruta-33-no-hubo-heridos\/\" \/>\n<meta property=\"og:site_name\" content=\"Noticias Radio Reflejos\" \/>\n<meta property=\"article:published_time\" content=\"2026-03-13T11:15:55+00:00\" \/>\n<meta property=\"article:modified_time\" content=\"2026-03-13T11:16:21+00:00\" \/>\n<meta property=\"og:image\" content=\"https:\/\/www.noticiasradioreflejos.com.ar\/2021\/wp-content\/uploads\/2026\/03\/R33-choque.jpg\" \/>\n\t<meta property=\"og:image:width\" content=\"1223\" \/>\n\t<meta property=\"og:image:height\" content=\"700\" \/>\n\t<meta property=\"og:image:type\" content=\"image\/jpeg\" \/>\n<meta name=\"author\" content=\"Arnaldo Botto\" \/>\n<meta name=\"twitter:card\" content=\"summary_large_image\" \/>\n<script type=\"application\/ld+json\" class=\"yoast-schema-graph\">{\"@context\":\"https:\/\/schema.org\",\"@graph\":[{\"@type\":\"WebPage\",\"@id\":\"https:\/\/www.noticiasradioreflejos.com.ar\/2021\/choque-entre-un-auto-y-un-camion-en-la-ruta-33-no-hubo-heridos\/\",\"url\":\"https:\/\/www.noticiasradioreflejos.com.ar\/2021\/choque-entre-un-auto-y-un-camion-en-la-ruta-33-no-hubo-heridos\/\",\"name\":\"Choque entre un auto y un cami\u00f3n en la Ruta 33: No hubo heridos - Noticias Radio Reflejos\",\"isPartOf\":{\"@id\":\"https:\/\/www.noticiasradioreflejos.com.ar\/2021\/#website\"},\"primaryImageOfPage\":{\"@id\":\"https:\/\/www.noticiasradioreflejos.com.ar\/2021\/choque-entre-un-auto-y-un-camion-en-la-ruta-33-no-hubo-heridos\/#primaryimage\"},\"image\":{\"@id\":\"https:\/\/www.noticiasradioreflejos.com.ar\/2021\/choque-entre-un-auto-y-un-camion-en-la-ruta-33-no-hubo-heridos\/#primaryimage\"},\"thumbnailUrl\":\"https:\/\/www.noticiasradioreflejos.com.ar\/2021\/wp-content\/uploads\/2026\/03\/R33-choque.jpg\",\"datePublished\":\"2026-03-13T11:15:55+00:00\",\"dateModified\":\"2026-03-13T11:16:21+00:00\",\"author\":{\"@id\":\"https:\/\/www.noticiasradioreflejos.com.ar\/2021\/#\/schema\/person\/ad82545263dcc5ec0996818884fd5fb1\"},\"breadcrumb\":{\"@id\":\"https:\/\/www.noticiasradioreflejos.com.ar\/2021\/choque-entre-un-auto-y-un-camion-en-la-ruta-33-no-hubo-heridos\/#breadcrumb\"},\"inLanguage\":\"es\",\"potentialAction\":[{\"@type\":\"ReadAction\",\"target\":[\"https:\/\/www.noticiasradioreflejos.com.ar\/2021\/choque-entre-un-auto-y-un-camion-en-la-ruta-33-no-hubo-heridos\/\"]}]},{\"@type\":\"ImageObject\",\"inLanguage\":\"es\",\"@id\":\"https:\/\/www.noticiasradioreflejos.com.ar\/2021\/choque-entre-un-auto-y-un-camion-en-la-ruta-33-no-hubo-heridos\/#primaryimage\",\"url\":\"https:\/\/www.noticiasradioreflejos.com.ar\/2021\/wp-content\/uploads\/2026\/03\/R33-choque.jpg\",\"contentUrl\":\"https:\/\/www.noticiasradioreflejos.com.ar\/2021\/wp-content\/uploads\/2026\/03\/R33-choque.jpg\",\"width\":1223,\"height\":700},{\"@type\":\"BreadcrumbList\",\"@id\":\"https:\/\/www.noticiasradioreflejos.com.ar\/2021\/choque-entre-un-auto-y-un-camion-en-la-ruta-33-no-hubo-heridos\/#breadcrumb\",\"itemListElement\":[{\"@type\":\"ListItem\",\"position\":1,\"name\":\"Portada\",\"item\":\"https:\/\/www.noticiasradioreflejos.com.ar\/2021\/\"},{\"@type\":\"ListItem\",\"position\":2,\"name\":\"Choque entre un auto y un cami\u00f3n en la Ruta 33: No hubo heridos\"}]},{\"@type\":\"WebSite\",\"@id\":\"https:\/\/www.noticiasradioreflejos.com.ar\/2021\/#website\",\"url\":\"https:\/\/www.noticiasradioreflejos.com.ar\/2021\/\",\"name\":\"Noticias Radio Reflejos\",\"description\":\"Las noticias de mi comarca\",\"potentialAction\":[{\"@type\":\"SearchAction\",\"target\":{\"@type\":\"EntryPoint\",\"urlTemplate\":\"https:\/\/www.noticiasradioreflejos.com.ar\/2021\/?s={search_term_string}\"},\"query-input\":{\"@type\":\"PropertyValueSpecification\",\"valueRequired\":true,\"valueName\":\"search_term_string\"}}],\"inLanguage\":\"es\"},{\"@type\":\"Person\",\"@id\":\"https:\/\/www.noticiasradioreflejos.com.ar\/2021\/#\/schema\/person\/ad82545263dcc5ec0996818884fd5fb1\",\"name\":\"Arnaldo Botto\",\"image\":{\"@type\":\"ImageObject\",\"inLanguage\":\"es\",\"@id\":\"https:\/\/www.noticiasradioreflejos.com.ar\/2021\/#\/schema\/person\/image\/\",\"url\":\"https:\/\/secure.gravatar.com\/avatar\/55cb5e37c1efa326397366e6974cb338056df65cb50e7d64d1cf314e87504837?s=96&d=mm&r=g\",\"contentUrl\":\"https:\/\/secure.gravatar.com\/avatar\/55cb5e37c1efa326397366e6974cb338056df65cb50e7d64d1cf314e87504837?s=96&d=mm&r=g\",\"caption\":\"Arnaldo Botto\"},\"url\":\"https:\/\/www.noticiasradioreflejos.com.ar\/2021\/author\/arnaldo\/\"}]}<\/script>\n<!-- \/ Yoast SEO plugin. -->","yoast_head_json":{"title":"Choque entre un auto y un cami\u00f3n en la Ruta 33: No hubo heridos - Noticias Radio Reflejos","robots":{"index":"index","follow":"follow","max-snippet":"max-snippet:-1","max-image-preview":"max-image-preview:large","max-video-preview":"max-video-preview:-1"},"canonical":"https:\/\/www.noticiasradioreflejos.com.ar\/2021\/choque-entre-un-auto-y-un-camion-en-la-ruta-33-no-hubo-heridos\/","og_locale":"es_ES","og_type":"article","og_title":"Choque entre un auto y un cami\u00f3n en la Ruta 33: No hubo heridos - Noticias Radio Reflejos","og_description":"El siniestro ocurri\u00f3 a la altura del kil\u00f3metro 46 durante las primeras horas de este viernes. A pesar del impacto, ambos conductores resultaron ilesos.","og_url":"https:\/\/www.noticiasradioreflejos.com.ar\/2021\/choque-entre-un-auto-y-un-camion-en-la-ruta-33-no-hubo-heridos\/","og_site_name":"Noticias Radio Reflejos","article_published_time":"2026-03-13T11:15:55+00:00","article_modified_time":"2026-03-13T11:16:21+00:00","og_image":[{"width":1223,"height":700,"url":"https:\/\/www.noticiasradioreflejos.com.ar\/2021\/wp-content\/uploads\/2026\/03\/R33-choque.jpg","type":"image\/jpeg"}],"author":"Arnaldo Botto","twitter_card":"summary_large_image","schema":{"@context":"https:\/\/schema.org","@graph":[{"@type":"WebPage","@id":"https:\/\/www.noticiasradioreflejos.com.ar\/2021\/choque-entre-un-auto-y-un-camion-en-la-ruta-33-no-hubo-heridos\/","url":"https:\/\/www.noticiasradioreflejos.com.ar\/2021\/choque-entre-un-auto-y-un-camion-en-la-ruta-33-no-hubo-heridos\/","name":"Choque entre un auto y un cami\u00f3n en la Ruta 33: No hubo heridos - Noticias Radio Reflejos","isPartOf":{"@id":"https:\/\/www.noticiasradioreflejos.com.ar\/2021\/#website"},"primaryImageOfPage":{"@id":"https:\/\/www.noticiasradioreflejos.com.ar\/2021\/choque-entre-un-auto-y-un-camion-en-la-ruta-33-no-hubo-heridos\/#primaryimage"},"image":{"@id":"https:\/\/www.noticiasradioreflejos.com.ar\/2021\/choque-entre-un-auto-y-un-camion-en-la-ruta-33-no-hubo-heridos\/#primaryimage"},"thumbnailUrl":"https:\/\/www.noticiasradioreflejos.com.ar\/2021\/wp-content\/uploads\/2026\/03\/R33-choque.jpg","datePublished":"2026-03-13T11:15:55+00:00","dateModified":"2026-03-13T11:16:21+00:00","author":{"@id":"https:\/\/www.noticiasradioreflejos.com.ar\/2021\/#\/schema\/person\/ad82545263dcc5ec0996818884fd5fb1"},"breadcrumb":{"@id":"https:\/\/www.noticiasradioreflejos.com.ar\/2021\/choque-entre-un-auto-y-un-camion-en-la-ruta-33-no-hubo-heridos\/#breadcrumb"},"inLanguage":"es","potentialAction":[{"@type":"ReadAction","target":["https:\/\/www.noticiasradioreflejos.com.ar\/2021\/choque-entre-un-auto-y-un-camion-en-la-ruta-33-no-hubo-heridos\/"]}]},{"@type":"ImageObject","inLanguage":"es","@id":"https:\/\/www.noticiasradioreflejos.com.ar\/2021\/choque-entre-un-auto-y-un-camion-en-la-ruta-33-no-hubo-heridos\/#primaryimage","url":"https:\/\/www.noticiasradioreflejos.com.ar\/2021\/wp-content\/uploads\/2026\/03\/R33-choque.jpg","contentUrl":"https:\/\/www.noticiasradioreflejos.com.ar\/2021\/wp-content\/uploads\/2026\/03\/R33-choque.jpg","width":1223,"height":700},{"@type":"BreadcrumbList","@id":"https:\/\/www.noticiasradioreflejos.com.ar\/2021\/choque-entre-un-auto-y-un-camion-en-la-ruta-33-no-hubo-heridos\/#breadcrumb","itemListElement":[{"@type":"ListItem","position":1,"name":"Portada","item":"https:\/\/www.noticiasradioreflejos.com.ar\/2021\/"},{"@type":"ListItem","position":2,"name":"Choque entre un auto y un cami\u00f3n en la Ruta 33: No hubo heridos"}]},{"@type":"WebSite","@id":"https:\/\/www.noticiasradioreflejos.com.ar\/2021\/#website","url":"https:\/\/www.noticiasradioreflejos.com.ar\/2021\/","name":"Noticias Radio Reflejos","description":"Las noticias de mi comarca","potentialAction":[{"@type":"SearchAction","target":{"@type":"EntryPoint","urlTemplate":"https:\/\/www.noticiasradioreflejos.com.ar\/2021\/?s={search_term_string}"},"query-input":{"@type":"PropertyValueSpecification","valueRequired":true,"valueName":"search_term_string"}}],"inLanguage":"es"},{"@type":"Person","@id":"https:\/\/www.noticiasradioreflejos.com.ar\/2021\/#\/schema\/person\/ad82545263dcc5ec0996818884fd5fb1","name":"Arnaldo Botto","image":{"@type":"ImageObject","inLanguage":"es","@id":"https:\/\/www.noticiasradioreflejos.com.ar\/2021\/#\/schema\/person\/image\/","url":"https:\/\/secure.gravatar.com\/avatar\/55cb5e37c1efa326397366e6974cb338056df65cb50e7d64d1cf314e87504837?s=96&d=mm&r=g","contentUrl":"https:\/\/secure.gravatar.com\/avatar\/55cb5e37c1efa326397366e6974cb338056df65cb50e7d64d1cf314e87504837?s=96&d=mm&r=g","caption":"Arnaldo Botto"},"url":"https:\/\/www.noticiasradioreflejos.com.ar\/2021\/author\/arnaldo\/"}]}},"_links":{"self":[{"href":"https:\/\/www.noticiasradioreflejos.com.ar\/2021\/wp-json\/wp\/v2\/posts\/134030","targetHints":{"allow":["GET"]}}],"collection":[{"href":"https:\/\/www.noticiasradioreflejos.com.ar\/2021\/wp-json\/wp\/v2\/posts"}],"about":[{"href":"https:\/\/www.noticiasradioreflejos.com.ar\/2021\/wp-json\/wp\/v2\/types\/post"}],"author":[{"embeddable":true,"href":"https:\/\/www.noticiasradioreflejos.com.ar\/2021\/wp-json\/wp\/v2\/users\/3"}],"replies":[{"embeddable":true,"href":"https:\/\/www.noticiasradioreflejos.com.ar\/2021\/wp-json\/wp\/v2\/comments?post=134030"}],"version-history":[{"count":2,"href":"https:\/\/www.noticiasradioreflejos.com.ar\/2021\/wp-json\/wp\/v2\/posts\/134030\/revisions"}],"predecessor-version":[{"id":134033,"href":"https:\/\/www.noticiasradioreflejos.com.ar\/2021\/wp-json\/wp\/v2\/posts\/134030\/revisions\/134033"}],"wp:featuredmedia":[{"embeddable":true,"href":"https:\/\/www.noticiasradioreflejos.com.ar\/2021\/wp-json\/wp\/v2\/media\/134031"}],"wp:attachment":[{"href":"https:\/\/www.noticiasradioreflejos.com.ar\/2021\/wp-json\/wp\/v2\/media?parent=134030"}],"wp:term":[{"taxonomy":"category","embeddable":true,"href":"https:\/\/www.noticiasradioreflejos.com.ar\/2021\/wp-json\/wp\/v2\/categories?post=134030"},{"taxonomy":"post_tag","embeddable":true,"href":"https:\/\/www.noticiasradioreflejos.com.ar\/2021\/wp-json\/wp\/v2\/tags?post=134030"}],"curies":[{"name":"wp","href":"https:\/\/api.w.org\/{rel}","templated":true}]}}