{"id":134027,"date":"2026-03-13T08:06:55","date_gmt":"2026-03-13T11:06:55","guid":{"rendered":"https:\/\/www.noticiasradioreflejos.com.ar\/2021\/?p=134027"},"modified":"2026-03-13T08:11:32","modified_gmt":"2026-03-13T11:11:32","slug":"viernes-13-el-origen-de-una-supersticion-que-divide-aguas-con-el-martes-13","status":"publish","type":"post","link":"https:\/\/www.noticiasradioreflejos.com.ar\/2021\/viernes-13-el-origen-de-una-supersticion-que-divide-aguas-con-el-martes-13\/","title":{"rendered":"Viernes 13: El origen de una superstici\u00f3n que divide aguas con el martes 13"},"content":{"rendered":"<p>M\u00e1s all\u00e1 de las creencias populares, la fecha combina profundas ra\u00edces religiosas, eventos hist\u00f3ricos sangrientos y una fuerte influencia de la cultura moderna. Mientras que en el mundo anglosaj\u00f3n el viernes es el d\u00eda del infortunio, en los pa\u00edses hispanos la cautela se traslada tradicionalmente a los martes bajo la sombra del dios de la guerra.<!--more--><\/p>\n<p data-path-to-node=\"4\">El calendario marca un nuevo viernes 13 y con \u00e9l se despierta una de las supersticiones m\u00e1s arraigadas de la cultura occidental. Lejos de ser una simple ocurrencia, esta fecha arrastra una carga simb\u00f3lica que se remonta a siglos de historia donde se entrelazan la religi\u00f3n, la ca\u00edda de \u00f3rdenes militares y mitos n\u00f3rdicos. La tradici\u00f3n cristiana se\u00f1ala al viernes como un d\u00eda de luto por la crucifixi\u00f3n de Jes\u00fas, sumado a la presencia de trece comensales en la \u00daltima Cena, donde el \u00faltimo en llegar fue precisamente quien consum\u00f3 la traici\u00f3n.<\/p>\n<p data-path-to-node=\"5\">Este temor se consolid\u00f3 hist\u00f3ricamente un viernes 13 de octubre de 1307, cuando el rey Felipe IV de Francia desat\u00f3 una persecuci\u00f3n masiva contra los Caballeros Templarios, marcando la fecha con fuego y sangre. Sin embargo, es importante destacar que la \u00abmala suerte\u00bb de los viernes es una herencia principalmente anglosajona que se globaliz\u00f3 a trav\u00e9s del cine de terror de Hollywood. En contraste, en Argentina y el resto del mundo hispanohablante, el verdadero d\u00eda de cuidado es el martes 13, una jornada regida por Marte, el dios romano de la guerra y la destrucci\u00f3n, que dio origen al famoso refr\u00e1n que desaconseja casarse o emprender viajes.<\/p>\n<p data-path-to-node=\"6\">En nuestra Comarca, la fecha se vive este a\u00f1o con una particular impronta cultural. Lejos de evitar la m\u00edstica del d\u00eda, las instituciones locales han aprovechado el simbolismo del viernes 13 para proponer encuentros que juegan con el suspenso y el misterio. Ejemplo de ello es la presentaci\u00f3n literaria de<strong> Marcela Mart\u00ednez en el Teatro Funke de Tornquist<\/strong>, donde trece relatos de \u00abespanto\u00bb invitan a los vecinos a transformar la superstici\u00f3n en una oportunidad para el disfrute del arte y la reflexi\u00f3n colectiva.<\/p>\n","protected":false},"excerpt":{"rendered":"<p>M\u00e1s all\u00e1 de las creencias populares, la fecha combina profundas ra\u00edces religiosas, eventos hist\u00f3ricos sangrientos y una fuerte influencia de la cultura moderna. Mientras que en el mundo anglosaj\u00f3n el viernes es el d\u00eda del infortunio, en los pa\u00edses hispanos la cautela se traslada tradicionalmente a los martes bajo la sombra del dios de la [&hellip;]<\/p>\n","protected":false},"author":3,"featured_media":134029,"comment_status":"closed","ping_status":"closed","sticky":false,"template":"","format":"standard","meta":{"footnotes":""},"categories":[35,26],"tags":[],"class_list":["post-134027","post","type-post","status-publish","format-standard","has-post-thumbnail","hentry","category-cultura","category-sociedad"],"yoast_head":"<!-- This site is optimized with the Yoast SEO plugin v25.9 - https:\/\/yoast.com\/wordpress\/plugins\/seo\/ -->\n<title>Viernes 13: El origen de una superstici\u00f3n que divide aguas con el martes 13 - Noticias Radio Reflejos<\/title>\n<meta name=\"robots\" content=\"index, follow, max-snippet:-1, max-image-preview:large, max-video-preview:-1\" \/>\n<link rel=\"canonical\" href=\"https:\/\/www.noticiasradioreflejos.com.ar\/2021\/viernes-13-el-origen-de-una-supersticion-que-divide-aguas-con-el-martes-13\/\" \/>\n<meta property=\"og:locale\" content=\"es_ES\" \/>\n<meta property=\"og:type\" content=\"article\" \/>\n<meta property=\"og:title\" content=\"Viernes 13: El origen de una superstici\u00f3n que divide aguas con el martes 13 - Noticias Radio Reflejos\" \/>\n<meta property=\"og:description\" content=\"M\u00e1s all\u00e1 de las creencias populares, la fecha combina profundas ra\u00edces religiosas, eventos hist\u00f3ricos sangrientos y una fuerte influencia de la cultura moderna. Mientras que en el mundo anglosaj\u00f3n el viernes es el d\u00eda del infortunio, en los pa\u00edses hispanos la cautela se traslada tradicionalmente a los martes bajo la sombra del dios de la [&hellip;]\" \/>\n<meta property=\"og:url\" content=\"https:\/\/www.noticiasradioreflejos.com.ar\/2021\/viernes-13-el-origen-de-una-supersticion-que-divide-aguas-con-el-martes-13\/\" \/>\n<meta property=\"og:site_name\" content=\"Noticias Radio Reflejos\" \/>\n<meta property=\"article:published_time\" content=\"2026-03-13T11:06:55+00:00\" \/>\n<meta property=\"article:modified_time\" content=\"2026-03-13T11:11:32+00:00\" \/>\n<meta property=\"og:image\" content=\"https:\/\/www.noticiasradioreflejos.com.ar\/2021\/wp-content\/uploads\/2026\/03\/viernes-13.jpg\" \/>\n\t<meta property=\"og:image:width\" content=\"1408\" \/>\n\t<meta property=\"og:image:height\" content=\"768\" \/>\n\t<meta property=\"og:image:type\" content=\"image\/jpeg\" \/>\n<meta name=\"author\" content=\"Arnaldo Botto\" \/>\n<meta name=\"twitter:card\" content=\"summary_large_image\" \/>\n<script type=\"application\/ld+json\" class=\"yoast-schema-graph\">{\"@context\":\"https:\/\/schema.org\",\"@graph\":[{\"@type\":\"WebPage\",\"@id\":\"https:\/\/www.noticiasradioreflejos.com.ar\/2021\/viernes-13-el-origen-de-una-supersticion-que-divide-aguas-con-el-martes-13\/\",\"url\":\"https:\/\/www.noticiasradioreflejos.com.ar\/2021\/viernes-13-el-origen-de-una-supersticion-que-divide-aguas-con-el-martes-13\/\",\"name\":\"Viernes 13: El origen de una superstici\u00f3n que divide aguas con el martes 13 - Noticias Radio Reflejos\",\"isPartOf\":{\"@id\":\"https:\/\/www.noticiasradioreflejos.com.ar\/2021\/#website\"},\"primaryImageOfPage\":{\"@id\":\"https:\/\/www.noticiasradioreflejos.com.ar\/2021\/viernes-13-el-origen-de-una-supersticion-que-divide-aguas-con-el-martes-13\/#primaryimage\"},\"image\":{\"@id\":\"https:\/\/www.noticiasradioreflejos.com.ar\/2021\/viernes-13-el-origen-de-una-supersticion-que-divide-aguas-con-el-martes-13\/#primaryimage\"},\"thumbnailUrl\":\"https:\/\/www.noticiasradioreflejos.com.ar\/2021\/wp-content\/uploads\/2026\/03\/viernes-13.jpg\",\"datePublished\":\"2026-03-13T11:06:55+00:00\",\"dateModified\":\"2026-03-13T11:11:32+00:00\",\"author\":{\"@id\":\"https:\/\/www.noticiasradioreflejos.com.ar\/2021\/#\/schema\/person\/ad82545263dcc5ec0996818884fd5fb1\"},\"breadcrumb\":{\"@id\":\"https:\/\/www.noticiasradioreflejos.com.ar\/2021\/viernes-13-el-origen-de-una-supersticion-que-divide-aguas-con-el-martes-13\/#breadcrumb\"},\"inLanguage\":\"es\",\"potentialAction\":[{\"@type\":\"ReadAction\",\"target\":[\"https:\/\/www.noticiasradioreflejos.com.ar\/2021\/viernes-13-el-origen-de-una-supersticion-que-divide-aguas-con-el-martes-13\/\"]}]},{\"@type\":\"ImageObject\",\"inLanguage\":\"es\",\"@id\":\"https:\/\/www.noticiasradioreflejos.com.ar\/2021\/viernes-13-el-origen-de-una-supersticion-que-divide-aguas-con-el-martes-13\/#primaryimage\",\"url\":\"https:\/\/www.noticiasradioreflejos.com.ar\/2021\/wp-content\/uploads\/2026\/03\/viernes-13.jpg\",\"contentUrl\":\"https:\/\/www.noticiasradioreflejos.com.ar\/2021\/wp-content\/uploads\/2026\/03\/viernes-13.jpg\",\"width\":1408,\"height\":768},{\"@type\":\"BreadcrumbList\",\"@id\":\"https:\/\/www.noticiasradioreflejos.com.ar\/2021\/viernes-13-el-origen-de-una-supersticion-que-divide-aguas-con-el-martes-13\/#breadcrumb\",\"itemListElement\":[{\"@type\":\"ListItem\",\"position\":1,\"name\":\"Portada\",\"item\":\"https:\/\/www.noticiasradioreflejos.com.ar\/2021\/\"},{\"@type\":\"ListItem\",\"position\":2,\"name\":\"Viernes 13: El origen de una superstici\u00f3n que divide aguas con el martes 13\"}]},{\"@type\":\"WebSite\",\"@id\":\"https:\/\/www.noticiasradioreflejos.com.ar\/2021\/#website\",\"url\":\"https:\/\/www.noticiasradioreflejos.com.ar\/2021\/\",\"name\":\"Noticias Radio Reflejos\",\"description\":\"Las noticias de mi comarca\",\"potentialAction\":[{\"@type\":\"SearchAction\",\"target\":{\"@type\":\"EntryPoint\",\"urlTemplate\":\"https:\/\/www.noticiasradioreflejos.com.ar\/2021\/?s={search_term_string}\"},\"query-input\":{\"@type\":\"PropertyValueSpecification\",\"valueRequired\":true,\"valueName\":\"search_term_string\"}}],\"inLanguage\":\"es\"},{\"@type\":\"Person\",\"@id\":\"https:\/\/www.noticiasradioreflejos.com.ar\/2021\/#\/schema\/person\/ad82545263dcc5ec0996818884fd5fb1\",\"name\":\"Arnaldo Botto\",\"image\":{\"@type\":\"ImageObject\",\"inLanguage\":\"es\",\"@id\":\"https:\/\/www.noticiasradioreflejos.com.ar\/2021\/#\/schema\/person\/image\/\",\"url\":\"https:\/\/secure.gravatar.com\/avatar\/55cb5e37c1efa326397366e6974cb338056df65cb50e7d64d1cf314e87504837?s=96&d=mm&r=g\",\"contentUrl\":\"https:\/\/secure.gravatar.com\/avatar\/55cb5e37c1efa326397366e6974cb338056df65cb50e7d64d1cf314e87504837?s=96&d=mm&r=g\",\"caption\":\"Arnaldo Botto\"},\"url\":\"https:\/\/www.noticiasradioreflejos.com.ar\/2021\/author\/arnaldo\/\"}]}<\/script>\n<!-- \/ Yoast SEO plugin. -->","yoast_head_json":{"title":"Viernes 13: El origen de una superstici\u00f3n que divide aguas con el martes 13 - Noticias Radio Reflejos","robots":{"index":"index","follow":"follow","max-snippet":"max-snippet:-1","max-image-preview":"max-image-preview:large","max-video-preview":"max-video-preview:-1"},"canonical":"https:\/\/www.noticiasradioreflejos.com.ar\/2021\/viernes-13-el-origen-de-una-supersticion-que-divide-aguas-con-el-martes-13\/","og_locale":"es_ES","og_type":"article","og_title":"Viernes 13: El origen de una superstici\u00f3n que divide aguas con el martes 13 - Noticias Radio Reflejos","og_description":"M\u00e1s all\u00e1 de las creencias populares, la fecha combina profundas ra\u00edces religiosas, eventos hist\u00f3ricos sangrientos y una fuerte influencia de la cultura moderna. Mientras que en el mundo anglosaj\u00f3n el viernes es el d\u00eda del infortunio, en los pa\u00edses hispanos la cautela se traslada tradicionalmente a los martes bajo la sombra del dios de la [&hellip;]","og_url":"https:\/\/www.noticiasradioreflejos.com.ar\/2021\/viernes-13-el-origen-de-una-supersticion-que-divide-aguas-con-el-martes-13\/","og_site_name":"Noticias Radio Reflejos","article_published_time":"2026-03-13T11:06:55+00:00","article_modified_time":"2026-03-13T11:11:32+00:00","og_image":[{"width":1408,"height":768,"url":"https:\/\/www.noticiasradioreflejos.com.ar\/2021\/wp-content\/uploads\/2026\/03\/viernes-13.jpg","type":"image\/jpeg"}],"author":"Arnaldo Botto","twitter_card":"summary_large_image","schema":{"@context":"https:\/\/schema.org","@graph":[{"@type":"WebPage","@id":"https:\/\/www.noticiasradioreflejos.com.ar\/2021\/viernes-13-el-origen-de-una-supersticion-que-divide-aguas-con-el-martes-13\/","url":"https:\/\/www.noticiasradioreflejos.com.ar\/2021\/viernes-13-el-origen-de-una-supersticion-que-divide-aguas-con-el-martes-13\/","name":"Viernes 13: El origen de una superstici\u00f3n que divide aguas con el martes 13 - Noticias Radio Reflejos","isPartOf":{"@id":"https:\/\/www.noticiasradioreflejos.com.ar\/2021\/#website"},"primaryImageOfPage":{"@id":"https:\/\/www.noticiasradioreflejos.com.ar\/2021\/viernes-13-el-origen-de-una-supersticion-que-divide-aguas-con-el-martes-13\/#primaryimage"},"image":{"@id":"https:\/\/www.noticiasradioreflejos.com.ar\/2021\/viernes-13-el-origen-de-una-supersticion-que-divide-aguas-con-el-martes-13\/#primaryimage"},"thumbnailUrl":"https:\/\/www.noticiasradioreflejos.com.ar\/2021\/wp-content\/uploads\/2026\/03\/viernes-13.jpg","datePublished":"2026-03-13T11:06:55+00:00","dateModified":"2026-03-13T11:11:32+00:00","author":{"@id":"https:\/\/www.noticiasradioreflejos.com.ar\/2021\/#\/schema\/person\/ad82545263dcc5ec0996818884fd5fb1"},"breadcrumb":{"@id":"https:\/\/www.noticiasradioreflejos.com.ar\/2021\/viernes-13-el-origen-de-una-supersticion-que-divide-aguas-con-el-martes-13\/#breadcrumb"},"inLanguage":"es","potentialAction":[{"@type":"ReadAction","target":["https:\/\/www.noticiasradioreflejos.com.ar\/2021\/viernes-13-el-origen-de-una-supersticion-que-divide-aguas-con-el-martes-13\/"]}]},{"@type":"ImageObject","inLanguage":"es","@id":"https:\/\/www.noticiasradioreflejos.com.ar\/2021\/viernes-13-el-origen-de-una-supersticion-que-divide-aguas-con-el-martes-13\/#primaryimage","url":"https:\/\/www.noticiasradioreflejos.com.ar\/2021\/wp-content\/uploads\/2026\/03\/viernes-13.jpg","contentUrl":"https:\/\/www.noticiasradioreflejos.com.ar\/2021\/wp-content\/uploads\/2026\/03\/viernes-13.jpg","width":1408,"height":768},{"@type":"BreadcrumbList","@id":"https:\/\/www.noticiasradioreflejos.com.ar\/2021\/viernes-13-el-origen-de-una-supersticion-que-divide-aguas-con-el-martes-13\/#breadcrumb","itemListElement":[{"@type":"ListItem","position":1,"name":"Portada","item":"https:\/\/www.noticiasradioreflejos.com.ar\/2021\/"},{"@type":"ListItem","position":2,"name":"Viernes 13: El origen de una superstici\u00f3n que divide aguas con el martes 13"}]},{"@type":"WebSite","@id":"https:\/\/www.noticiasradioreflejos.com.ar\/2021\/#website","url":"https:\/\/www.noticiasradioreflejos.com.ar\/2021\/","name":"Noticias Radio Reflejos","description":"Las noticias de mi comarca","potentialAction":[{"@type":"SearchAction","target":{"@type":"EntryPoint","urlTemplate":"https:\/\/www.noticiasradioreflejos.com.ar\/2021\/?s={search_term_string}"},"query-input":{"@type":"PropertyValueSpecification","valueRequired":true,"valueName":"search_term_string"}}],"inLanguage":"es"},{"@type":"Person","@id":"https:\/\/www.noticiasradioreflejos.com.ar\/2021\/#\/schema\/person\/ad82545263dcc5ec0996818884fd5fb1","name":"Arnaldo Botto","image":{"@type":"ImageObject","inLanguage":"es","@id":"https:\/\/www.noticiasradioreflejos.com.ar\/2021\/#\/schema\/person\/image\/","url":"https:\/\/secure.gravatar.com\/avatar\/55cb5e37c1efa326397366e6974cb338056df65cb50e7d64d1cf314e87504837?s=96&d=mm&r=g","contentUrl":"https:\/\/secure.gravatar.com\/avatar\/55cb5e37c1efa326397366e6974cb338056df65cb50e7d64d1cf314e87504837?s=96&d=mm&r=g","caption":"Arnaldo Botto"},"url":"https:\/\/www.noticiasradioreflejos.com.ar\/2021\/author\/arnaldo\/"}]}},"_links":{"self":[{"href":"https:\/\/www.noticiasradioreflejos.com.ar\/2021\/wp-json\/wp\/v2\/posts\/134027","targetHints":{"allow":["GET"]}}],"collection":[{"href":"https:\/\/www.noticiasradioreflejos.com.ar\/2021\/wp-json\/wp\/v2\/posts"}],"about":[{"href":"https:\/\/www.noticiasradioreflejos.com.ar\/2021\/wp-json\/wp\/v2\/types\/post"}],"author":[{"embeddable":true,"href":"https:\/\/www.noticiasradioreflejos.com.ar\/2021\/wp-json\/wp\/v2\/users\/3"}],"replies":[{"embeddable":true,"href":"https:\/\/www.noticiasradioreflejos.com.ar\/2021\/wp-json\/wp\/v2\/comments?post=134027"}],"version-history":[{"count":1,"href":"https:\/\/www.noticiasradioreflejos.com.ar\/2021\/wp-json\/wp\/v2\/posts\/134027\/revisions"}],"predecessor-version":[{"id":134028,"href":"https:\/\/www.noticiasradioreflejos.com.ar\/2021\/wp-json\/wp\/v2\/posts\/134027\/revisions\/134028"}],"wp:featuredmedia":[{"embeddable":true,"href":"https:\/\/www.noticiasradioreflejos.com.ar\/2021\/wp-json\/wp\/v2\/media\/134029"}],"wp:attachment":[{"href":"https:\/\/www.noticiasradioreflejos.com.ar\/2021\/wp-json\/wp\/v2\/media?parent=134027"}],"wp:term":[{"taxonomy":"category","embeddable":true,"href":"https:\/\/www.noticiasradioreflejos.com.ar\/2021\/wp-json\/wp\/v2\/categories?post=134027"},{"taxonomy":"post_tag","embeddable":true,"href":"https:\/\/www.noticiasradioreflejos.com.ar\/2021\/wp-json\/wp\/v2\/tags?post=134027"}],"curies":[{"name":"wp","href":"https:\/\/api.w.org\/{rel}","templated":true}]}}