{"id":134024,"date":"2026-03-13T08:03:37","date_gmt":"2026-03-13T11:03:37","guid":{"rendered":"https:\/\/www.noticiasradioreflejos.com.ar\/2021\/?p=134024"},"modified":"2026-03-13T08:03:37","modified_gmt":"2026-03-13T11:03:37","slug":"primer-fallo-contra-la-reforma-laboral-un-juez-freno-un-articulo-que-reducia-pagos-en-juicios-laborales","status":"publish","type":"post","link":"https:\/\/www.noticiasradioreflejos.com.ar\/2021\/primer-fallo-contra-la-reforma-laboral-un-juez-freno-un-articulo-que-reducia-pagos-en-juicios-laborales\/","title":{"rendered":"Primer fallo contra la reforma laboral: un juez fren\u00f3 un art\u00edculo que reduc\u00eda pagos en juicios laborales"},"content":{"rendered":"<p>Un juez laboral de C\u00f3rdoba declar\u00f3 inconstitucional el art\u00edculo 55 de la reforma laboral al considerar que el mecanismo de actualizaci\u00f3n de cr\u00e9ditos en juicios en tr\u00e1mite pod\u00eda reducir de forma significativa lo que cobran los trabajadores.<!--more--><\/p>\n<p>La ley de <a class=\"link\" href=\"https:\/\/www.eldiarioar.com\/temas\/reforma-laboral\/\" target=\"_blank\" rel=\"noopener\" data-mrf-recirculation=\"links-noticia\" data-mrf-link=\"https:\/\/www.eldiarioar.com\/temas\/reforma-laboral\/\"><strong>reforma laboral<\/strong><\/a><strong>\u00a0<\/strong>tuvo este jueves su primer\u00a0<strong>fallo en contra<\/strong>, que lleg\u00f3 a trav\u00e9s de un juez laboral de C\u00f3rdoba que declar\u00f3 la inconstitucionalidad del\u00a0<strong>art\u00edculo 55 de la ley<\/strong>, el que regula la forma en que deben actualizarse los cr\u00e9ditos laborales en juicios que ya estaban en tr\u00e1mite cuando entr\u00f3 en vigencia la nueva normativa.<\/p>\n<div class=\"partner-wrapper article-page__body-row\">\n<div class=\"second-col\">\n<p class=\"article-text\">Este apartado refiere a los<strong>\u00a0juicios laborales y determina qu\u00e9 se puede reducir entre un 20% y un 60% lo que terminar\u00eda cobrando un trabajador<\/strong>\u00a0respecto de los criterios que se usaban en varios tribunales laborales previo a la vigencia de la nueva ley.<\/p>\n<p class=\"article-text\">El\u00a0<strong>art\u00edculo 55 establece c\u00f3mo se actualizan las deudas en juicios laborales en curso<\/strong>, con intereses del Banco Central (BCRA), pero con un l\u00edmite m\u00e1ximo de inflaci\u00f3n + 3% anual y un m\u00ednimo del 67% de ese c\u00e1lculo.<\/p>\n<p class=\"article-text\">Al respecto, el juez Ricardo Gileta resolvi\u00f3 que queda \u201cdesechada la validez de constitucional del art\u00edculo 55\u201d en su sentencia con fecha del 10 de marzo.<\/p>\n<p class=\"article-text\">El magistrado sostuvo que el capital original deber\u00e1 recalcularse seg\u00fan lo previsto por el art\u00edculo 276 de la\u00a0<strong>Ley de Contrato de Trabajo<\/strong>, modificado por la reforma laboral, esquema que implica que el monto se ajuste de acuerdo con la evoluci\u00f3n del IPC, sumando adem\u00e1s un 3% mensual desde el momento en que se produjo la mora hasta que se concrete el pago.<\/p>\n<p class=\"article-text\">El magistrado explic\u00f3 que el art\u00edculo 55 de la\u00a0<strong>\u201cLey de Modernizaci\u00f3n Laboral\u201d<\/strong>\u00a0introduce un criterio distinto para las causas que ya estaban en tr\u00e1mite antes de la sanci\u00f3n de la norma.<\/p>\n<p class=\"article-text\">En esos casos, la ley fija que las deudas se actualicen tomando como referencia la tasa pasiva del Banco Central, comparada con la inflaci\u00f3n, con un piso equivalente al 67% del c\u00e1lculo que establece el art\u00edculo 276 de la legislaci\u00f3n laboral vigente.<\/p>\n<p class=\"article-text\">Para Gileta, ese tratamiento diferenciado entre juicios nuevos y procesos iniciados previamente viola el principio de igualdad ante la ley, por lo que dispuso que los cr\u00e9ditos laborales del caso se actualicen bajo el criterio del art\u00edculo 276 de la Ley de Contrato de Trabajo.<\/p>\n<p class=\"article-text\">El fallo subray\u00f3 que los cr\u00e9ditos laborales tienen un car\u00e1cter alimentario y est\u00e1n especialmente protegidos por el derecho del trabajo, o sea que cualquier mecanismo que reduzca de manera significativa su valor frente a la inflaci\u00f3n puede afectar el principio de reparaci\u00f3n plena y el principio protectorio consagrado en la Constituci\u00f3n.<\/p>\n<div id=\"container-after-news-outlook\"><\/div>\n<p class=\"article-text\"><em>elDiarioAR &#8211; Con informaci\u00f3n de Noticias Argentinas<\/em><\/p>\n<\/div>\n<\/div>\n","protected":false},"excerpt":{"rendered":"<p>Un juez laboral de C\u00f3rdoba declar\u00f3 inconstitucional el art\u00edculo 55 de la reforma laboral al considerar que el mecanismo de actualizaci\u00f3n de cr\u00e9ditos en juicios en tr\u00e1mite pod\u00eda reducir de forma significativa lo que cobran los trabajadores.<\/p>\n","protected":false},"author":3,"featured_media":134025,"comment_status":"closed","ping_status":"closed","sticky":false,"template":"","format":"standard","meta":{"footnotes":""},"categories":[36,57,24],"tags":[],"class_list":["post-134024","post","type-post","status-publish","format-standard","has-post-thumbnail","hentry","category-economia","category-judiciales","category-politica"],"yoast_head":"<!-- This site is optimized with the Yoast SEO plugin v25.9 - https:\/\/yoast.com\/wordpress\/plugins\/seo\/ -->\n<title>Primer fallo contra la reforma laboral: un juez fren\u00f3 un art\u00edculo que reduc\u00eda pagos en juicios laborales - Noticias Radio Reflejos<\/title>\n<meta name=\"robots\" content=\"index, follow, max-snippet:-1, max-image-preview:large, max-video-preview:-1\" \/>\n<link rel=\"canonical\" href=\"https:\/\/www.noticiasradioreflejos.com.ar\/2021\/primer-fallo-contra-la-reforma-laboral-un-juez-freno-un-articulo-que-reducia-pagos-en-juicios-laborales\/\" \/>\n<meta property=\"og:locale\" content=\"es_ES\" \/>\n<meta property=\"og:type\" content=\"article\" \/>\n<meta property=\"og:title\" content=\"Primer fallo contra la reforma laboral: un juez fren\u00f3 un art\u00edculo que reduc\u00eda pagos en juicios laborales - Noticias Radio Reflejos\" \/>\n<meta property=\"og:description\" content=\"Un juez laboral de C\u00f3rdoba declar\u00f3 inconstitucional el art\u00edculo 55 de la reforma laboral al considerar que el mecanismo de actualizaci\u00f3n de cr\u00e9ditos en juicios en tr\u00e1mite pod\u00eda reducir de forma significativa lo que cobran los trabajadores.\" \/>\n<meta property=\"og:url\" content=\"https:\/\/www.noticiasradioreflejos.com.ar\/2021\/primer-fallo-contra-la-reforma-laboral-un-juez-freno-un-articulo-que-reducia-pagos-en-juicios-laborales\/\" \/>\n<meta property=\"og:site_name\" content=\"Noticias Radio Reflejos\" \/>\n<meta property=\"article:published_time\" content=\"2026-03-13T11:03:37+00:00\" \/>\n<meta property=\"og:image\" content=\"https:\/\/www.noticiasradioreflejos.com.ar\/2021\/wp-content\/uploads\/2026\/03\/industria.webp\" \/>\n\t<meta property=\"og:image:width\" content=\"1200\" \/>\n\t<meta property=\"og:image:height\" content=\"675\" \/>\n\t<meta property=\"og:image:type\" content=\"image\/webp\" \/>\n<meta name=\"author\" content=\"Arnaldo Botto\" \/>\n<meta name=\"twitter:card\" content=\"summary_large_image\" \/>\n<script type=\"application\/ld+json\" class=\"yoast-schema-graph\">{\"@context\":\"https:\/\/schema.org\",\"@graph\":[{\"@type\":\"WebPage\",\"@id\":\"https:\/\/www.noticiasradioreflejos.com.ar\/2021\/primer-fallo-contra-la-reforma-laboral-un-juez-freno-un-articulo-que-reducia-pagos-en-juicios-laborales\/\",\"url\":\"https:\/\/www.noticiasradioreflejos.com.ar\/2021\/primer-fallo-contra-la-reforma-laboral-un-juez-freno-un-articulo-que-reducia-pagos-en-juicios-laborales\/\",\"name\":\"Primer fallo contra la reforma laboral: un juez fren\u00f3 un art\u00edculo que reduc\u00eda pagos en juicios laborales - Noticias Radio Reflejos\",\"isPartOf\":{\"@id\":\"https:\/\/www.noticiasradioreflejos.com.ar\/2021\/#website\"},\"primaryImageOfPage\":{\"@id\":\"https:\/\/www.noticiasradioreflejos.com.ar\/2021\/primer-fallo-contra-la-reforma-laboral-un-juez-freno-un-articulo-que-reducia-pagos-en-juicios-laborales\/#primaryimage\"},\"image\":{\"@id\":\"https:\/\/www.noticiasradioreflejos.com.ar\/2021\/primer-fallo-contra-la-reforma-laboral-un-juez-freno-un-articulo-que-reducia-pagos-en-juicios-laborales\/#primaryimage\"},\"thumbnailUrl\":\"https:\/\/www.noticiasradioreflejos.com.ar\/2021\/wp-content\/uploads\/2026\/03\/industria.webp\",\"datePublished\":\"2026-03-13T11:03:37+00:00\",\"author\":{\"@id\":\"https:\/\/www.noticiasradioreflejos.com.ar\/2021\/#\/schema\/person\/ad82545263dcc5ec0996818884fd5fb1\"},\"breadcrumb\":{\"@id\":\"https:\/\/www.noticiasradioreflejos.com.ar\/2021\/primer-fallo-contra-la-reforma-laboral-un-juez-freno-un-articulo-que-reducia-pagos-en-juicios-laborales\/#breadcrumb\"},\"inLanguage\":\"es\",\"potentialAction\":[{\"@type\":\"ReadAction\",\"target\":[\"https:\/\/www.noticiasradioreflejos.com.ar\/2021\/primer-fallo-contra-la-reforma-laboral-un-juez-freno-un-articulo-que-reducia-pagos-en-juicios-laborales\/\"]}]},{\"@type\":\"ImageObject\",\"inLanguage\":\"es\",\"@id\":\"https:\/\/www.noticiasradioreflejos.com.ar\/2021\/primer-fallo-contra-la-reforma-laboral-un-juez-freno-un-articulo-que-reducia-pagos-en-juicios-laborales\/#primaryimage\",\"url\":\"https:\/\/www.noticiasradioreflejos.com.ar\/2021\/wp-content\/uploads\/2026\/03\/industria.webp\",\"contentUrl\":\"https:\/\/www.noticiasradioreflejos.com.ar\/2021\/wp-content\/uploads\/2026\/03\/industria.webp\",\"width\":1200,\"height\":675},{\"@type\":\"BreadcrumbList\",\"@id\":\"https:\/\/www.noticiasradioreflejos.com.ar\/2021\/primer-fallo-contra-la-reforma-laboral-un-juez-freno-un-articulo-que-reducia-pagos-en-juicios-laborales\/#breadcrumb\",\"itemListElement\":[{\"@type\":\"ListItem\",\"position\":1,\"name\":\"Portada\",\"item\":\"https:\/\/www.noticiasradioreflejos.com.ar\/2021\/\"},{\"@type\":\"ListItem\",\"position\":2,\"name\":\"Primer fallo contra la reforma laboral: un juez fren\u00f3 un art\u00edculo que reduc\u00eda pagos en juicios laborales\"}]},{\"@type\":\"WebSite\",\"@id\":\"https:\/\/www.noticiasradioreflejos.com.ar\/2021\/#website\",\"url\":\"https:\/\/www.noticiasradioreflejos.com.ar\/2021\/\",\"name\":\"Noticias Radio Reflejos\",\"description\":\"Las noticias de mi comarca\",\"potentialAction\":[{\"@type\":\"SearchAction\",\"target\":{\"@type\":\"EntryPoint\",\"urlTemplate\":\"https:\/\/www.noticiasradioreflejos.com.ar\/2021\/?s={search_term_string}\"},\"query-input\":{\"@type\":\"PropertyValueSpecification\",\"valueRequired\":true,\"valueName\":\"search_term_string\"}}],\"inLanguage\":\"es\"},{\"@type\":\"Person\",\"@id\":\"https:\/\/www.noticiasradioreflejos.com.ar\/2021\/#\/schema\/person\/ad82545263dcc5ec0996818884fd5fb1\",\"name\":\"Arnaldo Botto\",\"image\":{\"@type\":\"ImageObject\",\"inLanguage\":\"es\",\"@id\":\"https:\/\/www.noticiasradioreflejos.com.ar\/2021\/#\/schema\/person\/image\/\",\"url\":\"https:\/\/secure.gravatar.com\/avatar\/55cb5e37c1efa326397366e6974cb338056df65cb50e7d64d1cf314e87504837?s=96&d=mm&r=g\",\"contentUrl\":\"https:\/\/secure.gravatar.com\/avatar\/55cb5e37c1efa326397366e6974cb338056df65cb50e7d64d1cf314e87504837?s=96&d=mm&r=g\",\"caption\":\"Arnaldo Botto\"},\"url\":\"https:\/\/www.noticiasradioreflejos.com.ar\/2021\/author\/arnaldo\/\"}]}<\/script>\n<!-- \/ Yoast SEO plugin. -->","yoast_head_json":{"title":"Primer fallo contra la reforma laboral: un juez fren\u00f3 un art\u00edculo que reduc\u00eda pagos en juicios laborales - Noticias Radio Reflejos","robots":{"index":"index","follow":"follow","max-snippet":"max-snippet:-1","max-image-preview":"max-image-preview:large","max-video-preview":"max-video-preview:-1"},"canonical":"https:\/\/www.noticiasradioreflejos.com.ar\/2021\/primer-fallo-contra-la-reforma-laboral-un-juez-freno-un-articulo-que-reducia-pagos-en-juicios-laborales\/","og_locale":"es_ES","og_type":"article","og_title":"Primer fallo contra la reforma laboral: un juez fren\u00f3 un art\u00edculo que reduc\u00eda pagos en juicios laborales - Noticias Radio Reflejos","og_description":"Un juez laboral de C\u00f3rdoba declar\u00f3 inconstitucional el art\u00edculo 55 de la reforma laboral al considerar que el mecanismo de actualizaci\u00f3n de cr\u00e9ditos en juicios en tr\u00e1mite pod\u00eda reducir de forma significativa lo que cobran los trabajadores.","og_url":"https:\/\/www.noticiasradioreflejos.com.ar\/2021\/primer-fallo-contra-la-reforma-laboral-un-juez-freno-un-articulo-que-reducia-pagos-en-juicios-laborales\/","og_site_name":"Noticias Radio Reflejos","article_published_time":"2026-03-13T11:03:37+00:00","og_image":[{"width":1200,"height":675,"url":"https:\/\/www.noticiasradioreflejos.com.ar\/2021\/wp-content\/uploads\/2026\/03\/industria.webp","type":"image\/webp"}],"author":"Arnaldo Botto","twitter_card":"summary_large_image","schema":{"@context":"https:\/\/schema.org","@graph":[{"@type":"WebPage","@id":"https:\/\/www.noticiasradioreflejos.com.ar\/2021\/primer-fallo-contra-la-reforma-laboral-un-juez-freno-un-articulo-que-reducia-pagos-en-juicios-laborales\/","url":"https:\/\/www.noticiasradioreflejos.com.ar\/2021\/primer-fallo-contra-la-reforma-laboral-un-juez-freno-un-articulo-que-reducia-pagos-en-juicios-laborales\/","name":"Primer fallo contra la reforma laboral: un juez fren\u00f3 un art\u00edculo que reduc\u00eda pagos en juicios laborales - Noticias Radio Reflejos","isPartOf":{"@id":"https:\/\/www.noticiasradioreflejos.com.ar\/2021\/#website"},"primaryImageOfPage":{"@id":"https:\/\/www.noticiasradioreflejos.com.ar\/2021\/primer-fallo-contra-la-reforma-laboral-un-juez-freno-un-articulo-que-reducia-pagos-en-juicios-laborales\/#primaryimage"},"image":{"@id":"https:\/\/www.noticiasradioreflejos.com.ar\/2021\/primer-fallo-contra-la-reforma-laboral-un-juez-freno-un-articulo-que-reducia-pagos-en-juicios-laborales\/#primaryimage"},"thumbnailUrl":"https:\/\/www.noticiasradioreflejos.com.ar\/2021\/wp-content\/uploads\/2026\/03\/industria.webp","datePublished":"2026-03-13T11:03:37+00:00","author":{"@id":"https:\/\/www.noticiasradioreflejos.com.ar\/2021\/#\/schema\/person\/ad82545263dcc5ec0996818884fd5fb1"},"breadcrumb":{"@id":"https:\/\/www.noticiasradioreflejos.com.ar\/2021\/primer-fallo-contra-la-reforma-laboral-un-juez-freno-un-articulo-que-reducia-pagos-en-juicios-laborales\/#breadcrumb"},"inLanguage":"es","potentialAction":[{"@type":"ReadAction","target":["https:\/\/www.noticiasradioreflejos.com.ar\/2021\/primer-fallo-contra-la-reforma-laboral-un-juez-freno-un-articulo-que-reducia-pagos-en-juicios-laborales\/"]}]},{"@type":"ImageObject","inLanguage":"es","@id":"https:\/\/www.noticiasradioreflejos.com.ar\/2021\/primer-fallo-contra-la-reforma-laboral-un-juez-freno-un-articulo-que-reducia-pagos-en-juicios-laborales\/#primaryimage","url":"https:\/\/www.noticiasradioreflejos.com.ar\/2021\/wp-content\/uploads\/2026\/03\/industria.webp","contentUrl":"https:\/\/www.noticiasradioreflejos.com.ar\/2021\/wp-content\/uploads\/2026\/03\/industria.webp","width":1200,"height":675},{"@type":"BreadcrumbList","@id":"https:\/\/www.noticiasradioreflejos.com.ar\/2021\/primer-fallo-contra-la-reforma-laboral-un-juez-freno-un-articulo-que-reducia-pagos-en-juicios-laborales\/#breadcrumb","itemListElement":[{"@type":"ListItem","position":1,"name":"Portada","item":"https:\/\/www.noticiasradioreflejos.com.ar\/2021\/"},{"@type":"ListItem","position":2,"name":"Primer fallo contra la reforma laboral: un juez fren\u00f3 un art\u00edculo que reduc\u00eda pagos en juicios laborales"}]},{"@type":"WebSite","@id":"https:\/\/www.noticiasradioreflejos.com.ar\/2021\/#website","url":"https:\/\/www.noticiasradioreflejos.com.ar\/2021\/","name":"Noticias Radio Reflejos","description":"Las noticias de mi comarca","potentialAction":[{"@type":"SearchAction","target":{"@type":"EntryPoint","urlTemplate":"https:\/\/www.noticiasradioreflejos.com.ar\/2021\/?s={search_term_string}"},"query-input":{"@type":"PropertyValueSpecification","valueRequired":true,"valueName":"search_term_string"}}],"inLanguage":"es"},{"@type":"Person","@id":"https:\/\/www.noticiasradioreflejos.com.ar\/2021\/#\/schema\/person\/ad82545263dcc5ec0996818884fd5fb1","name":"Arnaldo Botto","image":{"@type":"ImageObject","inLanguage":"es","@id":"https:\/\/www.noticiasradioreflejos.com.ar\/2021\/#\/schema\/person\/image\/","url":"https:\/\/secure.gravatar.com\/avatar\/55cb5e37c1efa326397366e6974cb338056df65cb50e7d64d1cf314e87504837?s=96&d=mm&r=g","contentUrl":"https:\/\/secure.gravatar.com\/avatar\/55cb5e37c1efa326397366e6974cb338056df65cb50e7d64d1cf314e87504837?s=96&d=mm&r=g","caption":"Arnaldo Botto"},"url":"https:\/\/www.noticiasradioreflejos.com.ar\/2021\/author\/arnaldo\/"}]}},"_links":{"self":[{"href":"https:\/\/www.noticiasradioreflejos.com.ar\/2021\/wp-json\/wp\/v2\/posts\/134024","targetHints":{"allow":["GET"]}}],"collection":[{"href":"https:\/\/www.noticiasradioreflejos.com.ar\/2021\/wp-json\/wp\/v2\/posts"}],"about":[{"href":"https:\/\/www.noticiasradioreflejos.com.ar\/2021\/wp-json\/wp\/v2\/types\/post"}],"author":[{"embeddable":true,"href":"https:\/\/www.noticiasradioreflejos.com.ar\/2021\/wp-json\/wp\/v2\/users\/3"}],"replies":[{"embeddable":true,"href":"https:\/\/www.noticiasradioreflejos.com.ar\/2021\/wp-json\/wp\/v2\/comments?post=134024"}],"version-history":[{"count":1,"href":"https:\/\/www.noticiasradioreflejos.com.ar\/2021\/wp-json\/wp\/v2\/posts\/134024\/revisions"}],"predecessor-version":[{"id":134026,"href":"https:\/\/www.noticiasradioreflejos.com.ar\/2021\/wp-json\/wp\/v2\/posts\/134024\/revisions\/134026"}],"wp:featuredmedia":[{"embeddable":true,"href":"https:\/\/www.noticiasradioreflejos.com.ar\/2021\/wp-json\/wp\/v2\/media\/134025"}],"wp:attachment":[{"href":"https:\/\/www.noticiasradioreflejos.com.ar\/2021\/wp-json\/wp\/v2\/media?parent=134024"}],"wp:term":[{"taxonomy":"category","embeddable":true,"href":"https:\/\/www.noticiasradioreflejos.com.ar\/2021\/wp-json\/wp\/v2\/categories?post=134024"},{"taxonomy":"post_tag","embeddable":true,"href":"https:\/\/www.noticiasradioreflejos.com.ar\/2021\/wp-json\/wp\/v2\/tags?post=134024"}],"curies":[{"name":"wp","href":"https:\/\/api.w.org\/{rel}","templated":true}]}}