{"id":134022,"date":"2026-03-13T07:45:00","date_gmt":"2026-03-13T10:45:00","guid":{"rendered":"https:\/\/www.noticiasradioreflejos.com.ar\/2021\/?p=134022"},"modified":"2026-03-13T07:45:00","modified_gmt":"2026-03-13T10:45:00","slug":"se-termina-el-buen-tiempo-el-fin-de-semana-llega-con-lluvias-y-tormentas-a-la-region-serrana","status":"publish","type":"post","link":"https:\/\/www.noticiasradioreflejos.com.ar\/2021\/se-termina-el-buen-tiempo-el-fin-de-semana-llega-con-lluvias-y-tormentas-a-la-region-serrana\/","title":{"rendered":"Se termina el buen tiempo: El fin de semana llega con lluvias y tormentas a la regi\u00f3n serrana"},"content":{"rendered":"<p>Tras varios d\u00edas de sol, la inestabilidad comienza a ganar terreno en Sierra de la Ventana y toda la comarca. El Servicio Meteorol\u00f3gico Nacional anticipa el ingreso de nubosidad a partir de este mediod\u00eda, marcando el inicio de un periodo de mal clima que se extender\u00e1 durante el s\u00e1bado y el domingo con precipitaciones moderadas y un leve ascenso de las temperaturas m\u00ednimas.<!--more--><\/p>\n<p data-path-to-node=\"4\">La jornada de este viernes ser\u00e1 muy diferente a las \u00faltimas que hemos tenido, ya que comienza a llegar la inestabilidad. El SMN anticipa nubosidad en aumento, que se dar\u00e1 en Sierra de la Ventana y el resto de la comarca a partir del mediod\u00eda. La temperatura m\u00ednima hoy registr\u00f3 <b data-path-to-node=\"4\" data-index-in-node=\"301\">15 grados<\/b> y la m\u00e1xima para hoy llegar\u00e1, en las sierras australes bonaerenses, a los <b data-path-to-node=\"4\" data-index-in-node=\"385\">26 grados<\/b>, con vientos que se mantendr\u00e1n leves del sector norte.<\/p>\n<h4 data-path-to-node=\"5\"><b data-path-to-node=\"5\" data-index-in-node=\"0\">S\u00e1bado de lluvias y tormentas<\/b><\/h4>\n<p data-path-to-node=\"6\">Para ma\u00f1ana s\u00e1bado se mantienen las condiciones de inestabilidad, con lluvias y tormentas aisladas. La temperatura tendr\u00e1 poca amplitud t\u00e9rmica, con una m\u00ednima de <b data-path-to-node=\"6\" data-index-in-node=\"163\">16 grados<\/b> y una m\u00e1xima de <b data-path-to-node=\"6\" data-index-in-node=\"189\">23 grados<\/b>. Las precipitaciones, que se esperan de intensidad suave a moderada, se mantendr\u00e1n desde la medianoche del viernes hasta el mediod\u00eda, retomando su actividad a partir de las \u00faltimas horas del s\u00e1bado.<\/p>\n<h4 data-path-to-node=\"7\"><b data-path-to-node=\"7\" data-index-in-node=\"0\">Continuidad del mal clima el domingo<\/b><\/h4>\n<p data-path-to-node=\"8\">El domingo continuar\u00e1 con mal clima, manteniendo las condiciones inestables y altas probabilidades de tormentas durante toda la jornada. En cuanto a las marcas t\u00e9rmicas, se espera que la temperatura m\u00ednima sea de <b data-path-to-node=\"8\" data-index-in-node=\"213\">17 grados<\/b>, mientras que la m\u00e1xima ascender\u00e1 hasta los <b data-path-to-node=\"8\" data-index-in-node=\"267\">28 grados<\/b>, generando un ambiente m\u00e1s pesado y h\u00famedo en todo el valle.<\/p>\n","protected":false},"excerpt":{"rendered":"<p>Tras varios d\u00edas de sol, la inestabilidad comienza a ganar terreno en Sierra de la Ventana y toda la comarca. El Servicio Meteorol\u00f3gico Nacional anticipa el ingreso de nubosidad a partir de este mediod\u00eda, marcando el inicio de un periodo de mal clima que se extender\u00e1 durante el s\u00e1bado y el domingo con precipitaciones moderadas [&hellip;]<\/p>\n","protected":false},"author":3,"featured_media":110183,"comment_status":"closed","ping_status":"closed","sticky":false,"template":"","format":"standard","meta":{"footnotes":""},"categories":[46],"tags":[48],"class_list":["post-134022","post","type-post","status-publish","format-standard","has-post-thumbnail","hentry","category-ciencia-y-tecnologia","tag-destacada"],"yoast_head":"<!-- This site is optimized with the Yoast SEO plugin v25.9 - https:\/\/yoast.com\/wordpress\/plugins\/seo\/ -->\n<title>Se termina el buen tiempo: El fin de semana llega con lluvias y tormentas a la regi\u00f3n serrana - Noticias Radio Reflejos<\/title>\n<meta name=\"robots\" content=\"index, follow, max-snippet:-1, max-image-preview:large, max-video-preview:-1\" \/>\n<link rel=\"canonical\" href=\"https:\/\/www.noticiasradioreflejos.com.ar\/2021\/se-termina-el-buen-tiempo-el-fin-de-semana-llega-con-lluvias-y-tormentas-a-la-region-serrana\/\" \/>\n<meta property=\"og:locale\" content=\"es_ES\" \/>\n<meta property=\"og:type\" content=\"article\" \/>\n<meta property=\"og:title\" content=\"Se termina el buen tiempo: El fin de semana llega con lluvias y tormentas a la regi\u00f3n serrana - Noticias Radio Reflejos\" \/>\n<meta property=\"og:description\" content=\"Tras varios d\u00edas de sol, la inestabilidad comienza a ganar terreno en Sierra de la Ventana y toda la comarca. El Servicio Meteorol\u00f3gico Nacional anticipa el ingreso de nubosidad a partir de este mediod\u00eda, marcando el inicio de un periodo de mal clima que se extender\u00e1 durante el s\u00e1bado y el domingo con precipitaciones moderadas [&hellip;]\" \/>\n<meta property=\"og:url\" content=\"https:\/\/www.noticiasradioreflejos.com.ar\/2021\/se-termina-el-buen-tiempo-el-fin-de-semana-llega-con-lluvias-y-tormentas-a-la-region-serrana\/\" \/>\n<meta property=\"og:site_name\" content=\"Noticias Radio Reflejos\" \/>\n<meta property=\"article:published_time\" content=\"2026-03-13T10:45:00+00:00\" \/>\n<meta property=\"og:image\" content=\"https:\/\/www.noticiasradioreflejos.com.ar\/2021\/wp-content\/uploads\/2024\/11\/tormentas-scaled.jpg\" \/>\n\t<meta property=\"og:image:width\" content=\"2560\" \/>\n\t<meta property=\"og:image:height\" content=\"1920\" \/>\n\t<meta property=\"og:image:type\" content=\"image\/jpeg\" \/>\n<meta name=\"author\" content=\"Arnaldo Botto\" \/>\n<meta name=\"twitter:card\" content=\"summary_large_image\" \/>\n<script type=\"application\/ld+json\" class=\"yoast-schema-graph\">{\"@context\":\"https:\/\/schema.org\",\"@graph\":[{\"@type\":\"WebPage\",\"@id\":\"https:\/\/www.noticiasradioreflejos.com.ar\/2021\/se-termina-el-buen-tiempo-el-fin-de-semana-llega-con-lluvias-y-tormentas-a-la-region-serrana\/\",\"url\":\"https:\/\/www.noticiasradioreflejos.com.ar\/2021\/se-termina-el-buen-tiempo-el-fin-de-semana-llega-con-lluvias-y-tormentas-a-la-region-serrana\/\",\"name\":\"Se termina el buen tiempo: El fin de semana llega con lluvias y tormentas a la regi\u00f3n serrana - Noticias Radio Reflejos\",\"isPartOf\":{\"@id\":\"https:\/\/www.noticiasradioreflejos.com.ar\/2021\/#website\"},\"primaryImageOfPage\":{\"@id\":\"https:\/\/www.noticiasradioreflejos.com.ar\/2021\/se-termina-el-buen-tiempo-el-fin-de-semana-llega-con-lluvias-y-tormentas-a-la-region-serrana\/#primaryimage\"},\"image\":{\"@id\":\"https:\/\/www.noticiasradioreflejos.com.ar\/2021\/se-termina-el-buen-tiempo-el-fin-de-semana-llega-con-lluvias-y-tormentas-a-la-region-serrana\/#primaryimage\"},\"thumbnailUrl\":\"https:\/\/www.noticiasradioreflejos.com.ar\/2021\/wp-content\/uploads\/2024\/11\/tormentas-scaled.jpg\",\"datePublished\":\"2026-03-13T10:45:00+00:00\",\"author\":{\"@id\":\"https:\/\/www.noticiasradioreflejos.com.ar\/2021\/#\/schema\/person\/ad82545263dcc5ec0996818884fd5fb1\"},\"breadcrumb\":{\"@id\":\"https:\/\/www.noticiasradioreflejos.com.ar\/2021\/se-termina-el-buen-tiempo-el-fin-de-semana-llega-con-lluvias-y-tormentas-a-la-region-serrana\/#breadcrumb\"},\"inLanguage\":\"es\",\"potentialAction\":[{\"@type\":\"ReadAction\",\"target\":[\"https:\/\/www.noticiasradioreflejos.com.ar\/2021\/se-termina-el-buen-tiempo-el-fin-de-semana-llega-con-lluvias-y-tormentas-a-la-region-serrana\/\"]}]},{\"@type\":\"ImageObject\",\"inLanguage\":\"es\",\"@id\":\"https:\/\/www.noticiasradioreflejos.com.ar\/2021\/se-termina-el-buen-tiempo-el-fin-de-semana-llega-con-lluvias-y-tormentas-a-la-region-serrana\/#primaryimage\",\"url\":\"https:\/\/www.noticiasradioreflejos.com.ar\/2021\/wp-content\/uploads\/2024\/11\/tormentas-scaled.jpg\",\"contentUrl\":\"https:\/\/www.noticiasradioreflejos.com.ar\/2021\/wp-content\/uploads\/2024\/11\/tormentas-scaled.jpg\",\"width\":2560,\"height\":1920},{\"@type\":\"BreadcrumbList\",\"@id\":\"https:\/\/www.noticiasradioreflejos.com.ar\/2021\/se-termina-el-buen-tiempo-el-fin-de-semana-llega-con-lluvias-y-tormentas-a-la-region-serrana\/#breadcrumb\",\"itemListElement\":[{\"@type\":\"ListItem\",\"position\":1,\"name\":\"Portada\",\"item\":\"https:\/\/www.noticiasradioreflejos.com.ar\/2021\/\"},{\"@type\":\"ListItem\",\"position\":2,\"name\":\"Se termina el buen tiempo: El fin de semana llega con lluvias y tormentas a la regi\u00f3n serrana\"}]},{\"@type\":\"WebSite\",\"@id\":\"https:\/\/www.noticiasradioreflejos.com.ar\/2021\/#website\",\"url\":\"https:\/\/www.noticiasradioreflejos.com.ar\/2021\/\",\"name\":\"Noticias Radio Reflejos\",\"description\":\"Las noticias de mi comarca\",\"potentialAction\":[{\"@type\":\"SearchAction\",\"target\":{\"@type\":\"EntryPoint\",\"urlTemplate\":\"https:\/\/www.noticiasradioreflejos.com.ar\/2021\/?s={search_term_string}\"},\"query-input\":{\"@type\":\"PropertyValueSpecification\",\"valueRequired\":true,\"valueName\":\"search_term_string\"}}],\"inLanguage\":\"es\"},{\"@type\":\"Person\",\"@id\":\"https:\/\/www.noticiasradioreflejos.com.ar\/2021\/#\/schema\/person\/ad82545263dcc5ec0996818884fd5fb1\",\"name\":\"Arnaldo Botto\",\"image\":{\"@type\":\"ImageObject\",\"inLanguage\":\"es\",\"@id\":\"https:\/\/www.noticiasradioreflejos.com.ar\/2021\/#\/schema\/person\/image\/\",\"url\":\"https:\/\/secure.gravatar.com\/avatar\/55cb5e37c1efa326397366e6974cb338056df65cb50e7d64d1cf314e87504837?s=96&d=mm&r=g\",\"contentUrl\":\"https:\/\/secure.gravatar.com\/avatar\/55cb5e37c1efa326397366e6974cb338056df65cb50e7d64d1cf314e87504837?s=96&d=mm&r=g\",\"caption\":\"Arnaldo Botto\"},\"url\":\"https:\/\/www.noticiasradioreflejos.com.ar\/2021\/author\/arnaldo\/\"}]}<\/script>\n<!-- \/ Yoast SEO plugin. -->","yoast_head_json":{"title":"Se termina el buen tiempo: El fin de semana llega con lluvias y tormentas a la regi\u00f3n serrana - Noticias Radio Reflejos","robots":{"index":"index","follow":"follow","max-snippet":"max-snippet:-1","max-image-preview":"max-image-preview:large","max-video-preview":"max-video-preview:-1"},"canonical":"https:\/\/www.noticiasradioreflejos.com.ar\/2021\/se-termina-el-buen-tiempo-el-fin-de-semana-llega-con-lluvias-y-tormentas-a-la-region-serrana\/","og_locale":"es_ES","og_type":"article","og_title":"Se termina el buen tiempo: El fin de semana llega con lluvias y tormentas a la regi\u00f3n serrana - Noticias Radio Reflejos","og_description":"Tras varios d\u00edas de sol, la inestabilidad comienza a ganar terreno en Sierra de la Ventana y toda la comarca. El Servicio Meteorol\u00f3gico Nacional anticipa el ingreso de nubosidad a partir de este mediod\u00eda, marcando el inicio de un periodo de mal clima que se extender\u00e1 durante el s\u00e1bado y el domingo con precipitaciones moderadas [&hellip;]","og_url":"https:\/\/www.noticiasradioreflejos.com.ar\/2021\/se-termina-el-buen-tiempo-el-fin-de-semana-llega-con-lluvias-y-tormentas-a-la-region-serrana\/","og_site_name":"Noticias Radio Reflejos","article_published_time":"2026-03-13T10:45:00+00:00","og_image":[{"width":2560,"height":1920,"url":"https:\/\/www.noticiasradioreflejos.com.ar\/2021\/wp-content\/uploads\/2024\/11\/tormentas-scaled.jpg","type":"image\/jpeg"}],"author":"Arnaldo Botto","twitter_card":"summary_large_image","schema":{"@context":"https:\/\/schema.org","@graph":[{"@type":"WebPage","@id":"https:\/\/www.noticiasradioreflejos.com.ar\/2021\/se-termina-el-buen-tiempo-el-fin-de-semana-llega-con-lluvias-y-tormentas-a-la-region-serrana\/","url":"https:\/\/www.noticiasradioreflejos.com.ar\/2021\/se-termina-el-buen-tiempo-el-fin-de-semana-llega-con-lluvias-y-tormentas-a-la-region-serrana\/","name":"Se termina el buen tiempo: El fin de semana llega con lluvias y tormentas a la regi\u00f3n serrana - Noticias Radio Reflejos","isPartOf":{"@id":"https:\/\/www.noticiasradioreflejos.com.ar\/2021\/#website"},"primaryImageOfPage":{"@id":"https:\/\/www.noticiasradioreflejos.com.ar\/2021\/se-termina-el-buen-tiempo-el-fin-de-semana-llega-con-lluvias-y-tormentas-a-la-region-serrana\/#primaryimage"},"image":{"@id":"https:\/\/www.noticiasradioreflejos.com.ar\/2021\/se-termina-el-buen-tiempo-el-fin-de-semana-llega-con-lluvias-y-tormentas-a-la-region-serrana\/#primaryimage"},"thumbnailUrl":"https:\/\/www.noticiasradioreflejos.com.ar\/2021\/wp-content\/uploads\/2024\/11\/tormentas-scaled.jpg","datePublished":"2026-03-13T10:45:00+00:00","author":{"@id":"https:\/\/www.noticiasradioreflejos.com.ar\/2021\/#\/schema\/person\/ad82545263dcc5ec0996818884fd5fb1"},"breadcrumb":{"@id":"https:\/\/www.noticiasradioreflejos.com.ar\/2021\/se-termina-el-buen-tiempo-el-fin-de-semana-llega-con-lluvias-y-tormentas-a-la-region-serrana\/#breadcrumb"},"inLanguage":"es","potentialAction":[{"@type":"ReadAction","target":["https:\/\/www.noticiasradioreflejos.com.ar\/2021\/se-termina-el-buen-tiempo-el-fin-de-semana-llega-con-lluvias-y-tormentas-a-la-region-serrana\/"]}]},{"@type":"ImageObject","inLanguage":"es","@id":"https:\/\/www.noticiasradioreflejos.com.ar\/2021\/se-termina-el-buen-tiempo-el-fin-de-semana-llega-con-lluvias-y-tormentas-a-la-region-serrana\/#primaryimage","url":"https:\/\/www.noticiasradioreflejos.com.ar\/2021\/wp-content\/uploads\/2024\/11\/tormentas-scaled.jpg","contentUrl":"https:\/\/www.noticiasradioreflejos.com.ar\/2021\/wp-content\/uploads\/2024\/11\/tormentas-scaled.jpg","width":2560,"height":1920},{"@type":"BreadcrumbList","@id":"https:\/\/www.noticiasradioreflejos.com.ar\/2021\/se-termina-el-buen-tiempo-el-fin-de-semana-llega-con-lluvias-y-tormentas-a-la-region-serrana\/#breadcrumb","itemListElement":[{"@type":"ListItem","position":1,"name":"Portada","item":"https:\/\/www.noticiasradioreflejos.com.ar\/2021\/"},{"@type":"ListItem","position":2,"name":"Se termina el buen tiempo: El fin de semana llega con lluvias y tormentas a la regi\u00f3n serrana"}]},{"@type":"WebSite","@id":"https:\/\/www.noticiasradioreflejos.com.ar\/2021\/#website","url":"https:\/\/www.noticiasradioreflejos.com.ar\/2021\/","name":"Noticias Radio Reflejos","description":"Las noticias de mi comarca","potentialAction":[{"@type":"SearchAction","target":{"@type":"EntryPoint","urlTemplate":"https:\/\/www.noticiasradioreflejos.com.ar\/2021\/?s={search_term_string}"},"query-input":{"@type":"PropertyValueSpecification","valueRequired":true,"valueName":"search_term_string"}}],"inLanguage":"es"},{"@type":"Person","@id":"https:\/\/www.noticiasradioreflejos.com.ar\/2021\/#\/schema\/person\/ad82545263dcc5ec0996818884fd5fb1","name":"Arnaldo Botto","image":{"@type":"ImageObject","inLanguage":"es","@id":"https:\/\/www.noticiasradioreflejos.com.ar\/2021\/#\/schema\/person\/image\/","url":"https:\/\/secure.gravatar.com\/avatar\/55cb5e37c1efa326397366e6974cb338056df65cb50e7d64d1cf314e87504837?s=96&d=mm&r=g","contentUrl":"https:\/\/secure.gravatar.com\/avatar\/55cb5e37c1efa326397366e6974cb338056df65cb50e7d64d1cf314e87504837?s=96&d=mm&r=g","caption":"Arnaldo Botto"},"url":"https:\/\/www.noticiasradioreflejos.com.ar\/2021\/author\/arnaldo\/"}]}},"_links":{"self":[{"href":"https:\/\/www.noticiasradioreflejos.com.ar\/2021\/wp-json\/wp\/v2\/posts\/134022","targetHints":{"allow":["GET"]}}],"collection":[{"href":"https:\/\/www.noticiasradioreflejos.com.ar\/2021\/wp-json\/wp\/v2\/posts"}],"about":[{"href":"https:\/\/www.noticiasradioreflejos.com.ar\/2021\/wp-json\/wp\/v2\/types\/post"}],"author":[{"embeddable":true,"href":"https:\/\/www.noticiasradioreflejos.com.ar\/2021\/wp-json\/wp\/v2\/users\/3"}],"replies":[{"embeddable":true,"href":"https:\/\/www.noticiasradioreflejos.com.ar\/2021\/wp-json\/wp\/v2\/comments?post=134022"}],"version-history":[{"count":1,"href":"https:\/\/www.noticiasradioreflejos.com.ar\/2021\/wp-json\/wp\/v2\/posts\/134022\/revisions"}],"predecessor-version":[{"id":134023,"href":"https:\/\/www.noticiasradioreflejos.com.ar\/2021\/wp-json\/wp\/v2\/posts\/134022\/revisions\/134023"}],"wp:featuredmedia":[{"embeddable":true,"href":"https:\/\/www.noticiasradioreflejos.com.ar\/2021\/wp-json\/wp\/v2\/media\/110183"}],"wp:attachment":[{"href":"https:\/\/www.noticiasradioreflejos.com.ar\/2021\/wp-json\/wp\/v2\/media?parent=134022"}],"wp:term":[{"taxonomy":"category","embeddable":true,"href":"https:\/\/www.noticiasradioreflejos.com.ar\/2021\/wp-json\/wp\/v2\/categories?post=134022"},{"taxonomy":"post_tag","embeddable":true,"href":"https:\/\/www.noticiasradioreflejos.com.ar\/2021\/wp-json\/wp\/v2\/tags?post=134022"}],"curies":[{"name":"wp","href":"https:\/\/api.w.org\/{rel}","templated":true}]}}