{"id":134019,"date":"2026-03-13T07:34:33","date_gmt":"2026-03-13T10:34:33","guid":{"rendered":"https:\/\/www.noticiasradioreflejos.com.ar\/2021\/?p=134019"},"modified":"2026-03-13T07:34:33","modified_gmt":"2026-03-13T10:34:33","slug":"la-amenaza-que-mas-preocupa-el-punto-debil-del-golfo-persico-esta-en-el-agua-y-la-cia-lo-teme-desde-hace-40-anos","status":"publish","type":"post","link":"https:\/\/www.noticiasradioreflejos.com.ar\/2021\/la-amenaza-que-mas-preocupa-el-punto-debil-del-golfo-persico-esta-en-el-agua-y-la-cia-lo-teme-desde-hace-40-anos\/","title":{"rendered":"La amenaza que m\u00e1s preocupa: el punto d\u00e9bil del golfo P\u00e9rsico est\u00e1 en el agua y la CIA lo teme desde hace 40 a\u00f1os"},"content":{"rendered":"<p>Los recientes ataques a plantas de varios pa\u00edses provocaron el temor a una escalada que deje a Medio Oriente sin agua potable: Ir\u00e1n est\u00e1 en una situaci\u00f3n cr\u00edtica por sequ\u00eda y en Arabia Saudita Om\u00e1n o Kuwait m\u00e1s del 70% del consumo procede de desalinizadoras<!--more--><br \/>\nEn 1983, la CIA concluy\u00f3 que el bien m\u00e1s preciado del Golfo era el agua potable desalinizada. Aunque la p\u00e9rdida de una sola planta desalinizadora se podr\u00eda soportar, se\u00f1alaba un informe del espionaje estadounidense, \u201c[si se diesen] ataques efectivos contra varias plantas se podr\u00eda generar una crisis nacional en los pa\u00edses m\u00e1s dependientes, que provocar\u00edan disturbios y huidas masivas del pa\u00eds\u201d.<\/p>\n<p class=\"article-text\"><strong>\u00bfY cu\u00e1l era la mayor amenaza para el suministro de agua en la regi\u00f3n? \u201cIr\u00e1n\u201d.<\/strong><\/p>\n<p class=\"article-text\">Por eso, cuatro d\u00e9cadas despu\u00e9s, el mundo contuvo la respiraci\u00f3n al escuchar las declaraciones del s\u00e1bado del ministro de Asuntos Exteriores de Ir\u00e1n, Abbas Araghchi. Acus\u00f3 a Estados Unidos de cometer \u201cun crimen flagrante y desesperado\u201d al atacar la planta desalinizadora de la isla iran\u00ed de Qeshm (en el estrecho de Ormuz). \u201cFue Estados Unidos quien sent\u00f3 este precedente, no Ir\u00e1n\u201d, a\u00f1adi\u00f3.<\/p>\n<p class=\"article-text\">Mientras EE.UU. negaba toda responsabilidad, un d\u00eda despu\u00e9s, Bar\u00e9in anunciaba al otro lado del Golfo que una de sus plantas desalinizadoras hab\u00eda sido atacada. El presunto culpable: \u201cLa agresi\u00f3n iran\u00ed\u201d.<\/p>\n<p class=\"article-text\">A partir de ese momento, justo cuando las ciudades e industrias de la regi\u00f3n parec\u00edan a punto de desmoronarse en una espiral de ataques mutuos contra infraestructuras hidr\u00e1ulicas clave, cesaron los ataques contra las plantas desalinizadoras. \u00bfQu\u00e9 pas\u00f3?<\/p>\n<h2 class=\"article-text\">M\u00e1s petr\u00f3leo, menos agua<\/h2>\n<p class=\"article-text\">El agua potable siempre fue un bien escaso en el Golfo. Las precipitaciones en Medio Oriente son escasas y muy variables, y en casi ninguno de los pa\u00edses hay r\u00edos grandes y permanentes capaces de satisfacer las necesidades h\u00eddricas.<\/p>\n<p class=\"article-text\">La regi\u00f3n se las hab\u00eda arreglado hist\u00f3ricamente con sus limitados recursos h\u00eddricos subterr\u00e1neos. Pero a partir de la d\u00e9cada de los 50, y a medida que crec\u00eda la industria petrolera, la demanda pronto super\u00f3 a la oferta. Con los acu\u00edferos deteriorados, para satisfacer las necesidades h\u00eddricas de los pa\u00edses en r\u00e1pido desarrollo de la regi\u00f3n hubo que recurrir a la desalinizaci\u00f3n, es decir, transformar el agua de mar en potable.<\/p>\n<p class=\"article-text\">El 70% del agua potable de Arabia Saudita procede de plantas desalinizadoras, seg\u00fan los \u00faltimos datos. Este porcentaje asciende al 86% en el caso de Om\u00e1n; al 42% en Emiratos \u00c1rabes Unidos; y al 90% en Kuwait. Incluso Israel, que tiene acceso al r\u00edo Jord\u00e1n, depende de cinco grandes plantas desalinizadoras en la costa para la mitad de su agua potable.<\/p>\n<blockquote class=\"quote\">\n<div class=\"quote-wrapper\">\n<div class=\"first-quote\"><\/div>\n<p class=\"quote-text\">Atacar las plantas desalinizadoras podr\u00eda provocar r\u00e1pidamente escasez de agua en varios estados del golfo P\u00e9rsico<\/p>\n<div class=\"quote-author\"><span class=\"name\">Nima Shokri<\/span>\u00a0\u2014\u00a0Director del Instituto de Geohidroinform\u00e1tica de la Universidad Tecnol\u00f3gica de Hamburgo<\/div>\n<\/div>\n<\/blockquote>\n<p class=\"article-text\">Medio Oriente representa en conjunto el 40% de la producci\u00f3n mundial de agua desalinizada, aproximadamente. La capacidad total de desalinizaci\u00f3n en la zona es de 28,96 millones de metros c\u00fabicos de agua diarios.<\/p>\n<p class=\"article-text\">\u201cLas ciudades modernas de varios pa\u00edses del golfo P\u00e9rsico simplemente no funcionar\u00edan sin la desalinizaci\u00f3n\u201d, dice Nima Shokri, director del Instituto de Geohidroinform\u00e1tica de la Universidad Tecnol\u00f3gica de Hamburgo. Igual que en 1983, los analistas de 2026 se\u00f1alan que Ir\u00e1n podr\u00eda usar este crucial tal\u00f3n de Aquiles de la infraestructura contra sus vecinos \u00e1rabes.<\/p>\n<p class=\"article-text\">\u201cAtacar las plantas desalinizadoras podr\u00eda provocar r\u00e1pidamente escasez de agua en varios estados del golfo P\u00e9rsico\u201d, advierte Shokri. \u201cMuchas ciudades dependen de un n\u00famero reducido de grandes plantas costeras, por lo que un ataque eficaz podr\u00eda interrumpir el suministro de agua potable en cuesti\u00f3n de d\u00edas\u201d, detalla.<\/p>\n<p class=\"article-text\">\u201cEstas plantas no pueden sustituirse ni repararse f\u00e1cilmente, a diferencia de las instalaciones petroleras; en casos extremos, los gobiernos podr\u00edan verse obligados a racionar el agua para ciudades enteras\u201d, a\u00f1ade.<\/p>\n<p class=\"article-text\">Los da\u00f1os a las plantas desalinizadoras tambi\u00e9n tendr\u00edan consecuencias medioambientales. Los ataques podr\u00edan liberar sustancias qu\u00edmicas como hipoclorito de sodio, cloruro f\u00e9rrico y \u00e1cido sulf\u00farico, seg\u00fan el Observatorio de Conflictos y Medio Ambiente.<\/p>\n<p class=\"article-text\">Pero desde la agresi\u00f3n con drones a Bar\u00e9in el domingo no hubo m\u00e1s ataques contra desalinizadoras. Seg\u00fan Shokri, podr\u00eda deberse a una \u201cestrategia de moderaci\u00f3n\u201d. \u201cLas plantas desalinizadoras son infraestructuras civiles clave y atacarlas tiene graves consecuencias humanitarias\u201d, explica. \u201cUna escalada de ataques contra los sistemas de abastecimiento de agua podr\u00eda ampliar el conflicto y suscitar la condena internacional\u201d, a\u00f1ade.<\/p>\n<h2 class=\"article-text\">Los problemas h\u00eddricos de Ir\u00e1n<\/h2>\n<p class=\"article-text\">Aunque no depende tanto de la desalinizaci\u00f3n, Ir\u00e1n tambi\u00e9n tiene sus problemas con el agua. Lleva a\u00f1os luchando contra una sequ\u00eda que, seg\u00fan coinciden los expertos, se vio considerablemente agravada por la cat\u00e1strofe clim\u00e1tica que est\u00e1 provocando por el ser humano.<\/p>\n<p class=\"article-text\">\u201cIr\u00e1n ya se enfrenta a una grave escasez de agua debido a la sequ\u00eda, a la sobreexplotaci\u00f3n del agua subterr\u00e1nea y a la disminuci\u00f3n en el caudal de los r\u00edos\u201d, dice Shokri. Los ataques de represalia contra su propia infraestructura h\u00eddrica podr\u00edan agravar esas dificultades. \u201cLos da\u00f1os a embalses, a estaciones de bombeo o a plantas de tratamiento de aguas podr\u00edan agravar la escasez existente\u201d.<\/p>\n<p class=\"article-text\">El informe de 1983 de la CIA recog\u00eda una promesa de Teher\u00e1n a sus vecinos \u00e1rabes: no ir\u00eda contra sus plantas desalinizadoras. No est\u00e1 claro si la promesa sigue en pie cuatro d\u00e9cadas despu\u00e9s.<\/p>\n<div id=\"container-after-news-outlook\"><\/div>\n<p class=\"article-text\">Despu\u00e9s de que el secretario de Defensa de Estados Unidos, Pete Hegseth, amenazara el martes con proceder al \u201cd\u00eda de ataques m\u00e1s intensos\u201d de la guerra, Mohammad Bagher Ghalibaf, presidente del Parlamento iran\u00ed, afirm\u00f3 que la pol\u00edtica de Ir\u00e1n en esta guerra es la de \u201cojo por ojo\u201d. \u201cSi inician una guerra contra nuestras infraestructuras, sin duda atacaremos las suyas\u201d, avis\u00f3.<\/p>\n<p class=\"article-text\"><strong>Damien Gayle &#8211; Traducci\u00f3n de Francisco de Z\u00e1rate. elDiarioAR<\/strong><\/p>\n","protected":false},"excerpt":{"rendered":"<p>Los recientes ataques a plantas de varios pa\u00edses provocaron el temor a una escalada que deje a Medio Oriente sin agua potable: Ir\u00e1n est\u00e1 en una situaci\u00f3n cr\u00edtica por sequ\u00eda y en Arabia Saudita Om\u00e1n o Kuwait m\u00e1s del 70% del consumo procede de desalinizadoras<\/p>\n","protected":false},"author":3,"featured_media":134020,"comment_status":"closed","ping_status":"closed","sticky":false,"template":"","format":"standard","meta":{"footnotes":""},"categories":[24],"tags":[],"class_list":["post-134019","post","type-post","status-publish","format-standard","has-post-thumbnail","hentry","category-politica"],"yoast_head":"<!-- This site is optimized with the Yoast SEO plugin v25.9 - https:\/\/yoast.com\/wordpress\/plugins\/seo\/ -->\n<title>La amenaza que m\u00e1s preocupa: el punto d\u00e9bil del golfo P\u00e9rsico est\u00e1 en el agua y la CIA lo teme desde hace 40 a\u00f1os - Noticias Radio Reflejos<\/title>\n<meta name=\"robots\" content=\"index, follow, max-snippet:-1, max-image-preview:large, max-video-preview:-1\" \/>\n<link rel=\"canonical\" href=\"https:\/\/www.noticiasradioreflejos.com.ar\/2021\/la-amenaza-que-mas-preocupa-el-punto-debil-del-golfo-persico-esta-en-el-agua-y-la-cia-lo-teme-desde-hace-40-anos\/\" \/>\n<meta property=\"og:locale\" content=\"es_ES\" \/>\n<meta property=\"og:type\" content=\"article\" \/>\n<meta property=\"og:title\" content=\"La amenaza que m\u00e1s preocupa: el punto d\u00e9bil del golfo P\u00e9rsico est\u00e1 en el agua y la CIA lo teme desde hace 40 a\u00f1os - Noticias Radio Reflejos\" \/>\n<meta property=\"og:description\" content=\"Los recientes ataques a plantas de varios pa\u00edses provocaron el temor a una escalada que deje a Medio Oriente sin agua potable: Ir\u00e1n est\u00e1 en una situaci\u00f3n cr\u00edtica por sequ\u00eda y en Arabia Saudita Om\u00e1n o Kuwait m\u00e1s del 70% del consumo procede de desalinizadoras\" \/>\n<meta property=\"og:url\" content=\"https:\/\/www.noticiasradioreflejos.com.ar\/2021\/la-amenaza-que-mas-preocupa-el-punto-debil-del-golfo-persico-esta-en-el-agua-y-la-cia-lo-teme-desde-hace-40-anos\/\" \/>\n<meta property=\"og:site_name\" content=\"Noticias Radio Reflejos\" \/>\n<meta property=\"article:published_time\" content=\"2026-03-13T10:34:33+00:00\" \/>\n<meta property=\"og:image\" content=\"https:\/\/www.noticiasradioreflejos.com.ar\/2021\/wp-content\/uploads\/2026\/03\/planta-desalninisadora.webp\" \/>\n\t<meta property=\"og:image:width\" content=\"1200\" \/>\n\t<meta property=\"og:image:height\" content=\"675\" \/>\n\t<meta property=\"og:image:type\" content=\"image\/webp\" \/>\n<meta name=\"author\" content=\"Arnaldo Botto\" \/>\n<meta name=\"twitter:card\" content=\"summary_large_image\" \/>\n<script type=\"application\/ld+json\" class=\"yoast-schema-graph\">{\"@context\":\"https:\/\/schema.org\",\"@graph\":[{\"@type\":\"WebPage\",\"@id\":\"https:\/\/www.noticiasradioreflejos.com.ar\/2021\/la-amenaza-que-mas-preocupa-el-punto-debil-del-golfo-persico-esta-en-el-agua-y-la-cia-lo-teme-desde-hace-40-anos\/\",\"url\":\"https:\/\/www.noticiasradioreflejos.com.ar\/2021\/la-amenaza-que-mas-preocupa-el-punto-debil-del-golfo-persico-esta-en-el-agua-y-la-cia-lo-teme-desde-hace-40-anos\/\",\"name\":\"La amenaza que m\u00e1s preocupa: el punto d\u00e9bil del golfo P\u00e9rsico est\u00e1 en el agua y la CIA lo teme desde hace 40 a\u00f1os - Noticias Radio Reflejos\",\"isPartOf\":{\"@id\":\"https:\/\/www.noticiasradioreflejos.com.ar\/2021\/#website\"},\"primaryImageOfPage\":{\"@id\":\"https:\/\/www.noticiasradioreflejos.com.ar\/2021\/la-amenaza-que-mas-preocupa-el-punto-debil-del-golfo-persico-esta-en-el-agua-y-la-cia-lo-teme-desde-hace-40-anos\/#primaryimage\"},\"image\":{\"@id\":\"https:\/\/www.noticiasradioreflejos.com.ar\/2021\/la-amenaza-que-mas-preocupa-el-punto-debil-del-golfo-persico-esta-en-el-agua-y-la-cia-lo-teme-desde-hace-40-anos\/#primaryimage\"},\"thumbnailUrl\":\"https:\/\/www.noticiasradioreflejos.com.ar\/2021\/wp-content\/uploads\/2026\/03\/planta-desalninisadora.webp\",\"datePublished\":\"2026-03-13T10:34:33+00:00\",\"author\":{\"@id\":\"https:\/\/www.noticiasradioreflejos.com.ar\/2021\/#\/schema\/person\/ad82545263dcc5ec0996818884fd5fb1\"},\"breadcrumb\":{\"@id\":\"https:\/\/www.noticiasradioreflejos.com.ar\/2021\/la-amenaza-que-mas-preocupa-el-punto-debil-del-golfo-persico-esta-en-el-agua-y-la-cia-lo-teme-desde-hace-40-anos\/#breadcrumb\"},\"inLanguage\":\"es\",\"potentialAction\":[{\"@type\":\"ReadAction\",\"target\":[\"https:\/\/www.noticiasradioreflejos.com.ar\/2021\/la-amenaza-que-mas-preocupa-el-punto-debil-del-golfo-persico-esta-en-el-agua-y-la-cia-lo-teme-desde-hace-40-anos\/\"]}]},{\"@type\":\"ImageObject\",\"inLanguage\":\"es\",\"@id\":\"https:\/\/www.noticiasradioreflejos.com.ar\/2021\/la-amenaza-que-mas-preocupa-el-punto-debil-del-golfo-persico-esta-en-el-agua-y-la-cia-lo-teme-desde-hace-40-anos\/#primaryimage\",\"url\":\"https:\/\/www.noticiasradioreflejos.com.ar\/2021\/wp-content\/uploads\/2026\/03\/planta-desalninisadora.webp\",\"contentUrl\":\"https:\/\/www.noticiasradioreflejos.com.ar\/2021\/wp-content\/uploads\/2026\/03\/planta-desalninisadora.webp\",\"width\":1200,\"height\":675},{\"@type\":\"BreadcrumbList\",\"@id\":\"https:\/\/www.noticiasradioreflejos.com.ar\/2021\/la-amenaza-que-mas-preocupa-el-punto-debil-del-golfo-persico-esta-en-el-agua-y-la-cia-lo-teme-desde-hace-40-anos\/#breadcrumb\",\"itemListElement\":[{\"@type\":\"ListItem\",\"position\":1,\"name\":\"Portada\",\"item\":\"https:\/\/www.noticiasradioreflejos.com.ar\/2021\/\"},{\"@type\":\"ListItem\",\"position\":2,\"name\":\"La amenaza que m\u00e1s preocupa: el punto d\u00e9bil del golfo P\u00e9rsico est\u00e1 en el agua y la CIA lo teme desde hace 40 a\u00f1os\"}]},{\"@type\":\"WebSite\",\"@id\":\"https:\/\/www.noticiasradioreflejos.com.ar\/2021\/#website\",\"url\":\"https:\/\/www.noticiasradioreflejos.com.ar\/2021\/\",\"name\":\"Noticias Radio Reflejos\",\"description\":\"Las noticias de mi comarca\",\"potentialAction\":[{\"@type\":\"SearchAction\",\"target\":{\"@type\":\"EntryPoint\",\"urlTemplate\":\"https:\/\/www.noticiasradioreflejos.com.ar\/2021\/?s={search_term_string}\"},\"query-input\":{\"@type\":\"PropertyValueSpecification\",\"valueRequired\":true,\"valueName\":\"search_term_string\"}}],\"inLanguage\":\"es\"},{\"@type\":\"Person\",\"@id\":\"https:\/\/www.noticiasradioreflejos.com.ar\/2021\/#\/schema\/person\/ad82545263dcc5ec0996818884fd5fb1\",\"name\":\"Arnaldo Botto\",\"image\":{\"@type\":\"ImageObject\",\"inLanguage\":\"es\",\"@id\":\"https:\/\/www.noticiasradioreflejos.com.ar\/2021\/#\/schema\/person\/image\/\",\"url\":\"https:\/\/secure.gravatar.com\/avatar\/55cb5e37c1efa326397366e6974cb338056df65cb50e7d64d1cf314e87504837?s=96&d=mm&r=g\",\"contentUrl\":\"https:\/\/secure.gravatar.com\/avatar\/55cb5e37c1efa326397366e6974cb338056df65cb50e7d64d1cf314e87504837?s=96&d=mm&r=g\",\"caption\":\"Arnaldo Botto\"},\"url\":\"https:\/\/www.noticiasradioreflejos.com.ar\/2021\/author\/arnaldo\/\"}]}<\/script>\n<!-- \/ Yoast SEO plugin. -->","yoast_head_json":{"title":"La amenaza que m\u00e1s preocupa: el punto d\u00e9bil del golfo P\u00e9rsico est\u00e1 en el agua y la CIA lo teme desde hace 40 a\u00f1os - Noticias Radio Reflejos","robots":{"index":"index","follow":"follow","max-snippet":"max-snippet:-1","max-image-preview":"max-image-preview:large","max-video-preview":"max-video-preview:-1"},"canonical":"https:\/\/www.noticiasradioreflejos.com.ar\/2021\/la-amenaza-que-mas-preocupa-el-punto-debil-del-golfo-persico-esta-en-el-agua-y-la-cia-lo-teme-desde-hace-40-anos\/","og_locale":"es_ES","og_type":"article","og_title":"La amenaza que m\u00e1s preocupa: el punto d\u00e9bil del golfo P\u00e9rsico est\u00e1 en el agua y la CIA lo teme desde hace 40 a\u00f1os - Noticias Radio Reflejos","og_description":"Los recientes ataques a plantas de varios pa\u00edses provocaron el temor a una escalada que deje a Medio Oriente sin agua potable: Ir\u00e1n est\u00e1 en una situaci\u00f3n cr\u00edtica por sequ\u00eda y en Arabia Saudita Om\u00e1n o Kuwait m\u00e1s del 70% del consumo procede de desalinizadoras","og_url":"https:\/\/www.noticiasradioreflejos.com.ar\/2021\/la-amenaza-que-mas-preocupa-el-punto-debil-del-golfo-persico-esta-en-el-agua-y-la-cia-lo-teme-desde-hace-40-anos\/","og_site_name":"Noticias Radio Reflejos","article_published_time":"2026-03-13T10:34:33+00:00","og_image":[{"width":1200,"height":675,"url":"https:\/\/www.noticiasradioreflejos.com.ar\/2021\/wp-content\/uploads\/2026\/03\/planta-desalninisadora.webp","type":"image\/webp"}],"author":"Arnaldo Botto","twitter_card":"summary_large_image","schema":{"@context":"https:\/\/schema.org","@graph":[{"@type":"WebPage","@id":"https:\/\/www.noticiasradioreflejos.com.ar\/2021\/la-amenaza-que-mas-preocupa-el-punto-debil-del-golfo-persico-esta-en-el-agua-y-la-cia-lo-teme-desde-hace-40-anos\/","url":"https:\/\/www.noticiasradioreflejos.com.ar\/2021\/la-amenaza-que-mas-preocupa-el-punto-debil-del-golfo-persico-esta-en-el-agua-y-la-cia-lo-teme-desde-hace-40-anos\/","name":"La amenaza que m\u00e1s preocupa: el punto d\u00e9bil del golfo P\u00e9rsico est\u00e1 en el agua y la CIA lo teme desde hace 40 a\u00f1os - Noticias Radio Reflejos","isPartOf":{"@id":"https:\/\/www.noticiasradioreflejos.com.ar\/2021\/#website"},"primaryImageOfPage":{"@id":"https:\/\/www.noticiasradioreflejos.com.ar\/2021\/la-amenaza-que-mas-preocupa-el-punto-debil-del-golfo-persico-esta-en-el-agua-y-la-cia-lo-teme-desde-hace-40-anos\/#primaryimage"},"image":{"@id":"https:\/\/www.noticiasradioreflejos.com.ar\/2021\/la-amenaza-que-mas-preocupa-el-punto-debil-del-golfo-persico-esta-en-el-agua-y-la-cia-lo-teme-desde-hace-40-anos\/#primaryimage"},"thumbnailUrl":"https:\/\/www.noticiasradioreflejos.com.ar\/2021\/wp-content\/uploads\/2026\/03\/planta-desalninisadora.webp","datePublished":"2026-03-13T10:34:33+00:00","author":{"@id":"https:\/\/www.noticiasradioreflejos.com.ar\/2021\/#\/schema\/person\/ad82545263dcc5ec0996818884fd5fb1"},"breadcrumb":{"@id":"https:\/\/www.noticiasradioreflejos.com.ar\/2021\/la-amenaza-que-mas-preocupa-el-punto-debil-del-golfo-persico-esta-en-el-agua-y-la-cia-lo-teme-desde-hace-40-anos\/#breadcrumb"},"inLanguage":"es","potentialAction":[{"@type":"ReadAction","target":["https:\/\/www.noticiasradioreflejos.com.ar\/2021\/la-amenaza-que-mas-preocupa-el-punto-debil-del-golfo-persico-esta-en-el-agua-y-la-cia-lo-teme-desde-hace-40-anos\/"]}]},{"@type":"ImageObject","inLanguage":"es","@id":"https:\/\/www.noticiasradioreflejos.com.ar\/2021\/la-amenaza-que-mas-preocupa-el-punto-debil-del-golfo-persico-esta-en-el-agua-y-la-cia-lo-teme-desde-hace-40-anos\/#primaryimage","url":"https:\/\/www.noticiasradioreflejos.com.ar\/2021\/wp-content\/uploads\/2026\/03\/planta-desalninisadora.webp","contentUrl":"https:\/\/www.noticiasradioreflejos.com.ar\/2021\/wp-content\/uploads\/2026\/03\/planta-desalninisadora.webp","width":1200,"height":675},{"@type":"BreadcrumbList","@id":"https:\/\/www.noticiasradioreflejos.com.ar\/2021\/la-amenaza-que-mas-preocupa-el-punto-debil-del-golfo-persico-esta-en-el-agua-y-la-cia-lo-teme-desde-hace-40-anos\/#breadcrumb","itemListElement":[{"@type":"ListItem","position":1,"name":"Portada","item":"https:\/\/www.noticiasradioreflejos.com.ar\/2021\/"},{"@type":"ListItem","position":2,"name":"La amenaza que m\u00e1s preocupa: el punto d\u00e9bil del golfo P\u00e9rsico est\u00e1 en el agua y la CIA lo teme desde hace 40 a\u00f1os"}]},{"@type":"WebSite","@id":"https:\/\/www.noticiasradioreflejos.com.ar\/2021\/#website","url":"https:\/\/www.noticiasradioreflejos.com.ar\/2021\/","name":"Noticias Radio Reflejos","description":"Las noticias de mi comarca","potentialAction":[{"@type":"SearchAction","target":{"@type":"EntryPoint","urlTemplate":"https:\/\/www.noticiasradioreflejos.com.ar\/2021\/?s={search_term_string}"},"query-input":{"@type":"PropertyValueSpecification","valueRequired":true,"valueName":"search_term_string"}}],"inLanguage":"es"},{"@type":"Person","@id":"https:\/\/www.noticiasradioreflejos.com.ar\/2021\/#\/schema\/person\/ad82545263dcc5ec0996818884fd5fb1","name":"Arnaldo Botto","image":{"@type":"ImageObject","inLanguage":"es","@id":"https:\/\/www.noticiasradioreflejos.com.ar\/2021\/#\/schema\/person\/image\/","url":"https:\/\/secure.gravatar.com\/avatar\/55cb5e37c1efa326397366e6974cb338056df65cb50e7d64d1cf314e87504837?s=96&d=mm&r=g","contentUrl":"https:\/\/secure.gravatar.com\/avatar\/55cb5e37c1efa326397366e6974cb338056df65cb50e7d64d1cf314e87504837?s=96&d=mm&r=g","caption":"Arnaldo Botto"},"url":"https:\/\/www.noticiasradioreflejos.com.ar\/2021\/author\/arnaldo\/"}]}},"_links":{"self":[{"href":"https:\/\/www.noticiasradioreflejos.com.ar\/2021\/wp-json\/wp\/v2\/posts\/134019","targetHints":{"allow":["GET"]}}],"collection":[{"href":"https:\/\/www.noticiasradioreflejos.com.ar\/2021\/wp-json\/wp\/v2\/posts"}],"about":[{"href":"https:\/\/www.noticiasradioreflejos.com.ar\/2021\/wp-json\/wp\/v2\/types\/post"}],"author":[{"embeddable":true,"href":"https:\/\/www.noticiasradioreflejos.com.ar\/2021\/wp-json\/wp\/v2\/users\/3"}],"replies":[{"embeddable":true,"href":"https:\/\/www.noticiasradioreflejos.com.ar\/2021\/wp-json\/wp\/v2\/comments?post=134019"}],"version-history":[{"count":1,"href":"https:\/\/www.noticiasradioreflejos.com.ar\/2021\/wp-json\/wp\/v2\/posts\/134019\/revisions"}],"predecessor-version":[{"id":134021,"href":"https:\/\/www.noticiasradioreflejos.com.ar\/2021\/wp-json\/wp\/v2\/posts\/134019\/revisions\/134021"}],"wp:featuredmedia":[{"embeddable":true,"href":"https:\/\/www.noticiasradioreflejos.com.ar\/2021\/wp-json\/wp\/v2\/media\/134020"}],"wp:attachment":[{"href":"https:\/\/www.noticiasradioreflejos.com.ar\/2021\/wp-json\/wp\/v2\/media?parent=134019"}],"wp:term":[{"taxonomy":"category","embeddable":true,"href":"https:\/\/www.noticiasradioreflejos.com.ar\/2021\/wp-json\/wp\/v2\/categories?post=134019"},{"taxonomy":"post_tag","embeddable":true,"href":"https:\/\/www.noticiasradioreflejos.com.ar\/2021\/wp-json\/wp\/v2\/tags?post=134019"}],"curies":[{"name":"wp","href":"https:\/\/api.w.org\/{rel}","templated":true}]}}