{"id":134016,"date":"2026-03-13T07:24:54","date_gmt":"2026-03-13T10:24:54","guid":{"rendered":"https:\/\/www.noticiasradioreflejos.com.ar\/2021\/?p=134016"},"modified":"2026-03-13T07:24:54","modified_gmt":"2026-03-13T10:24:54","slug":"la-inflacion-de-febrero-fue-29-igual-que-en-enero-y-acumulo-59-en-el-primer-bimestre","status":"publish","type":"post","link":"https:\/\/www.noticiasradioreflejos.com.ar\/2021\/la-inflacion-de-febrero-fue-29-igual-que-en-enero-y-acumulo-59-en-el-primer-bimestre\/","title":{"rendered":"La inflaci\u00f3n de febrero fue 2,9%, igual que en enero, y acumul\u00f3 5,9% en el primer bimestre"},"content":{"rendered":"<p>As\u00ed lo inform\u00f3 el Indec. La variaci\u00f3n interanual fue de 33,1%.<!--more--><br \/>\nLa inflaci\u00f3n de febrero fue de 2,9% y en el primer bimestre fue del 5,9%, seg\u00fan inform\u00f3 este jueves el Indec. En cuanto a la variaci\u00f3n interanual, fue de 33,1%, seg\u00fan el relevamiento del organismo.<\/p>\n<div class=\"partner-wrapper article-page__body-row\">\n<div class=\"second-col\">\n<p class=\"article-text\"><strong>La divisi\u00f3n de mayor aumento en el mes fue Vivienda, agua, electricidad, gas y otros combustibles (6,8%)<\/strong>, principalmente por la suba de tarifas de gas, agua y electricidad en la mayor\u00eda de las provincias y la modificaci\u00f3n de los esquemas de beneficiarios de tarifa con y sin subsidio.<\/p>\n<figure class=\"embed-container embed-container--type-twitter \">\n<div class=\"twitter-tweet twitter-tweet-rendered\"><iframe id=\"twitter-widget-0\" class=\"\" title=\"X Post\" src=\"https:\/\/platform.twitter.com\/embed\/Tweet.html?dnt=false&amp;embedId=twitter-widget-0&amp;features=eyJ0ZndfdGltZWxpbmVfbGlzdCI6eyJidWNrZXQiOltdLCJ2ZXJzaW9uIjpudWxsfSwidGZ3X2ZvbGxvd2VyX2NvdW50X3N1bnNldCI6eyJidWNrZXQiOnRydWUsInZlcnNpb24iOm51bGx9LCJ0ZndfdHdlZXRfZWRpdF9iYWNrZW5kIjp7ImJ1Y2tldCI6Im9uIiwidmVyc2lvbiI6bnVsbH0sInRmd19yZWZzcmNfc2Vzc2lvbiI6eyJidWNrZXQiOiJvbiIsInZlcnNpb24iOm51bGx9LCJ0ZndfZm9zbnJfc29mdF9pbnRlcnZlbnRpb25zX2VuYWJsZWQiOnsiYnVja2V0Ijoib24iLCJ2ZXJzaW9uIjpudWxsfSwidGZ3X21peGVkX21lZGlhXzE1ODk3Ijp7ImJ1Y2tldCI6InRyZWF0bWVudCIsInZlcnNpb24iOm51bGx9LCJ0ZndfZXhwZXJpbWVudHNfY29va2llX2V4cGlyYXRpb24iOnsiYnVja2V0IjoxMjA5NjAwLCJ2ZXJzaW9uIjpudWxsfSwidGZ3X3Nob3dfYmlyZHdhdGNoX3Bpdm90c19lbmFibGVkIjp7ImJ1Y2tldCI6Im9uIiwidmVyc2lvbiI6bnVsbH0sInRmd19kdXBsaWNhdGVfc2NyaWJlc190b19zZXR0aW5ncyI6eyJidWNrZXQiOiJvbiIsInZlcnNpb24iOm51bGx9LCJ0ZndfdXNlX3Byb2ZpbGVfaW1hZ2Vfc2hhcGVfZW5hYmxlZCI6eyJidWNrZXQiOiJvbiIsInZlcnNpb24iOm51bGx9LCJ0ZndfdmlkZW9faGxzX2R5bmFtaWNfbWFuaWZlc3RzXzE1MDgyIjp7ImJ1Y2tldCI6InRydWVfYml0cmF0ZSIsInZlcnNpb24iOm51bGx9LCJ0ZndfbGVnYWN5X3RpbWVsaW5lX3N1bnNldCI6eyJidWNrZXQiOnRydWUsInZlcnNpb24iOm51bGx9LCJ0ZndfdHdlZXRfZWRpdF9mcm9udGVuZCI6eyJidWNrZXQiOiJvbiIsInZlcnNpb24iOm51bGx9fQ%3D%3D&amp;frame=false&amp;hideCard=false&amp;hideThread=false&amp;id=2032169855210660059&amp;lang=es&amp;origin=https%3A%2F%2Fwww.eldiarioar.com%2Feconomia%2Finflacion-febrero-2-9-igual-enero-acumulo-5-9-primer-bimestre_1_13064265.html&amp;sessionId=57b5da1365197d702714195900b5d183fe9b987d&amp;theme=light&amp;widgetsVersion=2615f7e52b7e0%3A1702314776716&amp;width=550px\" frameborder=\"0\" scrolling=\"no\" allowfullscreen=\"allowfullscreen\" data-gtm-yt-inspected-34399851_303=\"true\" data-gtm-yt-inspected-34399851_396=\"true\" data-gtm-yt-inspected-41=\"true\" data-tweet-id=\"2032169855210660059\" data-mce-fragment=\"1\"><\/iframe><\/div>\n<\/figure>\n<p class=\"article-text\">La segunda divisi\u00f3n con mayor aumento fue Alimentos y bebidas no alcoh\u00f3licas (3,3%).<\/p>\n<p class=\"article-text\">La divisi\u00f3n con mayor incidencia en la variaci\u00f3n mensual regional fue Alimentos y bebidas no alcoh\u00f3licas, principalmente por la suba de Carnes y derivados, a excepci\u00f3n de Patagonia, donde la mayor incidencia se observ\u00f3 en Vivienda, agua, electricidad, gas y otros combustibles<\/p>\n<p class=\"article-text\">Las dos divisiones que registraron las menores variaciones en febrero de 2026 fueron Bebidas alcoh\u00f3licas y tabaco (0,6%) y Prendas de vestir y calzado (0,0%).<\/p>\n<p class=\"article-text\">A nivel de las categor\u00edas, los precios Regulados (4,3%) tuvieron el mayor incremento, seguidos de IPC n\u00facleo (3,1%) y Estacionales (-1,3%).<\/p>\n<p>&nbsp;<\/p>\n<p class=\"article-text\"><em>Con informaci\u00f3n de la agencia NA<\/em><\/p>\n<\/div>\n<\/div>\n","protected":false},"excerpt":{"rendered":"<p>As\u00ed lo inform\u00f3 el Indec. La variaci\u00f3n interanual fue de 33,1%.<\/p>\n","protected":false},"author":3,"featured_media":134017,"comment_status":"closed","ping_status":"closed","sticky":false,"template":"","format":"standard","meta":{"footnotes":""},"categories":[36],"tags":[],"class_list":["post-134016","post","type-post","status-publish","format-standard","has-post-thumbnail","hentry","category-economia"],"yoast_head":"<!-- This site is optimized with the Yoast SEO plugin v25.9 - https:\/\/yoast.com\/wordpress\/plugins\/seo\/ -->\n<title>La inflaci\u00f3n de febrero fue 2,9%, igual que en enero, y acumul\u00f3 5,9% en el primer bimestre - Noticias Radio Reflejos<\/title>\n<meta name=\"robots\" content=\"index, follow, max-snippet:-1, max-image-preview:large, max-video-preview:-1\" \/>\n<link rel=\"canonical\" href=\"https:\/\/www.noticiasradioreflejos.com.ar\/2021\/la-inflacion-de-febrero-fue-29-igual-que-en-enero-y-acumulo-59-en-el-primer-bimestre\/\" \/>\n<meta property=\"og:locale\" content=\"es_ES\" \/>\n<meta property=\"og:type\" content=\"article\" \/>\n<meta property=\"og:title\" content=\"La inflaci\u00f3n de febrero fue 2,9%, igual que en enero, y acumul\u00f3 5,9% en el primer bimestre - Noticias Radio Reflejos\" \/>\n<meta property=\"og:description\" content=\"As\u00ed lo inform\u00f3 el Indec. La variaci\u00f3n interanual fue de 33,1%.\" \/>\n<meta property=\"og:url\" content=\"https:\/\/www.noticiasradioreflejos.com.ar\/2021\/la-inflacion-de-febrero-fue-29-igual-que-en-enero-y-acumulo-59-en-el-primer-bimestre\/\" \/>\n<meta property=\"og:site_name\" content=\"Noticias Radio Reflejos\" \/>\n<meta property=\"article:published_time\" content=\"2026-03-13T10:24:54+00:00\" \/>\n<meta property=\"og:image\" content=\"https:\/\/www.noticiasradioreflejos.com.ar\/2021\/wp-content\/uploads\/2026\/03\/verduleria.webp\" \/>\n\t<meta property=\"og:image:width\" content=\"1200\" \/>\n\t<meta property=\"og:image:height\" content=\"675\" \/>\n\t<meta property=\"og:image:type\" content=\"image\/webp\" \/>\n<meta name=\"author\" content=\"Arnaldo Botto\" \/>\n<meta name=\"twitter:card\" content=\"summary_large_image\" \/>\n<script type=\"application\/ld+json\" class=\"yoast-schema-graph\">{\"@context\":\"https:\/\/schema.org\",\"@graph\":[{\"@type\":\"WebPage\",\"@id\":\"https:\/\/www.noticiasradioreflejos.com.ar\/2021\/la-inflacion-de-febrero-fue-29-igual-que-en-enero-y-acumulo-59-en-el-primer-bimestre\/\",\"url\":\"https:\/\/www.noticiasradioreflejos.com.ar\/2021\/la-inflacion-de-febrero-fue-29-igual-que-en-enero-y-acumulo-59-en-el-primer-bimestre\/\",\"name\":\"La inflaci\u00f3n de febrero fue 2,9%, igual que en enero, y acumul\u00f3 5,9% en el primer bimestre - Noticias Radio Reflejos\",\"isPartOf\":{\"@id\":\"https:\/\/www.noticiasradioreflejos.com.ar\/2021\/#website\"},\"primaryImageOfPage\":{\"@id\":\"https:\/\/www.noticiasradioreflejos.com.ar\/2021\/la-inflacion-de-febrero-fue-29-igual-que-en-enero-y-acumulo-59-en-el-primer-bimestre\/#primaryimage\"},\"image\":{\"@id\":\"https:\/\/www.noticiasradioreflejos.com.ar\/2021\/la-inflacion-de-febrero-fue-29-igual-que-en-enero-y-acumulo-59-en-el-primer-bimestre\/#primaryimage\"},\"thumbnailUrl\":\"https:\/\/www.noticiasradioreflejos.com.ar\/2021\/wp-content\/uploads\/2026\/03\/verduleria.webp\",\"datePublished\":\"2026-03-13T10:24:54+00:00\",\"author\":{\"@id\":\"https:\/\/www.noticiasradioreflejos.com.ar\/2021\/#\/schema\/person\/ad82545263dcc5ec0996818884fd5fb1\"},\"breadcrumb\":{\"@id\":\"https:\/\/www.noticiasradioreflejos.com.ar\/2021\/la-inflacion-de-febrero-fue-29-igual-que-en-enero-y-acumulo-59-en-el-primer-bimestre\/#breadcrumb\"},\"inLanguage\":\"es\",\"potentialAction\":[{\"@type\":\"ReadAction\",\"target\":[\"https:\/\/www.noticiasradioreflejos.com.ar\/2021\/la-inflacion-de-febrero-fue-29-igual-que-en-enero-y-acumulo-59-en-el-primer-bimestre\/\"]}]},{\"@type\":\"ImageObject\",\"inLanguage\":\"es\",\"@id\":\"https:\/\/www.noticiasradioreflejos.com.ar\/2021\/la-inflacion-de-febrero-fue-29-igual-que-en-enero-y-acumulo-59-en-el-primer-bimestre\/#primaryimage\",\"url\":\"https:\/\/www.noticiasradioreflejos.com.ar\/2021\/wp-content\/uploads\/2026\/03\/verduleria.webp\",\"contentUrl\":\"https:\/\/www.noticiasradioreflejos.com.ar\/2021\/wp-content\/uploads\/2026\/03\/verduleria.webp\",\"width\":1200,\"height\":675},{\"@type\":\"BreadcrumbList\",\"@id\":\"https:\/\/www.noticiasradioreflejos.com.ar\/2021\/la-inflacion-de-febrero-fue-29-igual-que-en-enero-y-acumulo-59-en-el-primer-bimestre\/#breadcrumb\",\"itemListElement\":[{\"@type\":\"ListItem\",\"position\":1,\"name\":\"Portada\",\"item\":\"https:\/\/www.noticiasradioreflejos.com.ar\/2021\/\"},{\"@type\":\"ListItem\",\"position\":2,\"name\":\"La inflaci\u00f3n de febrero fue 2,9%, igual que en enero, y acumul\u00f3 5,9% en el primer bimestre\"}]},{\"@type\":\"WebSite\",\"@id\":\"https:\/\/www.noticiasradioreflejos.com.ar\/2021\/#website\",\"url\":\"https:\/\/www.noticiasradioreflejos.com.ar\/2021\/\",\"name\":\"Noticias Radio Reflejos\",\"description\":\"Las noticias de mi comarca\",\"potentialAction\":[{\"@type\":\"SearchAction\",\"target\":{\"@type\":\"EntryPoint\",\"urlTemplate\":\"https:\/\/www.noticiasradioreflejos.com.ar\/2021\/?s={search_term_string}\"},\"query-input\":{\"@type\":\"PropertyValueSpecification\",\"valueRequired\":true,\"valueName\":\"search_term_string\"}}],\"inLanguage\":\"es\"},{\"@type\":\"Person\",\"@id\":\"https:\/\/www.noticiasradioreflejos.com.ar\/2021\/#\/schema\/person\/ad82545263dcc5ec0996818884fd5fb1\",\"name\":\"Arnaldo Botto\",\"image\":{\"@type\":\"ImageObject\",\"inLanguage\":\"es\",\"@id\":\"https:\/\/www.noticiasradioreflejos.com.ar\/2021\/#\/schema\/person\/image\/\",\"url\":\"https:\/\/secure.gravatar.com\/avatar\/55cb5e37c1efa326397366e6974cb338056df65cb50e7d64d1cf314e87504837?s=96&d=mm&r=g\",\"contentUrl\":\"https:\/\/secure.gravatar.com\/avatar\/55cb5e37c1efa326397366e6974cb338056df65cb50e7d64d1cf314e87504837?s=96&d=mm&r=g\",\"caption\":\"Arnaldo Botto\"},\"url\":\"https:\/\/www.noticiasradioreflejos.com.ar\/2021\/author\/arnaldo\/\"}]}<\/script>\n<!-- \/ Yoast SEO plugin. -->","yoast_head_json":{"title":"La inflaci\u00f3n de febrero fue 2,9%, igual que en enero, y acumul\u00f3 5,9% en el primer bimestre - Noticias Radio Reflejos","robots":{"index":"index","follow":"follow","max-snippet":"max-snippet:-1","max-image-preview":"max-image-preview:large","max-video-preview":"max-video-preview:-1"},"canonical":"https:\/\/www.noticiasradioreflejos.com.ar\/2021\/la-inflacion-de-febrero-fue-29-igual-que-en-enero-y-acumulo-59-en-el-primer-bimestre\/","og_locale":"es_ES","og_type":"article","og_title":"La inflaci\u00f3n de febrero fue 2,9%, igual que en enero, y acumul\u00f3 5,9% en el primer bimestre - Noticias Radio Reflejos","og_description":"As\u00ed lo inform\u00f3 el Indec. La variaci\u00f3n interanual fue de 33,1%.","og_url":"https:\/\/www.noticiasradioreflejos.com.ar\/2021\/la-inflacion-de-febrero-fue-29-igual-que-en-enero-y-acumulo-59-en-el-primer-bimestre\/","og_site_name":"Noticias Radio Reflejos","article_published_time":"2026-03-13T10:24:54+00:00","og_image":[{"width":1200,"height":675,"url":"https:\/\/www.noticiasradioreflejos.com.ar\/2021\/wp-content\/uploads\/2026\/03\/verduleria.webp","type":"image\/webp"}],"author":"Arnaldo Botto","twitter_card":"summary_large_image","schema":{"@context":"https:\/\/schema.org","@graph":[{"@type":"WebPage","@id":"https:\/\/www.noticiasradioreflejos.com.ar\/2021\/la-inflacion-de-febrero-fue-29-igual-que-en-enero-y-acumulo-59-en-el-primer-bimestre\/","url":"https:\/\/www.noticiasradioreflejos.com.ar\/2021\/la-inflacion-de-febrero-fue-29-igual-que-en-enero-y-acumulo-59-en-el-primer-bimestre\/","name":"La inflaci\u00f3n de febrero fue 2,9%, igual que en enero, y acumul\u00f3 5,9% en el primer bimestre - Noticias Radio Reflejos","isPartOf":{"@id":"https:\/\/www.noticiasradioreflejos.com.ar\/2021\/#website"},"primaryImageOfPage":{"@id":"https:\/\/www.noticiasradioreflejos.com.ar\/2021\/la-inflacion-de-febrero-fue-29-igual-que-en-enero-y-acumulo-59-en-el-primer-bimestre\/#primaryimage"},"image":{"@id":"https:\/\/www.noticiasradioreflejos.com.ar\/2021\/la-inflacion-de-febrero-fue-29-igual-que-en-enero-y-acumulo-59-en-el-primer-bimestre\/#primaryimage"},"thumbnailUrl":"https:\/\/www.noticiasradioreflejos.com.ar\/2021\/wp-content\/uploads\/2026\/03\/verduleria.webp","datePublished":"2026-03-13T10:24:54+00:00","author":{"@id":"https:\/\/www.noticiasradioreflejos.com.ar\/2021\/#\/schema\/person\/ad82545263dcc5ec0996818884fd5fb1"},"breadcrumb":{"@id":"https:\/\/www.noticiasradioreflejos.com.ar\/2021\/la-inflacion-de-febrero-fue-29-igual-que-en-enero-y-acumulo-59-en-el-primer-bimestre\/#breadcrumb"},"inLanguage":"es","potentialAction":[{"@type":"ReadAction","target":["https:\/\/www.noticiasradioreflejos.com.ar\/2021\/la-inflacion-de-febrero-fue-29-igual-que-en-enero-y-acumulo-59-en-el-primer-bimestre\/"]}]},{"@type":"ImageObject","inLanguage":"es","@id":"https:\/\/www.noticiasradioreflejos.com.ar\/2021\/la-inflacion-de-febrero-fue-29-igual-que-en-enero-y-acumulo-59-en-el-primer-bimestre\/#primaryimage","url":"https:\/\/www.noticiasradioreflejos.com.ar\/2021\/wp-content\/uploads\/2026\/03\/verduleria.webp","contentUrl":"https:\/\/www.noticiasradioreflejos.com.ar\/2021\/wp-content\/uploads\/2026\/03\/verduleria.webp","width":1200,"height":675},{"@type":"BreadcrumbList","@id":"https:\/\/www.noticiasradioreflejos.com.ar\/2021\/la-inflacion-de-febrero-fue-29-igual-que-en-enero-y-acumulo-59-en-el-primer-bimestre\/#breadcrumb","itemListElement":[{"@type":"ListItem","position":1,"name":"Portada","item":"https:\/\/www.noticiasradioreflejos.com.ar\/2021\/"},{"@type":"ListItem","position":2,"name":"La inflaci\u00f3n de febrero fue 2,9%, igual que en enero, y acumul\u00f3 5,9% en el primer bimestre"}]},{"@type":"WebSite","@id":"https:\/\/www.noticiasradioreflejos.com.ar\/2021\/#website","url":"https:\/\/www.noticiasradioreflejos.com.ar\/2021\/","name":"Noticias Radio Reflejos","description":"Las noticias de mi comarca","potentialAction":[{"@type":"SearchAction","target":{"@type":"EntryPoint","urlTemplate":"https:\/\/www.noticiasradioreflejos.com.ar\/2021\/?s={search_term_string}"},"query-input":{"@type":"PropertyValueSpecification","valueRequired":true,"valueName":"search_term_string"}}],"inLanguage":"es"},{"@type":"Person","@id":"https:\/\/www.noticiasradioreflejos.com.ar\/2021\/#\/schema\/person\/ad82545263dcc5ec0996818884fd5fb1","name":"Arnaldo Botto","image":{"@type":"ImageObject","inLanguage":"es","@id":"https:\/\/www.noticiasradioreflejos.com.ar\/2021\/#\/schema\/person\/image\/","url":"https:\/\/secure.gravatar.com\/avatar\/55cb5e37c1efa326397366e6974cb338056df65cb50e7d64d1cf314e87504837?s=96&d=mm&r=g","contentUrl":"https:\/\/secure.gravatar.com\/avatar\/55cb5e37c1efa326397366e6974cb338056df65cb50e7d64d1cf314e87504837?s=96&d=mm&r=g","caption":"Arnaldo Botto"},"url":"https:\/\/www.noticiasradioreflejos.com.ar\/2021\/author\/arnaldo\/"}]}},"_links":{"self":[{"href":"https:\/\/www.noticiasradioreflejos.com.ar\/2021\/wp-json\/wp\/v2\/posts\/134016","targetHints":{"allow":["GET"]}}],"collection":[{"href":"https:\/\/www.noticiasradioreflejos.com.ar\/2021\/wp-json\/wp\/v2\/posts"}],"about":[{"href":"https:\/\/www.noticiasradioreflejos.com.ar\/2021\/wp-json\/wp\/v2\/types\/post"}],"author":[{"embeddable":true,"href":"https:\/\/www.noticiasradioreflejos.com.ar\/2021\/wp-json\/wp\/v2\/users\/3"}],"replies":[{"embeddable":true,"href":"https:\/\/www.noticiasradioreflejos.com.ar\/2021\/wp-json\/wp\/v2\/comments?post=134016"}],"version-history":[{"count":1,"href":"https:\/\/www.noticiasradioreflejos.com.ar\/2021\/wp-json\/wp\/v2\/posts\/134016\/revisions"}],"predecessor-version":[{"id":134018,"href":"https:\/\/www.noticiasradioreflejos.com.ar\/2021\/wp-json\/wp\/v2\/posts\/134016\/revisions\/134018"}],"wp:featuredmedia":[{"embeddable":true,"href":"https:\/\/www.noticiasradioreflejos.com.ar\/2021\/wp-json\/wp\/v2\/media\/134017"}],"wp:attachment":[{"href":"https:\/\/www.noticiasradioreflejos.com.ar\/2021\/wp-json\/wp\/v2\/media?parent=134016"}],"wp:term":[{"taxonomy":"category","embeddable":true,"href":"https:\/\/www.noticiasradioreflejos.com.ar\/2021\/wp-json\/wp\/v2\/categories?post=134016"},{"taxonomy":"post_tag","embeddable":true,"href":"https:\/\/www.noticiasradioreflejos.com.ar\/2021\/wp-json\/wp\/v2\/tags?post=134016"}],"curies":[{"name":"wp","href":"https:\/\/api.w.org\/{rel}","templated":true}]}}