{"id":134012,"date":"2026-03-13T09:20:42","date_gmt":"2026-03-13T12:20:42","guid":{"rendered":"https:\/\/www.noticiasradioreflejos.com.ar\/2021\/?p=134012"},"modified":"2026-03-13T09:38:50","modified_gmt":"2026-03-13T12:38:50","slug":"espirales-el-misterio-y-el-espanto-se-citan-este-viernes-13-en-el-teatro-funke","status":"publish","type":"post","link":"https:\/\/www.noticiasradioreflejos.com.ar\/2021\/espirales-el-misterio-y-el-espanto-se-citan-este-viernes-13-en-el-teatro-funke\/","title":{"rendered":"\u00abEspirales\u00bb: El misterio y el espanto se citan este viernes 13 en el Teatro Funke"},"content":{"rendered":"<p>La escritora y psic\u00f3loga Marcela Mart\u00ednez presenta su libro de cuentos en una fecha cargada de simbolismo. La obra, gestada durante la pandemia, re\u00fane trece relatos que transforman escenas de la vida cotidiana en historias de suspenso y misterio. \u00abLa palabra es espanto\u00bb, defini\u00f3 la autora durante su charla radial, invitando a la comunidad a sumarse a una experiencia literaria que promete atrapar al lector desde el primer p\u00e1rrafo.<!--more--><\/p>\n<p data-path-to-node=\"4\">\u00a0En una coincidencia que no parece azarosa, este viernes 13 de marzo el Teatro Rodolfo Funke abrir\u00e1 sus puertas para la presentaci\u00f3n estelar de <b data-path-to-node=\"4\" data-index-in-node=\"155\">\u00abEspirales\u00bb<\/b>, el primer libro de la docente y psic\u00f3loga <b data-path-to-node=\"4\" data-index-in-node=\"210\">Marcela Mart\u00ednez<\/b>. En di\u00e1logo con <b data-path-to-node=\"4\" data-index-in-node=\"243\">FM Reflejos<\/b>, la autora revel\u00f3 c\u00f3mo su formaci\u00f3n y las vivencias de la pandemia se entrelazaron para dar vida a este proyecto literario.<\/p>\n<h4 data-path-to-node=\"5\"><b data-path-to-node=\"5\" data-index-in-node=\"0\">Trece cuentos y el concepto del \u00abespanto\u00bb<\/b><\/h4>\n<p data-path-to-node=\"6\">Al ser consultada sobre el g\u00e9nero de su obra y la particularidad de elegir un viernes 13 para el lanzamiento, Mart\u00ednez fue clara: <i data-path-to-node=\"6\" data-index-in-node=\"130\">\u00abDaba justo, la verdad que daba justo; aparte son 13 cuentos y todo gira en torno al misterio y al suspenso\u00bb<\/i>. Sobre la tem\u00e1tica de los relatos, acept\u00f3 la definici\u00f3n de su entrevistador: <i data-path-to-node=\"6\" data-index-in-node=\"316\">\u00abEsa es la palabra, espanto. Muchos de los cuentos tienen que ver con mi impronta como psic\u00f3loga\u00bb<\/i>.<\/p>\n<p data-path-to-node=\"7\">La autora explic\u00f3 que el t\u00edtulo no es casual: <i data-path-to-node=\"7\" data-index-in-node=\"46\">\u00abEspirales tiene que ver con estas historias que surgen de lo cotidiano, de lo com\u00fan, y van adquiriendo alg\u00fan tipo de giro hacia lo inesperado\u00bb<\/i>.<\/p>\n<p data-path-to-node=\"9\">El libro es fruto de un proceso de introspecci\u00f3n que comenz\u00f3 en un momento cr\u00edtico para el mundo. <i data-path-to-node=\"9\" data-index-in-node=\"98\">\u00abEspirales surge en la pandemia. Tiene que ver con una serie de cuentos cortos que, en su mayor\u00eda, escrib\u00ed en ese momento y otros que se sumaron m\u00e1s adelante\u00bb<\/i>, detall\u00f3 Mart\u00ednez, quien actualmente se desempe\u00f1a como inspectora de ense\u00f1anza.<\/p>\n<h4 data-path-to-node=\"10\"><b data-path-to-node=\"10\" data-index-in-node=\"0\">Presentaci\u00f3n y disponibilidad<\/b><\/h4>\n<p data-path-to-node=\"11\">La velada de esta noche en el Teatro Funke es solo el comienzo de un recorrido que la autora espera extender a otras localidades. <i data-path-to-node=\"11\" data-index-in-node=\"130\">\u00abQuiero tambi\u00e9n despu\u00e9s de esta presentaci\u00f3n visitar las bibliotecas y bueno, ah\u00ed iremos viendo si nos vemos por Sierra, Villa o Saldungaray\u00bb<\/i>, adelant\u00f3.<\/p>\n<p data-path-to-node=\"12\">Para quienes no puedan asistir, el libro estar\u00e1 disponible en formato f\u00edsico a trav\u00e9s de su Instagram (<a href=\"http:\/\/@habitarse.punto.escritura\"><b data-path-to-node=\"12\" data-index-in-node=\"103\">@habitarse.escritura<\/b><\/a>) y en diversas plataformas digitales. Finalmente, Mart\u00ednez comparti\u00f3 su preferencia personal dentro de la obra: <i data-path-to-node=\"12\" data-index-in-node=\"242\">\u00abMi cuento preferido es Deja Vu&#8230; quiero invitar a la gente a que esta noche pueda ir a disfrutar de la presentaci\u00f3n que particularmente ya estoy disfrutando y quiero compartirlo con ustedes\u00bb<\/i>.<\/p>\n<p data-path-to-node=\"12\"><a href=\"https:\/\/www.noticiasradioreflejos.com.ar\/2021\/espirales-el-misterio-y-el-espanto-se-citan-este-viernes-13-en-el-teatro-funke\/espirales\/\" rel=\"attachment wp-att-134013\"><img loading=\"lazy\" decoding=\"async\" class=\"aligncenter size-full wp-image-134013\" src=\"https:\/\/www.noticiasradioreflejos.com.ar\/2021\/wp-content\/uploads\/2026\/03\/espirales.jpeg\" alt=\"\" width=\"1024\" height=\"1536\" srcset=\"https:\/\/www.noticiasradioreflejos.com.ar\/2021\/wp-content\/uploads\/2026\/03\/espirales.jpeg 1024w, https:\/\/www.noticiasradioreflejos.com.ar\/2021\/wp-content\/uploads\/2026\/03\/espirales-200x300.jpeg 200w, https:\/\/www.noticiasradioreflejos.com.ar\/2021\/wp-content\/uploads\/2026\/03\/espirales-683x1024.jpeg 683w, https:\/\/www.noticiasradioreflejos.com.ar\/2021\/wp-content\/uploads\/2026\/03\/espirales-768x1152.jpeg 768w, https:\/\/www.noticiasradioreflejos.com.ar\/2021\/wp-content\/uploads\/2026\/03\/espirales-750x1125.jpeg 750w\" sizes=\"auto, (max-width: 1024px) 100vw, 1024px\" \/><\/a><\/p>\n","protected":false},"excerpt":{"rendered":"<p>La escritora y psic\u00f3loga Marcela Mart\u00ednez presenta su libro de cuentos en una fecha cargada de simbolismo. La obra, gestada durante la pandemia, re\u00fane trece relatos que transforman escenas de la vida cotidiana en historias de suspenso y misterio. \u00abLa palabra es espanto\u00bb, defini\u00f3 la autora durante su charla radial, invitando a la comunidad a [&hellip;]<\/p>\n","protected":false},"author":3,"featured_media":134014,"comment_status":"closed","ping_status":"closed","sticky":false,"template":"","format":"standard","meta":{"footnotes":""},"categories":[35,26],"tags":[48],"class_list":["post-134012","post","type-post","status-publish","format-standard","has-post-thumbnail","hentry","category-cultura","category-sociedad","tag-destacada"],"yoast_head":"<!-- This site is optimized with the Yoast SEO plugin v25.9 - https:\/\/yoast.com\/wordpress\/plugins\/seo\/ -->\n<title>&quot;Espirales&quot;: El misterio y el espanto se citan este viernes 13 en el Teatro Funke - Noticias Radio Reflejos<\/title>\n<meta name=\"robots\" content=\"index, follow, max-snippet:-1, max-image-preview:large, max-video-preview:-1\" \/>\n<link rel=\"canonical\" href=\"https:\/\/www.noticiasradioreflejos.com.ar\/2021\/espirales-el-misterio-y-el-espanto-se-citan-este-viernes-13-en-el-teatro-funke\/\" \/>\n<meta property=\"og:locale\" content=\"es_ES\" \/>\n<meta property=\"og:type\" content=\"article\" \/>\n<meta property=\"og:title\" content=\"&quot;Espirales&quot;: El misterio y el espanto se citan este viernes 13 en el Teatro Funke - Noticias Radio Reflejos\" \/>\n<meta property=\"og:description\" content=\"La escritora y psic\u00f3loga Marcela Mart\u00ednez presenta su libro de cuentos en una fecha cargada de simbolismo. La obra, gestada durante la pandemia, re\u00fane trece relatos que transforman escenas de la vida cotidiana en historias de suspenso y misterio. \u00abLa palabra es espanto\u00bb, defini\u00f3 la autora durante su charla radial, invitando a la comunidad a [&hellip;]\" \/>\n<meta property=\"og:url\" content=\"https:\/\/www.noticiasradioreflejos.com.ar\/2021\/espirales-el-misterio-y-el-espanto-se-citan-este-viernes-13-en-el-teatro-funke\/\" \/>\n<meta property=\"og:site_name\" content=\"Noticias Radio Reflejos\" \/>\n<meta property=\"article:published_time\" content=\"2026-03-13T12:20:42+00:00\" \/>\n<meta property=\"article:modified_time\" content=\"2026-03-13T12:38:50+00:00\" \/>\n<meta property=\"og:image\" content=\"https:\/\/www.noticiasradioreflejos.com.ar\/2021\/wp-content\/uploads\/2026\/03\/Marcela-Martinez-scaled.jpeg\" \/>\n\t<meta property=\"og:image:width\" content=\"2560\" \/>\n\t<meta property=\"og:image:height\" content=\"2020\" \/>\n\t<meta property=\"og:image:type\" content=\"image\/jpeg\" \/>\n<meta name=\"author\" content=\"Arnaldo Botto\" \/>\n<meta name=\"twitter:card\" content=\"summary_large_image\" \/>\n<script type=\"application\/ld+json\" class=\"yoast-schema-graph\">{\"@context\":\"https:\/\/schema.org\",\"@graph\":[{\"@type\":\"WebPage\",\"@id\":\"https:\/\/www.noticiasradioreflejos.com.ar\/2021\/espirales-el-misterio-y-el-espanto-se-citan-este-viernes-13-en-el-teatro-funke\/\",\"url\":\"https:\/\/www.noticiasradioreflejos.com.ar\/2021\/espirales-el-misterio-y-el-espanto-se-citan-este-viernes-13-en-el-teatro-funke\/\",\"name\":\"\\\"Espirales\\\": El misterio y el espanto se citan este viernes 13 en el Teatro Funke - Noticias Radio Reflejos\",\"isPartOf\":{\"@id\":\"https:\/\/www.noticiasradioreflejos.com.ar\/2021\/#website\"},\"primaryImageOfPage\":{\"@id\":\"https:\/\/www.noticiasradioreflejos.com.ar\/2021\/espirales-el-misterio-y-el-espanto-se-citan-este-viernes-13-en-el-teatro-funke\/#primaryimage\"},\"image\":{\"@id\":\"https:\/\/www.noticiasradioreflejos.com.ar\/2021\/espirales-el-misterio-y-el-espanto-se-citan-este-viernes-13-en-el-teatro-funke\/#primaryimage\"},\"thumbnailUrl\":\"https:\/\/www.noticiasradioreflejos.com.ar\/2021\/wp-content\/uploads\/2026\/03\/Marcela-Martinez-scaled.jpeg\",\"datePublished\":\"2026-03-13T12:20:42+00:00\",\"dateModified\":\"2026-03-13T12:38:50+00:00\",\"author\":{\"@id\":\"https:\/\/www.noticiasradioreflejos.com.ar\/2021\/#\/schema\/person\/ad82545263dcc5ec0996818884fd5fb1\"},\"breadcrumb\":{\"@id\":\"https:\/\/www.noticiasradioreflejos.com.ar\/2021\/espirales-el-misterio-y-el-espanto-se-citan-este-viernes-13-en-el-teatro-funke\/#breadcrumb\"},\"inLanguage\":\"es\",\"potentialAction\":[{\"@type\":\"ReadAction\",\"target\":[\"https:\/\/www.noticiasradioreflejos.com.ar\/2021\/espirales-el-misterio-y-el-espanto-se-citan-este-viernes-13-en-el-teatro-funke\/\"]}]},{\"@type\":\"ImageObject\",\"inLanguage\":\"es\",\"@id\":\"https:\/\/www.noticiasradioreflejos.com.ar\/2021\/espirales-el-misterio-y-el-espanto-se-citan-este-viernes-13-en-el-teatro-funke\/#primaryimage\",\"url\":\"https:\/\/www.noticiasradioreflejos.com.ar\/2021\/wp-content\/uploads\/2026\/03\/Marcela-Martinez-scaled.jpeg\",\"contentUrl\":\"https:\/\/www.noticiasradioreflejos.com.ar\/2021\/wp-content\/uploads\/2026\/03\/Marcela-Martinez-scaled.jpeg\",\"width\":2560,\"height\":2020},{\"@type\":\"BreadcrumbList\",\"@id\":\"https:\/\/www.noticiasradioreflejos.com.ar\/2021\/espirales-el-misterio-y-el-espanto-se-citan-este-viernes-13-en-el-teatro-funke\/#breadcrumb\",\"itemListElement\":[{\"@type\":\"ListItem\",\"position\":1,\"name\":\"Portada\",\"item\":\"https:\/\/www.noticiasradioreflejos.com.ar\/2021\/\"},{\"@type\":\"ListItem\",\"position\":2,\"name\":\"\u00abEspirales\u00bb: El misterio y el espanto se citan este viernes 13 en el Teatro Funke\"}]},{\"@type\":\"WebSite\",\"@id\":\"https:\/\/www.noticiasradioreflejos.com.ar\/2021\/#website\",\"url\":\"https:\/\/www.noticiasradioreflejos.com.ar\/2021\/\",\"name\":\"Noticias Radio Reflejos\",\"description\":\"Las noticias de mi comarca\",\"potentialAction\":[{\"@type\":\"SearchAction\",\"target\":{\"@type\":\"EntryPoint\",\"urlTemplate\":\"https:\/\/www.noticiasradioreflejos.com.ar\/2021\/?s={search_term_string}\"},\"query-input\":{\"@type\":\"PropertyValueSpecification\",\"valueRequired\":true,\"valueName\":\"search_term_string\"}}],\"inLanguage\":\"es\"},{\"@type\":\"Person\",\"@id\":\"https:\/\/www.noticiasradioreflejos.com.ar\/2021\/#\/schema\/person\/ad82545263dcc5ec0996818884fd5fb1\",\"name\":\"Arnaldo Botto\",\"image\":{\"@type\":\"ImageObject\",\"inLanguage\":\"es\",\"@id\":\"https:\/\/www.noticiasradioreflejos.com.ar\/2021\/#\/schema\/person\/image\/\",\"url\":\"https:\/\/secure.gravatar.com\/avatar\/55cb5e37c1efa326397366e6974cb338056df65cb50e7d64d1cf314e87504837?s=96&d=mm&r=g\",\"contentUrl\":\"https:\/\/secure.gravatar.com\/avatar\/55cb5e37c1efa326397366e6974cb338056df65cb50e7d64d1cf314e87504837?s=96&d=mm&r=g\",\"caption\":\"Arnaldo Botto\"},\"url\":\"https:\/\/www.noticiasradioreflejos.com.ar\/2021\/author\/arnaldo\/\"}]}<\/script>\n<!-- \/ Yoast SEO plugin. -->","yoast_head_json":{"title":"\"Espirales\": El misterio y el espanto se citan este viernes 13 en el Teatro Funke - Noticias Radio Reflejos","robots":{"index":"index","follow":"follow","max-snippet":"max-snippet:-1","max-image-preview":"max-image-preview:large","max-video-preview":"max-video-preview:-1"},"canonical":"https:\/\/www.noticiasradioreflejos.com.ar\/2021\/espirales-el-misterio-y-el-espanto-se-citan-este-viernes-13-en-el-teatro-funke\/","og_locale":"es_ES","og_type":"article","og_title":"\"Espirales\": El misterio y el espanto se citan este viernes 13 en el Teatro Funke - Noticias Radio Reflejos","og_description":"La escritora y psic\u00f3loga Marcela Mart\u00ednez presenta su libro de cuentos en una fecha cargada de simbolismo. La obra, gestada durante la pandemia, re\u00fane trece relatos que transforman escenas de la vida cotidiana en historias de suspenso y misterio. \u00abLa palabra es espanto\u00bb, defini\u00f3 la autora durante su charla radial, invitando a la comunidad a [&hellip;]","og_url":"https:\/\/www.noticiasradioreflejos.com.ar\/2021\/espirales-el-misterio-y-el-espanto-se-citan-este-viernes-13-en-el-teatro-funke\/","og_site_name":"Noticias Radio Reflejos","article_published_time":"2026-03-13T12:20:42+00:00","article_modified_time":"2026-03-13T12:38:50+00:00","og_image":[{"width":2560,"height":2020,"url":"https:\/\/www.noticiasradioreflejos.com.ar\/2021\/wp-content\/uploads\/2026\/03\/Marcela-Martinez-scaled.jpeg","type":"image\/jpeg"}],"author":"Arnaldo Botto","twitter_card":"summary_large_image","schema":{"@context":"https:\/\/schema.org","@graph":[{"@type":"WebPage","@id":"https:\/\/www.noticiasradioreflejos.com.ar\/2021\/espirales-el-misterio-y-el-espanto-se-citan-este-viernes-13-en-el-teatro-funke\/","url":"https:\/\/www.noticiasradioreflejos.com.ar\/2021\/espirales-el-misterio-y-el-espanto-se-citan-este-viernes-13-en-el-teatro-funke\/","name":"\"Espirales\": El misterio y el espanto se citan este viernes 13 en el Teatro Funke - Noticias Radio Reflejos","isPartOf":{"@id":"https:\/\/www.noticiasradioreflejos.com.ar\/2021\/#website"},"primaryImageOfPage":{"@id":"https:\/\/www.noticiasradioreflejos.com.ar\/2021\/espirales-el-misterio-y-el-espanto-se-citan-este-viernes-13-en-el-teatro-funke\/#primaryimage"},"image":{"@id":"https:\/\/www.noticiasradioreflejos.com.ar\/2021\/espirales-el-misterio-y-el-espanto-se-citan-este-viernes-13-en-el-teatro-funke\/#primaryimage"},"thumbnailUrl":"https:\/\/www.noticiasradioreflejos.com.ar\/2021\/wp-content\/uploads\/2026\/03\/Marcela-Martinez-scaled.jpeg","datePublished":"2026-03-13T12:20:42+00:00","dateModified":"2026-03-13T12:38:50+00:00","author":{"@id":"https:\/\/www.noticiasradioreflejos.com.ar\/2021\/#\/schema\/person\/ad82545263dcc5ec0996818884fd5fb1"},"breadcrumb":{"@id":"https:\/\/www.noticiasradioreflejos.com.ar\/2021\/espirales-el-misterio-y-el-espanto-se-citan-este-viernes-13-en-el-teatro-funke\/#breadcrumb"},"inLanguage":"es","potentialAction":[{"@type":"ReadAction","target":["https:\/\/www.noticiasradioreflejos.com.ar\/2021\/espirales-el-misterio-y-el-espanto-se-citan-este-viernes-13-en-el-teatro-funke\/"]}]},{"@type":"ImageObject","inLanguage":"es","@id":"https:\/\/www.noticiasradioreflejos.com.ar\/2021\/espirales-el-misterio-y-el-espanto-se-citan-este-viernes-13-en-el-teatro-funke\/#primaryimage","url":"https:\/\/www.noticiasradioreflejos.com.ar\/2021\/wp-content\/uploads\/2026\/03\/Marcela-Martinez-scaled.jpeg","contentUrl":"https:\/\/www.noticiasradioreflejos.com.ar\/2021\/wp-content\/uploads\/2026\/03\/Marcela-Martinez-scaled.jpeg","width":2560,"height":2020},{"@type":"BreadcrumbList","@id":"https:\/\/www.noticiasradioreflejos.com.ar\/2021\/espirales-el-misterio-y-el-espanto-se-citan-este-viernes-13-en-el-teatro-funke\/#breadcrumb","itemListElement":[{"@type":"ListItem","position":1,"name":"Portada","item":"https:\/\/www.noticiasradioreflejos.com.ar\/2021\/"},{"@type":"ListItem","position":2,"name":"\u00abEspirales\u00bb: El misterio y el espanto se citan este viernes 13 en el Teatro Funke"}]},{"@type":"WebSite","@id":"https:\/\/www.noticiasradioreflejos.com.ar\/2021\/#website","url":"https:\/\/www.noticiasradioreflejos.com.ar\/2021\/","name":"Noticias Radio Reflejos","description":"Las noticias de mi comarca","potentialAction":[{"@type":"SearchAction","target":{"@type":"EntryPoint","urlTemplate":"https:\/\/www.noticiasradioreflejos.com.ar\/2021\/?s={search_term_string}"},"query-input":{"@type":"PropertyValueSpecification","valueRequired":true,"valueName":"search_term_string"}}],"inLanguage":"es"},{"@type":"Person","@id":"https:\/\/www.noticiasradioreflejos.com.ar\/2021\/#\/schema\/person\/ad82545263dcc5ec0996818884fd5fb1","name":"Arnaldo Botto","image":{"@type":"ImageObject","inLanguage":"es","@id":"https:\/\/www.noticiasradioreflejos.com.ar\/2021\/#\/schema\/person\/image\/","url":"https:\/\/secure.gravatar.com\/avatar\/55cb5e37c1efa326397366e6974cb338056df65cb50e7d64d1cf314e87504837?s=96&d=mm&r=g","contentUrl":"https:\/\/secure.gravatar.com\/avatar\/55cb5e37c1efa326397366e6974cb338056df65cb50e7d64d1cf314e87504837?s=96&d=mm&r=g","caption":"Arnaldo Botto"},"url":"https:\/\/www.noticiasradioreflejos.com.ar\/2021\/author\/arnaldo\/"}]}},"_links":{"self":[{"href":"https:\/\/www.noticiasradioreflejos.com.ar\/2021\/wp-json\/wp\/v2\/posts\/134012","targetHints":{"allow":["GET"]}}],"collection":[{"href":"https:\/\/www.noticiasradioreflejos.com.ar\/2021\/wp-json\/wp\/v2\/posts"}],"about":[{"href":"https:\/\/www.noticiasradioreflejos.com.ar\/2021\/wp-json\/wp\/v2\/types\/post"}],"author":[{"embeddable":true,"href":"https:\/\/www.noticiasradioreflejos.com.ar\/2021\/wp-json\/wp\/v2\/users\/3"}],"replies":[{"embeddable":true,"href":"https:\/\/www.noticiasradioreflejos.com.ar\/2021\/wp-json\/wp\/v2\/comments?post=134012"}],"version-history":[{"count":4,"href":"https:\/\/www.noticiasradioreflejos.com.ar\/2021\/wp-json\/wp\/v2\/posts\/134012\/revisions"}],"predecessor-version":[{"id":134036,"href":"https:\/\/www.noticiasradioreflejos.com.ar\/2021\/wp-json\/wp\/v2\/posts\/134012\/revisions\/134036"}],"wp:featuredmedia":[{"embeddable":true,"href":"https:\/\/www.noticiasradioreflejos.com.ar\/2021\/wp-json\/wp\/v2\/media\/134014"}],"wp:attachment":[{"href":"https:\/\/www.noticiasradioreflejos.com.ar\/2021\/wp-json\/wp\/v2\/media?parent=134012"}],"wp:term":[{"taxonomy":"category","embeddable":true,"href":"https:\/\/www.noticiasradioreflejos.com.ar\/2021\/wp-json\/wp\/v2\/categories?post=134012"},{"taxonomy":"post_tag","embeddable":true,"href":"https:\/\/www.noticiasradioreflejos.com.ar\/2021\/wp-json\/wp\/v2\/tags?post=134012"}],"curies":[{"name":"wp","href":"https:\/\/api.w.org\/{rel}","templated":true}]}}