{"id":134007,"date":"2026-03-12T19:52:57","date_gmt":"2026-03-12T22:52:57","guid":{"rendered":"https:\/\/www.noticiasradioreflejos.com.ar\/2021\/?p=134007"},"modified":"2026-03-12T19:52:57","modified_gmt":"2026-03-12T22:52:57","slug":"sin-aclarar-los-costosos-viajes-con-su-esposa-adorni-admite-un-error-por-haber-dicho-deslomarse","status":"publish","type":"post","link":"https:\/\/www.noticiasradioreflejos.com.ar\/2021\/sin-aclarar-los-costosos-viajes-con-su-esposa-adorni-admite-un-error-por-haber-dicho-deslomarse\/","title":{"rendered":"Sin aclarar los costosos viajes con su esposa, Adorni admite un \u201cerror\u201d por haber dicho \u201cdeslomarse\u201d"},"content":{"rendered":"<p>El jefe de Gabinete explic\u00f3 que la presencia de su esposa en el avi\u00f3n presidencial rumbo a Estados Unidos no implic\u00f3 un costo adicional para el Estado y agradeci\u00f3 el respaldo del presidente Javier Milei y de funcionarios del Gobierno.<!--more-->El jefe de Gabinete, <a class=\"link\" href=\"https:\/\/www.eldiarioar.com\/temas\/manuel-adorni\/\" target=\"_blank\" rel=\"noopener\" data-mrf-recirculation=\"links-noticia\" data-mrf-link=\"https:\/\/www.eldiarioar.com\/temas\/manuel-adorni\/\"><strong>Manuel Adorni, sali\u00f3 a dar explicaciones<\/strong><\/a><strong>\u00a0luego de la pol\u00e9mica generada por el viaje de su esposa, Bettina Angeletti, a Estados Unidos a bordo del avi\u00f3n presidencial<\/strong> y agradeci\u00f3 p\u00fablicamente el apoyo recibido por parte del Gobierno, incluido el del presidente Javier Milei y la secretaria general de la Presidencia, Karina Milei.<\/p>\n<div class=\"partner-wrapper article-page__body-row\">\n<div class=\"second-col\">\n<p class=\"article-text\">La controversia comenz\u00f3 luego de que se conociera que Angeletti hab\u00eda viajado junto al funcionario en la aeronave oficial durante su visita a\u00a0<strong>Estados Unidos<\/strong>, donde particip\u00f3 del evento\u00a0<strong>Argentina Week<\/strong>, que se desarroll\u00f3 entre el 9 y el 12 de marzo.<\/p>\n<p class=\"article-text\">En declaraciones televisivas,\u00a0<strong>Adorni confirm\u00f3 la presencia de su pareja en el avi\u00f3n\u00a0<\/strong>y explic\u00f3 que el viaje no implic\u00f3 un costo adicional para el Estado. \u201cMi mujer estaba en el avi\u00f3n presidencial\u201d, se\u00f1al\u00f3 el jefe de Gabinete, quien detall\u00f3 que su esposa ya ten\u00eda previsto viajar a Miami, aunque el plan hab\u00eda sido postergado.<\/p>\n<p class=\"article-text\">Seg\u00fan relat\u00f3, la decisi\u00f3n de que lo acompa\u00f1ara surgi\u00f3 luego de una modificaci\u00f3n en su agenda oficial. \u201cMi mujer iba a viajar el 26 de febrero a Miami, pero despu\u00e9s hubo un cambio en el viaje y yo quer\u00eda que me acompa\u00f1e. Presidencia la invit\u00f3\u201d, explic\u00f3.<\/p>\n<p class=\"article-text\">El funcionario tambi\u00e9n remarc\u00f3 que el traslado no represent\u00f3 un gasto extra. \u201cVengo a deslomarme una semana o cinco d\u00edas a Estados Unidos y yo quer\u00eda que mi esposa me acompa\u00f1e porque es mi compa\u00f1era de vida. No le sacamos un peso al Estado\u201d, sostuvo.<\/p>\n<p class=\"article-text\">Tras las cr\u00edticas que se multiplicaron en redes sociales y en algunos sectores de la oposici\u00f3n,\u00a0<strong>Adorni public\u00f3 un mensaje en sus redes sociales<\/strong>\u00a0en el que reconoci\u00f3 que utiliz\u00f3 una expresi\u00f3n desafortunada durante la entrevista.<\/p>\n<p class=\"article-text\">\u201cUno puede decir alguna palabra o frase desafortunada en un vivo, s\u00ed. Me ha ocurrido muchas veces. La palabra no debi\u00f3 ser \u2018deslomarse\u2019. Somos humanos y cometemos errores\u201d, escribi\u00f3 el funcionario.<\/p>\n<p class=\"article-text\">En el mismo mensaje, el jefe de Gabinete\u00a0<strong>defendi\u00f3 el trabajo de la administraci\u00f3n libertaria y cuestion\u00f3 a quienes critican al Gobierno<\/strong>. \u201cDetr\u00e1s de cada explicaci\u00f3n se encuentra siempre la verdadera intenci\u00f3n de contar todo lo que estamos haciendo desde hace m\u00e1s de dos a\u00f1os con el Presidente Milei y todo el gabinete para cambiar un pa\u00eds que nos dejaron en ruinas\u201d, afirm\u00f3.<\/p>\n<figure class=\"embed-container embed-container--type-twitter \">\n<div class=\"twitter-tweet twitter-tweet-rendered\"><iframe id=\"twitter-widget-0\" class=\"\" title=\"X Post\" src=\"https:\/\/platform.twitter.com\/embed\/Tweet.html?dnt=false&amp;embedId=twitter-widget-0&amp;features=eyJ0ZndfdGltZWxpbmVfbGlzdCI6eyJidWNrZXQiOltdLCJ2ZXJzaW9uIjpudWxsfSwidGZ3X2ZvbGxvd2VyX2NvdW50X3N1bnNldCI6eyJidWNrZXQiOnRydWUsInZlcnNpb24iOm51bGx9LCJ0ZndfdHdlZXRfZWRpdF9iYWNrZW5kIjp7ImJ1Y2tldCI6Im9uIiwidmVyc2lvbiI6bnVsbH0sInRmd19yZWZzcmNfc2Vzc2lvbiI6eyJidWNrZXQiOiJvbiIsInZlcnNpb24iOm51bGx9LCJ0ZndfZm9zbnJfc29mdF9pbnRlcnZlbnRpb25zX2VuYWJsZWQiOnsiYnVja2V0Ijoib24iLCJ2ZXJzaW9uIjpudWxsfSwidGZ3X21peGVkX21lZGlhXzE1ODk3Ijp7ImJ1Y2tldCI6InRyZWF0bWVudCIsInZlcnNpb24iOm51bGx9LCJ0ZndfZXhwZXJpbWVudHNfY29va2llX2V4cGlyYXRpb24iOnsiYnVja2V0IjoxMjA5NjAwLCJ2ZXJzaW9uIjpudWxsfSwidGZ3X3Nob3dfYmlyZHdhdGNoX3Bpdm90c19lbmFibGVkIjp7ImJ1Y2tldCI6Im9uIiwidmVyc2lvbiI6bnVsbH0sInRmd19kdXBsaWNhdGVfc2NyaWJlc190b19zZXR0aW5ncyI6eyJidWNrZXQiOiJvbiIsInZlcnNpb24iOm51bGx9LCJ0ZndfdXNlX3Byb2ZpbGVfaW1hZ2Vfc2hhcGVfZW5hYmxlZCI6eyJidWNrZXQiOiJvbiIsInZlcnNpb24iOm51bGx9LCJ0ZndfdmlkZW9faGxzX2R5bmFtaWNfbWFuaWZlc3RzXzE1MDgyIjp7ImJ1Y2tldCI6InRydWVfYml0cmF0ZSIsInZlcnNpb24iOm51bGx9LCJ0ZndfbGVnYWN5X3RpbWVsaW5lX3N1bnNldCI6eyJidWNrZXQiOnRydWUsInZlcnNpb24iOm51bGx9LCJ0ZndfdHdlZXRfZWRpdF9mcm9udGVuZCI6eyJidWNrZXQiOiJvbiIsInZlcnNpb24iOm51bGx9fQ%3D%3D&amp;frame=false&amp;hideCard=false&amp;hideThread=true&amp;id=2032212316423348261&amp;lang=es&amp;origin=https%3A%2F%2Fwww.eldiarioar.com%2Fpolitica%2Fpolemica-vuelo-oficial-adorni-defendio-agradecio-respaldo-milei_1_13064464.html&amp;sessionId=93d0ea9196bc9b5797c429a8cc6742fbbb241b76&amp;theme=light&amp;widgetsVersion=2615f7e52b7e0%3A1702314776716&amp;width=550px\" frameborder=\"0\" scrolling=\"no\" allowfullscreen=\"allowfullscreen\" data-gtm-yt-inspected-34399851_303=\"true\" data-gtm-yt-inspected-34399851_396=\"true\" data-gtm-yt-inspected-40=\"true\" data-tweet-id=\"2032212316423348261\" data-mce-fragment=\"1\"><\/iframe><\/div>\n<\/figure>\n<p class=\"article-text\"><strong>Adorni tambi\u00e9n agradeci\u00f3 los respaldos recibidos en medio de la controversia<\/strong>. \u201cQuiero agradecer a cada uno de los que se tomaron el tiempo de escribirme y al apoyo incondicional del gabinete nacional y del Presidente de la Naci\u00f3n. Siempre seguiremos firmes trabajando por los argentinos de bien\u201d, concluy\u00f3.<\/p>\n<p class=\"article-text\"><strong>El propio presidente Milei sali\u00f3 a respaldar p\u00fablicamente a su jefe de Gabinete<\/strong>\u00a0y cuestion\u00f3 las cr\u00edticas por el episodio. \u201cSi muchos sectores supieran el concepto de costo marginal tendr\u00edan claro que muchas cosas que se dicen no tienen ni el m\u00e1s m\u00ednimo sentido\u201d, escribi\u00f3 el mandatario en sus redes sociales.<\/p>\n<p class=\"article-text\">\u201cPero como pocos economistas lo entienden de verdad y a otros rubro no les importa (ni lo captan) entonces ensucian\u2026 \u00c1nimo\u201d, agreg\u00f3 el Presidente.<\/p>\n<p class=\"article-text\"><strong>En la misma l\u00ednea se expres\u00f3 Karina Milei<\/strong>, quien manifest\u00f3 su \u201capoyo total e incondicional\u201d al funcionario y cuestion\u00f3 la cobertura medi\u00e1tica del episodio. \u201cFrente a tanta basura medi\u00e1tica. Conozco tu integridad. Eso me alcanza. Siempre con vos\u201d, escribi\u00f3 la secretaria general de la Presidencia.<\/p>\n<p class=\"article-text\"><strong>La defensa de Adorni tambi\u00e9n lleg\u00f3 desde distintos sectores del oficialismo<\/strong>. Entre quienes se pronunciaron se encuentran el presidente de la C\u00e1mara de Diputados, Mart\u00edn Menem; el dirigente Diego Santilli; y el asesor presidencial Santiago Caputo, adem\u00e1s de referentes de espacios pol\u00edticos cercanos al Gobierno.<\/p>\n<p class=\"article-text\">Las expresiones de apoyo se dieron en medio de la escalada de cr\u00edticas por el viaje de Angeletti en el avi\u00f3n presidencial, una pol\u00e9mica que volvi\u00f3 a instalar el debate sobre el uso de recursos del Estado en los traslados de funcionarios durante misiones oficiales.<\/p>\n<div id=\"container-after-news-outlook\"><\/div>\n<p class=\"article-text\"><em>Con informaci\u00f3n de medios y redes &#8211; elDiarioAR<\/em><\/p>\n<\/div>\n<\/div>\n","protected":false},"excerpt":{"rendered":"<p>El jefe de Gabinete explic\u00f3 que la presencia de su esposa en el avi\u00f3n presidencial rumbo a Estados Unidos no implic\u00f3 un costo adicional para el Estado y agradeci\u00f3 el respaldo del presidente Javier Milei y de funcionarios del Gobierno.<\/p>\n","protected":false},"author":3,"featured_media":134008,"comment_status":"closed","ping_status":"closed","sticky":false,"template":"","format":"standard","meta":{"footnotes":""},"categories":[24],"tags":[],"class_list":["post-134007","post","type-post","status-publish","format-standard","has-post-thumbnail","hentry","category-politica"],"yoast_head":"<!-- This site is optimized with the Yoast SEO plugin v25.9 - https:\/\/yoast.com\/wordpress\/plugins\/seo\/ -->\n<title>Sin aclarar los costosos viajes con su esposa, Adorni admite un \u201cerror\u201d por haber dicho \u201cdeslomarse\u201d - Noticias Radio Reflejos<\/title>\n<meta name=\"robots\" content=\"index, follow, max-snippet:-1, max-image-preview:large, max-video-preview:-1\" \/>\n<link rel=\"canonical\" href=\"https:\/\/www.noticiasradioreflejos.com.ar\/2021\/sin-aclarar-los-costosos-viajes-con-su-esposa-adorni-admite-un-error-por-haber-dicho-deslomarse\/\" \/>\n<meta property=\"og:locale\" content=\"es_ES\" \/>\n<meta property=\"og:type\" content=\"article\" \/>\n<meta property=\"og:title\" content=\"Sin aclarar los costosos viajes con su esposa, Adorni admite un \u201cerror\u201d por haber dicho \u201cdeslomarse\u201d - Noticias Radio Reflejos\" \/>\n<meta property=\"og:description\" content=\"El jefe de Gabinete explic\u00f3 que la presencia de su esposa en el avi\u00f3n presidencial rumbo a Estados Unidos no implic\u00f3 un costo adicional para el Estado y agradeci\u00f3 el respaldo del presidente Javier Milei y de funcionarios del Gobierno.\" \/>\n<meta property=\"og:url\" content=\"https:\/\/www.noticiasradioreflejos.com.ar\/2021\/sin-aclarar-los-costosos-viajes-con-su-esposa-adorni-admite-un-error-por-haber-dicho-deslomarse\/\" \/>\n<meta property=\"og:site_name\" content=\"Noticias Radio Reflejos\" \/>\n<meta property=\"article:published_time\" content=\"2026-03-12T22:52:57+00:00\" \/>\n<meta property=\"og:image\" content=\"https:\/\/www.noticiasradioreflejos.com.ar\/2021\/wp-content\/uploads\/2026\/03\/adorni.png\" \/>\n\t<meta property=\"og:image:width\" content=\"723\" \/>\n\t<meta property=\"og:image:height\" content=\"470\" \/>\n\t<meta property=\"og:image:type\" content=\"image\/png\" \/>\n<meta name=\"author\" content=\"Arnaldo Botto\" \/>\n<meta name=\"twitter:card\" content=\"summary_large_image\" \/>\n<script type=\"application\/ld+json\" class=\"yoast-schema-graph\">{\"@context\":\"https:\/\/schema.org\",\"@graph\":[{\"@type\":\"WebPage\",\"@id\":\"https:\/\/www.noticiasradioreflejos.com.ar\/2021\/sin-aclarar-los-costosos-viajes-con-su-esposa-adorni-admite-un-error-por-haber-dicho-deslomarse\/\",\"url\":\"https:\/\/www.noticiasradioreflejos.com.ar\/2021\/sin-aclarar-los-costosos-viajes-con-su-esposa-adorni-admite-un-error-por-haber-dicho-deslomarse\/\",\"name\":\"Sin aclarar los costosos viajes con su esposa, Adorni admite un \u201cerror\u201d por haber dicho \u201cdeslomarse\u201d - Noticias Radio Reflejos\",\"isPartOf\":{\"@id\":\"https:\/\/www.noticiasradioreflejos.com.ar\/2021\/#website\"},\"primaryImageOfPage\":{\"@id\":\"https:\/\/www.noticiasradioreflejos.com.ar\/2021\/sin-aclarar-los-costosos-viajes-con-su-esposa-adorni-admite-un-error-por-haber-dicho-deslomarse\/#primaryimage\"},\"image\":{\"@id\":\"https:\/\/www.noticiasradioreflejos.com.ar\/2021\/sin-aclarar-los-costosos-viajes-con-su-esposa-adorni-admite-un-error-por-haber-dicho-deslomarse\/#primaryimage\"},\"thumbnailUrl\":\"https:\/\/www.noticiasradioreflejos.com.ar\/2021\/wp-content\/uploads\/2026\/03\/adorni.png\",\"datePublished\":\"2026-03-12T22:52:57+00:00\",\"author\":{\"@id\":\"https:\/\/www.noticiasradioreflejos.com.ar\/2021\/#\/schema\/person\/ad82545263dcc5ec0996818884fd5fb1\"},\"breadcrumb\":{\"@id\":\"https:\/\/www.noticiasradioreflejos.com.ar\/2021\/sin-aclarar-los-costosos-viajes-con-su-esposa-adorni-admite-un-error-por-haber-dicho-deslomarse\/#breadcrumb\"},\"inLanguage\":\"es\",\"potentialAction\":[{\"@type\":\"ReadAction\",\"target\":[\"https:\/\/www.noticiasradioreflejos.com.ar\/2021\/sin-aclarar-los-costosos-viajes-con-su-esposa-adorni-admite-un-error-por-haber-dicho-deslomarse\/\"]}]},{\"@type\":\"ImageObject\",\"inLanguage\":\"es\",\"@id\":\"https:\/\/www.noticiasradioreflejos.com.ar\/2021\/sin-aclarar-los-costosos-viajes-con-su-esposa-adorni-admite-un-error-por-haber-dicho-deslomarse\/#primaryimage\",\"url\":\"https:\/\/www.noticiasradioreflejos.com.ar\/2021\/wp-content\/uploads\/2026\/03\/adorni.png\",\"contentUrl\":\"https:\/\/www.noticiasradioreflejos.com.ar\/2021\/wp-content\/uploads\/2026\/03\/adorni.png\",\"width\":723,\"height\":470},{\"@type\":\"BreadcrumbList\",\"@id\":\"https:\/\/www.noticiasradioreflejos.com.ar\/2021\/sin-aclarar-los-costosos-viajes-con-su-esposa-adorni-admite-un-error-por-haber-dicho-deslomarse\/#breadcrumb\",\"itemListElement\":[{\"@type\":\"ListItem\",\"position\":1,\"name\":\"Portada\",\"item\":\"https:\/\/www.noticiasradioreflejos.com.ar\/2021\/\"},{\"@type\":\"ListItem\",\"position\":2,\"name\":\"Sin aclarar los costosos viajes con su esposa, Adorni admite un \u201cerror\u201d por haber dicho \u201cdeslomarse\u201d\"}]},{\"@type\":\"WebSite\",\"@id\":\"https:\/\/www.noticiasradioreflejos.com.ar\/2021\/#website\",\"url\":\"https:\/\/www.noticiasradioreflejos.com.ar\/2021\/\",\"name\":\"Noticias Radio Reflejos\",\"description\":\"Las noticias de mi comarca\",\"potentialAction\":[{\"@type\":\"SearchAction\",\"target\":{\"@type\":\"EntryPoint\",\"urlTemplate\":\"https:\/\/www.noticiasradioreflejos.com.ar\/2021\/?s={search_term_string}\"},\"query-input\":{\"@type\":\"PropertyValueSpecification\",\"valueRequired\":true,\"valueName\":\"search_term_string\"}}],\"inLanguage\":\"es\"},{\"@type\":\"Person\",\"@id\":\"https:\/\/www.noticiasradioreflejos.com.ar\/2021\/#\/schema\/person\/ad82545263dcc5ec0996818884fd5fb1\",\"name\":\"Arnaldo Botto\",\"image\":{\"@type\":\"ImageObject\",\"inLanguage\":\"es\",\"@id\":\"https:\/\/www.noticiasradioreflejos.com.ar\/2021\/#\/schema\/person\/image\/\",\"url\":\"https:\/\/secure.gravatar.com\/avatar\/55cb5e37c1efa326397366e6974cb338056df65cb50e7d64d1cf314e87504837?s=96&d=mm&r=g\",\"contentUrl\":\"https:\/\/secure.gravatar.com\/avatar\/55cb5e37c1efa326397366e6974cb338056df65cb50e7d64d1cf314e87504837?s=96&d=mm&r=g\",\"caption\":\"Arnaldo Botto\"},\"url\":\"https:\/\/www.noticiasradioreflejos.com.ar\/2021\/author\/arnaldo\/\"}]}<\/script>\n<!-- \/ Yoast SEO plugin. -->","yoast_head_json":{"title":"Sin aclarar los costosos viajes con su esposa, Adorni admite un \u201cerror\u201d por haber dicho \u201cdeslomarse\u201d - Noticias Radio Reflejos","robots":{"index":"index","follow":"follow","max-snippet":"max-snippet:-1","max-image-preview":"max-image-preview:large","max-video-preview":"max-video-preview:-1"},"canonical":"https:\/\/www.noticiasradioreflejos.com.ar\/2021\/sin-aclarar-los-costosos-viajes-con-su-esposa-adorni-admite-un-error-por-haber-dicho-deslomarse\/","og_locale":"es_ES","og_type":"article","og_title":"Sin aclarar los costosos viajes con su esposa, Adorni admite un \u201cerror\u201d por haber dicho \u201cdeslomarse\u201d - Noticias Radio Reflejos","og_description":"El jefe de Gabinete explic\u00f3 que la presencia de su esposa en el avi\u00f3n presidencial rumbo a Estados Unidos no implic\u00f3 un costo adicional para el Estado y agradeci\u00f3 el respaldo del presidente Javier Milei y de funcionarios del Gobierno.","og_url":"https:\/\/www.noticiasradioreflejos.com.ar\/2021\/sin-aclarar-los-costosos-viajes-con-su-esposa-adorni-admite-un-error-por-haber-dicho-deslomarse\/","og_site_name":"Noticias Radio Reflejos","article_published_time":"2026-03-12T22:52:57+00:00","og_image":[{"width":723,"height":470,"url":"https:\/\/www.noticiasradioreflejos.com.ar\/2021\/wp-content\/uploads\/2026\/03\/adorni.png","type":"image\/png"}],"author":"Arnaldo Botto","twitter_card":"summary_large_image","schema":{"@context":"https:\/\/schema.org","@graph":[{"@type":"WebPage","@id":"https:\/\/www.noticiasradioreflejos.com.ar\/2021\/sin-aclarar-los-costosos-viajes-con-su-esposa-adorni-admite-un-error-por-haber-dicho-deslomarse\/","url":"https:\/\/www.noticiasradioreflejos.com.ar\/2021\/sin-aclarar-los-costosos-viajes-con-su-esposa-adorni-admite-un-error-por-haber-dicho-deslomarse\/","name":"Sin aclarar los costosos viajes con su esposa, Adorni admite un \u201cerror\u201d por haber dicho \u201cdeslomarse\u201d - Noticias Radio Reflejos","isPartOf":{"@id":"https:\/\/www.noticiasradioreflejos.com.ar\/2021\/#website"},"primaryImageOfPage":{"@id":"https:\/\/www.noticiasradioreflejos.com.ar\/2021\/sin-aclarar-los-costosos-viajes-con-su-esposa-adorni-admite-un-error-por-haber-dicho-deslomarse\/#primaryimage"},"image":{"@id":"https:\/\/www.noticiasradioreflejos.com.ar\/2021\/sin-aclarar-los-costosos-viajes-con-su-esposa-adorni-admite-un-error-por-haber-dicho-deslomarse\/#primaryimage"},"thumbnailUrl":"https:\/\/www.noticiasradioreflejos.com.ar\/2021\/wp-content\/uploads\/2026\/03\/adorni.png","datePublished":"2026-03-12T22:52:57+00:00","author":{"@id":"https:\/\/www.noticiasradioreflejos.com.ar\/2021\/#\/schema\/person\/ad82545263dcc5ec0996818884fd5fb1"},"breadcrumb":{"@id":"https:\/\/www.noticiasradioreflejos.com.ar\/2021\/sin-aclarar-los-costosos-viajes-con-su-esposa-adorni-admite-un-error-por-haber-dicho-deslomarse\/#breadcrumb"},"inLanguage":"es","potentialAction":[{"@type":"ReadAction","target":["https:\/\/www.noticiasradioreflejos.com.ar\/2021\/sin-aclarar-los-costosos-viajes-con-su-esposa-adorni-admite-un-error-por-haber-dicho-deslomarse\/"]}]},{"@type":"ImageObject","inLanguage":"es","@id":"https:\/\/www.noticiasradioreflejos.com.ar\/2021\/sin-aclarar-los-costosos-viajes-con-su-esposa-adorni-admite-un-error-por-haber-dicho-deslomarse\/#primaryimage","url":"https:\/\/www.noticiasradioreflejos.com.ar\/2021\/wp-content\/uploads\/2026\/03\/adorni.png","contentUrl":"https:\/\/www.noticiasradioreflejos.com.ar\/2021\/wp-content\/uploads\/2026\/03\/adorni.png","width":723,"height":470},{"@type":"BreadcrumbList","@id":"https:\/\/www.noticiasradioreflejos.com.ar\/2021\/sin-aclarar-los-costosos-viajes-con-su-esposa-adorni-admite-un-error-por-haber-dicho-deslomarse\/#breadcrumb","itemListElement":[{"@type":"ListItem","position":1,"name":"Portada","item":"https:\/\/www.noticiasradioreflejos.com.ar\/2021\/"},{"@type":"ListItem","position":2,"name":"Sin aclarar los costosos viajes con su esposa, Adorni admite un \u201cerror\u201d por haber dicho \u201cdeslomarse\u201d"}]},{"@type":"WebSite","@id":"https:\/\/www.noticiasradioreflejos.com.ar\/2021\/#website","url":"https:\/\/www.noticiasradioreflejos.com.ar\/2021\/","name":"Noticias Radio Reflejos","description":"Las noticias de mi comarca","potentialAction":[{"@type":"SearchAction","target":{"@type":"EntryPoint","urlTemplate":"https:\/\/www.noticiasradioreflejos.com.ar\/2021\/?s={search_term_string}"},"query-input":{"@type":"PropertyValueSpecification","valueRequired":true,"valueName":"search_term_string"}}],"inLanguage":"es"},{"@type":"Person","@id":"https:\/\/www.noticiasradioreflejos.com.ar\/2021\/#\/schema\/person\/ad82545263dcc5ec0996818884fd5fb1","name":"Arnaldo Botto","image":{"@type":"ImageObject","inLanguage":"es","@id":"https:\/\/www.noticiasradioreflejos.com.ar\/2021\/#\/schema\/person\/image\/","url":"https:\/\/secure.gravatar.com\/avatar\/55cb5e37c1efa326397366e6974cb338056df65cb50e7d64d1cf314e87504837?s=96&d=mm&r=g","contentUrl":"https:\/\/secure.gravatar.com\/avatar\/55cb5e37c1efa326397366e6974cb338056df65cb50e7d64d1cf314e87504837?s=96&d=mm&r=g","caption":"Arnaldo Botto"},"url":"https:\/\/www.noticiasradioreflejos.com.ar\/2021\/author\/arnaldo\/"}]}},"_links":{"self":[{"href":"https:\/\/www.noticiasradioreflejos.com.ar\/2021\/wp-json\/wp\/v2\/posts\/134007","targetHints":{"allow":["GET"]}}],"collection":[{"href":"https:\/\/www.noticiasradioreflejos.com.ar\/2021\/wp-json\/wp\/v2\/posts"}],"about":[{"href":"https:\/\/www.noticiasradioreflejos.com.ar\/2021\/wp-json\/wp\/v2\/types\/post"}],"author":[{"embeddable":true,"href":"https:\/\/www.noticiasradioreflejos.com.ar\/2021\/wp-json\/wp\/v2\/users\/3"}],"replies":[{"embeddable":true,"href":"https:\/\/www.noticiasradioreflejos.com.ar\/2021\/wp-json\/wp\/v2\/comments?post=134007"}],"version-history":[{"count":1,"href":"https:\/\/www.noticiasradioreflejos.com.ar\/2021\/wp-json\/wp\/v2\/posts\/134007\/revisions"}],"predecessor-version":[{"id":134009,"href":"https:\/\/www.noticiasradioreflejos.com.ar\/2021\/wp-json\/wp\/v2\/posts\/134007\/revisions\/134009"}],"wp:featuredmedia":[{"embeddable":true,"href":"https:\/\/www.noticiasradioreflejos.com.ar\/2021\/wp-json\/wp\/v2\/media\/134008"}],"wp:attachment":[{"href":"https:\/\/www.noticiasradioreflejos.com.ar\/2021\/wp-json\/wp\/v2\/media?parent=134007"}],"wp:term":[{"taxonomy":"category","embeddable":true,"href":"https:\/\/www.noticiasradioreflejos.com.ar\/2021\/wp-json\/wp\/v2\/categories?post=134007"},{"taxonomy":"post_tag","embeddable":true,"href":"https:\/\/www.noticiasradioreflejos.com.ar\/2021\/wp-json\/wp\/v2\/tags?post=134007"}],"curies":[{"name":"wp","href":"https:\/\/api.w.org\/{rel}","templated":true}]}}