{"id":133976,"date":"2026-03-12T17:21:11","date_gmt":"2026-03-12T20:21:11","guid":{"rendered":"https:\/\/www.noticiasradioreflejos.com.ar\/2021\/?p=133976"},"modified":"2026-03-13T08:10:04","modified_gmt":"2026-03-13T11:10:04","slug":"guillermo-beck-prendio-fuego-la-interna-hay-gente-en-la-otra-lista-que-fue-detractora-del-peronismo","status":"publish","type":"post","link":"https:\/\/www.noticiasradioreflejos.com.ar\/2021\/guillermo-beck-prendio-fuego-la-interna-hay-gente-en-la-otra-lista-que-fue-detractora-del-peronismo\/","title":{"rendered":"Guillermo Beck prendi\u00f3 fuego la interna: \u00abHay gente en la otra lista que fue detractora del peronismo\u00bb"},"content":{"rendered":"<p>A horas del inicio de la veda electoral, <b data-path-to-node=\"4\" data-index-in-node=\"64\">Guillermo Beck<\/b> pas\u00f3 por los micr\u00f3fonos de <a href=\"https:\/\/www.noticiasradioreflejos.com.ar\/2021\/radio-en-vivo\/\"><b data-path-to-node=\"4\" data-index-in-node=\"106\">FM Reflejos<\/b><\/a> para analizar el escenario pol\u00edtico y profundizar en las razones que llevaron a la conformaci\u00f3n de la <b data-path-to-node=\"4\" data-index-in-node=\"220\">Lista 2<\/b>. Durante la charla, el dirigente no solo repas\u00f3 su trayectoria en el \u00e1mbito p\u00fablico y privado, sino que fue tajante al diferenciar la propuesta que encabeza junto a Juan Carlos Gisler frente al sector opositor.<\/p>\n<p><!--more--><\/p>\n<p data-path-to-node=\"5\">\u00abEn un cierre de campa\u00f1a con los tapones de punta, Guillermo Beck no se guard\u00f3 nada. El referente de la Lista 2 denunci\u00f3 que la lista opositora est\u00e1 integrada por figuras que hist\u00f3ricamente fueron &#8216;detractoras&#8217; del justicialismo y que hoy responden a la estructura del exintendente Bordoni. &#8216;Es m\u00e1s fuerte que yo, no puedo generar una lista con esa gente&#8217;, dispar\u00f3, dejando la interna al rojo vivo antes del domingo.\u00bbIdentidad y \u00abdetractores\u00bb del peronismo<\/p>\n<p data-path-to-node=\"6\">Uno de los puntos m\u00e1s controvertidos de la entrevista fue cuando Beck se refiri\u00f3 a la composici\u00f3n de la lista rival y su relaci\u00f3n con el pasado pol\u00edtico del distrito. \u00abHay gente que se dice peronista y estuvo en otros grupos pol\u00edticos que son antag\u00f3nicos al peronismo\u00bb, sentenci\u00f3 Beck.<\/p>\n<p data-path-to-node=\"7\">El dirigente record\u00f3 con nombre y apellido a figuras del pasado para marcar coherencia: \u00abVos sab\u00e9s que tambi\u00e9n estaban con Mart\u00ednez; a Mart\u00ednez no le dec\u00edan intendente, le dec\u00edan comisionado, y fueron detractores tambi\u00e9n del gobierno peronista de atr\u00e1s. Yo no puedo generar una lista que conforme esta gente, lamentablemente\u00bb.<\/p>\n<p data-path-to-node=\"9\">Beck resalt\u00f3 la figura de quien encabeza su lista, asegurando que el liderazgo no se construye de un d\u00eda para el otro. \u00abEl Flaco (Gisler) es el dirigente peronista, creo que es el peronista m\u00e1s reconocido en todo el distrito\u00bb, afirm\u00f3 con convicci\u00f3n. Para Beck, la Lista 2 representa la continuidad de una forma de sentir la pol\u00edtica: \u00abNosotros somos la lista 2, Celeste y Blanca, la hist\u00f3rica\u00bb.<\/p>\n<p data-path-to-node=\"10\">A pesar de tener diferencias personales con integrantes de la otra lista, como <strong>Rub\u00e9n Panzitta<\/strong>, Beck prioriz\u00f3 la claridad ideol\u00f3gica: \u00abCon Rub\u00e9n somos amigos, pero ellos tendr\u00e1n otra idea; eso es lo que hay que rescatar, la posibilidad que nos da la democracia\u00bb.<\/p>\n<p data-path-to-node=\"12\">Sobre el cierre, Guillermo Beck inst\u00f3 a los compa\u00f1eros a participar activamente de la jornada democr\u00e1tica del domingo para definir el destino de la Unidad B\u00e1sica: \u00abA los compa\u00f1eros y afiliados, que nos acompa\u00f1en con su voto el domingo. Es una carrera de seducir con el mensaje, de estar presentes para esta comarca que eleg\u00ed como mi lugar en el mundo\u00bb.<\/p>\n<p data-path-to-node=\"13\">Con esta entrevista, la Lista 2 cierra su etapa de difusi\u00f3n medi\u00e1tica, apostando a la memoria del afiliado y a la representatividad territorial en un distrito que, seg\u00fan Beck, necesita de sus dirigentes m\u00e1s experimentados para afrontar los desaf\u00edos del futuro tur\u00edstico y social.<\/p>\n<p>&nbsp;<\/p>\n<audio class=\"wp-audio-shortcode\" id=\"audio-133976-1\" preload=\"none\" style=\"width: 100%;\" controls=\"controls\"><source type=\"audio\/mpeg\" src=\"https:\/\/www.noticiasradioreflejos.com.ar\/2021\/wp-content\/uploads\/2026\/03\/Guillermo-Besk-12-03.mp3?_=1\" \/><a href=\"https:\/\/www.noticiasradioreflejos.com.ar\/2021\/wp-content\/uploads\/2026\/03\/Guillermo-Besk-12-03.mp3\">https:\/\/www.noticiasradioreflejos.com.ar\/2021\/wp-content\/uploads\/2026\/03\/Guillermo-Besk-12-03.mp3<\/a><\/audio>\n","protected":false},"excerpt":{"rendered":"<p>A horas del inicio de la veda electoral, Guillermo Beck pas\u00f3 por los micr\u00f3fonos de FM Reflejos para analizar el escenario pol\u00edtico y profundizar en las razones que llevaron a la conformaci\u00f3n de la Lista 2. Durante la charla, el dirigente no solo repas\u00f3 su trayectoria en el \u00e1mbito p\u00fablico y privado, sino que fue [&hellip;]<\/p>\n","protected":false},"author":3,"featured_media":133993,"comment_status":"closed","ping_status":"closed","sticky":false,"template":"","format":"standard","meta":{"footnotes":""},"categories":[24],"tags":[],"class_list":["post-133976","post","type-post","status-publish","format-standard","has-post-thumbnail","hentry","category-politica"],"yoast_head":"<!-- This site is optimized with the Yoast SEO plugin v25.9 - https:\/\/yoast.com\/wordpress\/plugins\/seo\/ -->\n<title>Guillermo Beck prendi\u00f3 fuego la interna: &quot;Hay gente en la otra lista que fue detractora del peronismo&quot; - Noticias Radio Reflejos<\/title>\n<meta name=\"robots\" content=\"index, follow, max-snippet:-1, max-image-preview:large, max-video-preview:-1\" \/>\n<link rel=\"canonical\" href=\"https:\/\/www.noticiasradioreflejos.com.ar\/2021\/guillermo-beck-prendio-fuego-la-interna-hay-gente-en-la-otra-lista-que-fue-detractora-del-peronismo\/\" \/>\n<meta property=\"og:locale\" content=\"es_ES\" \/>\n<meta property=\"og:type\" content=\"article\" \/>\n<meta property=\"og:title\" content=\"Guillermo Beck prendi\u00f3 fuego la interna: &quot;Hay gente en la otra lista que fue detractora del peronismo&quot; - Noticias Radio Reflejos\" \/>\n<meta property=\"og:description\" content=\"A horas del inicio de la veda electoral, Guillermo Beck pas\u00f3 por los micr\u00f3fonos de FM Reflejos para analizar el escenario pol\u00edtico y profundizar en las razones que llevaron a la conformaci\u00f3n de la Lista 2. Durante la charla, el dirigente no solo repas\u00f3 su trayectoria en el \u00e1mbito p\u00fablico y privado, sino que fue [&hellip;]\" \/>\n<meta property=\"og:url\" content=\"https:\/\/www.noticiasradioreflejos.com.ar\/2021\/guillermo-beck-prendio-fuego-la-interna-hay-gente-en-la-otra-lista-que-fue-detractora-del-peronismo\/\" \/>\n<meta property=\"og:site_name\" content=\"Noticias Radio Reflejos\" \/>\n<meta property=\"article:published_time\" content=\"2026-03-12T20:21:11+00:00\" \/>\n<meta property=\"article:modified_time\" content=\"2026-03-13T11:10:04+00:00\" \/>\n<meta property=\"og:image\" content=\"https:\/\/www.noticiasradioreflejos.com.ar\/2021\/wp-content\/uploads\/2026\/03\/Beck-Trankels.jpg\" \/>\n\t<meta property=\"og:image:width\" content=\"1082\" \/>\n\t<meta property=\"og:image:height\" content=\"668\" \/>\n\t<meta property=\"og:image:type\" content=\"image\/jpeg\" \/>\n<meta name=\"author\" content=\"Arnaldo Botto\" \/>\n<meta name=\"twitter:card\" content=\"summary_large_image\" \/>\n<script type=\"application\/ld+json\" class=\"yoast-schema-graph\">{\"@context\":\"https:\/\/schema.org\",\"@graph\":[{\"@type\":\"WebPage\",\"@id\":\"https:\/\/www.noticiasradioreflejos.com.ar\/2021\/guillermo-beck-prendio-fuego-la-interna-hay-gente-en-la-otra-lista-que-fue-detractora-del-peronismo\/\",\"url\":\"https:\/\/www.noticiasradioreflejos.com.ar\/2021\/guillermo-beck-prendio-fuego-la-interna-hay-gente-en-la-otra-lista-que-fue-detractora-del-peronismo\/\",\"name\":\"Guillermo Beck prendi\u00f3 fuego la interna: \\\"Hay gente en la otra lista que fue detractora del peronismo\\\" - Noticias Radio Reflejos\",\"isPartOf\":{\"@id\":\"https:\/\/www.noticiasradioreflejos.com.ar\/2021\/#website\"},\"primaryImageOfPage\":{\"@id\":\"https:\/\/www.noticiasradioreflejos.com.ar\/2021\/guillermo-beck-prendio-fuego-la-interna-hay-gente-en-la-otra-lista-que-fue-detractora-del-peronismo\/#primaryimage\"},\"image\":{\"@id\":\"https:\/\/www.noticiasradioreflejos.com.ar\/2021\/guillermo-beck-prendio-fuego-la-interna-hay-gente-en-la-otra-lista-que-fue-detractora-del-peronismo\/#primaryimage\"},\"thumbnailUrl\":\"https:\/\/www.noticiasradioreflejos.com.ar\/2021\/wp-content\/uploads\/2026\/03\/Beck-Trankels.jpg\",\"datePublished\":\"2026-03-12T20:21:11+00:00\",\"dateModified\":\"2026-03-13T11:10:04+00:00\",\"author\":{\"@id\":\"https:\/\/www.noticiasradioreflejos.com.ar\/2021\/#\/schema\/person\/ad82545263dcc5ec0996818884fd5fb1\"},\"breadcrumb\":{\"@id\":\"https:\/\/www.noticiasradioreflejos.com.ar\/2021\/guillermo-beck-prendio-fuego-la-interna-hay-gente-en-la-otra-lista-que-fue-detractora-del-peronismo\/#breadcrumb\"},\"inLanguage\":\"es\",\"potentialAction\":[{\"@type\":\"ReadAction\",\"target\":[\"https:\/\/www.noticiasradioreflejos.com.ar\/2021\/guillermo-beck-prendio-fuego-la-interna-hay-gente-en-la-otra-lista-que-fue-detractora-del-peronismo\/\"]}]},{\"@type\":\"ImageObject\",\"inLanguage\":\"es\",\"@id\":\"https:\/\/www.noticiasradioreflejos.com.ar\/2021\/guillermo-beck-prendio-fuego-la-interna-hay-gente-en-la-otra-lista-que-fue-detractora-del-peronismo\/#primaryimage\",\"url\":\"https:\/\/www.noticiasradioreflejos.com.ar\/2021\/wp-content\/uploads\/2026\/03\/Beck-Trankels.jpg\",\"contentUrl\":\"https:\/\/www.noticiasradioreflejos.com.ar\/2021\/wp-content\/uploads\/2026\/03\/Beck-Trankels.jpg\",\"width\":1082,\"height\":668},{\"@type\":\"BreadcrumbList\",\"@id\":\"https:\/\/www.noticiasradioreflejos.com.ar\/2021\/guillermo-beck-prendio-fuego-la-interna-hay-gente-en-la-otra-lista-que-fue-detractora-del-peronismo\/#breadcrumb\",\"itemListElement\":[{\"@type\":\"ListItem\",\"position\":1,\"name\":\"Portada\",\"item\":\"https:\/\/www.noticiasradioreflejos.com.ar\/2021\/\"},{\"@type\":\"ListItem\",\"position\":2,\"name\":\"Guillermo Beck prendi\u00f3 fuego la interna: \u00abHay gente en la otra lista que fue detractora del peronismo\u00bb\"}]},{\"@type\":\"WebSite\",\"@id\":\"https:\/\/www.noticiasradioreflejos.com.ar\/2021\/#website\",\"url\":\"https:\/\/www.noticiasradioreflejos.com.ar\/2021\/\",\"name\":\"Noticias Radio Reflejos\",\"description\":\"Las noticias de mi comarca\",\"potentialAction\":[{\"@type\":\"SearchAction\",\"target\":{\"@type\":\"EntryPoint\",\"urlTemplate\":\"https:\/\/www.noticiasradioreflejos.com.ar\/2021\/?s={search_term_string}\"},\"query-input\":{\"@type\":\"PropertyValueSpecification\",\"valueRequired\":true,\"valueName\":\"search_term_string\"}}],\"inLanguage\":\"es\"},{\"@type\":\"Person\",\"@id\":\"https:\/\/www.noticiasradioreflejos.com.ar\/2021\/#\/schema\/person\/ad82545263dcc5ec0996818884fd5fb1\",\"name\":\"Arnaldo Botto\",\"image\":{\"@type\":\"ImageObject\",\"inLanguage\":\"es\",\"@id\":\"https:\/\/www.noticiasradioreflejos.com.ar\/2021\/#\/schema\/person\/image\/\",\"url\":\"https:\/\/secure.gravatar.com\/avatar\/55cb5e37c1efa326397366e6974cb338056df65cb50e7d64d1cf314e87504837?s=96&d=mm&r=g\",\"contentUrl\":\"https:\/\/secure.gravatar.com\/avatar\/55cb5e37c1efa326397366e6974cb338056df65cb50e7d64d1cf314e87504837?s=96&d=mm&r=g\",\"caption\":\"Arnaldo Botto\"},\"url\":\"https:\/\/www.noticiasradioreflejos.com.ar\/2021\/author\/arnaldo\/\"}]}<\/script>\n<!-- \/ Yoast SEO plugin. -->","yoast_head_json":{"title":"Guillermo Beck prendi\u00f3 fuego la interna: \"Hay gente en la otra lista que fue detractora del peronismo\" - Noticias Radio Reflejos","robots":{"index":"index","follow":"follow","max-snippet":"max-snippet:-1","max-image-preview":"max-image-preview:large","max-video-preview":"max-video-preview:-1"},"canonical":"https:\/\/www.noticiasradioreflejos.com.ar\/2021\/guillermo-beck-prendio-fuego-la-interna-hay-gente-en-la-otra-lista-que-fue-detractora-del-peronismo\/","og_locale":"es_ES","og_type":"article","og_title":"Guillermo Beck prendi\u00f3 fuego la interna: \"Hay gente en la otra lista que fue detractora del peronismo\" - Noticias Radio Reflejos","og_description":"A horas del inicio de la veda electoral, Guillermo Beck pas\u00f3 por los micr\u00f3fonos de FM Reflejos para analizar el escenario pol\u00edtico y profundizar en las razones que llevaron a la conformaci\u00f3n de la Lista 2. Durante la charla, el dirigente no solo repas\u00f3 su trayectoria en el \u00e1mbito p\u00fablico y privado, sino que fue [&hellip;]","og_url":"https:\/\/www.noticiasradioreflejos.com.ar\/2021\/guillermo-beck-prendio-fuego-la-interna-hay-gente-en-la-otra-lista-que-fue-detractora-del-peronismo\/","og_site_name":"Noticias Radio Reflejos","article_published_time":"2026-03-12T20:21:11+00:00","article_modified_time":"2026-03-13T11:10:04+00:00","og_image":[{"width":1082,"height":668,"url":"https:\/\/www.noticiasradioreflejos.com.ar\/2021\/wp-content\/uploads\/2026\/03\/Beck-Trankels.jpg","type":"image\/jpeg"}],"author":"Arnaldo Botto","twitter_card":"summary_large_image","schema":{"@context":"https:\/\/schema.org","@graph":[{"@type":"WebPage","@id":"https:\/\/www.noticiasradioreflejos.com.ar\/2021\/guillermo-beck-prendio-fuego-la-interna-hay-gente-en-la-otra-lista-que-fue-detractora-del-peronismo\/","url":"https:\/\/www.noticiasradioreflejos.com.ar\/2021\/guillermo-beck-prendio-fuego-la-interna-hay-gente-en-la-otra-lista-que-fue-detractora-del-peronismo\/","name":"Guillermo Beck prendi\u00f3 fuego la interna: \"Hay gente en la otra lista que fue detractora del peronismo\" - Noticias Radio Reflejos","isPartOf":{"@id":"https:\/\/www.noticiasradioreflejos.com.ar\/2021\/#website"},"primaryImageOfPage":{"@id":"https:\/\/www.noticiasradioreflejos.com.ar\/2021\/guillermo-beck-prendio-fuego-la-interna-hay-gente-en-la-otra-lista-que-fue-detractora-del-peronismo\/#primaryimage"},"image":{"@id":"https:\/\/www.noticiasradioreflejos.com.ar\/2021\/guillermo-beck-prendio-fuego-la-interna-hay-gente-en-la-otra-lista-que-fue-detractora-del-peronismo\/#primaryimage"},"thumbnailUrl":"https:\/\/www.noticiasradioreflejos.com.ar\/2021\/wp-content\/uploads\/2026\/03\/Beck-Trankels.jpg","datePublished":"2026-03-12T20:21:11+00:00","dateModified":"2026-03-13T11:10:04+00:00","author":{"@id":"https:\/\/www.noticiasradioreflejos.com.ar\/2021\/#\/schema\/person\/ad82545263dcc5ec0996818884fd5fb1"},"breadcrumb":{"@id":"https:\/\/www.noticiasradioreflejos.com.ar\/2021\/guillermo-beck-prendio-fuego-la-interna-hay-gente-en-la-otra-lista-que-fue-detractora-del-peronismo\/#breadcrumb"},"inLanguage":"es","potentialAction":[{"@type":"ReadAction","target":["https:\/\/www.noticiasradioreflejos.com.ar\/2021\/guillermo-beck-prendio-fuego-la-interna-hay-gente-en-la-otra-lista-que-fue-detractora-del-peronismo\/"]}]},{"@type":"ImageObject","inLanguage":"es","@id":"https:\/\/www.noticiasradioreflejos.com.ar\/2021\/guillermo-beck-prendio-fuego-la-interna-hay-gente-en-la-otra-lista-que-fue-detractora-del-peronismo\/#primaryimage","url":"https:\/\/www.noticiasradioreflejos.com.ar\/2021\/wp-content\/uploads\/2026\/03\/Beck-Trankels.jpg","contentUrl":"https:\/\/www.noticiasradioreflejos.com.ar\/2021\/wp-content\/uploads\/2026\/03\/Beck-Trankels.jpg","width":1082,"height":668},{"@type":"BreadcrumbList","@id":"https:\/\/www.noticiasradioreflejos.com.ar\/2021\/guillermo-beck-prendio-fuego-la-interna-hay-gente-en-la-otra-lista-que-fue-detractora-del-peronismo\/#breadcrumb","itemListElement":[{"@type":"ListItem","position":1,"name":"Portada","item":"https:\/\/www.noticiasradioreflejos.com.ar\/2021\/"},{"@type":"ListItem","position":2,"name":"Guillermo Beck prendi\u00f3 fuego la interna: \u00abHay gente en la otra lista que fue detractora del peronismo\u00bb"}]},{"@type":"WebSite","@id":"https:\/\/www.noticiasradioreflejos.com.ar\/2021\/#website","url":"https:\/\/www.noticiasradioreflejos.com.ar\/2021\/","name":"Noticias Radio Reflejos","description":"Las noticias de mi comarca","potentialAction":[{"@type":"SearchAction","target":{"@type":"EntryPoint","urlTemplate":"https:\/\/www.noticiasradioreflejos.com.ar\/2021\/?s={search_term_string}"},"query-input":{"@type":"PropertyValueSpecification","valueRequired":true,"valueName":"search_term_string"}}],"inLanguage":"es"},{"@type":"Person","@id":"https:\/\/www.noticiasradioreflejos.com.ar\/2021\/#\/schema\/person\/ad82545263dcc5ec0996818884fd5fb1","name":"Arnaldo Botto","image":{"@type":"ImageObject","inLanguage":"es","@id":"https:\/\/www.noticiasradioreflejos.com.ar\/2021\/#\/schema\/person\/image\/","url":"https:\/\/secure.gravatar.com\/avatar\/55cb5e37c1efa326397366e6974cb338056df65cb50e7d64d1cf314e87504837?s=96&d=mm&r=g","contentUrl":"https:\/\/secure.gravatar.com\/avatar\/55cb5e37c1efa326397366e6974cb338056df65cb50e7d64d1cf314e87504837?s=96&d=mm&r=g","caption":"Arnaldo Botto"},"url":"https:\/\/www.noticiasradioreflejos.com.ar\/2021\/author\/arnaldo\/"}]}},"_links":{"self":[{"href":"https:\/\/www.noticiasradioreflejos.com.ar\/2021\/wp-json\/wp\/v2\/posts\/133976","targetHints":{"allow":["GET"]}}],"collection":[{"href":"https:\/\/www.noticiasradioreflejos.com.ar\/2021\/wp-json\/wp\/v2\/posts"}],"about":[{"href":"https:\/\/www.noticiasradioreflejos.com.ar\/2021\/wp-json\/wp\/v2\/types\/post"}],"author":[{"embeddable":true,"href":"https:\/\/www.noticiasradioreflejos.com.ar\/2021\/wp-json\/wp\/v2\/users\/3"}],"replies":[{"embeddable":true,"href":"https:\/\/www.noticiasradioreflejos.com.ar\/2021\/wp-json\/wp\/v2\/comments?post=133976"}],"version-history":[{"count":3,"href":"https:\/\/www.noticiasradioreflejos.com.ar\/2021\/wp-json\/wp\/v2\/posts\/133976\/revisions"}],"predecessor-version":[{"id":133994,"href":"https:\/\/www.noticiasradioreflejos.com.ar\/2021\/wp-json\/wp\/v2\/posts\/133976\/revisions\/133994"}],"wp:featuredmedia":[{"embeddable":true,"href":"https:\/\/www.noticiasradioreflejos.com.ar\/2021\/wp-json\/wp\/v2\/media\/133993"}],"wp:attachment":[{"href":"https:\/\/www.noticiasradioreflejos.com.ar\/2021\/wp-json\/wp\/v2\/media?parent=133976"}],"wp:term":[{"taxonomy":"category","embeddable":true,"href":"https:\/\/www.noticiasradioreflejos.com.ar\/2021\/wp-json\/wp\/v2\/categories?post=133976"},{"taxonomy":"post_tag","embeddable":true,"href":"https:\/\/www.noticiasradioreflejos.com.ar\/2021\/wp-json\/wp\/v2\/tags?post=133976"}],"curies":[{"name":"wp","href":"https:\/\/api.w.org\/{rel}","templated":true}]}}