{"id":133973,"date":"2026-03-12T13:22:57","date_gmt":"2026-03-12T16:22:57","guid":{"rendered":"https:\/\/www.noticiasradioreflejos.com.ar\/2021\/?p=133973"},"modified":"2026-03-12T13:23:53","modified_gmt":"2026-03-12T16:23:53","slug":"hermanando-comarcas-un-puente-radial-entre-los-cerros-y-el-rio","status":"publish","type":"post","link":"https:\/\/www.noticiasradioreflejos.com.ar\/2021\/hermanando-comarcas-un-puente-radial-entre-los-cerros-y-el-rio\/","title":{"rendered":"Hermanando Comarcas: Un puente radial entre los cerros y el r\u00edo"},"content":{"rendered":"<p>Alejandra Gioventu y Arnaldo Boto inauguraron un ciclo de intercambio cultural y tur\u00edstico que conecta la Comarca Serrana con la de Viedma-Patagones, destacando los atractivos de cada regi\u00f3n, el impacto del clima en el deporte y las proyecciones para la temporada de oto\u00f1o.<!--more--><\/p>\n<p id=\"p-rc_ad4f4672a092a758-21\" data-path-to-node=\"5\"><span data-path-to-node=\"5,1\"><span class=\"citation-39\">En un c\u00e1lido di\u00e1logo que marc\u00f3 el inicio de la columna <\/span><b data-path-to-node=\"5,1\" data-index-in-node=\"55\"><span class=\"citation-39\">\u00abHermanando Comarcas\u00bb<\/span><\/b><span class=\"citation-39\">, Alejandra Gioventu (desde la Comarca de Viedma-Patagones) y Arnaldo Boto (desde Sierra de la Ventana) compartieron las realidades de sus respectivas regiones, unidas por el flujo constante de turistas que eligen ambos destinos para \u00abintercambiar paisajes\u00bb<\/span><\/span><span data-path-to-node=\"5,3\">.<\/span><\/p>\n<p id=\"p-rc_ad4f4672a092a758-22\" data-path-to-node=\"6\"><span data-path-to-node=\"6,0\"><b data-path-to-node=\"6,0\" data-index-in-node=\"0\">El Golf y el factor clim\u00e1tico en la Sierra<\/b> <\/span><\/p>\n<p data-path-to-node=\"6\"><span data-path-to-node=\"6,2\"><span class=\"citation-38\">Uno de los temas centrales fue la actualidad deportiva en Sierra de la Ventana, que este fin de semana ser\u00e1 sede del <\/span><b data-path-to-node=\"6,2\" data-index-in-node=\"117\"><span class=\"citation-38\">Torneo Argentino de Menores<\/span><\/b><span class=\"citation-38\"> (15 a 18 a\u00f1os) con 120 jugadores de todo el pa\u00eds<\/span><\/span><span data-path-to-node=\"6,4\">. <\/span><span data-path-to-node=\"6,6\"><span class=\"citation-37\">Al respecto, se destac\u00f3 la preocupaci\u00f3n por el pron\u00f3stico de lluvias y actividad el\u00e9ctrica, factor cr\u00edtico en el golf debido al riesgo que representan los palos met\u00e1licos, lo que obliga a la organizaci\u00f3n a contar con un seguimiento meteorol\u00f3gico minuto a minuto<\/span><\/span><span data-path-to-node=\"6,8\">. <\/span><span data-path-to-node=\"6,10\"><span class=\"citation-36\">Asimismo, se record\u00f3 que el Club de Golf local celebra sus <\/span><b data-path-to-node=\"6,10\" data-index-in-node=\"59\"><span class=\"citation-36\">90 a\u00f1os<\/span><\/b><span class=\"citation-36\"> en este 2026<\/span><\/span><span data-path-to-node=\"6,12\">.<\/span><\/p>\n<p id=\"p-rc_ad4f4672a092a758-23\" data-path-to-node=\"7\"><span data-path-to-node=\"7,0\"><b data-path-to-node=\"7,0\" data-index-in-node=\"0\">Atractivos y pesca en Patagones: <\/b><\/span><\/p>\n<p data-path-to-node=\"7\"><span data-path-to-node=\"7,2\"><span class=\"citation-35\">Desde el sur bonaerense, se extendi\u00f3 la invitaci\u00f3n a visitar la \u00abperla\u00bb del partido de Patagones: <\/span><b data-path-to-node=\"7,2\" data-index-in-node=\"98\"><span class=\"citation-35\">Bah\u00eda San Blas<\/span><\/b><\/span><span data-path-to-node=\"7,4\">. <\/span><span data-path-to-node=\"7,6\"><span class=\"citation-34\">Alejandra destac\u00f3 que es el mayor pesquero de la Patagonia, mencionando capturas recientes de corvinas negras de casi seis kilos<\/span><\/span><span data-path-to-node=\"7,8\">. <\/span><span data-path-to-node=\"7,10\"><span class=\"citation-33\">Tambi\u00e9n se resaltaron otros puntos de inter\u00e9s como la <\/span><b data-path-to-node=\"7,10\" data-index-in-node=\"54\"><span class=\"citation-33\">Villa 7 de Marzo<\/span><\/b><span class=\"citation-33\"> (La Baliza), conocida por su desembocadura y playas agrestes, y el Balneario El C\u00f3ndor<\/span><\/span><span data-path-to-node=\"7,12\">.<\/span><\/p>\n<p id=\"p-rc_ad4f4672a092a758-24\" data-path-to-node=\"8\"><span data-path-to-node=\"8,0\"><b data-path-to-node=\"8,0\" data-index-in-node=\"0\">An\u00e1lisis de temporada y perspectivas de oto\u00f1o<\/b><\/span><\/p>\n<p data-path-to-node=\"8\"><span data-path-to-node=\"8,2\"><span class=\"citation-32\">Respecto al movimiento econ\u00f3mico, se analiz\u00f3 que la temporada de verano fue pareja en cantidad de visitantes, aunque con un consumo m\u00e1s austero, limitado a estad\u00eda y comida<\/span><\/span><span data-path-to-node=\"8,4\">. <\/span><span data-path-to-node=\"8,6\"><span class=\"citation-31\">No obstante, un dato positivo fue el incremento del <\/span><b data-path-to-node=\"8,6\" data-index-in-node=\"52\"><span class=\"citation-31\">5% en la venta de combustible<\/span><\/b><span class=\"citation-31\"> respecto al a\u00f1o anterior, lo que sugiere un mayor movimiento vehicular en la zona<\/span><\/span><span data-path-to-node=\"8,8\">.<\/span><\/p>\n<p id=\"p-rc_ad4f4672a092a758-25\" data-path-to-node=\"9\"><span data-path-to-node=\"9,1\"><span class=\"citation-30\">Finalmente, ambos coincidieron en que el <\/span><b data-path-to-node=\"9,1\" data-index-in-node=\"41\"><span class=\"citation-30\">oto\u00f1o<\/span><\/b><span class=\"citation-30\"> es la \u00e9poca ideal para el turismo serrano, especialmente para recorrer el Parque Provincial Ernesto Tornquist, debido a las temperaturas moderadas que facilitan las actividades de monta\u00f1a<\/span><\/span><span data-path-to-node=\"9,3\">.<\/span><\/p>\n<p>&nbsp;<\/p>\n<p>&nbsp;<\/p>\n<audio class=\"wp-audio-shortcode\" id=\"audio-133973-1\" preload=\"none\" style=\"width: 100%;\" controls=\"controls\"><source type=\"audio\/mpeg\" src=\"https:\/\/www.noticiasradioreflejos.com.ar\/2021\/wp-content\/uploads\/2026\/03\/Alejandra-Gioventu-Hermanado-Comarcas-12-03.mp3?_=1\" \/><a href=\"https:\/\/www.noticiasradioreflejos.com.ar\/2021\/wp-content\/uploads\/2026\/03\/Alejandra-Gioventu-Hermanado-Comarcas-12-03.mp3\">https:\/\/www.noticiasradioreflejos.com.ar\/2021\/wp-content\/uploads\/2026\/03\/Alejandra-Gioventu-Hermanado-Comarcas-12-03.mp3<\/a><\/audio>\n<p>&nbsp;<\/p>\n","protected":false},"excerpt":{"rendered":"<p>Alejandra Gioventu y Arnaldo Boto inauguraron un ciclo de intercambio cultural y tur\u00edstico que conecta la Comarca Serrana con la de Viedma-Patagones, destacando los atractivos de cada regi\u00f3n, el impacto del clima en el deporte y las proyecciones para la temporada de oto\u00f1o.<\/p>\n","protected":false},"author":3,"featured_media":133982,"comment_status":"closed","ping_status":"closed","sticky":false,"template":"","format":"standard","meta":{"footnotes":""},"categories":[60],"tags":[48],"class_list":["post-133973","post","type-post","status-publish","format-standard","has-post-thumbnail","hentry","category-programas-radiales","tag-destacada"],"yoast_head":"<!-- This site is optimized with the Yoast SEO plugin v25.9 - https:\/\/yoast.com\/wordpress\/plugins\/seo\/ -->\n<title>Hermanando Comarcas: Un puente radial entre los cerros y el r\u00edo - Noticias Radio Reflejos<\/title>\n<meta name=\"robots\" content=\"index, follow, max-snippet:-1, max-image-preview:large, max-video-preview:-1\" \/>\n<link rel=\"canonical\" href=\"https:\/\/www.noticiasradioreflejos.com.ar\/2021\/hermanando-comarcas-un-puente-radial-entre-los-cerros-y-el-rio\/\" \/>\n<meta property=\"og:locale\" content=\"es_ES\" \/>\n<meta property=\"og:type\" content=\"article\" \/>\n<meta property=\"og:title\" content=\"Hermanando Comarcas: Un puente radial entre los cerros y el r\u00edo - Noticias Radio Reflejos\" \/>\n<meta property=\"og:description\" content=\"Alejandra Gioventu y Arnaldo Boto inauguraron un ciclo de intercambio cultural y tur\u00edstico que conecta la Comarca Serrana con la de Viedma-Patagones, destacando los atractivos de cada regi\u00f3n, el impacto del clima en el deporte y las proyecciones para la temporada de oto\u00f1o.\" \/>\n<meta property=\"og:url\" content=\"https:\/\/www.noticiasradioreflejos.com.ar\/2021\/hermanando-comarcas-un-puente-radial-entre-los-cerros-y-el-rio\/\" \/>\n<meta property=\"og:site_name\" content=\"Noticias Radio Reflejos\" \/>\n<meta property=\"article:published_time\" content=\"2026-03-12T16:22:57+00:00\" \/>\n<meta property=\"article:modified_time\" content=\"2026-03-12T16:23:53+00:00\" \/>\n<meta property=\"og:image\" content=\"https:\/\/www.noticiasradioreflejos.com.ar\/2021\/wp-content\/uploads\/2026\/03\/Comarcas-1024x559.png\" \/>\n\t<meta property=\"og:image:width\" content=\"1024\" \/>\n\t<meta property=\"og:image:height\" content=\"559\" \/>\n\t<meta property=\"og:image:type\" content=\"image\/png\" \/>\n<meta name=\"author\" content=\"Arnaldo Botto\" \/>\n<meta name=\"twitter:card\" content=\"summary_large_image\" \/>\n<script type=\"application\/ld+json\" class=\"yoast-schema-graph\">{\"@context\":\"https:\/\/schema.org\",\"@graph\":[{\"@type\":\"WebPage\",\"@id\":\"https:\/\/www.noticiasradioreflejos.com.ar\/2021\/hermanando-comarcas-un-puente-radial-entre-los-cerros-y-el-rio\/\",\"url\":\"https:\/\/www.noticiasradioreflejos.com.ar\/2021\/hermanando-comarcas-un-puente-radial-entre-los-cerros-y-el-rio\/\",\"name\":\"Hermanando Comarcas: Un puente radial entre los cerros y el r\u00edo - Noticias Radio Reflejos\",\"isPartOf\":{\"@id\":\"https:\/\/www.noticiasradioreflejos.com.ar\/2021\/#website\"},\"primaryImageOfPage\":{\"@id\":\"https:\/\/www.noticiasradioreflejos.com.ar\/2021\/hermanando-comarcas-un-puente-radial-entre-los-cerros-y-el-rio\/#primaryimage\"},\"image\":{\"@id\":\"https:\/\/www.noticiasradioreflejos.com.ar\/2021\/hermanando-comarcas-un-puente-radial-entre-los-cerros-y-el-rio\/#primaryimage\"},\"thumbnailUrl\":\"https:\/\/www.noticiasradioreflejos.com.ar\/2021\/wp-content\/uploads\/2026\/03\/Comarcas-scaled.png\",\"datePublished\":\"2026-03-12T16:22:57+00:00\",\"dateModified\":\"2026-03-12T16:23:53+00:00\",\"author\":{\"@id\":\"https:\/\/www.noticiasradioreflejos.com.ar\/2021\/#\/schema\/person\/ad82545263dcc5ec0996818884fd5fb1\"},\"breadcrumb\":{\"@id\":\"https:\/\/www.noticiasradioreflejos.com.ar\/2021\/hermanando-comarcas-un-puente-radial-entre-los-cerros-y-el-rio\/#breadcrumb\"},\"inLanguage\":\"es\",\"potentialAction\":[{\"@type\":\"ReadAction\",\"target\":[\"https:\/\/www.noticiasradioreflejos.com.ar\/2021\/hermanando-comarcas-un-puente-radial-entre-los-cerros-y-el-rio\/\"]}]},{\"@type\":\"ImageObject\",\"inLanguage\":\"es\",\"@id\":\"https:\/\/www.noticiasradioreflejos.com.ar\/2021\/hermanando-comarcas-un-puente-radial-entre-los-cerros-y-el-rio\/#primaryimage\",\"url\":\"https:\/\/www.noticiasradioreflejos.com.ar\/2021\/wp-content\/uploads\/2026\/03\/Comarcas-scaled.png\",\"contentUrl\":\"https:\/\/www.noticiasradioreflejos.com.ar\/2021\/wp-content\/uploads\/2026\/03\/Comarcas-scaled.png\",\"width\":2560,\"height\":1396},{\"@type\":\"BreadcrumbList\",\"@id\":\"https:\/\/www.noticiasradioreflejos.com.ar\/2021\/hermanando-comarcas-un-puente-radial-entre-los-cerros-y-el-rio\/#breadcrumb\",\"itemListElement\":[{\"@type\":\"ListItem\",\"position\":1,\"name\":\"Portada\",\"item\":\"https:\/\/www.noticiasradioreflejos.com.ar\/2021\/\"},{\"@type\":\"ListItem\",\"position\":2,\"name\":\"Hermanando Comarcas: Un puente radial entre los cerros y el r\u00edo\"}]},{\"@type\":\"WebSite\",\"@id\":\"https:\/\/www.noticiasradioreflejos.com.ar\/2021\/#website\",\"url\":\"https:\/\/www.noticiasradioreflejos.com.ar\/2021\/\",\"name\":\"Noticias Radio Reflejos\",\"description\":\"Las noticias de mi comarca\",\"potentialAction\":[{\"@type\":\"SearchAction\",\"target\":{\"@type\":\"EntryPoint\",\"urlTemplate\":\"https:\/\/www.noticiasradioreflejos.com.ar\/2021\/?s={search_term_string}\"},\"query-input\":{\"@type\":\"PropertyValueSpecification\",\"valueRequired\":true,\"valueName\":\"search_term_string\"}}],\"inLanguage\":\"es\"},{\"@type\":\"Person\",\"@id\":\"https:\/\/www.noticiasradioreflejos.com.ar\/2021\/#\/schema\/person\/ad82545263dcc5ec0996818884fd5fb1\",\"name\":\"Arnaldo Botto\",\"image\":{\"@type\":\"ImageObject\",\"inLanguage\":\"es\",\"@id\":\"https:\/\/www.noticiasradioreflejos.com.ar\/2021\/#\/schema\/person\/image\/\",\"url\":\"https:\/\/secure.gravatar.com\/avatar\/55cb5e37c1efa326397366e6974cb338056df65cb50e7d64d1cf314e87504837?s=96&d=mm&r=g\",\"contentUrl\":\"https:\/\/secure.gravatar.com\/avatar\/55cb5e37c1efa326397366e6974cb338056df65cb50e7d64d1cf314e87504837?s=96&d=mm&r=g\",\"caption\":\"Arnaldo Botto\"},\"url\":\"https:\/\/www.noticiasradioreflejos.com.ar\/2021\/author\/arnaldo\/\"}]}<\/script>\n<!-- \/ Yoast SEO plugin. -->","yoast_head_json":{"title":"Hermanando Comarcas: Un puente radial entre los cerros y el r\u00edo - Noticias Radio Reflejos","robots":{"index":"index","follow":"follow","max-snippet":"max-snippet:-1","max-image-preview":"max-image-preview:large","max-video-preview":"max-video-preview:-1"},"canonical":"https:\/\/www.noticiasradioreflejos.com.ar\/2021\/hermanando-comarcas-un-puente-radial-entre-los-cerros-y-el-rio\/","og_locale":"es_ES","og_type":"article","og_title":"Hermanando Comarcas: Un puente radial entre los cerros y el r\u00edo - Noticias Radio Reflejos","og_description":"Alejandra Gioventu y Arnaldo Boto inauguraron un ciclo de intercambio cultural y tur\u00edstico que conecta la Comarca Serrana con la de Viedma-Patagones, destacando los atractivos de cada regi\u00f3n, el impacto del clima en el deporte y las proyecciones para la temporada de oto\u00f1o.","og_url":"https:\/\/www.noticiasradioreflejos.com.ar\/2021\/hermanando-comarcas-un-puente-radial-entre-los-cerros-y-el-rio\/","og_site_name":"Noticias Radio Reflejos","article_published_time":"2026-03-12T16:22:57+00:00","article_modified_time":"2026-03-12T16:23:53+00:00","og_image":[{"width":1024,"height":559,"url":"https:\/\/www.noticiasradioreflejos.com.ar\/2021\/wp-content\/uploads\/2026\/03\/Comarcas-1024x559.png","type":"image\/png"}],"author":"Arnaldo Botto","twitter_card":"summary_large_image","schema":{"@context":"https:\/\/schema.org","@graph":[{"@type":"WebPage","@id":"https:\/\/www.noticiasradioreflejos.com.ar\/2021\/hermanando-comarcas-un-puente-radial-entre-los-cerros-y-el-rio\/","url":"https:\/\/www.noticiasradioreflejos.com.ar\/2021\/hermanando-comarcas-un-puente-radial-entre-los-cerros-y-el-rio\/","name":"Hermanando Comarcas: Un puente radial entre los cerros y el r\u00edo - Noticias Radio Reflejos","isPartOf":{"@id":"https:\/\/www.noticiasradioreflejos.com.ar\/2021\/#website"},"primaryImageOfPage":{"@id":"https:\/\/www.noticiasradioreflejos.com.ar\/2021\/hermanando-comarcas-un-puente-radial-entre-los-cerros-y-el-rio\/#primaryimage"},"image":{"@id":"https:\/\/www.noticiasradioreflejos.com.ar\/2021\/hermanando-comarcas-un-puente-radial-entre-los-cerros-y-el-rio\/#primaryimage"},"thumbnailUrl":"https:\/\/www.noticiasradioreflejos.com.ar\/2021\/wp-content\/uploads\/2026\/03\/Comarcas-scaled.png","datePublished":"2026-03-12T16:22:57+00:00","dateModified":"2026-03-12T16:23:53+00:00","author":{"@id":"https:\/\/www.noticiasradioreflejos.com.ar\/2021\/#\/schema\/person\/ad82545263dcc5ec0996818884fd5fb1"},"breadcrumb":{"@id":"https:\/\/www.noticiasradioreflejos.com.ar\/2021\/hermanando-comarcas-un-puente-radial-entre-los-cerros-y-el-rio\/#breadcrumb"},"inLanguage":"es","potentialAction":[{"@type":"ReadAction","target":["https:\/\/www.noticiasradioreflejos.com.ar\/2021\/hermanando-comarcas-un-puente-radial-entre-los-cerros-y-el-rio\/"]}]},{"@type":"ImageObject","inLanguage":"es","@id":"https:\/\/www.noticiasradioreflejos.com.ar\/2021\/hermanando-comarcas-un-puente-radial-entre-los-cerros-y-el-rio\/#primaryimage","url":"https:\/\/www.noticiasradioreflejos.com.ar\/2021\/wp-content\/uploads\/2026\/03\/Comarcas-scaled.png","contentUrl":"https:\/\/www.noticiasradioreflejos.com.ar\/2021\/wp-content\/uploads\/2026\/03\/Comarcas-scaled.png","width":2560,"height":1396},{"@type":"BreadcrumbList","@id":"https:\/\/www.noticiasradioreflejos.com.ar\/2021\/hermanando-comarcas-un-puente-radial-entre-los-cerros-y-el-rio\/#breadcrumb","itemListElement":[{"@type":"ListItem","position":1,"name":"Portada","item":"https:\/\/www.noticiasradioreflejos.com.ar\/2021\/"},{"@type":"ListItem","position":2,"name":"Hermanando Comarcas: Un puente radial entre los cerros y el r\u00edo"}]},{"@type":"WebSite","@id":"https:\/\/www.noticiasradioreflejos.com.ar\/2021\/#website","url":"https:\/\/www.noticiasradioreflejos.com.ar\/2021\/","name":"Noticias Radio Reflejos","description":"Las noticias de mi comarca","potentialAction":[{"@type":"SearchAction","target":{"@type":"EntryPoint","urlTemplate":"https:\/\/www.noticiasradioreflejos.com.ar\/2021\/?s={search_term_string}"},"query-input":{"@type":"PropertyValueSpecification","valueRequired":true,"valueName":"search_term_string"}}],"inLanguage":"es"},{"@type":"Person","@id":"https:\/\/www.noticiasradioreflejos.com.ar\/2021\/#\/schema\/person\/ad82545263dcc5ec0996818884fd5fb1","name":"Arnaldo Botto","image":{"@type":"ImageObject","inLanguage":"es","@id":"https:\/\/www.noticiasradioreflejos.com.ar\/2021\/#\/schema\/person\/image\/","url":"https:\/\/secure.gravatar.com\/avatar\/55cb5e37c1efa326397366e6974cb338056df65cb50e7d64d1cf314e87504837?s=96&d=mm&r=g","contentUrl":"https:\/\/secure.gravatar.com\/avatar\/55cb5e37c1efa326397366e6974cb338056df65cb50e7d64d1cf314e87504837?s=96&d=mm&r=g","caption":"Arnaldo Botto"},"url":"https:\/\/www.noticiasradioreflejos.com.ar\/2021\/author\/arnaldo\/"}]}},"_links":{"self":[{"href":"https:\/\/www.noticiasradioreflejos.com.ar\/2021\/wp-json\/wp\/v2\/posts\/133973","targetHints":{"allow":["GET"]}}],"collection":[{"href":"https:\/\/www.noticiasradioreflejos.com.ar\/2021\/wp-json\/wp\/v2\/posts"}],"about":[{"href":"https:\/\/www.noticiasradioreflejos.com.ar\/2021\/wp-json\/wp\/v2\/types\/post"}],"author":[{"embeddable":true,"href":"https:\/\/www.noticiasradioreflejos.com.ar\/2021\/wp-json\/wp\/v2\/users\/3"}],"replies":[{"embeddable":true,"href":"https:\/\/www.noticiasradioreflejos.com.ar\/2021\/wp-json\/wp\/v2\/comments?post=133973"}],"version-history":[{"count":3,"href":"https:\/\/www.noticiasradioreflejos.com.ar\/2021\/wp-json\/wp\/v2\/posts\/133973\/revisions"}],"predecessor-version":[{"id":133984,"href":"https:\/\/www.noticiasradioreflejos.com.ar\/2021\/wp-json\/wp\/v2\/posts\/133973\/revisions\/133984"}],"wp:featuredmedia":[{"embeddable":true,"href":"https:\/\/www.noticiasradioreflejos.com.ar\/2021\/wp-json\/wp\/v2\/media\/133982"}],"wp:attachment":[{"href":"https:\/\/www.noticiasradioreflejos.com.ar\/2021\/wp-json\/wp\/v2\/media?parent=133973"}],"wp:term":[{"taxonomy":"category","embeddable":true,"href":"https:\/\/www.noticiasradioreflejos.com.ar\/2021\/wp-json\/wp\/v2\/categories?post=133973"},{"taxonomy":"post_tag","embeddable":true,"href":"https:\/\/www.noticiasradioreflejos.com.ar\/2021\/wp-json\/wp\/v2\/tags?post=133973"}],"curies":[{"name":"wp","href":"https:\/\/api.w.org\/{rel}","templated":true}]}}