{"id":133966,"date":"2026-03-12T18:24:50","date_gmt":"2026-03-12T21:24:50","guid":{"rendered":"https:\/\/www.noticiasradioreflejos.com.ar\/2021\/?p=133966"},"modified":"2026-03-12T18:24:51","modified_gmt":"2026-03-12T21:24:51","slug":"el-mejor-golf-juvenil-del-pais-llega-a-sierra-de-la-ventana-para-celebrar-los-90-anos-del-club","status":"publish","type":"post","link":"https:\/\/www.noticiasradioreflejos.com.ar\/2021\/el-mejor-golf-juvenil-del-pais-llega-a-sierra-de-la-ventana-para-celebrar-los-90-anos-del-club\/","title":{"rendered":"El mejor golf juvenil del pa\u00eds llega a Sierra de la Ventana para celebrar los 90 a\u00f1os del Club"},"content":{"rendered":"<p>Daniel Vizzolini, director de torneos de la Asociaci\u00f3n Argentina de Golf, resalt\u00f3 la jerarqu\u00eda del certamen nacional de menores que se disputar\u00e1 este fin de semana en la localidad. Con la participaci\u00f3n de las promesas m\u00e1s destacadas de las diez federaciones regionales, el evento no solo promete un nivel de juego excepcional, sino que tambi\u00e9n funciona como un motor tur\u00edstico para la regi\u00f3n. \u00abEs un campo de alta competencia y un escenario ideal para este aniversario\u00bb, destac\u00f3 el directivo.<!--more--><\/p>\n<p data-path-to-node=\"4\">El Golf Club Sierra de la Ventana se viste de gala para recibir una nueva edici\u00f3n del <b data-path-to-node=\"4\" data-index-in-node=\"86\">Torneo Nacional de Menores<\/b>, un evento que ya es un cl\u00e1sico del calendario. Para <b data-path-to-node=\"4\" data-index-in-node=\"166\">Daniel Vizzolini<\/b>, la elecci\u00f3n de la sede combina la excelencia t\u00e9cnica con un lazo afectivo personal: \u00abNos encanta volver a Sierra de la Ventana. El campo es un muy buen campo de golf, de alta competencia para jugadores de esta categor\u00eda. Adem\u00e1s, tengo un cari\u00f1o especial por ser de la zona, soy de Tres Arroyos\u00bb.<\/p>\n<p data-path-to-node=\"4\"><a href=\"https:\/\/www.noticiasradioreflejos.com.ar\/2021\/el-mejor-golf-juvenil-del-pais-llega-a-sierra-de-la-ventana-para-celebrar-los-90-anos-del-club\/daniel-vizzolini\/\" rel=\"attachment wp-att-134002\"><img loading=\"lazy\" decoding=\"async\" class=\"wp-image-134002 alignleft\" src=\"https:\/\/www.noticiasradioreflejos.com.ar\/2021\/wp-content\/uploads\/2026\/03\/Daniel-Vizzolini.jpg\" alt=\"\" width=\"324\" height=\"375\" srcset=\"https:\/\/www.noticiasradioreflejos.com.ar\/2021\/wp-content\/uploads\/2026\/03\/Daniel-Vizzolini.jpg 720w, https:\/\/www.noticiasradioreflejos.com.ar\/2021\/wp-content\/uploads\/2026\/03\/Daniel-Vizzolini-259x300.jpg 259w\" sizes=\"auto, (max-width: 324px) 100vw, 324px\" \/><\/a>La competencia, que se desarrolla bajo un formato individual de tres d\u00edas de juego, re\u00fane a las promesas de las diez federaciones regionales del pa\u00eds. Seg\u00fan explic\u00f3 el directivo, el acceso no es azaroso: \u00abSe clasifica por m\u00e9rito propio, por haber quedado en los primeros lugares de los rankings de las federaciones\u00bb. El certamen atrae no solo a los deportistas, sino tambi\u00e9n a sus familias, potenciando el turismo regional: \u00abPor reglamento alojamos en hotel a quienes nos piden, pero son pocos, porque hay mucha participaci\u00f3n de las familias que hacen turismo en los distintos puntos que vamos recorriendo\u00bb.<\/p>\n<p data-path-to-node=\"7\">Este torneo no es uno m\u00e1s para la instituci\u00f3n serrana, ya que se enmarca en los festejos por sus <b data-path-to-node=\"7\" data-index-in-node=\"97\">90 a\u00f1os<\/b>. Vizzolini resalt\u00f3 que el nivel de juego ser\u00e1 excepcional, contando con las principales figuras del pa\u00eds: \u00abEst\u00e1n los tres mejores y las tres mejores del pa\u00eds; es una categor\u00eda que ya se premezcla con los mayores. Va a haber un muy buen nivel de juego, sobre todo en los m\u00e1s grandes, y para los menores de 15 es un gran desaf\u00edo y una buena oportunidad para hacer experiencia\u00bb.<\/p>\n<p data-path-to-node=\"8\">A pesar del \u00e9xito de la convocatoria, el director de la AAG se\u00f1al\u00f3 uno de los desaf\u00edos pendientes de la disciplina: la participaci\u00f3n femenina, que actualmente ronda el 20 o 25% en el torneo. \u00abLa media mundial de mujeres es baja; en Argentina es el 15% de los matriculados. Hay una Comisi\u00f3n de Damas trabajando mucho para difundir en las potenciales golfistas, porque es raro que haya tan pocas. Nos cuesta volcar el mundo femenino al golf, es un desaf\u00edo\u00bb, analiz\u00f3.<\/p>\n<p data-path-to-node=\"9\">Finalmente, Vizzolini destac\u00f3 el trabajo conjunto con el club para que el evento sea un \u00e9xito rotundo: \u00abSemana Santa es un cl\u00e1sico del golf nacional ya en Sierra de la Ventana, pero hoy en d\u00eda esto es un evento nacional. Tenemos nuestro staff de tres personas y la gran colaboraci\u00f3n del club; se ve con gran \u00e1nimo a todos los directivos y al personal del campo, orgullosos de recibir este torneo\u00bb.<\/p>\n<audio class=\"wp-audio-shortcode\" id=\"audio-133966-1\" preload=\"none\" style=\"width: 100%;\" controls=\"controls\"><source type=\"audio\/mpeg\" src=\"https:\/\/www.noticiasradioreflejos.com.ar\/2021\/wp-content\/uploads\/2026\/03\/Daniel-Vizzolini-AAG-12-03.mp3?_=1\" \/><a href=\"https:\/\/www.noticiasradioreflejos.com.ar\/2021\/wp-content\/uploads\/2026\/03\/Daniel-Vizzolini-AAG-12-03.mp3\">https:\/\/www.noticiasradioreflejos.com.ar\/2021\/wp-content\/uploads\/2026\/03\/Daniel-Vizzolini-AAG-12-03.mp3<\/a><\/audio>\n<p>&nbsp;<\/p>\n<p><a href=\"https:\/\/www.noticiasradioreflejos.com.ar\/2021\/el-mejor-golf-juvenil-del-pais-llega-a-sierra-de-la-ventana-para-celebrar-los-90-anos-del-club\/golf-club-sierra-vent\/\" rel=\"attachment wp-att-134003\"><img loading=\"lazy\" decoding=\"async\" class=\"aligncenter size-full wp-image-134003\" src=\"https:\/\/www.noticiasradioreflejos.com.ar\/2021\/wp-content\/uploads\/2026\/03\/Golf-Club-sierra-vent.webp\" alt=\"\" width=\"1032\" height=\"581\" srcset=\"https:\/\/www.noticiasradioreflejos.com.ar\/2021\/wp-content\/uploads\/2026\/03\/Golf-Club-sierra-vent.webp 1032w, https:\/\/www.noticiasradioreflejos.com.ar\/2021\/wp-content\/uploads\/2026\/03\/Golf-Club-sierra-vent-300x169.webp 300w, https:\/\/www.noticiasradioreflejos.com.ar\/2021\/wp-content\/uploads\/2026\/03\/Golf-Club-sierra-vent-1024x576.webp 1024w, https:\/\/www.noticiasradioreflejos.com.ar\/2021\/wp-content\/uploads\/2026\/03\/Golf-Club-sierra-vent-768x432.webp 768w, https:\/\/www.noticiasradioreflejos.com.ar\/2021\/wp-content\/uploads\/2026\/03\/Golf-Club-sierra-vent-750x422.webp 750w\" sizes=\"auto, (max-width: 1032px) 100vw, 1032px\" \/><\/a><\/p>\n","protected":false},"excerpt":{"rendered":"<p>Daniel Vizzolini, director de torneos de la Asociaci\u00f3n Argentina de Golf, resalt\u00f3 la jerarqu\u00eda del certamen nacional de menores que se disputar\u00e1 este fin de semana en la localidad. Con la participaci\u00f3n de las promesas m\u00e1s destacadas de las diez federaciones regionales, el evento no solo promete un nivel de juego excepcional, sino que tambi\u00e9n [&hellip;]<\/p>\n","protected":false},"author":3,"featured_media":134004,"comment_status":"closed","ping_status":"closed","sticky":false,"template":"","format":"standard","meta":{"footnotes":""},"categories":[27],"tags":[48],"class_list":["post-133966","post","type-post","status-publish","format-standard","has-post-thumbnail","hentry","category-deportes","tag-destacada"],"yoast_head":"<!-- This site is optimized with the Yoast SEO plugin v25.9 - https:\/\/yoast.com\/wordpress\/plugins\/seo\/ -->\n<title>El mejor golf juvenil del pa\u00eds llega a Sierra de la Ventana para celebrar los 90 a\u00f1os del Club - Noticias Radio Reflejos<\/title>\n<meta name=\"robots\" content=\"index, follow, max-snippet:-1, max-image-preview:large, max-video-preview:-1\" \/>\n<link rel=\"canonical\" href=\"https:\/\/www.noticiasradioreflejos.com.ar\/2021\/el-mejor-golf-juvenil-del-pais-llega-a-sierra-de-la-ventana-para-celebrar-los-90-anos-del-club\/\" \/>\n<meta property=\"og:locale\" content=\"es_ES\" \/>\n<meta property=\"og:type\" content=\"article\" \/>\n<meta property=\"og:title\" content=\"El mejor golf juvenil del pa\u00eds llega a Sierra de la Ventana para celebrar los 90 a\u00f1os del Club - Noticias Radio Reflejos\" \/>\n<meta property=\"og:description\" content=\"Daniel Vizzolini, director de torneos de la Asociaci\u00f3n Argentina de Golf, resalt\u00f3 la jerarqu\u00eda del certamen nacional de menores que se disputar\u00e1 este fin de semana en la localidad. Con la participaci\u00f3n de las promesas m\u00e1s destacadas de las diez federaciones regionales, el evento no solo promete un nivel de juego excepcional, sino que tambi\u00e9n [&hellip;]\" \/>\n<meta property=\"og:url\" content=\"https:\/\/www.noticiasradioreflejos.com.ar\/2021\/el-mejor-golf-juvenil-del-pais-llega-a-sierra-de-la-ventana-para-celebrar-los-90-anos-del-club\/\" \/>\n<meta property=\"og:site_name\" content=\"Noticias Radio Reflejos\" \/>\n<meta property=\"article:published_time\" content=\"2026-03-12T21:24:50+00:00\" \/>\n<meta property=\"article:modified_time\" content=\"2026-03-12T21:24:51+00:00\" \/>\n<meta property=\"og:image\" content=\"https:\/\/www.noticiasradioreflejos.com.ar\/2021\/wp-content\/uploads\/2026\/03\/Golf-Club-sierra.webp\" \/>\n\t<meta property=\"og:image:width\" content=\"1200\" \/>\n\t<meta property=\"og:image:height\" content=\"758\" \/>\n\t<meta property=\"og:image:type\" content=\"image\/webp\" \/>\n<meta name=\"author\" content=\"Arnaldo Botto\" \/>\n<meta name=\"twitter:card\" content=\"summary_large_image\" \/>\n<script type=\"application\/ld+json\" class=\"yoast-schema-graph\">{\"@context\":\"https:\/\/schema.org\",\"@graph\":[{\"@type\":\"WebPage\",\"@id\":\"https:\/\/www.noticiasradioreflejos.com.ar\/2021\/el-mejor-golf-juvenil-del-pais-llega-a-sierra-de-la-ventana-para-celebrar-los-90-anos-del-club\/\",\"url\":\"https:\/\/www.noticiasradioreflejos.com.ar\/2021\/el-mejor-golf-juvenil-del-pais-llega-a-sierra-de-la-ventana-para-celebrar-los-90-anos-del-club\/\",\"name\":\"El mejor golf juvenil del pa\u00eds llega a Sierra de la Ventana para celebrar los 90 a\u00f1os del Club - Noticias Radio Reflejos\",\"isPartOf\":{\"@id\":\"https:\/\/www.noticiasradioreflejos.com.ar\/2021\/#website\"},\"primaryImageOfPage\":{\"@id\":\"https:\/\/www.noticiasradioreflejos.com.ar\/2021\/el-mejor-golf-juvenil-del-pais-llega-a-sierra-de-la-ventana-para-celebrar-los-90-anos-del-club\/#primaryimage\"},\"image\":{\"@id\":\"https:\/\/www.noticiasradioreflejos.com.ar\/2021\/el-mejor-golf-juvenil-del-pais-llega-a-sierra-de-la-ventana-para-celebrar-los-90-anos-del-club\/#primaryimage\"},\"thumbnailUrl\":\"https:\/\/www.noticiasradioreflejos.com.ar\/2021\/wp-content\/uploads\/2026\/03\/Golf-Club-sierra.webp\",\"datePublished\":\"2026-03-12T21:24:50+00:00\",\"dateModified\":\"2026-03-12T21:24:51+00:00\",\"author\":{\"@id\":\"https:\/\/www.noticiasradioreflejos.com.ar\/2021\/#\/schema\/person\/ad82545263dcc5ec0996818884fd5fb1\"},\"breadcrumb\":{\"@id\":\"https:\/\/www.noticiasradioreflejos.com.ar\/2021\/el-mejor-golf-juvenil-del-pais-llega-a-sierra-de-la-ventana-para-celebrar-los-90-anos-del-club\/#breadcrumb\"},\"inLanguage\":\"es\",\"potentialAction\":[{\"@type\":\"ReadAction\",\"target\":[\"https:\/\/www.noticiasradioreflejos.com.ar\/2021\/el-mejor-golf-juvenil-del-pais-llega-a-sierra-de-la-ventana-para-celebrar-los-90-anos-del-club\/\"]}]},{\"@type\":\"ImageObject\",\"inLanguage\":\"es\",\"@id\":\"https:\/\/www.noticiasradioreflejos.com.ar\/2021\/el-mejor-golf-juvenil-del-pais-llega-a-sierra-de-la-ventana-para-celebrar-los-90-anos-del-club\/#primaryimage\",\"url\":\"https:\/\/www.noticiasradioreflejos.com.ar\/2021\/wp-content\/uploads\/2026\/03\/Golf-Club-sierra.webp\",\"contentUrl\":\"https:\/\/www.noticiasradioreflejos.com.ar\/2021\/wp-content\/uploads\/2026\/03\/Golf-Club-sierra.webp\",\"width\":1200,\"height\":758},{\"@type\":\"BreadcrumbList\",\"@id\":\"https:\/\/www.noticiasradioreflejos.com.ar\/2021\/el-mejor-golf-juvenil-del-pais-llega-a-sierra-de-la-ventana-para-celebrar-los-90-anos-del-club\/#breadcrumb\",\"itemListElement\":[{\"@type\":\"ListItem\",\"position\":1,\"name\":\"Portada\",\"item\":\"https:\/\/www.noticiasradioreflejos.com.ar\/2021\/\"},{\"@type\":\"ListItem\",\"position\":2,\"name\":\"El mejor golf juvenil del pa\u00eds llega a Sierra de la Ventana para celebrar los 90 a\u00f1os del Club\"}]},{\"@type\":\"WebSite\",\"@id\":\"https:\/\/www.noticiasradioreflejos.com.ar\/2021\/#website\",\"url\":\"https:\/\/www.noticiasradioreflejos.com.ar\/2021\/\",\"name\":\"Noticias Radio Reflejos\",\"description\":\"Las noticias de mi comarca\",\"potentialAction\":[{\"@type\":\"SearchAction\",\"target\":{\"@type\":\"EntryPoint\",\"urlTemplate\":\"https:\/\/www.noticiasradioreflejos.com.ar\/2021\/?s={search_term_string}\"},\"query-input\":{\"@type\":\"PropertyValueSpecification\",\"valueRequired\":true,\"valueName\":\"search_term_string\"}}],\"inLanguage\":\"es\"},{\"@type\":\"Person\",\"@id\":\"https:\/\/www.noticiasradioreflejos.com.ar\/2021\/#\/schema\/person\/ad82545263dcc5ec0996818884fd5fb1\",\"name\":\"Arnaldo Botto\",\"image\":{\"@type\":\"ImageObject\",\"inLanguage\":\"es\",\"@id\":\"https:\/\/www.noticiasradioreflejos.com.ar\/2021\/#\/schema\/person\/image\/\",\"url\":\"https:\/\/secure.gravatar.com\/avatar\/55cb5e37c1efa326397366e6974cb338056df65cb50e7d64d1cf314e87504837?s=96&d=mm&r=g\",\"contentUrl\":\"https:\/\/secure.gravatar.com\/avatar\/55cb5e37c1efa326397366e6974cb338056df65cb50e7d64d1cf314e87504837?s=96&d=mm&r=g\",\"caption\":\"Arnaldo Botto\"},\"url\":\"https:\/\/www.noticiasradioreflejos.com.ar\/2021\/author\/arnaldo\/\"}]}<\/script>\n<!-- \/ Yoast SEO plugin. -->","yoast_head_json":{"title":"El mejor golf juvenil del pa\u00eds llega a Sierra de la Ventana para celebrar los 90 a\u00f1os del Club - Noticias Radio Reflejos","robots":{"index":"index","follow":"follow","max-snippet":"max-snippet:-1","max-image-preview":"max-image-preview:large","max-video-preview":"max-video-preview:-1"},"canonical":"https:\/\/www.noticiasradioreflejos.com.ar\/2021\/el-mejor-golf-juvenil-del-pais-llega-a-sierra-de-la-ventana-para-celebrar-los-90-anos-del-club\/","og_locale":"es_ES","og_type":"article","og_title":"El mejor golf juvenil del pa\u00eds llega a Sierra de la Ventana para celebrar los 90 a\u00f1os del Club - Noticias Radio Reflejos","og_description":"Daniel Vizzolini, director de torneos de la Asociaci\u00f3n Argentina de Golf, resalt\u00f3 la jerarqu\u00eda del certamen nacional de menores que se disputar\u00e1 este fin de semana en la localidad. Con la participaci\u00f3n de las promesas m\u00e1s destacadas de las diez federaciones regionales, el evento no solo promete un nivel de juego excepcional, sino que tambi\u00e9n [&hellip;]","og_url":"https:\/\/www.noticiasradioreflejos.com.ar\/2021\/el-mejor-golf-juvenil-del-pais-llega-a-sierra-de-la-ventana-para-celebrar-los-90-anos-del-club\/","og_site_name":"Noticias Radio Reflejos","article_published_time":"2026-03-12T21:24:50+00:00","article_modified_time":"2026-03-12T21:24:51+00:00","og_image":[{"width":1200,"height":758,"url":"https:\/\/www.noticiasradioreflejos.com.ar\/2021\/wp-content\/uploads\/2026\/03\/Golf-Club-sierra.webp","type":"image\/webp"}],"author":"Arnaldo Botto","twitter_card":"summary_large_image","schema":{"@context":"https:\/\/schema.org","@graph":[{"@type":"WebPage","@id":"https:\/\/www.noticiasradioreflejos.com.ar\/2021\/el-mejor-golf-juvenil-del-pais-llega-a-sierra-de-la-ventana-para-celebrar-los-90-anos-del-club\/","url":"https:\/\/www.noticiasradioreflejos.com.ar\/2021\/el-mejor-golf-juvenil-del-pais-llega-a-sierra-de-la-ventana-para-celebrar-los-90-anos-del-club\/","name":"El mejor golf juvenil del pa\u00eds llega a Sierra de la Ventana para celebrar los 90 a\u00f1os del Club - Noticias Radio Reflejos","isPartOf":{"@id":"https:\/\/www.noticiasradioreflejos.com.ar\/2021\/#website"},"primaryImageOfPage":{"@id":"https:\/\/www.noticiasradioreflejos.com.ar\/2021\/el-mejor-golf-juvenil-del-pais-llega-a-sierra-de-la-ventana-para-celebrar-los-90-anos-del-club\/#primaryimage"},"image":{"@id":"https:\/\/www.noticiasradioreflejos.com.ar\/2021\/el-mejor-golf-juvenil-del-pais-llega-a-sierra-de-la-ventana-para-celebrar-los-90-anos-del-club\/#primaryimage"},"thumbnailUrl":"https:\/\/www.noticiasradioreflejos.com.ar\/2021\/wp-content\/uploads\/2026\/03\/Golf-Club-sierra.webp","datePublished":"2026-03-12T21:24:50+00:00","dateModified":"2026-03-12T21:24:51+00:00","author":{"@id":"https:\/\/www.noticiasradioreflejos.com.ar\/2021\/#\/schema\/person\/ad82545263dcc5ec0996818884fd5fb1"},"breadcrumb":{"@id":"https:\/\/www.noticiasradioreflejos.com.ar\/2021\/el-mejor-golf-juvenil-del-pais-llega-a-sierra-de-la-ventana-para-celebrar-los-90-anos-del-club\/#breadcrumb"},"inLanguage":"es","potentialAction":[{"@type":"ReadAction","target":["https:\/\/www.noticiasradioreflejos.com.ar\/2021\/el-mejor-golf-juvenil-del-pais-llega-a-sierra-de-la-ventana-para-celebrar-los-90-anos-del-club\/"]}]},{"@type":"ImageObject","inLanguage":"es","@id":"https:\/\/www.noticiasradioreflejos.com.ar\/2021\/el-mejor-golf-juvenil-del-pais-llega-a-sierra-de-la-ventana-para-celebrar-los-90-anos-del-club\/#primaryimage","url":"https:\/\/www.noticiasradioreflejos.com.ar\/2021\/wp-content\/uploads\/2026\/03\/Golf-Club-sierra.webp","contentUrl":"https:\/\/www.noticiasradioreflejos.com.ar\/2021\/wp-content\/uploads\/2026\/03\/Golf-Club-sierra.webp","width":1200,"height":758},{"@type":"BreadcrumbList","@id":"https:\/\/www.noticiasradioreflejos.com.ar\/2021\/el-mejor-golf-juvenil-del-pais-llega-a-sierra-de-la-ventana-para-celebrar-los-90-anos-del-club\/#breadcrumb","itemListElement":[{"@type":"ListItem","position":1,"name":"Portada","item":"https:\/\/www.noticiasradioreflejos.com.ar\/2021\/"},{"@type":"ListItem","position":2,"name":"El mejor golf juvenil del pa\u00eds llega a Sierra de la Ventana para celebrar los 90 a\u00f1os del Club"}]},{"@type":"WebSite","@id":"https:\/\/www.noticiasradioreflejos.com.ar\/2021\/#website","url":"https:\/\/www.noticiasradioreflejos.com.ar\/2021\/","name":"Noticias Radio Reflejos","description":"Las noticias de mi comarca","potentialAction":[{"@type":"SearchAction","target":{"@type":"EntryPoint","urlTemplate":"https:\/\/www.noticiasradioreflejos.com.ar\/2021\/?s={search_term_string}"},"query-input":{"@type":"PropertyValueSpecification","valueRequired":true,"valueName":"search_term_string"}}],"inLanguage":"es"},{"@type":"Person","@id":"https:\/\/www.noticiasradioreflejos.com.ar\/2021\/#\/schema\/person\/ad82545263dcc5ec0996818884fd5fb1","name":"Arnaldo Botto","image":{"@type":"ImageObject","inLanguage":"es","@id":"https:\/\/www.noticiasradioreflejos.com.ar\/2021\/#\/schema\/person\/image\/","url":"https:\/\/secure.gravatar.com\/avatar\/55cb5e37c1efa326397366e6974cb338056df65cb50e7d64d1cf314e87504837?s=96&d=mm&r=g","contentUrl":"https:\/\/secure.gravatar.com\/avatar\/55cb5e37c1efa326397366e6974cb338056df65cb50e7d64d1cf314e87504837?s=96&d=mm&r=g","caption":"Arnaldo Botto"},"url":"https:\/\/www.noticiasradioreflejos.com.ar\/2021\/author\/arnaldo\/"}]}},"_links":{"self":[{"href":"https:\/\/www.noticiasradioreflejos.com.ar\/2021\/wp-json\/wp\/v2\/posts\/133966","targetHints":{"allow":["GET"]}}],"collection":[{"href":"https:\/\/www.noticiasradioreflejos.com.ar\/2021\/wp-json\/wp\/v2\/posts"}],"about":[{"href":"https:\/\/www.noticiasradioreflejos.com.ar\/2021\/wp-json\/wp\/v2\/types\/post"}],"author":[{"embeddable":true,"href":"https:\/\/www.noticiasradioreflejos.com.ar\/2021\/wp-json\/wp\/v2\/users\/3"}],"replies":[{"embeddable":true,"href":"https:\/\/www.noticiasradioreflejos.com.ar\/2021\/wp-json\/wp\/v2\/comments?post=133966"}],"version-history":[{"count":4,"href":"https:\/\/www.noticiasradioreflejos.com.ar\/2021\/wp-json\/wp\/v2\/posts\/133966\/revisions"}],"predecessor-version":[{"id":134006,"href":"https:\/\/www.noticiasradioreflejos.com.ar\/2021\/wp-json\/wp\/v2\/posts\/133966\/revisions\/134006"}],"wp:featuredmedia":[{"embeddable":true,"href":"https:\/\/www.noticiasradioreflejos.com.ar\/2021\/wp-json\/wp\/v2\/media\/134004"}],"wp:attachment":[{"href":"https:\/\/www.noticiasradioreflejos.com.ar\/2021\/wp-json\/wp\/v2\/media?parent=133966"}],"wp:term":[{"taxonomy":"category","embeddable":true,"href":"https:\/\/www.noticiasradioreflejos.com.ar\/2021\/wp-json\/wp\/v2\/categories?post=133966"},{"taxonomy":"post_tag","embeddable":true,"href":"https:\/\/www.noticiasradioreflejos.com.ar\/2021\/wp-json\/wp\/v2\/tags?post=133966"}],"curies":[{"name":"wp","href":"https:\/\/api.w.org\/{rel}","templated":true}]}}