{"id":133963,"date":"2026-03-12T18:05:41","date_gmt":"2026-03-12T21:05:41","guid":{"rendered":"https:\/\/www.noticiasradioreflejos.com.ar\/2021\/?p=133963"},"modified":"2026-03-13T09:20:02","modified_gmt":"2026-03-13T12:20:02","slug":"el-justicialismo-saldra-fortalecido-el-mensaje-de-unidad-de-la-lista-4-a-dias-de-la-eleccion","status":"publish","type":"post","link":"https:\/\/www.noticiasradioreflejos.com.ar\/2021\/el-justicialismo-saldra-fortalecido-el-mensaje-de-unidad-de-la-lista-4-a-dias-de-la-eleccion\/","title":{"rendered":"\u00abEl Justicialismo saldr\u00e1 fortalecido\u00bb: El mensaje de unidad de la Lista 4 a d\u00edas de la elecci\u00f3n"},"content":{"rendered":"<p>A tres d\u00edas de la interna partidaria, Laura Rosatelli, Carmen Soverchia y Alberto \u00abTito\u00bb Musso compartieron sus expectativas y definieron los ejes de su propuesta. Los referentes de la Lista Azul destacaron el car\u00e1cter democr\u00e1tico de la contienda, llamaron a realizar una depuraci\u00f3n del padr\u00f3n post-elecci\u00f3n y enfatizaron que el objetivo central es consolidar un frente opositor al Gobierno Nacional. \u00abEsta interna no nos divide, nos muestra como un partido vivo con ganas de proponer\u00bb, aseguraron.<!--more--><\/p>\n<p data-path-to-node=\"4\">A pocos d\u00edas de que los afiliados peronistas asistan a las urnas, los referentes de la Lista 4 realizaron un balance de lo que fue el recorrido por el distrito. <b data-path-to-node=\"4\" data-index-in-node=\"161\">Laura \u00abLali\u00bb Rosatelli<\/b> destac\u00f3 el recibimiento de la militancia y el car\u00e1cter democr\u00e1tico de la contienda: \u00abHa sido una campa\u00f1a tranquila, recorrimos, estuvimos con los afiliados. Nos han recibido muy bien. Ya estamos en la recta final, a tres d\u00edas de esta interna que no es algo que nos divide, sino un partido vivo con ganas de proponer. Deseo que sea todo en paz y en tranquilidad; este proceso nos va a encontrar fortalecidos para el 2027\u00bb.<\/p>\n<p data-path-to-node=\"5\">Por su parte, <b data-path-to-node=\"5\" data-index-in-node=\"14\">Carmen Soverchia<\/b> subray\u00f3 que el eje de su espacio es la construcci\u00f3n colectiva y el respeto, marcando distancia de cualquier confrontaci\u00f3n personal. \u00abNosotros no nos vamos a sumar a una campa\u00f1a de odio y de tintes m\u00e1s personales. No se construye desde ese lado. Queremos sumar compa\u00f1eros que han estado alejados por diversos motivos. La idea es poder reunirnos despu\u00e9s de las elecciones con todos aquellos que quieran sumarse al equipo de trabajo del Peronismo y en contra del Gobierno Nacional\u00bb, se\u00f1al\u00f3 la candidata, quien tambi\u00e9n hizo hincapi\u00e9 en el avance del territorio ganado por las mujeres gracias a la lucha colectiva.<\/p>\n<p data-path-to-node=\"6\">En cuanto a la log\u00edstica de la jornada, <b data-path-to-node=\"6\" data-index-in-node=\"40\">Alberto \u00abTito\u00bb Musso<\/b> confirm\u00f3 que los lugares de votaci\u00f3n son inamovibles, descartando la posibilidad de una urna m\u00f3vil para Chasic\u00f3 por cuestiones reglamentarias previas. Sobre el estado de los registros, Musso advirti\u00f3 la necesidad de una actualizaci\u00f3n profunda: \u00abEstamos en la misma cantidad de votantes que venimos diciendo habitualmente; mil votantes activos. Vamos a tener que hacer alguna notificaci\u00f3n para altas y bajas; hay que depurar el padr\u00f3n a partir del d\u00eda 16\u00bb. Al respecto, Soverchia agreg\u00f3 que el tr\u00e1mite puede hacerse de forma digital o personal para quienes deseen afiliarse o renunciar.<\/p>\n<p data-path-to-node=\"7\">El cierre de las declaraciones estuvo marcado por la definici\u00f3n del rol social que el partido debe ocupar en la actualidad. Rosatelli fue contundente al respecto: \u00abEstamos dispuestas a luchar por el PJ; que siempre sea el escudo de los m\u00e1s humildes y nuestro \u00fanico enemigo es Milei y sus pol\u00edticas de ajuste\u00bb. Coincidiendo con esta mirada, Musso concluy\u00f3 que la interna es una herramienta necesaria ante la falta de acuerdos previos: \u00abEl domingo, el que va a salir fortalecido va a ser el Justicialismo, m\u00e1s all\u00e1 del resultado. Creo que a partir del lunes vamos a arrancar una nueva etapa del partido teniendo bien en claro que el enemigo est\u00e1 hoy en el Gobierno Nacional\u00bb.<\/p>\n<audio class=\"wp-audio-shortcode\" id=\"audio-133963-1\" preload=\"none\" style=\"width: 100%;\" controls=\"controls\"><source type=\"audio\/mpeg\" src=\"https:\/\/www.noticiasradioreflejos.com.ar\/2021\/wp-content\/uploads\/2026\/03\/Alberto-Musso-Laura-rosatelli-y-Carmen-Soverchia-12-03.mp3?_=1\" \/><a href=\"https:\/\/www.noticiasradioreflejos.com.ar\/2021\/wp-content\/uploads\/2026\/03\/Alberto-Musso-Laura-rosatelli-y-Carmen-Soverchia-12-03.mp3\">https:\/\/www.noticiasradioreflejos.com.ar\/2021\/wp-content\/uploads\/2026\/03\/Alberto-Musso-Laura-rosatelli-y-Carmen-Soverchia-12-03.mp3<\/a><\/audio>\n","protected":false},"excerpt":{"rendered":"<p>A tres d\u00edas de la interna partidaria, Laura Rosatelli, Carmen Soverchia y Alberto \u00abTito\u00bb Musso compartieron sus expectativas y definieron los ejes de su propuesta. Los referentes de la Lista Azul destacaron el car\u00e1cter democr\u00e1tico de la contienda, llamaron a realizar una depuraci\u00f3n del padr\u00f3n post-elecci\u00f3n y enfatizaron que el objetivo central es consolidar un [&hellip;]<\/p>\n","protected":false},"author":3,"featured_media":133077,"comment_status":"closed","ping_status":"closed","sticky":false,"template":"","format":"standard","meta":{"footnotes":""},"categories":[24],"tags":[],"class_list":["post-133963","post","type-post","status-publish","format-standard","has-post-thumbnail","hentry","category-politica"],"yoast_head":"<!-- This site is optimized with the Yoast SEO plugin v25.9 - https:\/\/yoast.com\/wordpress\/plugins\/seo\/ -->\n<title>&quot;El Justicialismo saldr\u00e1 fortalecido&quot;: El mensaje de unidad de la Lista 4 a d\u00edas de la elecci\u00f3n - Noticias Radio Reflejos<\/title>\n<meta name=\"robots\" content=\"index, follow, max-snippet:-1, max-image-preview:large, max-video-preview:-1\" \/>\n<link rel=\"canonical\" href=\"https:\/\/www.noticiasradioreflejos.com.ar\/2021\/el-justicialismo-saldra-fortalecido-el-mensaje-de-unidad-de-la-lista-4-a-dias-de-la-eleccion\/\" \/>\n<meta property=\"og:locale\" content=\"es_ES\" \/>\n<meta property=\"og:type\" content=\"article\" \/>\n<meta property=\"og:title\" content=\"&quot;El Justicialismo saldr\u00e1 fortalecido&quot;: El mensaje de unidad de la Lista 4 a d\u00edas de la elecci\u00f3n - Noticias Radio Reflejos\" \/>\n<meta property=\"og:description\" content=\"A tres d\u00edas de la interna partidaria, Laura Rosatelli, Carmen Soverchia y Alberto \u00abTito\u00bb Musso compartieron sus expectativas y definieron los ejes de su propuesta. Los referentes de la Lista Azul destacaron el car\u00e1cter democr\u00e1tico de la contienda, llamaron a realizar una depuraci\u00f3n del padr\u00f3n post-elecci\u00f3n y enfatizaron que el objetivo central es consolidar un [&hellip;]\" \/>\n<meta property=\"og:url\" content=\"https:\/\/www.noticiasradioreflejos.com.ar\/2021\/el-justicialismo-saldra-fortalecido-el-mensaje-de-unidad-de-la-lista-4-a-dias-de-la-eleccion\/\" \/>\n<meta property=\"og:site_name\" content=\"Noticias Radio Reflejos\" \/>\n<meta property=\"article:published_time\" content=\"2026-03-12T21:05:41+00:00\" \/>\n<meta property=\"article:modified_time\" content=\"2026-03-13T12:20:02+00:00\" \/>\n<meta property=\"og:image\" content=\"https:\/\/www.noticiasradioreflejos.com.ar\/2021\/wp-content\/uploads\/2026\/02\/Tito-y-Lali.jpeg\" \/>\n\t<meta property=\"og:image:width\" content=\"1344\" \/>\n\t<meta property=\"og:image:height\" content=\"768\" \/>\n\t<meta property=\"og:image:type\" content=\"image\/jpeg\" \/>\n<meta name=\"author\" content=\"Arnaldo Botto\" \/>\n<meta name=\"twitter:card\" content=\"summary_large_image\" \/>\n<script type=\"application\/ld+json\" class=\"yoast-schema-graph\">{\"@context\":\"https:\/\/schema.org\",\"@graph\":[{\"@type\":\"WebPage\",\"@id\":\"https:\/\/www.noticiasradioreflejos.com.ar\/2021\/el-justicialismo-saldra-fortalecido-el-mensaje-de-unidad-de-la-lista-4-a-dias-de-la-eleccion\/\",\"url\":\"https:\/\/www.noticiasradioreflejos.com.ar\/2021\/el-justicialismo-saldra-fortalecido-el-mensaje-de-unidad-de-la-lista-4-a-dias-de-la-eleccion\/\",\"name\":\"\\\"El Justicialismo saldr\u00e1 fortalecido\\\": El mensaje de unidad de la Lista 4 a d\u00edas de la elecci\u00f3n - Noticias Radio Reflejos\",\"isPartOf\":{\"@id\":\"https:\/\/www.noticiasradioreflejos.com.ar\/2021\/#website\"},\"primaryImageOfPage\":{\"@id\":\"https:\/\/www.noticiasradioreflejos.com.ar\/2021\/el-justicialismo-saldra-fortalecido-el-mensaje-de-unidad-de-la-lista-4-a-dias-de-la-eleccion\/#primaryimage\"},\"image\":{\"@id\":\"https:\/\/www.noticiasradioreflejos.com.ar\/2021\/el-justicialismo-saldra-fortalecido-el-mensaje-de-unidad-de-la-lista-4-a-dias-de-la-eleccion\/#primaryimage\"},\"thumbnailUrl\":\"https:\/\/www.noticiasradioreflejos.com.ar\/2021\/wp-content\/uploads\/2026\/02\/Tito-y-Lali.jpeg\",\"datePublished\":\"2026-03-12T21:05:41+00:00\",\"dateModified\":\"2026-03-13T12:20:02+00:00\",\"author\":{\"@id\":\"https:\/\/www.noticiasradioreflejos.com.ar\/2021\/#\/schema\/person\/ad82545263dcc5ec0996818884fd5fb1\"},\"breadcrumb\":{\"@id\":\"https:\/\/www.noticiasradioreflejos.com.ar\/2021\/el-justicialismo-saldra-fortalecido-el-mensaje-de-unidad-de-la-lista-4-a-dias-de-la-eleccion\/#breadcrumb\"},\"inLanguage\":\"es\",\"potentialAction\":[{\"@type\":\"ReadAction\",\"target\":[\"https:\/\/www.noticiasradioreflejos.com.ar\/2021\/el-justicialismo-saldra-fortalecido-el-mensaje-de-unidad-de-la-lista-4-a-dias-de-la-eleccion\/\"]}]},{\"@type\":\"ImageObject\",\"inLanguage\":\"es\",\"@id\":\"https:\/\/www.noticiasradioreflejos.com.ar\/2021\/el-justicialismo-saldra-fortalecido-el-mensaje-de-unidad-de-la-lista-4-a-dias-de-la-eleccion\/#primaryimage\",\"url\":\"https:\/\/www.noticiasradioreflejos.com.ar\/2021\/wp-content\/uploads\/2026\/02\/Tito-y-Lali.jpeg\",\"contentUrl\":\"https:\/\/www.noticiasradioreflejos.com.ar\/2021\/wp-content\/uploads\/2026\/02\/Tito-y-Lali.jpeg\",\"width\":1344,\"height\":768},{\"@type\":\"BreadcrumbList\",\"@id\":\"https:\/\/www.noticiasradioreflejos.com.ar\/2021\/el-justicialismo-saldra-fortalecido-el-mensaje-de-unidad-de-la-lista-4-a-dias-de-la-eleccion\/#breadcrumb\",\"itemListElement\":[{\"@type\":\"ListItem\",\"position\":1,\"name\":\"Portada\",\"item\":\"https:\/\/www.noticiasradioreflejos.com.ar\/2021\/\"},{\"@type\":\"ListItem\",\"position\":2,\"name\":\"\u00abEl Justicialismo saldr\u00e1 fortalecido\u00bb: El mensaje de unidad de la Lista 4 a d\u00edas de la elecci\u00f3n\"}]},{\"@type\":\"WebSite\",\"@id\":\"https:\/\/www.noticiasradioreflejos.com.ar\/2021\/#website\",\"url\":\"https:\/\/www.noticiasradioreflejos.com.ar\/2021\/\",\"name\":\"Noticias Radio Reflejos\",\"description\":\"Las noticias de mi comarca\",\"potentialAction\":[{\"@type\":\"SearchAction\",\"target\":{\"@type\":\"EntryPoint\",\"urlTemplate\":\"https:\/\/www.noticiasradioreflejos.com.ar\/2021\/?s={search_term_string}\"},\"query-input\":{\"@type\":\"PropertyValueSpecification\",\"valueRequired\":true,\"valueName\":\"search_term_string\"}}],\"inLanguage\":\"es\"},{\"@type\":\"Person\",\"@id\":\"https:\/\/www.noticiasradioreflejos.com.ar\/2021\/#\/schema\/person\/ad82545263dcc5ec0996818884fd5fb1\",\"name\":\"Arnaldo Botto\",\"image\":{\"@type\":\"ImageObject\",\"inLanguage\":\"es\",\"@id\":\"https:\/\/www.noticiasradioreflejos.com.ar\/2021\/#\/schema\/person\/image\/\",\"url\":\"https:\/\/secure.gravatar.com\/avatar\/55cb5e37c1efa326397366e6974cb338056df65cb50e7d64d1cf314e87504837?s=96&d=mm&r=g\",\"contentUrl\":\"https:\/\/secure.gravatar.com\/avatar\/55cb5e37c1efa326397366e6974cb338056df65cb50e7d64d1cf314e87504837?s=96&d=mm&r=g\",\"caption\":\"Arnaldo Botto\"},\"url\":\"https:\/\/www.noticiasradioreflejos.com.ar\/2021\/author\/arnaldo\/\"}]}<\/script>\n<!-- \/ Yoast SEO plugin. -->","yoast_head_json":{"title":"\"El Justicialismo saldr\u00e1 fortalecido\": El mensaje de unidad de la Lista 4 a d\u00edas de la elecci\u00f3n - Noticias Radio Reflejos","robots":{"index":"index","follow":"follow","max-snippet":"max-snippet:-1","max-image-preview":"max-image-preview:large","max-video-preview":"max-video-preview:-1"},"canonical":"https:\/\/www.noticiasradioreflejos.com.ar\/2021\/el-justicialismo-saldra-fortalecido-el-mensaje-de-unidad-de-la-lista-4-a-dias-de-la-eleccion\/","og_locale":"es_ES","og_type":"article","og_title":"\"El Justicialismo saldr\u00e1 fortalecido\": El mensaje de unidad de la Lista 4 a d\u00edas de la elecci\u00f3n - Noticias Radio Reflejos","og_description":"A tres d\u00edas de la interna partidaria, Laura Rosatelli, Carmen Soverchia y Alberto \u00abTito\u00bb Musso compartieron sus expectativas y definieron los ejes de su propuesta. Los referentes de la Lista Azul destacaron el car\u00e1cter democr\u00e1tico de la contienda, llamaron a realizar una depuraci\u00f3n del padr\u00f3n post-elecci\u00f3n y enfatizaron que el objetivo central es consolidar un [&hellip;]","og_url":"https:\/\/www.noticiasradioreflejos.com.ar\/2021\/el-justicialismo-saldra-fortalecido-el-mensaje-de-unidad-de-la-lista-4-a-dias-de-la-eleccion\/","og_site_name":"Noticias Radio Reflejos","article_published_time":"2026-03-12T21:05:41+00:00","article_modified_time":"2026-03-13T12:20:02+00:00","og_image":[{"width":1344,"height":768,"url":"https:\/\/www.noticiasradioreflejos.com.ar\/2021\/wp-content\/uploads\/2026\/02\/Tito-y-Lali.jpeg","type":"image\/jpeg"}],"author":"Arnaldo Botto","twitter_card":"summary_large_image","schema":{"@context":"https:\/\/schema.org","@graph":[{"@type":"WebPage","@id":"https:\/\/www.noticiasradioreflejos.com.ar\/2021\/el-justicialismo-saldra-fortalecido-el-mensaje-de-unidad-de-la-lista-4-a-dias-de-la-eleccion\/","url":"https:\/\/www.noticiasradioreflejos.com.ar\/2021\/el-justicialismo-saldra-fortalecido-el-mensaje-de-unidad-de-la-lista-4-a-dias-de-la-eleccion\/","name":"\"El Justicialismo saldr\u00e1 fortalecido\": El mensaje de unidad de la Lista 4 a d\u00edas de la elecci\u00f3n - Noticias Radio Reflejos","isPartOf":{"@id":"https:\/\/www.noticiasradioreflejos.com.ar\/2021\/#website"},"primaryImageOfPage":{"@id":"https:\/\/www.noticiasradioreflejos.com.ar\/2021\/el-justicialismo-saldra-fortalecido-el-mensaje-de-unidad-de-la-lista-4-a-dias-de-la-eleccion\/#primaryimage"},"image":{"@id":"https:\/\/www.noticiasradioreflejos.com.ar\/2021\/el-justicialismo-saldra-fortalecido-el-mensaje-de-unidad-de-la-lista-4-a-dias-de-la-eleccion\/#primaryimage"},"thumbnailUrl":"https:\/\/www.noticiasradioreflejos.com.ar\/2021\/wp-content\/uploads\/2026\/02\/Tito-y-Lali.jpeg","datePublished":"2026-03-12T21:05:41+00:00","dateModified":"2026-03-13T12:20:02+00:00","author":{"@id":"https:\/\/www.noticiasradioreflejos.com.ar\/2021\/#\/schema\/person\/ad82545263dcc5ec0996818884fd5fb1"},"breadcrumb":{"@id":"https:\/\/www.noticiasradioreflejos.com.ar\/2021\/el-justicialismo-saldra-fortalecido-el-mensaje-de-unidad-de-la-lista-4-a-dias-de-la-eleccion\/#breadcrumb"},"inLanguage":"es","potentialAction":[{"@type":"ReadAction","target":["https:\/\/www.noticiasradioreflejos.com.ar\/2021\/el-justicialismo-saldra-fortalecido-el-mensaje-de-unidad-de-la-lista-4-a-dias-de-la-eleccion\/"]}]},{"@type":"ImageObject","inLanguage":"es","@id":"https:\/\/www.noticiasradioreflejos.com.ar\/2021\/el-justicialismo-saldra-fortalecido-el-mensaje-de-unidad-de-la-lista-4-a-dias-de-la-eleccion\/#primaryimage","url":"https:\/\/www.noticiasradioreflejos.com.ar\/2021\/wp-content\/uploads\/2026\/02\/Tito-y-Lali.jpeg","contentUrl":"https:\/\/www.noticiasradioreflejos.com.ar\/2021\/wp-content\/uploads\/2026\/02\/Tito-y-Lali.jpeg","width":1344,"height":768},{"@type":"BreadcrumbList","@id":"https:\/\/www.noticiasradioreflejos.com.ar\/2021\/el-justicialismo-saldra-fortalecido-el-mensaje-de-unidad-de-la-lista-4-a-dias-de-la-eleccion\/#breadcrumb","itemListElement":[{"@type":"ListItem","position":1,"name":"Portada","item":"https:\/\/www.noticiasradioreflejos.com.ar\/2021\/"},{"@type":"ListItem","position":2,"name":"\u00abEl Justicialismo saldr\u00e1 fortalecido\u00bb: El mensaje de unidad de la Lista 4 a d\u00edas de la elecci\u00f3n"}]},{"@type":"WebSite","@id":"https:\/\/www.noticiasradioreflejos.com.ar\/2021\/#website","url":"https:\/\/www.noticiasradioreflejos.com.ar\/2021\/","name":"Noticias Radio Reflejos","description":"Las noticias de mi comarca","potentialAction":[{"@type":"SearchAction","target":{"@type":"EntryPoint","urlTemplate":"https:\/\/www.noticiasradioreflejos.com.ar\/2021\/?s={search_term_string}"},"query-input":{"@type":"PropertyValueSpecification","valueRequired":true,"valueName":"search_term_string"}}],"inLanguage":"es"},{"@type":"Person","@id":"https:\/\/www.noticiasradioreflejos.com.ar\/2021\/#\/schema\/person\/ad82545263dcc5ec0996818884fd5fb1","name":"Arnaldo Botto","image":{"@type":"ImageObject","inLanguage":"es","@id":"https:\/\/www.noticiasradioreflejos.com.ar\/2021\/#\/schema\/person\/image\/","url":"https:\/\/secure.gravatar.com\/avatar\/55cb5e37c1efa326397366e6974cb338056df65cb50e7d64d1cf314e87504837?s=96&d=mm&r=g","contentUrl":"https:\/\/secure.gravatar.com\/avatar\/55cb5e37c1efa326397366e6974cb338056df65cb50e7d64d1cf314e87504837?s=96&d=mm&r=g","caption":"Arnaldo Botto"},"url":"https:\/\/www.noticiasradioreflejos.com.ar\/2021\/author\/arnaldo\/"}]}},"_links":{"self":[{"href":"https:\/\/www.noticiasradioreflejos.com.ar\/2021\/wp-json\/wp\/v2\/posts\/133963","targetHints":{"allow":["GET"]}}],"collection":[{"href":"https:\/\/www.noticiasradioreflejos.com.ar\/2021\/wp-json\/wp\/v2\/posts"}],"about":[{"href":"https:\/\/www.noticiasradioreflejos.com.ar\/2021\/wp-json\/wp\/v2\/types\/post"}],"author":[{"embeddable":true,"href":"https:\/\/www.noticiasradioreflejos.com.ar\/2021\/wp-json\/wp\/v2\/users\/3"}],"replies":[{"embeddable":true,"href":"https:\/\/www.noticiasradioreflejos.com.ar\/2021\/wp-json\/wp\/v2\/comments?post=133963"}],"version-history":[{"count":3,"href":"https:\/\/www.noticiasradioreflejos.com.ar\/2021\/wp-json\/wp\/v2\/posts\/133963\/revisions"}],"predecessor-version":[{"id":134000,"href":"https:\/\/www.noticiasradioreflejos.com.ar\/2021\/wp-json\/wp\/v2\/posts\/133963\/revisions\/134000"}],"wp:featuredmedia":[{"embeddable":true,"href":"https:\/\/www.noticiasradioreflejos.com.ar\/2021\/wp-json\/wp\/v2\/media\/133077"}],"wp:attachment":[{"href":"https:\/\/www.noticiasradioreflejos.com.ar\/2021\/wp-json\/wp\/v2\/media?parent=133963"}],"wp:term":[{"taxonomy":"category","embeddable":true,"href":"https:\/\/www.noticiasradioreflejos.com.ar\/2021\/wp-json\/wp\/v2\/categories?post=133963"},{"taxonomy":"post_tag","embeddable":true,"href":"https:\/\/www.noticiasradioreflejos.com.ar\/2021\/wp-json\/wp\/v2\/tags?post=133963"}],"curies":[{"name":"wp","href":"https:\/\/api.w.org\/{rel}","templated":true}]}}