{"id":133952,"date":"2026-03-12T07:43:51","date_gmt":"2026-03-12T10:43:51","guid":{"rendered":"https:\/\/www.noticiasradioreflejos.com.ar\/2021\/?p=133952"},"modified":"2026-03-12T07:43:51","modified_gmt":"2026-03-12T10:43:51","slug":"dia-mundial-del-glaucoma-por-que-se-celebra-el-12-de-marzo","status":"publish","type":"post","link":"https:\/\/www.noticiasradioreflejos.com.ar\/2021\/dia-mundial-del-glaucoma-por-que-se-celebra-el-12-de-marzo\/","title":{"rendered":"D\u00eda mundial del glaucoma: \u00bfpor qu\u00e9 se celebra el 12 de marzo?"},"content":{"rendered":"<p>Cada 12 de marzo se conmemora una jornada destinada a concientizar sobre el glaucoma, una enfermedad ocular silenciosa que, si no se diagnostica a tiempo, puede provocar p\u00e9rdida irreversible de la visi\u00f3n.<!--more--><\/p>\n<p>&nbsp;<\/p>\n<div class=\"content-container col-12 col-lg-8\">\n<div class=\"c-content\">\n<div class=\"partner-wrapper opening\" data-mrf-recirculation=\"Apertura\">\n<div class=\"second-col\">\n<figure class=\"ni-figure\"><picture class=\"news-image\"><source srcset=\"https:\/\/static.eldiario.es\/clip\/7b017aed-b738-4d2b-b2cb-56dfc5af78fb_16-9-discover-aspect-ratio_50p_0.webp\" type=\"image\/webp\" media=\"(max-width: 576px)\" \/><source srcset=\"https:\/\/static.eldiario.es\/clip\/7b017aed-b738-4d2b-b2cb-56dfc5af78fb_16-9-discover-aspect-ratio_50p_0.jpg\" type=\"image\/jpg\" media=\"(max-width: 576px)\" \/><source srcset=\"https:\/\/static.eldiario.es\/clip\/7b017aed-b738-4d2b-b2cb-56dfc5af78fb_16-9-discover-aspect-ratio_75p_0.webp\" type=\"image\/webp\" media=\"(max-width: 767px)\" \/><source srcset=\"https:\/\/static.eldiario.es\/clip\/7b017aed-b738-4d2b-b2cb-56dfc5af78fb_16-9-discover-aspect-ratio_75p_0.jpg\" type=\"image\/jpg\" media=\"(max-width: 767px)\" \/><source srcset=\"https:\/\/static.eldiario.es\/clip\/7b017aed-b738-4d2b-b2cb-56dfc5af78fb_16-9-discover-aspect-ratio_default_0.webp\" type=\"image\/webp\" \/><source srcset=\"https:\/\/static.eldiario.es\/clip\/7b017aed-b738-4d2b-b2cb-56dfc5af78fb_16-9-discover-aspect-ratio_default_0.jpg\" type=\"image\/jpg\" \/><\/picture><\/figure>\n<\/div>\n<\/div>\n<\/div>\n<\/div>\n<div class=\"news-info\" data-mrf-recirculation=\"firma\">\n<div class=\"twitter-wrapper\">El <strong>D\u00eda Mundial del Glaucoma<\/strong>\u00a0se celebra cada\u00a0<strong>12 de marzo\u00a0<\/strong>con el objetivo de promover la prevenci\u00f3n y el diagn\u00f3stico temprano de esta enfermedad que afecta al nervio \u00f3ptico y puede derivar en da\u00f1o visual permanente. El glaucoma es una de las principales causas de ceguera en el mundo, especialmente en personas mayores de 40 a\u00f1os.<\/div>\n<\/div>\n<div class=\"partner-wrapper article-page__body-row\">\n<div class=\"second-col\">\n<p class=\"article-text\">El Glaucoma suele avanzar de manera silenciosa, sin s\u00edntomas evidentes en sus primeras etapas. Por esta raz\u00f3n, muchas personas no saben que lo padecen hasta que la enfermedad ya ha provocado da\u00f1os importantes en el campo visual.\u00a0<strong>Los especialistas destacan que los controles oftalmol\u00f3gicos peri\u00f3dicos son fundamentales para detectarlo a tiempo.<\/strong><\/p>\n<p class=\"article-text\">Entre los factores de riesgo m\u00e1s frecuentes se encuentran la edad, los antecedentes familiares, la presi\u00f3n intraocular elevada y ciertas enfermedades como la diabetes. Aunque el da\u00f1o visual que provoca el glaucoma no puede revertirse, existen tratamientos que permiten frenar su avance si se detecta en forma temprana.<\/p>\n<p class=\"article-text\">La jornada forma parte de las campa\u00f1as impulsadas a nivel internacional por organizaciones m\u00e9dicas y cient\u00edficas que trabajan para mejorar la informaci\u00f3n sobre salud visual y promover el acceso a controles oftalmol\u00f3gicos.<\/p>\n<div id=\"container-after-news-outlook\"><\/div>\n<p class=\"article-text\">El D\u00eda Mundial del Glaucoma busca recordar que el cuidado de la visi\u00f3n comienza con la prevenci\u00f3n. Realizar chequeos regulares y prestar atenci\u00f3n a la salud ocular son medidas clave para evitar que una enfermedad silenciosa termine afectando la calidad de vida.<\/p>\n<p><iframe loading=\"lazy\" title=\"D\u00eda mundial del glaucoma\" src=\"https:\/\/www.youtube.com\/embed\/07qpnTGwIjs\" width=\"300\" height=\"150\" frameborder=\"0\" allowfullscreen=\"allowfullscreen\"><\/iframe><\/p>\n<\/div>\n<\/div>\n","protected":false},"excerpt":{"rendered":"<p>Cada 12 de marzo se conmemora una jornada destinada a concientizar sobre el glaucoma, una enfermedad ocular silenciosa que, si no se diagnostica a tiempo, puede provocar p\u00e9rdida irreversible de la visi\u00f3n.<\/p>\n","protected":false},"author":3,"featured_media":133953,"comment_status":"closed","ping_status":"closed","sticky":false,"template":"","format":"standard","meta":{"footnotes":""},"categories":[1],"tags":[],"class_list":["post-133952","post","type-post","status-publish","format-standard","has-post-thumbnail","hentry","category-sin-categoria"],"yoast_head":"<!-- This site is optimized with the Yoast SEO plugin v25.9 - https:\/\/yoast.com\/wordpress\/plugins\/seo\/ -->\n<title>D\u00eda mundial del glaucoma: \u00bfpor qu\u00e9 se celebra el 12 de marzo? - Noticias Radio Reflejos<\/title>\n<meta name=\"robots\" content=\"index, follow, max-snippet:-1, max-image-preview:large, max-video-preview:-1\" \/>\n<link rel=\"canonical\" href=\"https:\/\/www.noticiasradioreflejos.com.ar\/2021\/dia-mundial-del-glaucoma-por-que-se-celebra-el-12-de-marzo\/\" \/>\n<meta property=\"og:locale\" content=\"es_ES\" \/>\n<meta property=\"og:type\" content=\"article\" \/>\n<meta property=\"og:title\" content=\"D\u00eda mundial del glaucoma: \u00bfpor qu\u00e9 se celebra el 12 de marzo? - Noticias Radio Reflejos\" \/>\n<meta property=\"og:description\" content=\"Cada 12 de marzo se conmemora una jornada destinada a concientizar sobre el glaucoma, una enfermedad ocular silenciosa que, si no se diagnostica a tiempo, puede provocar p\u00e9rdida irreversible de la visi\u00f3n.\" \/>\n<meta property=\"og:url\" content=\"https:\/\/www.noticiasradioreflejos.com.ar\/2021\/dia-mundial-del-glaucoma-por-que-se-celebra-el-12-de-marzo\/\" \/>\n<meta property=\"og:site_name\" content=\"Noticias Radio Reflejos\" \/>\n<meta property=\"article:published_time\" content=\"2026-03-12T10:43:51+00:00\" \/>\n<meta property=\"og:image\" content=\"https:\/\/www.noticiasradioreflejos.com.ar\/2021\/wp-content\/uploads\/2026\/03\/glaucoma.webp\" \/>\n\t<meta property=\"og:image:width\" content=\"1200\" \/>\n\t<meta property=\"og:image:height\" content=\"675\" \/>\n\t<meta property=\"og:image:type\" content=\"image\/webp\" \/>\n<meta name=\"author\" content=\"Arnaldo Botto\" \/>\n<meta name=\"twitter:card\" content=\"summary_large_image\" \/>\n<script type=\"application\/ld+json\" class=\"yoast-schema-graph\">{\"@context\":\"https:\/\/schema.org\",\"@graph\":[{\"@type\":\"WebPage\",\"@id\":\"https:\/\/www.noticiasradioreflejos.com.ar\/2021\/dia-mundial-del-glaucoma-por-que-se-celebra-el-12-de-marzo\/\",\"url\":\"https:\/\/www.noticiasradioreflejos.com.ar\/2021\/dia-mundial-del-glaucoma-por-que-se-celebra-el-12-de-marzo\/\",\"name\":\"D\u00eda mundial del glaucoma: \u00bfpor qu\u00e9 se celebra el 12 de marzo? - Noticias Radio Reflejos\",\"isPartOf\":{\"@id\":\"https:\/\/www.noticiasradioreflejos.com.ar\/2021\/#website\"},\"primaryImageOfPage\":{\"@id\":\"https:\/\/www.noticiasradioreflejos.com.ar\/2021\/dia-mundial-del-glaucoma-por-que-se-celebra-el-12-de-marzo\/#primaryimage\"},\"image\":{\"@id\":\"https:\/\/www.noticiasradioreflejos.com.ar\/2021\/dia-mundial-del-glaucoma-por-que-se-celebra-el-12-de-marzo\/#primaryimage\"},\"thumbnailUrl\":\"https:\/\/www.noticiasradioreflejos.com.ar\/2021\/wp-content\/uploads\/2026\/03\/glaucoma.webp\",\"datePublished\":\"2026-03-12T10:43:51+00:00\",\"author\":{\"@id\":\"https:\/\/www.noticiasradioreflejos.com.ar\/2021\/#\/schema\/person\/ad82545263dcc5ec0996818884fd5fb1\"},\"breadcrumb\":{\"@id\":\"https:\/\/www.noticiasradioreflejos.com.ar\/2021\/dia-mundial-del-glaucoma-por-que-se-celebra-el-12-de-marzo\/#breadcrumb\"},\"inLanguage\":\"es\",\"potentialAction\":[{\"@type\":\"ReadAction\",\"target\":[\"https:\/\/www.noticiasradioreflejos.com.ar\/2021\/dia-mundial-del-glaucoma-por-que-se-celebra-el-12-de-marzo\/\"]}]},{\"@type\":\"ImageObject\",\"inLanguage\":\"es\",\"@id\":\"https:\/\/www.noticiasradioreflejos.com.ar\/2021\/dia-mundial-del-glaucoma-por-que-se-celebra-el-12-de-marzo\/#primaryimage\",\"url\":\"https:\/\/www.noticiasradioreflejos.com.ar\/2021\/wp-content\/uploads\/2026\/03\/glaucoma.webp\",\"contentUrl\":\"https:\/\/www.noticiasradioreflejos.com.ar\/2021\/wp-content\/uploads\/2026\/03\/glaucoma.webp\",\"width\":1200,\"height\":675},{\"@type\":\"BreadcrumbList\",\"@id\":\"https:\/\/www.noticiasradioreflejos.com.ar\/2021\/dia-mundial-del-glaucoma-por-que-se-celebra-el-12-de-marzo\/#breadcrumb\",\"itemListElement\":[{\"@type\":\"ListItem\",\"position\":1,\"name\":\"Portada\",\"item\":\"https:\/\/www.noticiasradioreflejos.com.ar\/2021\/\"},{\"@type\":\"ListItem\",\"position\":2,\"name\":\"D\u00eda mundial del glaucoma: \u00bfpor qu\u00e9 se celebra el 12 de marzo?\"}]},{\"@type\":\"WebSite\",\"@id\":\"https:\/\/www.noticiasradioreflejos.com.ar\/2021\/#website\",\"url\":\"https:\/\/www.noticiasradioreflejos.com.ar\/2021\/\",\"name\":\"Noticias Radio Reflejos\",\"description\":\"Las noticias de mi comarca\",\"potentialAction\":[{\"@type\":\"SearchAction\",\"target\":{\"@type\":\"EntryPoint\",\"urlTemplate\":\"https:\/\/www.noticiasradioreflejos.com.ar\/2021\/?s={search_term_string}\"},\"query-input\":{\"@type\":\"PropertyValueSpecification\",\"valueRequired\":true,\"valueName\":\"search_term_string\"}}],\"inLanguage\":\"es\"},{\"@type\":\"Person\",\"@id\":\"https:\/\/www.noticiasradioreflejos.com.ar\/2021\/#\/schema\/person\/ad82545263dcc5ec0996818884fd5fb1\",\"name\":\"Arnaldo Botto\",\"image\":{\"@type\":\"ImageObject\",\"inLanguage\":\"es\",\"@id\":\"https:\/\/www.noticiasradioreflejos.com.ar\/2021\/#\/schema\/person\/image\/\",\"url\":\"https:\/\/secure.gravatar.com\/avatar\/55cb5e37c1efa326397366e6974cb338056df65cb50e7d64d1cf314e87504837?s=96&d=mm&r=g\",\"contentUrl\":\"https:\/\/secure.gravatar.com\/avatar\/55cb5e37c1efa326397366e6974cb338056df65cb50e7d64d1cf314e87504837?s=96&d=mm&r=g\",\"caption\":\"Arnaldo Botto\"},\"url\":\"https:\/\/www.noticiasradioreflejos.com.ar\/2021\/author\/arnaldo\/\"}]}<\/script>\n<!-- \/ Yoast SEO plugin. -->","yoast_head_json":{"title":"D\u00eda mundial del glaucoma: \u00bfpor qu\u00e9 se celebra el 12 de marzo? - Noticias Radio Reflejos","robots":{"index":"index","follow":"follow","max-snippet":"max-snippet:-1","max-image-preview":"max-image-preview:large","max-video-preview":"max-video-preview:-1"},"canonical":"https:\/\/www.noticiasradioreflejos.com.ar\/2021\/dia-mundial-del-glaucoma-por-que-se-celebra-el-12-de-marzo\/","og_locale":"es_ES","og_type":"article","og_title":"D\u00eda mundial del glaucoma: \u00bfpor qu\u00e9 se celebra el 12 de marzo? - Noticias Radio Reflejos","og_description":"Cada 12 de marzo se conmemora una jornada destinada a concientizar sobre el glaucoma, una enfermedad ocular silenciosa que, si no se diagnostica a tiempo, puede provocar p\u00e9rdida irreversible de la visi\u00f3n.","og_url":"https:\/\/www.noticiasradioreflejos.com.ar\/2021\/dia-mundial-del-glaucoma-por-que-se-celebra-el-12-de-marzo\/","og_site_name":"Noticias Radio Reflejos","article_published_time":"2026-03-12T10:43:51+00:00","og_image":[{"width":1200,"height":675,"url":"https:\/\/www.noticiasradioreflejos.com.ar\/2021\/wp-content\/uploads\/2026\/03\/glaucoma.webp","type":"image\/webp"}],"author":"Arnaldo Botto","twitter_card":"summary_large_image","schema":{"@context":"https:\/\/schema.org","@graph":[{"@type":"WebPage","@id":"https:\/\/www.noticiasradioreflejos.com.ar\/2021\/dia-mundial-del-glaucoma-por-que-se-celebra-el-12-de-marzo\/","url":"https:\/\/www.noticiasradioreflejos.com.ar\/2021\/dia-mundial-del-glaucoma-por-que-se-celebra-el-12-de-marzo\/","name":"D\u00eda mundial del glaucoma: \u00bfpor qu\u00e9 se celebra el 12 de marzo? - Noticias Radio Reflejos","isPartOf":{"@id":"https:\/\/www.noticiasradioreflejos.com.ar\/2021\/#website"},"primaryImageOfPage":{"@id":"https:\/\/www.noticiasradioreflejos.com.ar\/2021\/dia-mundial-del-glaucoma-por-que-se-celebra-el-12-de-marzo\/#primaryimage"},"image":{"@id":"https:\/\/www.noticiasradioreflejos.com.ar\/2021\/dia-mundial-del-glaucoma-por-que-se-celebra-el-12-de-marzo\/#primaryimage"},"thumbnailUrl":"https:\/\/www.noticiasradioreflejos.com.ar\/2021\/wp-content\/uploads\/2026\/03\/glaucoma.webp","datePublished":"2026-03-12T10:43:51+00:00","author":{"@id":"https:\/\/www.noticiasradioreflejos.com.ar\/2021\/#\/schema\/person\/ad82545263dcc5ec0996818884fd5fb1"},"breadcrumb":{"@id":"https:\/\/www.noticiasradioreflejos.com.ar\/2021\/dia-mundial-del-glaucoma-por-que-se-celebra-el-12-de-marzo\/#breadcrumb"},"inLanguage":"es","potentialAction":[{"@type":"ReadAction","target":["https:\/\/www.noticiasradioreflejos.com.ar\/2021\/dia-mundial-del-glaucoma-por-que-se-celebra-el-12-de-marzo\/"]}]},{"@type":"ImageObject","inLanguage":"es","@id":"https:\/\/www.noticiasradioreflejos.com.ar\/2021\/dia-mundial-del-glaucoma-por-que-se-celebra-el-12-de-marzo\/#primaryimage","url":"https:\/\/www.noticiasradioreflejos.com.ar\/2021\/wp-content\/uploads\/2026\/03\/glaucoma.webp","contentUrl":"https:\/\/www.noticiasradioreflejos.com.ar\/2021\/wp-content\/uploads\/2026\/03\/glaucoma.webp","width":1200,"height":675},{"@type":"BreadcrumbList","@id":"https:\/\/www.noticiasradioreflejos.com.ar\/2021\/dia-mundial-del-glaucoma-por-que-se-celebra-el-12-de-marzo\/#breadcrumb","itemListElement":[{"@type":"ListItem","position":1,"name":"Portada","item":"https:\/\/www.noticiasradioreflejos.com.ar\/2021\/"},{"@type":"ListItem","position":2,"name":"D\u00eda mundial del glaucoma: \u00bfpor qu\u00e9 se celebra el 12 de marzo?"}]},{"@type":"WebSite","@id":"https:\/\/www.noticiasradioreflejos.com.ar\/2021\/#website","url":"https:\/\/www.noticiasradioreflejos.com.ar\/2021\/","name":"Noticias Radio Reflejos","description":"Las noticias de mi comarca","potentialAction":[{"@type":"SearchAction","target":{"@type":"EntryPoint","urlTemplate":"https:\/\/www.noticiasradioreflejos.com.ar\/2021\/?s={search_term_string}"},"query-input":{"@type":"PropertyValueSpecification","valueRequired":true,"valueName":"search_term_string"}}],"inLanguage":"es"},{"@type":"Person","@id":"https:\/\/www.noticiasradioreflejos.com.ar\/2021\/#\/schema\/person\/ad82545263dcc5ec0996818884fd5fb1","name":"Arnaldo Botto","image":{"@type":"ImageObject","inLanguage":"es","@id":"https:\/\/www.noticiasradioreflejos.com.ar\/2021\/#\/schema\/person\/image\/","url":"https:\/\/secure.gravatar.com\/avatar\/55cb5e37c1efa326397366e6974cb338056df65cb50e7d64d1cf314e87504837?s=96&d=mm&r=g","contentUrl":"https:\/\/secure.gravatar.com\/avatar\/55cb5e37c1efa326397366e6974cb338056df65cb50e7d64d1cf314e87504837?s=96&d=mm&r=g","caption":"Arnaldo Botto"},"url":"https:\/\/www.noticiasradioreflejos.com.ar\/2021\/author\/arnaldo\/"}]}},"_links":{"self":[{"href":"https:\/\/www.noticiasradioreflejos.com.ar\/2021\/wp-json\/wp\/v2\/posts\/133952","targetHints":{"allow":["GET"]}}],"collection":[{"href":"https:\/\/www.noticiasradioreflejos.com.ar\/2021\/wp-json\/wp\/v2\/posts"}],"about":[{"href":"https:\/\/www.noticiasradioreflejos.com.ar\/2021\/wp-json\/wp\/v2\/types\/post"}],"author":[{"embeddable":true,"href":"https:\/\/www.noticiasradioreflejos.com.ar\/2021\/wp-json\/wp\/v2\/users\/3"}],"replies":[{"embeddable":true,"href":"https:\/\/www.noticiasradioreflejos.com.ar\/2021\/wp-json\/wp\/v2\/comments?post=133952"}],"version-history":[{"count":1,"href":"https:\/\/www.noticiasradioreflejos.com.ar\/2021\/wp-json\/wp\/v2\/posts\/133952\/revisions"}],"predecessor-version":[{"id":133954,"href":"https:\/\/www.noticiasradioreflejos.com.ar\/2021\/wp-json\/wp\/v2\/posts\/133952\/revisions\/133954"}],"wp:featuredmedia":[{"embeddable":true,"href":"https:\/\/www.noticiasradioreflejos.com.ar\/2021\/wp-json\/wp\/v2\/media\/133953"}],"wp:attachment":[{"href":"https:\/\/www.noticiasradioreflejos.com.ar\/2021\/wp-json\/wp\/v2\/media?parent=133952"}],"wp:term":[{"taxonomy":"category","embeddable":true,"href":"https:\/\/www.noticiasradioreflejos.com.ar\/2021\/wp-json\/wp\/v2\/categories?post=133952"},{"taxonomy":"post_tag","embeddable":true,"href":"https:\/\/www.noticiasradioreflejos.com.ar\/2021\/wp-json\/wp\/v2\/tags?post=133952"}],"curies":[{"name":"wp","href":"https:\/\/api.w.org\/{rel}","templated":true}]}}