{"id":133950,"date":"2026-03-12T07:36:06","date_gmt":"2026-03-12T10:36:06","guid":{"rendered":"https:\/\/www.noticiasradioreflejos.com.ar\/2021\/?p=133950"},"modified":"2026-03-12T07:36:51","modified_gmt":"2026-03-12T10:36:51","slug":"jueves-de-calor-y-sol-en-la-comarca-el-preludio-de-una-semana-marcada-por-las-lluvias","status":"publish","type":"post","link":"https:\/\/www.noticiasradioreflejos.com.ar\/2021\/jueves-de-calor-y-sol-en-la-comarca-el-preludio-de-una-semana-marcada-por-las-lluvias\/","title":{"rendered":"Jueves de calor y sol en la Comarca: el preludio de una semana marcada por las lluvias"},"content":{"rendered":"<p>El Servicio Meteorol\u00f3gico Nacional anticipa una jornada con m\u00e1ximas de 27 grados y cielo despejado durante la ma\u00f1ana. Sin embargo, la nubosidad aumentar\u00e1 hacia la tarde, marcando el inicio de un proceso de inestabilidad que traer\u00e1 chaparrones desde la noche del viernes y un pron\u00f3stico de abundantes precipitaciones para el comienzo de la pr\u00f3xima semana.<\/p>\n<p><!--more--><\/p>\n<p>Contin\u00faan las temperaturas c\u00e1lidas este jueves previo a la llegada de una semana de lluvias e inestabilidad en Sierra de la Ventana y todo el valle del Sauce Grande. Seg\u00fan el SMN, para hoy se espera una m\u00ednima de <b data-path-to-node=\"4\" data-index-in-node=\"236\">15 grados<\/b> y una m\u00e1xima que alcanzar\u00e1 los <b data-path-to-node=\"4\" data-index-in-node=\"277\">27 grados<\/b>.<\/p>\n<p data-path-to-node=\"6,0,0\"><b data-path-to-node=\"6,0,0\" data-index-in-node=\"0\"><\/b>Los vientos se presentar\u00e1n moderados del sector norte, con r\u00e1fagas que alcanzar\u00e1n los <b data-path-to-node=\"6,0,0\" data-index-in-node=\"67\">35 km\/h<\/b>, especialmente en horas del mediod\u00eda; en tanto el cielo se mostrar\u00e1 soleado durante la ma\u00f1ana, pero se espera el ingreso de abundante nubosidad en horas de la tarde hasta cubrirlo totalmente.<\/p>\n<h4 data-path-to-node=\"7\"><b data-path-to-node=\"7\" data-index-in-node=\"0\">Pron\u00f3stico extendido<\/b><\/h4>\n<p data-path-to-node=\"8\">Para ma\u00f1ana <b data-path-to-node=\"8\" data-index-in-node=\"12\">viernes<\/b>, se anticipan temperaturas estables y similares a las de hoy, oscilando entre los <b data-path-to-node=\"8\" data-index-in-node=\"102\">15 y 27 grados<\/b>. El cielo permanecer\u00e1 mayormente nublado y, a partir de la noche, la inestabilidad comenzar\u00e1 a manifestarse con algunos chaparrones aislados.<\/p>\n<p data-path-to-node=\"9\">Este fen\u00f3meno ser\u00e1 el anticipo de un fin de semana con lluvias intermitentes y el comienzo de una semana que, a la vista de los modelos meteorol\u00f3gicos, se perfila como <b data-path-to-node=\"9\" data-index-in-node=\"168\">muy llovedora<\/b> en toda la regi\u00f3n serrana.<\/p>\n","protected":false},"excerpt":{"rendered":"<p>El Servicio Meteorol\u00f3gico Nacional anticipa una jornada con m\u00e1ximas de 27 grados y cielo despejado durante la ma\u00f1ana. Sin embargo, la nubosidad aumentar\u00e1 hacia la tarde, marcando el inicio de un proceso de inestabilidad que traer\u00e1 chaparrones desde la noche del viernes y un pron\u00f3stico de abundantes precipitaciones para el comienzo de la pr\u00f3xima semana.<\/p>\n","protected":false},"author":3,"featured_media":116004,"comment_status":"closed","ping_status":"closed","sticky":false,"template":"","format":"standard","meta":{"footnotes":""},"categories":[46],"tags":[48],"class_list":["post-133950","post","type-post","status-publish","format-standard","has-post-thumbnail","hentry","category-ciencia-y-tecnologia","tag-destacada"],"yoast_head":"<!-- This site is optimized with the Yoast SEO plugin v25.9 - https:\/\/yoast.com\/wordpress\/plugins\/seo\/ -->\n<title>Jueves de calor y sol en la Comarca: el preludio de una semana marcada por las lluvias - Noticias Radio Reflejos<\/title>\n<meta name=\"robots\" content=\"index, follow, max-snippet:-1, max-image-preview:large, max-video-preview:-1\" \/>\n<link rel=\"canonical\" href=\"https:\/\/www.noticiasradioreflejos.com.ar\/2021\/jueves-de-calor-y-sol-en-la-comarca-el-preludio-de-una-semana-marcada-por-las-lluvias\/\" \/>\n<meta property=\"og:locale\" content=\"es_ES\" \/>\n<meta property=\"og:type\" content=\"article\" \/>\n<meta property=\"og:title\" content=\"Jueves de calor y sol en la Comarca: el preludio de una semana marcada por las lluvias - Noticias Radio Reflejos\" \/>\n<meta property=\"og:description\" content=\"El Servicio Meteorol\u00f3gico Nacional anticipa una jornada con m\u00e1ximas de 27 grados y cielo despejado durante la ma\u00f1ana. Sin embargo, la nubosidad aumentar\u00e1 hacia la tarde, marcando el inicio de un proceso de inestabilidad que traer\u00e1 chaparrones desde la noche del viernes y un pron\u00f3stico de abundantes precipitaciones para el comienzo de la pr\u00f3xima semana.\" \/>\n<meta property=\"og:url\" content=\"https:\/\/www.noticiasradioreflejos.com.ar\/2021\/jueves-de-calor-y-sol-en-la-comarca-el-preludio-de-una-semana-marcada-por-las-lluvias\/\" \/>\n<meta property=\"og:site_name\" content=\"Noticias Radio Reflejos\" \/>\n<meta property=\"article:published_time\" content=\"2026-03-12T10:36:06+00:00\" \/>\n<meta property=\"article:modified_time\" content=\"2026-03-12T10:36:51+00:00\" \/>\n<meta property=\"og:image\" content=\"https:\/\/www.noticiasradioreflejos.com.ar\/2021\/wp-content\/uploads\/2025\/05\/Sierra-de-la-Ventana-Otono-Panoramica-2.jpg\" \/>\n\t<meta property=\"og:image:width\" content=\"1600\" \/>\n\t<meta property=\"og:image:height\" content=\"720\" \/>\n\t<meta property=\"og:image:type\" content=\"image\/jpeg\" \/>\n<meta name=\"author\" content=\"Arnaldo Botto\" \/>\n<meta name=\"twitter:card\" content=\"summary_large_image\" \/>\n<script type=\"application\/ld+json\" class=\"yoast-schema-graph\">{\"@context\":\"https:\/\/schema.org\",\"@graph\":[{\"@type\":\"WebPage\",\"@id\":\"https:\/\/www.noticiasradioreflejos.com.ar\/2021\/jueves-de-calor-y-sol-en-la-comarca-el-preludio-de-una-semana-marcada-por-las-lluvias\/\",\"url\":\"https:\/\/www.noticiasradioreflejos.com.ar\/2021\/jueves-de-calor-y-sol-en-la-comarca-el-preludio-de-una-semana-marcada-por-las-lluvias\/\",\"name\":\"Jueves de calor y sol en la Comarca: el preludio de una semana marcada por las lluvias - Noticias Radio Reflejos\",\"isPartOf\":{\"@id\":\"https:\/\/www.noticiasradioreflejos.com.ar\/2021\/#website\"},\"primaryImageOfPage\":{\"@id\":\"https:\/\/www.noticiasradioreflejos.com.ar\/2021\/jueves-de-calor-y-sol-en-la-comarca-el-preludio-de-una-semana-marcada-por-las-lluvias\/#primaryimage\"},\"image\":{\"@id\":\"https:\/\/www.noticiasradioreflejos.com.ar\/2021\/jueves-de-calor-y-sol-en-la-comarca-el-preludio-de-una-semana-marcada-por-las-lluvias\/#primaryimage\"},\"thumbnailUrl\":\"https:\/\/www.noticiasradioreflejos.com.ar\/2021\/wp-content\/uploads\/2025\/05\/Sierra-de-la-Ventana-Otono-Panoramica-2.jpg\",\"datePublished\":\"2026-03-12T10:36:06+00:00\",\"dateModified\":\"2026-03-12T10:36:51+00:00\",\"author\":{\"@id\":\"https:\/\/www.noticiasradioreflejos.com.ar\/2021\/#\/schema\/person\/ad82545263dcc5ec0996818884fd5fb1\"},\"breadcrumb\":{\"@id\":\"https:\/\/www.noticiasradioreflejos.com.ar\/2021\/jueves-de-calor-y-sol-en-la-comarca-el-preludio-de-una-semana-marcada-por-las-lluvias\/#breadcrumb\"},\"inLanguage\":\"es\",\"potentialAction\":[{\"@type\":\"ReadAction\",\"target\":[\"https:\/\/www.noticiasradioreflejos.com.ar\/2021\/jueves-de-calor-y-sol-en-la-comarca-el-preludio-de-una-semana-marcada-por-las-lluvias\/\"]}]},{\"@type\":\"ImageObject\",\"inLanguage\":\"es\",\"@id\":\"https:\/\/www.noticiasradioreflejos.com.ar\/2021\/jueves-de-calor-y-sol-en-la-comarca-el-preludio-de-una-semana-marcada-por-las-lluvias\/#primaryimage\",\"url\":\"https:\/\/www.noticiasradioreflejos.com.ar\/2021\/wp-content\/uploads\/2025\/05\/Sierra-de-la-Ventana-Otono-Panoramica-2.jpg\",\"contentUrl\":\"https:\/\/www.noticiasradioreflejos.com.ar\/2021\/wp-content\/uploads\/2025\/05\/Sierra-de-la-Ventana-Otono-Panoramica-2.jpg\",\"width\":1600,\"height\":720},{\"@type\":\"BreadcrumbList\",\"@id\":\"https:\/\/www.noticiasradioreflejos.com.ar\/2021\/jueves-de-calor-y-sol-en-la-comarca-el-preludio-de-una-semana-marcada-por-las-lluvias\/#breadcrumb\",\"itemListElement\":[{\"@type\":\"ListItem\",\"position\":1,\"name\":\"Portada\",\"item\":\"https:\/\/www.noticiasradioreflejos.com.ar\/2021\/\"},{\"@type\":\"ListItem\",\"position\":2,\"name\":\"Jueves de calor y sol en la Comarca: el preludio de una semana marcada por las lluvias\"}]},{\"@type\":\"WebSite\",\"@id\":\"https:\/\/www.noticiasradioreflejos.com.ar\/2021\/#website\",\"url\":\"https:\/\/www.noticiasradioreflejos.com.ar\/2021\/\",\"name\":\"Noticias Radio Reflejos\",\"description\":\"Las noticias de mi comarca\",\"potentialAction\":[{\"@type\":\"SearchAction\",\"target\":{\"@type\":\"EntryPoint\",\"urlTemplate\":\"https:\/\/www.noticiasradioreflejos.com.ar\/2021\/?s={search_term_string}\"},\"query-input\":{\"@type\":\"PropertyValueSpecification\",\"valueRequired\":true,\"valueName\":\"search_term_string\"}}],\"inLanguage\":\"es\"},{\"@type\":\"Person\",\"@id\":\"https:\/\/www.noticiasradioreflejos.com.ar\/2021\/#\/schema\/person\/ad82545263dcc5ec0996818884fd5fb1\",\"name\":\"Arnaldo Botto\",\"image\":{\"@type\":\"ImageObject\",\"inLanguage\":\"es\",\"@id\":\"https:\/\/www.noticiasradioreflejos.com.ar\/2021\/#\/schema\/person\/image\/\",\"url\":\"https:\/\/secure.gravatar.com\/avatar\/55cb5e37c1efa326397366e6974cb338056df65cb50e7d64d1cf314e87504837?s=96&d=mm&r=g\",\"contentUrl\":\"https:\/\/secure.gravatar.com\/avatar\/55cb5e37c1efa326397366e6974cb338056df65cb50e7d64d1cf314e87504837?s=96&d=mm&r=g\",\"caption\":\"Arnaldo Botto\"},\"url\":\"https:\/\/www.noticiasradioreflejos.com.ar\/2021\/author\/arnaldo\/\"}]}<\/script>\n<!-- \/ Yoast SEO plugin. -->","yoast_head_json":{"title":"Jueves de calor y sol en la Comarca: el preludio de una semana marcada por las lluvias - Noticias Radio Reflejos","robots":{"index":"index","follow":"follow","max-snippet":"max-snippet:-1","max-image-preview":"max-image-preview:large","max-video-preview":"max-video-preview:-1"},"canonical":"https:\/\/www.noticiasradioreflejos.com.ar\/2021\/jueves-de-calor-y-sol-en-la-comarca-el-preludio-de-una-semana-marcada-por-las-lluvias\/","og_locale":"es_ES","og_type":"article","og_title":"Jueves de calor y sol en la Comarca: el preludio de una semana marcada por las lluvias - Noticias Radio Reflejos","og_description":"El Servicio Meteorol\u00f3gico Nacional anticipa una jornada con m\u00e1ximas de 27 grados y cielo despejado durante la ma\u00f1ana. Sin embargo, la nubosidad aumentar\u00e1 hacia la tarde, marcando el inicio de un proceso de inestabilidad que traer\u00e1 chaparrones desde la noche del viernes y un pron\u00f3stico de abundantes precipitaciones para el comienzo de la pr\u00f3xima semana.","og_url":"https:\/\/www.noticiasradioreflejos.com.ar\/2021\/jueves-de-calor-y-sol-en-la-comarca-el-preludio-de-una-semana-marcada-por-las-lluvias\/","og_site_name":"Noticias Radio Reflejos","article_published_time":"2026-03-12T10:36:06+00:00","article_modified_time":"2026-03-12T10:36:51+00:00","og_image":[{"width":1600,"height":720,"url":"https:\/\/www.noticiasradioreflejos.com.ar\/2021\/wp-content\/uploads\/2025\/05\/Sierra-de-la-Ventana-Otono-Panoramica-2.jpg","type":"image\/jpeg"}],"author":"Arnaldo Botto","twitter_card":"summary_large_image","schema":{"@context":"https:\/\/schema.org","@graph":[{"@type":"WebPage","@id":"https:\/\/www.noticiasradioreflejos.com.ar\/2021\/jueves-de-calor-y-sol-en-la-comarca-el-preludio-de-una-semana-marcada-por-las-lluvias\/","url":"https:\/\/www.noticiasradioreflejos.com.ar\/2021\/jueves-de-calor-y-sol-en-la-comarca-el-preludio-de-una-semana-marcada-por-las-lluvias\/","name":"Jueves de calor y sol en la Comarca: el preludio de una semana marcada por las lluvias - Noticias Radio Reflejos","isPartOf":{"@id":"https:\/\/www.noticiasradioreflejos.com.ar\/2021\/#website"},"primaryImageOfPage":{"@id":"https:\/\/www.noticiasradioreflejos.com.ar\/2021\/jueves-de-calor-y-sol-en-la-comarca-el-preludio-de-una-semana-marcada-por-las-lluvias\/#primaryimage"},"image":{"@id":"https:\/\/www.noticiasradioreflejos.com.ar\/2021\/jueves-de-calor-y-sol-en-la-comarca-el-preludio-de-una-semana-marcada-por-las-lluvias\/#primaryimage"},"thumbnailUrl":"https:\/\/www.noticiasradioreflejos.com.ar\/2021\/wp-content\/uploads\/2025\/05\/Sierra-de-la-Ventana-Otono-Panoramica-2.jpg","datePublished":"2026-03-12T10:36:06+00:00","dateModified":"2026-03-12T10:36:51+00:00","author":{"@id":"https:\/\/www.noticiasradioreflejos.com.ar\/2021\/#\/schema\/person\/ad82545263dcc5ec0996818884fd5fb1"},"breadcrumb":{"@id":"https:\/\/www.noticiasradioreflejos.com.ar\/2021\/jueves-de-calor-y-sol-en-la-comarca-el-preludio-de-una-semana-marcada-por-las-lluvias\/#breadcrumb"},"inLanguage":"es","potentialAction":[{"@type":"ReadAction","target":["https:\/\/www.noticiasradioreflejos.com.ar\/2021\/jueves-de-calor-y-sol-en-la-comarca-el-preludio-de-una-semana-marcada-por-las-lluvias\/"]}]},{"@type":"ImageObject","inLanguage":"es","@id":"https:\/\/www.noticiasradioreflejos.com.ar\/2021\/jueves-de-calor-y-sol-en-la-comarca-el-preludio-de-una-semana-marcada-por-las-lluvias\/#primaryimage","url":"https:\/\/www.noticiasradioreflejos.com.ar\/2021\/wp-content\/uploads\/2025\/05\/Sierra-de-la-Ventana-Otono-Panoramica-2.jpg","contentUrl":"https:\/\/www.noticiasradioreflejos.com.ar\/2021\/wp-content\/uploads\/2025\/05\/Sierra-de-la-Ventana-Otono-Panoramica-2.jpg","width":1600,"height":720},{"@type":"BreadcrumbList","@id":"https:\/\/www.noticiasradioreflejos.com.ar\/2021\/jueves-de-calor-y-sol-en-la-comarca-el-preludio-de-una-semana-marcada-por-las-lluvias\/#breadcrumb","itemListElement":[{"@type":"ListItem","position":1,"name":"Portada","item":"https:\/\/www.noticiasradioreflejos.com.ar\/2021\/"},{"@type":"ListItem","position":2,"name":"Jueves de calor y sol en la Comarca: el preludio de una semana marcada por las lluvias"}]},{"@type":"WebSite","@id":"https:\/\/www.noticiasradioreflejos.com.ar\/2021\/#website","url":"https:\/\/www.noticiasradioreflejos.com.ar\/2021\/","name":"Noticias Radio Reflejos","description":"Las noticias de mi comarca","potentialAction":[{"@type":"SearchAction","target":{"@type":"EntryPoint","urlTemplate":"https:\/\/www.noticiasradioreflejos.com.ar\/2021\/?s={search_term_string}"},"query-input":{"@type":"PropertyValueSpecification","valueRequired":true,"valueName":"search_term_string"}}],"inLanguage":"es"},{"@type":"Person","@id":"https:\/\/www.noticiasradioreflejos.com.ar\/2021\/#\/schema\/person\/ad82545263dcc5ec0996818884fd5fb1","name":"Arnaldo Botto","image":{"@type":"ImageObject","inLanguage":"es","@id":"https:\/\/www.noticiasradioreflejos.com.ar\/2021\/#\/schema\/person\/image\/","url":"https:\/\/secure.gravatar.com\/avatar\/55cb5e37c1efa326397366e6974cb338056df65cb50e7d64d1cf314e87504837?s=96&d=mm&r=g","contentUrl":"https:\/\/secure.gravatar.com\/avatar\/55cb5e37c1efa326397366e6974cb338056df65cb50e7d64d1cf314e87504837?s=96&d=mm&r=g","caption":"Arnaldo Botto"},"url":"https:\/\/www.noticiasradioreflejos.com.ar\/2021\/author\/arnaldo\/"}]}},"_links":{"self":[{"href":"https:\/\/www.noticiasradioreflejos.com.ar\/2021\/wp-json\/wp\/v2\/posts\/133950","targetHints":{"allow":["GET"]}}],"collection":[{"href":"https:\/\/www.noticiasradioreflejos.com.ar\/2021\/wp-json\/wp\/v2\/posts"}],"about":[{"href":"https:\/\/www.noticiasradioreflejos.com.ar\/2021\/wp-json\/wp\/v2\/types\/post"}],"author":[{"embeddable":true,"href":"https:\/\/www.noticiasradioreflejos.com.ar\/2021\/wp-json\/wp\/v2\/users\/3"}],"replies":[{"embeddable":true,"href":"https:\/\/www.noticiasradioreflejos.com.ar\/2021\/wp-json\/wp\/v2\/comments?post=133950"}],"version-history":[{"count":1,"href":"https:\/\/www.noticiasradioreflejos.com.ar\/2021\/wp-json\/wp\/v2\/posts\/133950\/revisions"}],"predecessor-version":[{"id":133951,"href":"https:\/\/www.noticiasradioreflejos.com.ar\/2021\/wp-json\/wp\/v2\/posts\/133950\/revisions\/133951"}],"wp:featuredmedia":[{"embeddable":true,"href":"https:\/\/www.noticiasradioreflejos.com.ar\/2021\/wp-json\/wp\/v2\/media\/116004"}],"wp:attachment":[{"href":"https:\/\/www.noticiasradioreflejos.com.ar\/2021\/wp-json\/wp\/v2\/media?parent=133950"}],"wp:term":[{"taxonomy":"category","embeddable":true,"href":"https:\/\/www.noticiasradioreflejos.com.ar\/2021\/wp-json\/wp\/v2\/categories?post=133950"},{"taxonomy":"post_tag","embeddable":true,"href":"https:\/\/www.noticiasradioreflejos.com.ar\/2021\/wp-json\/wp\/v2\/tags?post=133950"}],"curies":[{"name":"wp","href":"https:\/\/api.w.org\/{rel}","templated":true}]}}