{"id":133947,"date":"2026-03-12T07:26:56","date_gmt":"2026-03-12T10:26:56","guid":{"rendered":"https:\/\/www.noticiasradioreflejos.com.ar\/2021\/?p=133947"},"modified":"2026-03-12T07:26:56","modified_gmt":"2026-03-12T10:26:56","slug":"denuncia-penal-contra-adorni-pagano-pide-investigar-el-viaje-de-su-esposa-en-el-avion-presidencial","status":"publish","type":"post","link":"https:\/\/www.noticiasradioreflejos.com.ar\/2021\/denuncia-penal-contra-adorni-pagano-pide-investigar-el-viaje-de-su-esposa-en-el-avion-presidencial\/","title":{"rendered":"Denuncia penal contra Adorni: Pagano pide investigar el viaje de su esposa en el avi\u00f3n presidencial"},"content":{"rendered":"<p>La presentaci\u00f3n judicial busca que se investigue si hubo irregularidades en el uso del avi\u00f3n presidencial luego de que se confirmara que Bettina Angeletti acompa\u00f1\u00f3 al funcionario en la gira.<!--more--><\/p>\n<p>La diputada nacional\u00a0<a class=\"link\" href=\"https:\/\/x.com\/Marcelampagano\" target=\"_blank\" rel=\"noopener\" data-mrf-recirculation=\"links-noticia\" data-mrf-link=\"https:\/\/x.com\/Marcelampagano\">Marcela Pagano<\/a>\u00a0present\u00f3 una\u00a0<strong>denuncia penal<\/strong>\u00a0contra el jefe de Gabinete,\u00a0<a class=\"link\" href=\"https:\/\/www.eldiarioar.com\/temas\/manuel-adorni\/\" target=\"_blank\" rel=\"noopener\" data-mrf-recirculation=\"links-noticia\" data-mrf-link=\"https:\/\/www.eldiarioar.com\/temas\/manuel-adorni\/\">Manuel Adorni<\/a>, por el viaje que realiz\u00f3 a Estados Unidos junto a la comitiva del presidente\u00a0<strong>Javier Milei<\/strong>, en el que tambi\u00e9n particip\u00f3 su esposa, Bettina Angeletti. La misma fue sorteada y qued\u00f3 en manos del Juzgado Federal N\u00ba11.<\/p>\n<p class=\"article-text\">La presentaci\u00f3n judicial busca que la Justicia investigue si existieron\u00a0<strong>irregularidades en el uso del avi\u00f3n presidencial<\/strong>, luego de que se conociera que la esposa del funcionario acompa\u00f1\u00f3 a la delegaci\u00f3n oficial durante la gira que incluy\u00f3 actividades en\u00a0<strong>Miami y Nueva York<\/strong>.<\/p>\n<p class=\"article-text\">Seg\u00fan la denuncia, Angeletti habr\u00eda integrado la comitiva sin desempe\u00f1ar funci\u00f3n p\u00fablica ni contar con una misi\u00f3n oficial, lo que podr\u00eda constituir un uso indebido de recursos del Estado. En el escrito, Pagano remarc\u00f3 que el propio funcionario reconoci\u00f3 p\u00fablicamente que su esposa abord\u00f3 la aeronave\u00a0<strong>ARG-01<\/strong>\u00a0desde Buenos Aires y que lo hizo por un \u201cdeseo personal\u201d de acompa\u00f1arlo durante la semana de actividades en el exterior.<\/p>\n<p class=\"article-text\">La diputada pidi\u00f3 que la Justicia analice si los hechos podr\u00edan encuadrar en\u00a0<strong>peculado, defraudaci\u00f3n contra la administraci\u00f3n p\u00fablica, abuso de autoridad e incumplimiento de los deberes de funcionario p\u00fablico<\/strong>, adem\u00e1s de determinar si otros funcionarios intervinieron en la autorizaci\u00f3n o facilitaron el embarque de la c\u00f3nyuge del jefe de Gabinete en el vuelo oficial.<\/p>\n<p class=\"article-text\">Entre las medidas de prueba solicitadas, Pagano reclam\u00f3 que se requiera a la Casa Rosada el\u00a0<strong>manifiesto de pasajeros del avi\u00f3n presidencial, la n\u00f3mina completa de la comitiva oficial, la normativa que regula el uso de la aeronave y el costo operativo del vuelo<\/strong>, as\u00ed como cualquier autorizaci\u00f3n formal que hubiera permitido la inclusi\u00f3n de Angeletti en el viaje.<\/p>\n<h2 class=\"article-text\">La denuncia presentada por Marcela Pagano<\/h2>\n<figure class=\"embed-container embed-container--type-embed \"><iframe loading=\"lazy\" class=\"scribd_iframe_embed\" tabindex=\"0\" title=\"Denuncia Penal de Marcela Pagano a Manuel Adorni\" src=\"https:\/\/www.scribd.com\/embeds\/1011135531\/content?start_page=1&amp;view_mode=scroll&amp;access_key=key-3Geg9Y0ify69Wk52CeSP\" width=\"100%\" height=\"600\" frameborder=\"0\" scrolling=\"no\" data-auto-height=\"true\" data-aspect-ratio=\"0.7729220222793488\" data-gtm-yt-inspected-32=\"true\" data-gtm-yt-inspected-34399851_303=\"true\" data-gtm-yt-inspected-34399851_396=\"true\" data-mce-fragment=\"1\"><\/iframe><a title=\"View Denuncia Penal de Marcela Pagano a Manuel Adorni on Scribd\" href=\"https:\/\/www.scribd.com\/document\/1011135531\/Denuncia-Penal-de-Marcela-Pagano-a-Manuel-Adorni#from_embed\">Denuncia Penal de Marcela Pagano a Manuel Adorni\u00a0<\/a>by<\/figure>\n<h2 class=\"article-text\">C\u00f3mo estall\u00f3 la pol\u00e9mica<\/h2>\n<p class=\"article-text\">La pol\u00e9mica se desat\u00f3 despu\u00e9s de que Angeletti fuera vista junto a la comitiva durante la visita a la tumba del Rebe de Lubavitch en Nueva York. Un d\u00eda antes, Milei hab\u00eda participado en Miami del lanzamiento del \u201cEscudo de las Am\u00e9ricas\u201d, donde tambi\u00e9n estuvo presente Manuel Adorni.<\/p>\n<p class=\"article-text\">El propio jefe de Gabinete confirm\u00f3 que su esposa viaj\u00f3 en el avi\u00f3n presidencial y explic\u00f3 que se trat\u00f3 de una decisi\u00f3n personal. \u201cQuer\u00eda que mi mujer me acompa\u00f1e\u201d, afirm\u00f3 en una entrevista televisiva. Seg\u00fan detall\u00f3, Angeletti ten\u00eda inicialmente un pasaje comprado por su cuenta a Nueva York por\u00a0<strong>5.345 d\u00f3lares<\/strong>, pero finalmente se sum\u00f3 al vuelo oficial. Adem\u00e1s, sostuvo que los\u00a0<strong>gastos personales de ambos \u2014como comida y movilidad\u2014 fueron pagados de su bolsillo<\/strong>\u00a0y que el regreso a la Argentina se realizar\u00e1 en un vuelo comercial.<\/p>\n<p class=\"article-text\">Tras presentar la denuncia, Marcela Pagano cuestion\u00f3 duramente al funcionario en redes sociales y pidi\u00f3 su salida del Gobierno.<\/p>\n<p class=\"article-text\">\u201cPresent\u00e9 una denuncia penal para que se investiguen los delitos que el propio Manuel Adorni describ\u00eda en su conferencia de prensa de 2024 acerca de los privilegios de la casta pol\u00edtica que \u00e9l ahora usufruct\u00faa a cara descubierta. Javier Milei deber\u00eda exigirle la renuncia indeclinable a este soldado de la CASTA! AFUERAAAAA!\u201d, escribi\u00f3 la legisladora en su cuenta de X.<\/p>\n<p class=\"article-text\">La controversia tambi\u00e9n tiene al diputado nacional\u00a0<strong>Esteban Paul\u00f3n<\/strong>\u00a0presionando al Ejecutivo mediante un pedido de informes para que el Gobierno detalle las condiciones del viaje y la participaci\u00f3n de la esposa del funcionario en la comitiva oficial. Mientras tanto, la denuncia de Pagano qued\u00f3 en manos de la Justicia para determinar si el traslado de una persona sin cargo p\u00fablico en un vuelo oficial\u00a0<strong>pudo implicar un uso indebido de recursos del Estado<\/strong>.<\/p>\n<div id=\"container-after-news-outlook\"><\/div>\n<h2 class=\"article-text\">Un viaje a Punta del Este, otro foco de incendio para Manuel Adorni<\/h2>\n<p class=\"article-text\">Tambi\u00e9n, el jefe de Gabinete realiz\u00f3 un viaje a\u00a0<strong>Punta del Este<\/strong>\u00a0entre el 12 y el 17 de febrero en un vuelo privado, acompa\u00f1ado por su pareja,\u00a0<strong>Bettina Angeletti<\/strong>, dos familiares y el periodista libertario\u00a0<strong>Marcelo Grandio<\/strong>, seg\u00fan documentos a los que accedi\u00f3 este medio y fuentes al tanto del traslado.<\/p>\n<p class=\"article-text\">El viaje se realiz\u00f3 en un\u00a0<strong>Honda Jet<\/strong>\u00a0matr\u00edcula\u00a0<strong>LV-HWA<\/strong>, operado por la empresa\u00a0<strong>Alpha Centauri<\/strong>. Este tipo de aeronave, considerada de alta gama dentro de los jets livianos y con capacidad para cinco pasajeros y dos tripulantes, tiene un costo aproximado de\u00a0<strong>US$ 5.800 por tramo<\/strong>. No obstante, quien abon\u00f3 el vuelo \u2014cuya identidad no fue revelada\u2014 habr\u00eda recibido una cotizaci\u00f3n cercana a\u00a0<strong>US$ 10.000 por el viaje de ida y vuelta<\/strong>.<\/p>\n<p>&nbsp;<\/p>\n<p><em><strong>Fuente elDiarioAR<\/strong><\/em><\/p>\n","protected":false},"excerpt":{"rendered":"<p>La presentaci\u00f3n judicial busca que se investigue si hubo irregularidades en el uso del avi\u00f3n presidencial luego de que se confirmara que Bettina Angeletti acompa\u00f1\u00f3 al funcionario en la gira.<\/p>\n","protected":false},"author":3,"featured_media":133948,"comment_status":"closed","ping_status":"closed","sticky":false,"template":"","format":"standard","meta":{"footnotes":""},"categories":[57,24],"tags":[],"class_list":["post-133947","post","type-post","status-publish","format-standard","has-post-thumbnail","hentry","category-judiciales","category-politica"],"yoast_head":"<!-- This site is optimized with the Yoast SEO plugin v25.9 - https:\/\/yoast.com\/wordpress\/plugins\/seo\/ -->\n<title>Denuncia penal contra Adorni: Pagano pide investigar el viaje de su esposa en el avi\u00f3n presidencial - Noticias Radio Reflejos<\/title>\n<meta name=\"robots\" content=\"index, follow, max-snippet:-1, max-image-preview:large, max-video-preview:-1\" \/>\n<link rel=\"canonical\" href=\"https:\/\/www.noticiasradioreflejos.com.ar\/2021\/denuncia-penal-contra-adorni-pagano-pide-investigar-el-viaje-de-su-esposa-en-el-avion-presidencial\/\" \/>\n<meta property=\"og:locale\" content=\"es_ES\" \/>\n<meta property=\"og:type\" content=\"article\" \/>\n<meta property=\"og:title\" content=\"Denuncia penal contra Adorni: Pagano pide investigar el viaje de su esposa en el avi\u00f3n presidencial - Noticias Radio Reflejos\" \/>\n<meta property=\"og:description\" content=\"La presentaci\u00f3n judicial busca que se investigue si hubo irregularidades en el uso del avi\u00f3n presidencial luego de que se confirmara que Bettina Angeletti acompa\u00f1\u00f3 al funcionario en la gira.\" \/>\n<meta property=\"og:url\" content=\"https:\/\/www.noticiasradioreflejos.com.ar\/2021\/denuncia-penal-contra-adorni-pagano-pide-investigar-el-viaje-de-su-esposa-en-el-avion-presidencial\/\" \/>\n<meta property=\"og:site_name\" content=\"Noticias Radio Reflejos\" \/>\n<meta property=\"article:published_time\" content=\"2026-03-12T10:26:56+00:00\" \/>\n<meta property=\"og:image\" content=\"https:\/\/www.noticiasradioreflejos.com.ar\/2021\/wp-content\/uploads\/2026\/03\/9781199b-7df7-42ad-a113-f0314367288d_16-9-discover-aspect-ratio_default_0.webp\" \/>\n\t<meta property=\"og:image:width\" content=\"1200\" \/>\n\t<meta property=\"og:image:height\" content=\"675\" \/>\n\t<meta property=\"og:image:type\" content=\"image\/webp\" \/>\n<meta name=\"author\" content=\"Arnaldo Botto\" \/>\n<meta name=\"twitter:card\" content=\"summary_large_image\" \/>\n<script type=\"application\/ld+json\" class=\"yoast-schema-graph\">{\"@context\":\"https:\/\/schema.org\",\"@graph\":[{\"@type\":\"WebPage\",\"@id\":\"https:\/\/www.noticiasradioreflejos.com.ar\/2021\/denuncia-penal-contra-adorni-pagano-pide-investigar-el-viaje-de-su-esposa-en-el-avion-presidencial\/\",\"url\":\"https:\/\/www.noticiasradioreflejos.com.ar\/2021\/denuncia-penal-contra-adorni-pagano-pide-investigar-el-viaje-de-su-esposa-en-el-avion-presidencial\/\",\"name\":\"Denuncia penal contra Adorni: Pagano pide investigar el viaje de su esposa en el avi\u00f3n presidencial - Noticias Radio Reflejos\",\"isPartOf\":{\"@id\":\"https:\/\/www.noticiasradioreflejos.com.ar\/2021\/#website\"},\"primaryImageOfPage\":{\"@id\":\"https:\/\/www.noticiasradioreflejos.com.ar\/2021\/denuncia-penal-contra-adorni-pagano-pide-investigar-el-viaje-de-su-esposa-en-el-avion-presidencial\/#primaryimage\"},\"image\":{\"@id\":\"https:\/\/www.noticiasradioreflejos.com.ar\/2021\/denuncia-penal-contra-adorni-pagano-pide-investigar-el-viaje-de-su-esposa-en-el-avion-presidencial\/#primaryimage\"},\"thumbnailUrl\":\"https:\/\/www.noticiasradioreflejos.com.ar\/2021\/wp-content\/uploads\/2026\/03\/9781199b-7df7-42ad-a113-f0314367288d_16-9-discover-aspect-ratio_default_0.webp\",\"datePublished\":\"2026-03-12T10:26:56+00:00\",\"author\":{\"@id\":\"https:\/\/www.noticiasradioreflejos.com.ar\/2021\/#\/schema\/person\/ad82545263dcc5ec0996818884fd5fb1\"},\"breadcrumb\":{\"@id\":\"https:\/\/www.noticiasradioreflejos.com.ar\/2021\/denuncia-penal-contra-adorni-pagano-pide-investigar-el-viaje-de-su-esposa-en-el-avion-presidencial\/#breadcrumb\"},\"inLanguage\":\"es\",\"potentialAction\":[{\"@type\":\"ReadAction\",\"target\":[\"https:\/\/www.noticiasradioreflejos.com.ar\/2021\/denuncia-penal-contra-adorni-pagano-pide-investigar-el-viaje-de-su-esposa-en-el-avion-presidencial\/\"]}]},{\"@type\":\"ImageObject\",\"inLanguage\":\"es\",\"@id\":\"https:\/\/www.noticiasradioreflejos.com.ar\/2021\/denuncia-penal-contra-adorni-pagano-pide-investigar-el-viaje-de-su-esposa-en-el-avion-presidencial\/#primaryimage\",\"url\":\"https:\/\/www.noticiasradioreflejos.com.ar\/2021\/wp-content\/uploads\/2026\/03\/9781199b-7df7-42ad-a113-f0314367288d_16-9-discover-aspect-ratio_default_0.webp\",\"contentUrl\":\"https:\/\/www.noticiasradioreflejos.com.ar\/2021\/wp-content\/uploads\/2026\/03\/9781199b-7df7-42ad-a113-f0314367288d_16-9-discover-aspect-ratio_default_0.webp\",\"width\":1200,\"height\":675},{\"@type\":\"BreadcrumbList\",\"@id\":\"https:\/\/www.noticiasradioreflejos.com.ar\/2021\/denuncia-penal-contra-adorni-pagano-pide-investigar-el-viaje-de-su-esposa-en-el-avion-presidencial\/#breadcrumb\",\"itemListElement\":[{\"@type\":\"ListItem\",\"position\":1,\"name\":\"Portada\",\"item\":\"https:\/\/www.noticiasradioreflejos.com.ar\/2021\/\"},{\"@type\":\"ListItem\",\"position\":2,\"name\":\"Denuncia penal contra Adorni: Pagano pide investigar el viaje de su esposa en el avi\u00f3n presidencial\"}]},{\"@type\":\"WebSite\",\"@id\":\"https:\/\/www.noticiasradioreflejos.com.ar\/2021\/#website\",\"url\":\"https:\/\/www.noticiasradioreflejos.com.ar\/2021\/\",\"name\":\"Noticias Radio Reflejos\",\"description\":\"Las noticias de mi comarca\",\"potentialAction\":[{\"@type\":\"SearchAction\",\"target\":{\"@type\":\"EntryPoint\",\"urlTemplate\":\"https:\/\/www.noticiasradioreflejos.com.ar\/2021\/?s={search_term_string}\"},\"query-input\":{\"@type\":\"PropertyValueSpecification\",\"valueRequired\":true,\"valueName\":\"search_term_string\"}}],\"inLanguage\":\"es\"},{\"@type\":\"Person\",\"@id\":\"https:\/\/www.noticiasradioreflejos.com.ar\/2021\/#\/schema\/person\/ad82545263dcc5ec0996818884fd5fb1\",\"name\":\"Arnaldo Botto\",\"image\":{\"@type\":\"ImageObject\",\"inLanguage\":\"es\",\"@id\":\"https:\/\/www.noticiasradioreflejos.com.ar\/2021\/#\/schema\/person\/image\/\",\"url\":\"https:\/\/secure.gravatar.com\/avatar\/55cb5e37c1efa326397366e6974cb338056df65cb50e7d64d1cf314e87504837?s=96&d=mm&r=g\",\"contentUrl\":\"https:\/\/secure.gravatar.com\/avatar\/55cb5e37c1efa326397366e6974cb338056df65cb50e7d64d1cf314e87504837?s=96&d=mm&r=g\",\"caption\":\"Arnaldo Botto\"},\"url\":\"https:\/\/www.noticiasradioreflejos.com.ar\/2021\/author\/arnaldo\/\"}]}<\/script>\n<!-- \/ Yoast SEO plugin. -->","yoast_head_json":{"title":"Denuncia penal contra Adorni: Pagano pide investigar el viaje de su esposa en el avi\u00f3n presidencial - Noticias Radio Reflejos","robots":{"index":"index","follow":"follow","max-snippet":"max-snippet:-1","max-image-preview":"max-image-preview:large","max-video-preview":"max-video-preview:-1"},"canonical":"https:\/\/www.noticiasradioreflejos.com.ar\/2021\/denuncia-penal-contra-adorni-pagano-pide-investigar-el-viaje-de-su-esposa-en-el-avion-presidencial\/","og_locale":"es_ES","og_type":"article","og_title":"Denuncia penal contra Adorni: Pagano pide investigar el viaje de su esposa en el avi\u00f3n presidencial - Noticias Radio Reflejos","og_description":"La presentaci\u00f3n judicial busca que se investigue si hubo irregularidades en el uso del avi\u00f3n presidencial luego de que se confirmara que Bettina Angeletti acompa\u00f1\u00f3 al funcionario en la gira.","og_url":"https:\/\/www.noticiasradioreflejos.com.ar\/2021\/denuncia-penal-contra-adorni-pagano-pide-investigar-el-viaje-de-su-esposa-en-el-avion-presidencial\/","og_site_name":"Noticias Radio Reflejos","article_published_time":"2026-03-12T10:26:56+00:00","og_image":[{"width":1200,"height":675,"url":"https:\/\/www.noticiasradioreflejos.com.ar\/2021\/wp-content\/uploads\/2026\/03\/9781199b-7df7-42ad-a113-f0314367288d_16-9-discover-aspect-ratio_default_0.webp","type":"image\/webp"}],"author":"Arnaldo Botto","twitter_card":"summary_large_image","schema":{"@context":"https:\/\/schema.org","@graph":[{"@type":"WebPage","@id":"https:\/\/www.noticiasradioreflejos.com.ar\/2021\/denuncia-penal-contra-adorni-pagano-pide-investigar-el-viaje-de-su-esposa-en-el-avion-presidencial\/","url":"https:\/\/www.noticiasradioreflejos.com.ar\/2021\/denuncia-penal-contra-adorni-pagano-pide-investigar-el-viaje-de-su-esposa-en-el-avion-presidencial\/","name":"Denuncia penal contra Adorni: Pagano pide investigar el viaje de su esposa en el avi\u00f3n presidencial - Noticias Radio Reflejos","isPartOf":{"@id":"https:\/\/www.noticiasradioreflejos.com.ar\/2021\/#website"},"primaryImageOfPage":{"@id":"https:\/\/www.noticiasradioreflejos.com.ar\/2021\/denuncia-penal-contra-adorni-pagano-pide-investigar-el-viaje-de-su-esposa-en-el-avion-presidencial\/#primaryimage"},"image":{"@id":"https:\/\/www.noticiasradioreflejos.com.ar\/2021\/denuncia-penal-contra-adorni-pagano-pide-investigar-el-viaje-de-su-esposa-en-el-avion-presidencial\/#primaryimage"},"thumbnailUrl":"https:\/\/www.noticiasradioreflejos.com.ar\/2021\/wp-content\/uploads\/2026\/03\/9781199b-7df7-42ad-a113-f0314367288d_16-9-discover-aspect-ratio_default_0.webp","datePublished":"2026-03-12T10:26:56+00:00","author":{"@id":"https:\/\/www.noticiasradioreflejos.com.ar\/2021\/#\/schema\/person\/ad82545263dcc5ec0996818884fd5fb1"},"breadcrumb":{"@id":"https:\/\/www.noticiasradioreflejos.com.ar\/2021\/denuncia-penal-contra-adorni-pagano-pide-investigar-el-viaje-de-su-esposa-en-el-avion-presidencial\/#breadcrumb"},"inLanguage":"es","potentialAction":[{"@type":"ReadAction","target":["https:\/\/www.noticiasradioreflejos.com.ar\/2021\/denuncia-penal-contra-adorni-pagano-pide-investigar-el-viaje-de-su-esposa-en-el-avion-presidencial\/"]}]},{"@type":"ImageObject","inLanguage":"es","@id":"https:\/\/www.noticiasradioreflejos.com.ar\/2021\/denuncia-penal-contra-adorni-pagano-pide-investigar-el-viaje-de-su-esposa-en-el-avion-presidencial\/#primaryimage","url":"https:\/\/www.noticiasradioreflejos.com.ar\/2021\/wp-content\/uploads\/2026\/03\/9781199b-7df7-42ad-a113-f0314367288d_16-9-discover-aspect-ratio_default_0.webp","contentUrl":"https:\/\/www.noticiasradioreflejos.com.ar\/2021\/wp-content\/uploads\/2026\/03\/9781199b-7df7-42ad-a113-f0314367288d_16-9-discover-aspect-ratio_default_0.webp","width":1200,"height":675},{"@type":"BreadcrumbList","@id":"https:\/\/www.noticiasradioreflejos.com.ar\/2021\/denuncia-penal-contra-adorni-pagano-pide-investigar-el-viaje-de-su-esposa-en-el-avion-presidencial\/#breadcrumb","itemListElement":[{"@type":"ListItem","position":1,"name":"Portada","item":"https:\/\/www.noticiasradioreflejos.com.ar\/2021\/"},{"@type":"ListItem","position":2,"name":"Denuncia penal contra Adorni: Pagano pide investigar el viaje de su esposa en el avi\u00f3n presidencial"}]},{"@type":"WebSite","@id":"https:\/\/www.noticiasradioreflejos.com.ar\/2021\/#website","url":"https:\/\/www.noticiasradioreflejos.com.ar\/2021\/","name":"Noticias Radio Reflejos","description":"Las noticias de mi comarca","potentialAction":[{"@type":"SearchAction","target":{"@type":"EntryPoint","urlTemplate":"https:\/\/www.noticiasradioreflejos.com.ar\/2021\/?s={search_term_string}"},"query-input":{"@type":"PropertyValueSpecification","valueRequired":true,"valueName":"search_term_string"}}],"inLanguage":"es"},{"@type":"Person","@id":"https:\/\/www.noticiasradioreflejos.com.ar\/2021\/#\/schema\/person\/ad82545263dcc5ec0996818884fd5fb1","name":"Arnaldo Botto","image":{"@type":"ImageObject","inLanguage":"es","@id":"https:\/\/www.noticiasradioreflejos.com.ar\/2021\/#\/schema\/person\/image\/","url":"https:\/\/secure.gravatar.com\/avatar\/55cb5e37c1efa326397366e6974cb338056df65cb50e7d64d1cf314e87504837?s=96&d=mm&r=g","contentUrl":"https:\/\/secure.gravatar.com\/avatar\/55cb5e37c1efa326397366e6974cb338056df65cb50e7d64d1cf314e87504837?s=96&d=mm&r=g","caption":"Arnaldo Botto"},"url":"https:\/\/www.noticiasradioreflejos.com.ar\/2021\/author\/arnaldo\/"}]}},"_links":{"self":[{"href":"https:\/\/www.noticiasradioreflejos.com.ar\/2021\/wp-json\/wp\/v2\/posts\/133947","targetHints":{"allow":["GET"]}}],"collection":[{"href":"https:\/\/www.noticiasradioreflejos.com.ar\/2021\/wp-json\/wp\/v2\/posts"}],"about":[{"href":"https:\/\/www.noticiasradioreflejos.com.ar\/2021\/wp-json\/wp\/v2\/types\/post"}],"author":[{"embeddable":true,"href":"https:\/\/www.noticiasradioreflejos.com.ar\/2021\/wp-json\/wp\/v2\/users\/3"}],"replies":[{"embeddable":true,"href":"https:\/\/www.noticiasradioreflejos.com.ar\/2021\/wp-json\/wp\/v2\/comments?post=133947"}],"version-history":[{"count":1,"href":"https:\/\/www.noticiasradioreflejos.com.ar\/2021\/wp-json\/wp\/v2\/posts\/133947\/revisions"}],"predecessor-version":[{"id":133949,"href":"https:\/\/www.noticiasradioreflejos.com.ar\/2021\/wp-json\/wp\/v2\/posts\/133947\/revisions\/133949"}],"wp:featuredmedia":[{"embeddable":true,"href":"https:\/\/www.noticiasradioreflejos.com.ar\/2021\/wp-json\/wp\/v2\/media\/133948"}],"wp:attachment":[{"href":"https:\/\/www.noticiasradioreflejos.com.ar\/2021\/wp-json\/wp\/v2\/media?parent=133947"}],"wp:term":[{"taxonomy":"category","embeddable":true,"href":"https:\/\/www.noticiasradioreflejos.com.ar\/2021\/wp-json\/wp\/v2\/categories?post=133947"},{"taxonomy":"post_tag","embeddable":true,"href":"https:\/\/www.noticiasradioreflejos.com.ar\/2021\/wp-json\/wp\/v2\/tags?post=133947"}],"curies":[{"name":"wp","href":"https:\/\/api.w.org\/{rel}","templated":true}]}}