{"id":133944,"date":"2026-03-12T07:20:10","date_gmt":"2026-03-12T10:20:10","guid":{"rendered":"https:\/\/www.noticiasradioreflejos.com.ar\/2021\/?p=133944"},"modified":"2026-03-12T07:20:10","modified_gmt":"2026-03-12T10:20:10","slug":"fuerte-aumento-los-senadores-pasaran-a-cobrar-en-marzo-mas-de-11-millones-de-pesos","status":"publish","type":"post","link":"https:\/\/www.noticiasradioreflejos.com.ar\/2021\/fuerte-aumento-los-senadores-pasaran-a-cobrar-en-marzo-mas-de-11-millones-de-pesos\/","title":{"rendered":"Fuerte aumento: los senadores pasar\u00e1n a cobrar en marzo m\u00e1s de 11 millones de pesos"},"content":{"rendered":"<p>Los aumentos de la dieta de los senadores est\u00e1n acoplados al incremento que acuerdan los trabajadores del Poder Legislativo.<!--more--><\/p>\n<div class=\"author article-author\">\n<div class=\"textwrap\"><\/div>\n<\/div>\n<div class=\"columns\" data-tadevel-template=\"web\/article-columns\">\n<div class=\"column-main\">\n<div class=\"article-body\" data-tadevel-template=\"web\/article-body\">\n<div class=\"article-body-content\">\n<p><strong>\u00a0<\/strong>Los senadores pasar\u00e1n a\u00a0<strong>cobrar en marzo una dieta superior a los 11 millones de pesos\u00a0<\/strong>porque sus ingresos est\u00e1n acoplados a los aumentos acordados entre las autoridades del Congreso y los gremios legislativos.<\/p>\n<p>Los gremios acordaron este mi\u00e9rcoles un aumento salarial progresivo desde diciembre hasta mayo de un 12,5 por ciento acumulado, seg\u00fan\u00a0fuentes legislativas.<\/p>\n<p>Por ese motivo, los senadores que hasta noviembre cobraban 10,2 millones de pesos pasar\u00e1n a cobrar en marzo 11 millones de pesos en bruto y en mayo 11,5 millones, ya que\u00a0<strong>sus aumentos est\u00e1n ligados a los incrementos de la paritaria legislativa<\/strong>.<\/p>\n<p>Los senadores decidieron en abril de 2024 volver acoplar las dietas a los aumentos salariales que se hab\u00eda suspendido por una resoluci\u00f3n de la vicepresidenta<strong>\u00a0Victoria Villarruel\u00a0<\/strong>y del presidente de la C\u00e1mara de Diputados,\u00a0<strong>Mart\u00edn Menem<\/strong>.<\/p>\n<p>La decisi\u00f3n se tom\u00f3 a mano alzada y gener\u00f3 pol\u00e9mica ya que algunos senadores plantearon que no estaban de acuerdo con esa medida promovida por la mayor\u00eda de los legisladores<\/p>\n<p>En cambio,<strong>\u00a0la C\u00e1mara de Diputados no aumenta las dietas de sus legisladores cada vez que se firma una nueva paritaria, sino que esos incrementos los define Menem y por ese motivo los ingresos de los diputados hoy est\u00e1n ubicados cerca de los 6 millones de pesos en bruto.<\/strong><\/p>\n<p>Los trabajadores legislativos cobran de acuerdo a la cantidad de m\u00f3dulos y, en el caso de los senadores, son 2500 m\u00f3dulos por dieta, 1.000 por representaci\u00f3n y 500 por desarraigo.<\/p>\n<h2>El detalle<\/h2>\n<p>El desarraigo no lo cobran los res senadores de la Ciudad de Buenos Aires, los libertarios\u00a0<strong>Patricia Bullrich\u00a0<\/strong>y<strong>\u00a0Agust\u00edn Monteverde<\/strong>\u00a0y el kirchnerista<strong>\u00a0Mariano Recalde<\/strong>, ni tampoco la legisladora santacruce\u00f1a\u00a0<strong>Alicia Kirchner<\/strong>, quien no cobra la dieta porque decidi\u00f3 mantener la jubilaci\u00f3n como gobernadora.<\/p>\n<h2>Acuerdo<\/h2>\n<p>La Asociaci\u00f3n del Personal Legislativo, ATE, UPCN y las autoridades del Congreso acordaron un aumento retroactivo del 2% en diciembre, 2,5% en enero, 2,2 en febrero lo que<strong>\u00a0implica un 6,85% acumulado de aumento<\/strong>, y en marzo un 2%, un 1,7% en abril y un 1,5 % en mayo.<\/p>\n<p>De esta manera, el aumento acumulado desde diciembre a mayo ser\u00e1 del 12,5%, seg\u00fan consta en el acta firmado entre los gremios y las autoridades del Congreso.<\/p>\n<p>El acuerdo fue rubricado por los secretarios generales de APL,<strong>\u00a0Norberto Di prospero;<\/strong>\u00a0de UPCN,\u00a0<strong>Mart\u00edn Roig<\/strong>, y de ATE,\u00a0<strong>Claudio Britos<\/strong>, y los secretarios parlamentarios de la C\u00e1mara de Diputados,\u00a0<strong>Adri\u00e1n Pagan<\/strong>, y del Senado,\u00a0<strong>Agust\u00edn Wenceslao Guistian<\/strong>.<\/p>\n<p>En un comunicado, los dirigentes de los tres gremios se\u00f1alaron que el acuerdo\u00a0<strong>\u201cno significa la soluci\u00f3n a la realidad que atravesamos como personal legislativo, sino que es un alivio a la misma\u201d.<\/strong><\/p>\n<p>Agregaron que este aumento \u201cde un 12,5 acumulado no es un cierre de las negociaciones, sino un piso desde donde seguir avanzando\u201d.<\/p>\n<p>&nbsp;<\/p>\n<p>Silvia Rajcher &#8211; <a href=\"https:\/\/noticiasargentinas.com\/-agenciana_t6916e70a4551e78eb9423f59\">#AgenciaNA<\/a><\/p>\n<\/div>\n<\/div>\n<\/div>\n<\/div>\n","protected":false},"excerpt":{"rendered":"<p>Los aumentos de la dieta de los senadores est\u00e1n acoplados al incremento que acuerdan los trabajadores del Poder Legislativo.<\/p>\n","protected":false},"author":3,"featured_media":130404,"comment_status":"closed","ping_status":"closed","sticky":false,"template":"","format":"standard","meta":{"footnotes":""},"categories":[24],"tags":[],"class_list":["post-133944","post","type-post","status-publish","format-standard","has-post-thumbnail","hentry","category-politica"],"yoast_head":"<!-- This site is optimized with the Yoast SEO plugin v25.9 - https:\/\/yoast.com\/wordpress\/plugins\/seo\/ -->\n<title>Fuerte aumento: los senadores pasar\u00e1n a cobrar en marzo m\u00e1s de 11 millones de pesos - Noticias Radio Reflejos<\/title>\n<meta name=\"robots\" content=\"index, follow, max-snippet:-1, max-image-preview:large, max-video-preview:-1\" \/>\n<link rel=\"canonical\" href=\"https:\/\/www.noticiasradioreflejos.com.ar\/2021\/fuerte-aumento-los-senadores-pasaran-a-cobrar-en-marzo-mas-de-11-millones-de-pesos\/\" \/>\n<meta property=\"og:locale\" content=\"es_ES\" \/>\n<meta property=\"og:type\" content=\"article\" \/>\n<meta property=\"og:title\" content=\"Fuerte aumento: los senadores pasar\u00e1n a cobrar en marzo m\u00e1s de 11 millones de pesos - Noticias Radio Reflejos\" \/>\n<meta property=\"og:description\" content=\"Los aumentos de la dieta de los senadores est\u00e1n acoplados al incremento que acuerdan los trabajadores del Poder Legislativo.\" \/>\n<meta property=\"og:url\" content=\"https:\/\/www.noticiasradioreflejos.com.ar\/2021\/fuerte-aumento-los-senadores-pasaran-a-cobrar-en-marzo-mas-de-11-millones-de-pesos\/\" \/>\n<meta property=\"og:site_name\" content=\"Noticias Radio Reflejos\" \/>\n<meta property=\"article:published_time\" content=\"2026-03-12T10:20:10+00:00\" \/>\n<meta property=\"og:image\" content=\"https:\/\/www.noticiasradioreflejos.com.ar\/2021\/wp-content\/uploads\/2025\/12\/senado-1.webp\" \/>\n\t<meta property=\"og:image:width\" content=\"1080\" \/>\n\t<meta property=\"og:image:height\" content=\"720\" \/>\n\t<meta property=\"og:image:type\" content=\"image\/webp\" \/>\n<meta name=\"author\" content=\"Arnaldo Botto\" \/>\n<meta name=\"twitter:card\" content=\"summary_large_image\" \/>\n<script type=\"application\/ld+json\" class=\"yoast-schema-graph\">{\"@context\":\"https:\/\/schema.org\",\"@graph\":[{\"@type\":\"WebPage\",\"@id\":\"https:\/\/www.noticiasradioreflejos.com.ar\/2021\/fuerte-aumento-los-senadores-pasaran-a-cobrar-en-marzo-mas-de-11-millones-de-pesos\/\",\"url\":\"https:\/\/www.noticiasradioreflejos.com.ar\/2021\/fuerte-aumento-los-senadores-pasaran-a-cobrar-en-marzo-mas-de-11-millones-de-pesos\/\",\"name\":\"Fuerte aumento: los senadores pasar\u00e1n a cobrar en marzo m\u00e1s de 11 millones de pesos - Noticias Radio Reflejos\",\"isPartOf\":{\"@id\":\"https:\/\/www.noticiasradioreflejos.com.ar\/2021\/#website\"},\"primaryImageOfPage\":{\"@id\":\"https:\/\/www.noticiasradioreflejos.com.ar\/2021\/fuerte-aumento-los-senadores-pasaran-a-cobrar-en-marzo-mas-de-11-millones-de-pesos\/#primaryimage\"},\"image\":{\"@id\":\"https:\/\/www.noticiasradioreflejos.com.ar\/2021\/fuerte-aumento-los-senadores-pasaran-a-cobrar-en-marzo-mas-de-11-millones-de-pesos\/#primaryimage\"},\"thumbnailUrl\":\"https:\/\/www.noticiasradioreflejos.com.ar\/2021\/wp-content\/uploads\/2025\/12\/senado-1.webp\",\"datePublished\":\"2026-03-12T10:20:10+00:00\",\"author\":{\"@id\":\"https:\/\/www.noticiasradioreflejos.com.ar\/2021\/#\/schema\/person\/ad82545263dcc5ec0996818884fd5fb1\"},\"breadcrumb\":{\"@id\":\"https:\/\/www.noticiasradioreflejos.com.ar\/2021\/fuerte-aumento-los-senadores-pasaran-a-cobrar-en-marzo-mas-de-11-millones-de-pesos\/#breadcrumb\"},\"inLanguage\":\"es\",\"potentialAction\":[{\"@type\":\"ReadAction\",\"target\":[\"https:\/\/www.noticiasradioreflejos.com.ar\/2021\/fuerte-aumento-los-senadores-pasaran-a-cobrar-en-marzo-mas-de-11-millones-de-pesos\/\"]}]},{\"@type\":\"ImageObject\",\"inLanguage\":\"es\",\"@id\":\"https:\/\/www.noticiasradioreflejos.com.ar\/2021\/fuerte-aumento-los-senadores-pasaran-a-cobrar-en-marzo-mas-de-11-millones-de-pesos\/#primaryimage\",\"url\":\"https:\/\/www.noticiasradioreflejos.com.ar\/2021\/wp-content\/uploads\/2025\/12\/senado-1.webp\",\"contentUrl\":\"https:\/\/www.noticiasradioreflejos.com.ar\/2021\/wp-content\/uploads\/2025\/12\/senado-1.webp\",\"width\":1080,\"height\":720},{\"@type\":\"BreadcrumbList\",\"@id\":\"https:\/\/www.noticiasradioreflejos.com.ar\/2021\/fuerte-aumento-los-senadores-pasaran-a-cobrar-en-marzo-mas-de-11-millones-de-pesos\/#breadcrumb\",\"itemListElement\":[{\"@type\":\"ListItem\",\"position\":1,\"name\":\"Portada\",\"item\":\"https:\/\/www.noticiasradioreflejos.com.ar\/2021\/\"},{\"@type\":\"ListItem\",\"position\":2,\"name\":\"Fuerte aumento: los senadores pasar\u00e1n a cobrar en marzo m\u00e1s de 11 millones de pesos\"}]},{\"@type\":\"WebSite\",\"@id\":\"https:\/\/www.noticiasradioreflejos.com.ar\/2021\/#website\",\"url\":\"https:\/\/www.noticiasradioreflejos.com.ar\/2021\/\",\"name\":\"Noticias Radio Reflejos\",\"description\":\"Las noticias de mi comarca\",\"potentialAction\":[{\"@type\":\"SearchAction\",\"target\":{\"@type\":\"EntryPoint\",\"urlTemplate\":\"https:\/\/www.noticiasradioreflejos.com.ar\/2021\/?s={search_term_string}\"},\"query-input\":{\"@type\":\"PropertyValueSpecification\",\"valueRequired\":true,\"valueName\":\"search_term_string\"}}],\"inLanguage\":\"es\"},{\"@type\":\"Person\",\"@id\":\"https:\/\/www.noticiasradioreflejos.com.ar\/2021\/#\/schema\/person\/ad82545263dcc5ec0996818884fd5fb1\",\"name\":\"Arnaldo Botto\",\"image\":{\"@type\":\"ImageObject\",\"inLanguage\":\"es\",\"@id\":\"https:\/\/www.noticiasradioreflejos.com.ar\/2021\/#\/schema\/person\/image\/\",\"url\":\"https:\/\/secure.gravatar.com\/avatar\/55cb5e37c1efa326397366e6974cb338056df65cb50e7d64d1cf314e87504837?s=96&d=mm&r=g\",\"contentUrl\":\"https:\/\/secure.gravatar.com\/avatar\/55cb5e37c1efa326397366e6974cb338056df65cb50e7d64d1cf314e87504837?s=96&d=mm&r=g\",\"caption\":\"Arnaldo Botto\"},\"url\":\"https:\/\/www.noticiasradioreflejos.com.ar\/2021\/author\/arnaldo\/\"}]}<\/script>\n<!-- \/ Yoast SEO plugin. -->","yoast_head_json":{"title":"Fuerte aumento: los senadores pasar\u00e1n a cobrar en marzo m\u00e1s de 11 millones de pesos - Noticias Radio Reflejos","robots":{"index":"index","follow":"follow","max-snippet":"max-snippet:-1","max-image-preview":"max-image-preview:large","max-video-preview":"max-video-preview:-1"},"canonical":"https:\/\/www.noticiasradioreflejos.com.ar\/2021\/fuerte-aumento-los-senadores-pasaran-a-cobrar-en-marzo-mas-de-11-millones-de-pesos\/","og_locale":"es_ES","og_type":"article","og_title":"Fuerte aumento: los senadores pasar\u00e1n a cobrar en marzo m\u00e1s de 11 millones de pesos - Noticias Radio Reflejos","og_description":"Los aumentos de la dieta de los senadores est\u00e1n acoplados al incremento que acuerdan los trabajadores del Poder Legislativo.","og_url":"https:\/\/www.noticiasradioreflejos.com.ar\/2021\/fuerte-aumento-los-senadores-pasaran-a-cobrar-en-marzo-mas-de-11-millones-de-pesos\/","og_site_name":"Noticias Radio Reflejos","article_published_time":"2026-03-12T10:20:10+00:00","og_image":[{"width":1080,"height":720,"url":"https:\/\/www.noticiasradioreflejos.com.ar\/2021\/wp-content\/uploads\/2025\/12\/senado-1.webp","type":"image\/webp"}],"author":"Arnaldo Botto","twitter_card":"summary_large_image","schema":{"@context":"https:\/\/schema.org","@graph":[{"@type":"WebPage","@id":"https:\/\/www.noticiasradioreflejos.com.ar\/2021\/fuerte-aumento-los-senadores-pasaran-a-cobrar-en-marzo-mas-de-11-millones-de-pesos\/","url":"https:\/\/www.noticiasradioreflejos.com.ar\/2021\/fuerte-aumento-los-senadores-pasaran-a-cobrar-en-marzo-mas-de-11-millones-de-pesos\/","name":"Fuerte aumento: los senadores pasar\u00e1n a cobrar en marzo m\u00e1s de 11 millones de pesos - Noticias Radio Reflejos","isPartOf":{"@id":"https:\/\/www.noticiasradioreflejos.com.ar\/2021\/#website"},"primaryImageOfPage":{"@id":"https:\/\/www.noticiasradioreflejos.com.ar\/2021\/fuerte-aumento-los-senadores-pasaran-a-cobrar-en-marzo-mas-de-11-millones-de-pesos\/#primaryimage"},"image":{"@id":"https:\/\/www.noticiasradioreflejos.com.ar\/2021\/fuerte-aumento-los-senadores-pasaran-a-cobrar-en-marzo-mas-de-11-millones-de-pesos\/#primaryimage"},"thumbnailUrl":"https:\/\/www.noticiasradioreflejos.com.ar\/2021\/wp-content\/uploads\/2025\/12\/senado-1.webp","datePublished":"2026-03-12T10:20:10+00:00","author":{"@id":"https:\/\/www.noticiasradioreflejos.com.ar\/2021\/#\/schema\/person\/ad82545263dcc5ec0996818884fd5fb1"},"breadcrumb":{"@id":"https:\/\/www.noticiasradioreflejos.com.ar\/2021\/fuerte-aumento-los-senadores-pasaran-a-cobrar-en-marzo-mas-de-11-millones-de-pesos\/#breadcrumb"},"inLanguage":"es","potentialAction":[{"@type":"ReadAction","target":["https:\/\/www.noticiasradioreflejos.com.ar\/2021\/fuerte-aumento-los-senadores-pasaran-a-cobrar-en-marzo-mas-de-11-millones-de-pesos\/"]}]},{"@type":"ImageObject","inLanguage":"es","@id":"https:\/\/www.noticiasradioreflejos.com.ar\/2021\/fuerte-aumento-los-senadores-pasaran-a-cobrar-en-marzo-mas-de-11-millones-de-pesos\/#primaryimage","url":"https:\/\/www.noticiasradioreflejos.com.ar\/2021\/wp-content\/uploads\/2025\/12\/senado-1.webp","contentUrl":"https:\/\/www.noticiasradioreflejos.com.ar\/2021\/wp-content\/uploads\/2025\/12\/senado-1.webp","width":1080,"height":720},{"@type":"BreadcrumbList","@id":"https:\/\/www.noticiasradioreflejos.com.ar\/2021\/fuerte-aumento-los-senadores-pasaran-a-cobrar-en-marzo-mas-de-11-millones-de-pesos\/#breadcrumb","itemListElement":[{"@type":"ListItem","position":1,"name":"Portada","item":"https:\/\/www.noticiasradioreflejos.com.ar\/2021\/"},{"@type":"ListItem","position":2,"name":"Fuerte aumento: los senadores pasar\u00e1n a cobrar en marzo m\u00e1s de 11 millones de pesos"}]},{"@type":"WebSite","@id":"https:\/\/www.noticiasradioreflejos.com.ar\/2021\/#website","url":"https:\/\/www.noticiasradioreflejos.com.ar\/2021\/","name":"Noticias Radio Reflejos","description":"Las noticias de mi comarca","potentialAction":[{"@type":"SearchAction","target":{"@type":"EntryPoint","urlTemplate":"https:\/\/www.noticiasradioreflejos.com.ar\/2021\/?s={search_term_string}"},"query-input":{"@type":"PropertyValueSpecification","valueRequired":true,"valueName":"search_term_string"}}],"inLanguage":"es"},{"@type":"Person","@id":"https:\/\/www.noticiasradioreflejos.com.ar\/2021\/#\/schema\/person\/ad82545263dcc5ec0996818884fd5fb1","name":"Arnaldo Botto","image":{"@type":"ImageObject","inLanguage":"es","@id":"https:\/\/www.noticiasradioreflejos.com.ar\/2021\/#\/schema\/person\/image\/","url":"https:\/\/secure.gravatar.com\/avatar\/55cb5e37c1efa326397366e6974cb338056df65cb50e7d64d1cf314e87504837?s=96&d=mm&r=g","contentUrl":"https:\/\/secure.gravatar.com\/avatar\/55cb5e37c1efa326397366e6974cb338056df65cb50e7d64d1cf314e87504837?s=96&d=mm&r=g","caption":"Arnaldo Botto"},"url":"https:\/\/www.noticiasradioreflejos.com.ar\/2021\/author\/arnaldo\/"}]}},"_links":{"self":[{"href":"https:\/\/www.noticiasradioreflejos.com.ar\/2021\/wp-json\/wp\/v2\/posts\/133944","targetHints":{"allow":["GET"]}}],"collection":[{"href":"https:\/\/www.noticiasradioreflejos.com.ar\/2021\/wp-json\/wp\/v2\/posts"}],"about":[{"href":"https:\/\/www.noticiasradioreflejos.com.ar\/2021\/wp-json\/wp\/v2\/types\/post"}],"author":[{"embeddable":true,"href":"https:\/\/www.noticiasradioreflejos.com.ar\/2021\/wp-json\/wp\/v2\/users\/3"}],"replies":[{"embeddable":true,"href":"https:\/\/www.noticiasradioreflejos.com.ar\/2021\/wp-json\/wp\/v2\/comments?post=133944"}],"version-history":[{"count":1,"href":"https:\/\/www.noticiasradioreflejos.com.ar\/2021\/wp-json\/wp\/v2\/posts\/133944\/revisions"}],"predecessor-version":[{"id":133946,"href":"https:\/\/www.noticiasradioreflejos.com.ar\/2021\/wp-json\/wp\/v2\/posts\/133944\/revisions\/133946"}],"wp:featuredmedia":[{"embeddable":true,"href":"https:\/\/www.noticiasradioreflejos.com.ar\/2021\/wp-json\/wp\/v2\/media\/130404"}],"wp:attachment":[{"href":"https:\/\/www.noticiasradioreflejos.com.ar\/2021\/wp-json\/wp\/v2\/media?parent=133944"}],"wp:term":[{"taxonomy":"category","embeddable":true,"href":"https:\/\/www.noticiasradioreflejos.com.ar\/2021\/wp-json\/wp\/v2\/categories?post=133944"},{"taxonomy":"post_tag","embeddable":true,"href":"https:\/\/www.noticiasradioreflejos.com.ar\/2021\/wp-json\/wp\/v2\/tags?post=133944"}],"curies":[{"name":"wp","href":"https:\/\/api.w.org\/{rel}","templated":true}]}}