{"id":133938,"date":"2026-03-11T16:29:51","date_gmt":"2026-03-11T19:29:51","guid":{"rendered":"https:\/\/www.noticiasradioreflejos.com.ar\/2021\/?p=133938"},"modified":"2026-03-11T16:29:51","modified_gmt":"2026-03-11T19:29:51","slug":"exposicion-mujeres-referentes-de-argentina-un-espacio-para-reconocer-historias-aportes-y-luchas","status":"publish","type":"post","link":"https:\/\/www.noticiasradioreflejos.com.ar\/2021\/exposicion-mujeres-referentes-de-argentina-un-espacio-para-reconocer-historias-aportes-y-luchas\/","title":{"rendered":"Exposici\u00f3n \u2018Mujeres Referentes de Argentina\u2019: un espacio para reconocer historias, aportes y luchas"},"content":{"rendered":"<p>Tornquist Municipio invita a la comunidad a participar de la exposici\u00f3n \u2018Mujeres Referentes de Argentina\u2019, una propuesta pensada para visibilizar y reconocer las historias, aportes y luchas de mujeres que han dejado su huella en el pa\u00eds.<!--more--><\/p>\n<p>La actividad se llevar\u00e1 a cabo el viernes 13 de marzo, de 9:30 a 12 hs, en el Centro Comunitario de Tornquist (12 de Octubre 181).<\/p>\n<p>La jornada ser\u00e1 un espacio de encuentro y reflexi\u00f3n que busca poner en valor el rol de las mujeres en distintos \u00e1mbitos de la sociedad, promoviendo el intercambio y la participaci\u00f3n de la comunidad.<\/p>\n<p>La iniciativa se realiza junto a la Escuela Agraria N\u00b01 de Tornquist y es organizada por el CPA, Ra\u00edces y Alas y la Subdirecci\u00f3n de Discapacidad, Salud y Adultos Mayores.<\/p>\n","protected":false},"excerpt":{"rendered":"<p>Tornquist Municipio invita a la comunidad a participar de la exposici\u00f3n \u2018Mujeres Referentes de Argentina\u2019, una propuesta pensada para visibilizar y reconocer las historias, aportes y luchas de mujeres que han dejado su huella en el pa\u00eds.<\/p>\n","protected":false},"author":3,"featured_media":0,"comment_status":"closed","ping_status":"closed","sticky":false,"template":"","format":"standard","meta":{"footnotes":""},"categories":[28,24],"tags":[],"class_list":["post-133938","post","type-post","status-publish","format-standard","hentry","category-municipales","category-politica"],"yoast_head":"<!-- This site is optimized with the Yoast SEO plugin v25.9 - https:\/\/yoast.com\/wordpress\/plugins\/seo\/ -->\n<title>Exposici\u00f3n \u2018Mujeres Referentes de Argentina\u2019: un espacio para reconocer historias, aportes y luchas - Noticias Radio Reflejos<\/title>\n<meta name=\"robots\" content=\"index, follow, max-snippet:-1, max-image-preview:large, max-video-preview:-1\" \/>\n<link rel=\"canonical\" href=\"https:\/\/www.noticiasradioreflejos.com.ar\/2021\/exposicion-mujeres-referentes-de-argentina-un-espacio-para-reconocer-historias-aportes-y-luchas\/\" \/>\n<meta property=\"og:locale\" content=\"es_ES\" \/>\n<meta property=\"og:type\" content=\"article\" \/>\n<meta property=\"og:title\" content=\"Exposici\u00f3n \u2018Mujeres Referentes de Argentina\u2019: un espacio para reconocer historias, aportes y luchas - Noticias Radio Reflejos\" \/>\n<meta property=\"og:description\" content=\"Tornquist Municipio invita a la comunidad a participar de la exposici\u00f3n \u2018Mujeres Referentes de Argentina\u2019, una propuesta pensada para visibilizar y reconocer las historias, aportes y luchas de mujeres que han dejado su huella en el pa\u00eds.\" \/>\n<meta property=\"og:url\" content=\"https:\/\/www.noticiasradioreflejos.com.ar\/2021\/exposicion-mujeres-referentes-de-argentina-un-espacio-para-reconocer-historias-aportes-y-luchas\/\" \/>\n<meta property=\"og:site_name\" content=\"Noticias Radio Reflejos\" \/>\n<meta property=\"article:published_time\" content=\"2026-03-11T19:29:51+00:00\" \/>\n<meta property=\"og:image\" content=\"https:\/\/www.noticiasradioreflejos.com.ar\/2021\/wp-content\/uploads\/2026\/03\/cic-encuentro-mujeres.jpg-1.jpeg\" \/>\n\t<meta property=\"og:image:width\" content=\"1080\" \/>\n\t<meta property=\"og:image:height\" content=\"1440\" \/>\n\t<meta property=\"og:image:type\" content=\"image\/jpeg\" \/>\n<meta name=\"author\" content=\"Arnaldo Botto\" \/>\n<meta name=\"twitter:card\" content=\"summary_large_image\" \/>\n<script type=\"application\/ld+json\" class=\"yoast-schema-graph\">{\"@context\":\"https:\/\/schema.org\",\"@graph\":[{\"@type\":\"WebPage\",\"@id\":\"https:\/\/www.noticiasradioreflejos.com.ar\/2021\/exposicion-mujeres-referentes-de-argentina-un-espacio-para-reconocer-historias-aportes-y-luchas\/\",\"url\":\"https:\/\/www.noticiasradioreflejos.com.ar\/2021\/exposicion-mujeres-referentes-de-argentina-un-espacio-para-reconocer-historias-aportes-y-luchas\/\",\"name\":\"Exposici\u00f3n \u2018Mujeres Referentes de Argentina\u2019: un espacio para reconocer historias, aportes y luchas - Noticias Radio Reflejos\",\"isPartOf\":{\"@id\":\"https:\/\/www.noticiasradioreflejos.com.ar\/2021\/#website\"},\"datePublished\":\"2026-03-11T19:29:51+00:00\",\"author\":{\"@id\":\"https:\/\/www.noticiasradioreflejos.com.ar\/2021\/#\/schema\/person\/ad82545263dcc5ec0996818884fd5fb1\"},\"breadcrumb\":{\"@id\":\"https:\/\/www.noticiasradioreflejos.com.ar\/2021\/exposicion-mujeres-referentes-de-argentina-un-espacio-para-reconocer-historias-aportes-y-luchas\/#breadcrumb\"},\"inLanguage\":\"es\",\"potentialAction\":[{\"@type\":\"ReadAction\",\"target\":[\"https:\/\/www.noticiasradioreflejos.com.ar\/2021\/exposicion-mujeres-referentes-de-argentina-un-espacio-para-reconocer-historias-aportes-y-luchas\/\"]}]},{\"@type\":\"BreadcrumbList\",\"@id\":\"https:\/\/www.noticiasradioreflejos.com.ar\/2021\/exposicion-mujeres-referentes-de-argentina-un-espacio-para-reconocer-historias-aportes-y-luchas\/#breadcrumb\",\"itemListElement\":[{\"@type\":\"ListItem\",\"position\":1,\"name\":\"Portada\",\"item\":\"https:\/\/www.noticiasradioreflejos.com.ar\/2021\/\"},{\"@type\":\"ListItem\",\"position\":2,\"name\":\"Exposici\u00f3n \u2018Mujeres Referentes de Argentina\u2019: un espacio para reconocer historias, aportes y luchas\"}]},{\"@type\":\"WebSite\",\"@id\":\"https:\/\/www.noticiasradioreflejos.com.ar\/2021\/#website\",\"url\":\"https:\/\/www.noticiasradioreflejos.com.ar\/2021\/\",\"name\":\"Noticias Radio Reflejos\",\"description\":\"Las noticias de mi comarca\",\"potentialAction\":[{\"@type\":\"SearchAction\",\"target\":{\"@type\":\"EntryPoint\",\"urlTemplate\":\"https:\/\/www.noticiasradioreflejos.com.ar\/2021\/?s={search_term_string}\"},\"query-input\":{\"@type\":\"PropertyValueSpecification\",\"valueRequired\":true,\"valueName\":\"search_term_string\"}}],\"inLanguage\":\"es\"},{\"@type\":\"Person\",\"@id\":\"https:\/\/www.noticiasradioreflejos.com.ar\/2021\/#\/schema\/person\/ad82545263dcc5ec0996818884fd5fb1\",\"name\":\"Arnaldo Botto\",\"image\":{\"@type\":\"ImageObject\",\"inLanguage\":\"es\",\"@id\":\"https:\/\/www.noticiasradioreflejos.com.ar\/2021\/#\/schema\/person\/image\/\",\"url\":\"https:\/\/secure.gravatar.com\/avatar\/55cb5e37c1efa326397366e6974cb338056df65cb50e7d64d1cf314e87504837?s=96&d=mm&r=g\",\"contentUrl\":\"https:\/\/secure.gravatar.com\/avatar\/55cb5e37c1efa326397366e6974cb338056df65cb50e7d64d1cf314e87504837?s=96&d=mm&r=g\",\"caption\":\"Arnaldo Botto\"},\"url\":\"https:\/\/www.noticiasradioreflejos.com.ar\/2021\/author\/arnaldo\/\"}]}<\/script>\n<!-- \/ Yoast SEO plugin. -->","yoast_head_json":{"title":"Exposici\u00f3n \u2018Mujeres Referentes de Argentina\u2019: un espacio para reconocer historias, aportes y luchas - Noticias Radio Reflejos","robots":{"index":"index","follow":"follow","max-snippet":"max-snippet:-1","max-image-preview":"max-image-preview:large","max-video-preview":"max-video-preview:-1"},"canonical":"https:\/\/www.noticiasradioreflejos.com.ar\/2021\/exposicion-mujeres-referentes-de-argentina-un-espacio-para-reconocer-historias-aportes-y-luchas\/","og_locale":"es_ES","og_type":"article","og_title":"Exposici\u00f3n \u2018Mujeres Referentes de Argentina\u2019: un espacio para reconocer historias, aportes y luchas - Noticias Radio Reflejos","og_description":"Tornquist Municipio invita a la comunidad a participar de la exposici\u00f3n \u2018Mujeres Referentes de Argentina\u2019, una propuesta pensada para visibilizar y reconocer las historias, aportes y luchas de mujeres que han dejado su huella en el pa\u00eds.","og_url":"https:\/\/www.noticiasradioreflejos.com.ar\/2021\/exposicion-mujeres-referentes-de-argentina-un-espacio-para-reconocer-historias-aportes-y-luchas\/","og_site_name":"Noticias Radio Reflejos","article_published_time":"2026-03-11T19:29:51+00:00","og_image":[{"width":1080,"height":1440,"url":"https:\/\/www.noticiasradioreflejos.com.ar\/2021\/wp-content\/uploads\/2026\/03\/cic-encuentro-mujeres.jpg-1.jpeg","type":"image\/jpeg"}],"author":"Arnaldo Botto","twitter_card":"summary_large_image","schema":{"@context":"https:\/\/schema.org","@graph":[{"@type":"WebPage","@id":"https:\/\/www.noticiasradioreflejos.com.ar\/2021\/exposicion-mujeres-referentes-de-argentina-un-espacio-para-reconocer-historias-aportes-y-luchas\/","url":"https:\/\/www.noticiasradioreflejos.com.ar\/2021\/exposicion-mujeres-referentes-de-argentina-un-espacio-para-reconocer-historias-aportes-y-luchas\/","name":"Exposici\u00f3n \u2018Mujeres Referentes de Argentina\u2019: un espacio para reconocer historias, aportes y luchas - Noticias Radio Reflejos","isPartOf":{"@id":"https:\/\/www.noticiasradioreflejos.com.ar\/2021\/#website"},"datePublished":"2026-03-11T19:29:51+00:00","author":{"@id":"https:\/\/www.noticiasradioreflejos.com.ar\/2021\/#\/schema\/person\/ad82545263dcc5ec0996818884fd5fb1"},"breadcrumb":{"@id":"https:\/\/www.noticiasradioreflejos.com.ar\/2021\/exposicion-mujeres-referentes-de-argentina-un-espacio-para-reconocer-historias-aportes-y-luchas\/#breadcrumb"},"inLanguage":"es","potentialAction":[{"@type":"ReadAction","target":["https:\/\/www.noticiasradioreflejos.com.ar\/2021\/exposicion-mujeres-referentes-de-argentina-un-espacio-para-reconocer-historias-aportes-y-luchas\/"]}]},{"@type":"BreadcrumbList","@id":"https:\/\/www.noticiasradioreflejos.com.ar\/2021\/exposicion-mujeres-referentes-de-argentina-un-espacio-para-reconocer-historias-aportes-y-luchas\/#breadcrumb","itemListElement":[{"@type":"ListItem","position":1,"name":"Portada","item":"https:\/\/www.noticiasradioreflejos.com.ar\/2021\/"},{"@type":"ListItem","position":2,"name":"Exposici\u00f3n \u2018Mujeres Referentes de Argentina\u2019: un espacio para reconocer historias, aportes y luchas"}]},{"@type":"WebSite","@id":"https:\/\/www.noticiasradioreflejos.com.ar\/2021\/#website","url":"https:\/\/www.noticiasradioreflejos.com.ar\/2021\/","name":"Noticias Radio Reflejos","description":"Las noticias de mi comarca","potentialAction":[{"@type":"SearchAction","target":{"@type":"EntryPoint","urlTemplate":"https:\/\/www.noticiasradioreflejos.com.ar\/2021\/?s={search_term_string}"},"query-input":{"@type":"PropertyValueSpecification","valueRequired":true,"valueName":"search_term_string"}}],"inLanguage":"es"},{"@type":"Person","@id":"https:\/\/www.noticiasradioreflejos.com.ar\/2021\/#\/schema\/person\/ad82545263dcc5ec0996818884fd5fb1","name":"Arnaldo Botto","image":{"@type":"ImageObject","inLanguage":"es","@id":"https:\/\/www.noticiasradioreflejos.com.ar\/2021\/#\/schema\/person\/image\/","url":"https:\/\/secure.gravatar.com\/avatar\/55cb5e37c1efa326397366e6974cb338056df65cb50e7d64d1cf314e87504837?s=96&d=mm&r=g","contentUrl":"https:\/\/secure.gravatar.com\/avatar\/55cb5e37c1efa326397366e6974cb338056df65cb50e7d64d1cf314e87504837?s=96&d=mm&r=g","caption":"Arnaldo Botto"},"url":"https:\/\/www.noticiasradioreflejos.com.ar\/2021\/author\/arnaldo\/"}]}},"_links":{"self":[{"href":"https:\/\/www.noticiasradioreflejos.com.ar\/2021\/wp-json\/wp\/v2\/posts\/133938","targetHints":{"allow":["GET"]}}],"collection":[{"href":"https:\/\/www.noticiasradioreflejos.com.ar\/2021\/wp-json\/wp\/v2\/posts"}],"about":[{"href":"https:\/\/www.noticiasradioreflejos.com.ar\/2021\/wp-json\/wp\/v2\/types\/post"}],"author":[{"embeddable":true,"href":"https:\/\/www.noticiasradioreflejos.com.ar\/2021\/wp-json\/wp\/v2\/users\/3"}],"replies":[{"embeddable":true,"href":"https:\/\/www.noticiasradioreflejos.com.ar\/2021\/wp-json\/wp\/v2\/comments?post=133938"}],"version-history":[{"count":1,"href":"https:\/\/www.noticiasradioreflejos.com.ar\/2021\/wp-json\/wp\/v2\/posts\/133938\/revisions"}],"predecessor-version":[{"id":133940,"href":"https:\/\/www.noticiasradioreflejos.com.ar\/2021\/wp-json\/wp\/v2\/posts\/133938\/revisions\/133940"}],"wp:attachment":[{"href":"https:\/\/www.noticiasradioreflejos.com.ar\/2021\/wp-json\/wp\/v2\/media?parent=133938"}],"wp:term":[{"taxonomy":"category","embeddable":true,"href":"https:\/\/www.noticiasradioreflejos.com.ar\/2021\/wp-json\/wp\/v2\/categories?post=133938"},{"taxonomy":"post_tag","embeddable":true,"href":"https:\/\/www.noticiasradioreflejos.com.ar\/2021\/wp-json\/wp\/v2\/tags?post=133938"}],"curies":[{"name":"wp","href":"https:\/\/api.w.org\/{rel}","templated":true}]}}