{"id":133930,"date":"2026-03-11T12:32:02","date_gmt":"2026-03-11T15:32:02","guid":{"rendered":"https:\/\/www.noticiasradioreflejos.com.ar\/2021\/?p=133930"},"modified":"2026-03-11T12:32:02","modified_gmt":"2026-03-11T15:32:02","slug":"cierres-despidos-y-ajustes-la-crisis-industrial-golpea-a-la-fabrica-de-preservativos-tulipan-y-a-las-baterias-moura","status":"publish","type":"post","link":"https:\/\/www.noticiasradioreflejos.com.ar\/2021\/cierres-despidos-y-ajustes-la-crisis-industrial-golpea-a-la-fabrica-de-preservativos-tulipan-y-a-las-baterias-moura\/","title":{"rendered":"Cierres, despidos y ajustes: la crisis industrial golpea a la f\u00e1brica de preservativos Tulip\u00e1n y a las bater\u00edas Moura"},"content":{"rendered":"<p>La empresa Kopelco, due\u00f1a de la marca de preservativos, redujo su plantilla de 355 a 135 empleados en sus plantas de San Mart\u00edn y San Luis. La firma l\u00edder en bater\u00edas cierra dos l\u00edneas de producci\u00f3n en su planta de Pilar y comenzar\u00e1 a importar desde Brasil. Adem\u00e1s, la f\u00e1brica de sweaters Mauro Sergio suspendi\u00f3 a 175 trabajadores. Se suman a otras compa\u00f1\u00edas que en los \u00faltimos meses se achicaron o cerraron.<!--more--><\/p>\n<p>La empresa\u00a0Kopelco S.A., conocida por producir los preservativos de la marca\u00a0Tulip\u00e1n, despidi\u00f3 a\u00a0<strong>220 trabajadores<\/strong>\u00a0en medio de la ca\u00edda del consumo y la retracci\u00f3n de varios sectores industriales. Con esta decisi\u00f3n, la firma redujo su estructura laboral\u00a0<strong>de 355 a 135 empleados<\/strong>, lo que representa\u00a0<strong>un recorte superior al 60% de su planta<\/strong>.<\/p>\n<p class=\"article-text\">En tanto, la empresa\u00a0<strong>Moura cerrar\u00e1 dos l\u00edneas de producci\u00f3n en su planta del Parque Industrial de Pilar y comenzar\u00e1 a\u00a0<\/strong>importar las bater\u00edas para camiones directamente desde Brasil,\u00a0pa\u00eds de origen de la firma, por lo que peligran, al menos, 25 empleos de los 180 trabajadores en un contexto en el que ya hay retiros voluntarios.<\/p>\n<h4 class=\"article-text\">Tulip\u00e1n ya perdi\u00f3 m\u00e1s del 60 % de su personal<\/h4>\n<p class=\"article-text\">La medida de Kopelko S.A. impacta directamente en los puestos de trabajo vinculados a las plantas que la empresa posee en el partido bonaerense de\u00a0San Mart\u00edn\u00a0y en la provincia de\u00a0San Luis.<\/p>\n<p class=\"article-text\">Adem\u00e1s de preservativos, la compa\u00f1\u00eda produce\u00a0<strong>insumos derivados del l\u00e1tex<\/strong>, como el\u00e1sticos para ropa interior, globos y distintos tipos de hilados industriales. Sin embargo, la ca\u00edda de la demanda golpe\u00f3 especialmente a esas l\u00edneas de negocio.<\/p>\n<p class=\"article-text\">\u201cEstamos muy preocupados, es un momento muy desafiante\u201d, reconoci\u00f3 el gerente general de la empresa,\u00a0Felipe Kopelowicz, quien explic\u00f3 que\u00a0<strong>en algunos rubros las ventas llegaron a desplomarse hasta un 50%<\/strong>.<\/p>\n<p class=\"article-text\">Desde la compa\u00f1\u00eda se\u00f1alaron que el problema\u00a0<strong>no se limita al mercado de los preservativos<\/strong>, sino que afecta a varios segmentos industriales en los que participa la firma.<\/p>\n<p class=\"article-text\">Durante a\u00f1os, la diversificaci\u00f3n de productos fue uno de los pilares del crecimiento de la empresa fundada a fines de los a\u00f1os 80. Sin embargo, en el actual contexto econ\u00f3mico,\u00a0<strong>esa misma diversificaci\u00f3n qued\u00f3 expuesta a la ca\u00edda simult\u00e1nea de la demanda en distintos sectores<\/strong>.<\/p>\n<p class=\"article-text\">A pesar de la crisis, la marca\u00a0Tulip\u00e1n\u00a0mantiene\u00a0<strong>una participaci\u00f3n cercana al 40% del mercado local de preservativos<\/strong>, lo que le permite sostener parte de la actividad gracias a precios competitivos.<\/p>\n<p class=\"article-text\">No obstante, el retroceso del consumo interno y la contracci\u00f3n de otras unidades de negocio dejaron a\u00a0Kopelco S.A.\u00a0en una situaci\u00f3n compleja.<\/p>\n<p class=\"article-text\">El propio Kopelowicz defini\u00f3 el momento como\u00a0<strong>un \u201cjaque total\u201d para la compa\u00f1\u00eda<\/strong>, en un escenario en el que la industria enfrenta una de las ca\u00eddas m\u00e1s fuertes de los \u00faltimos a\u00f1os y que ya comienza a reflejarse en\u00a0<strong>la p\u00e9rdida de cientos de puestos de trabajo<\/strong>.<\/p>\n<h4 class=\"article-text\">Ajustes para Bater\u00edas Moura<\/h4>\n<p class=\"article-text\">Moura\u00a0decidi\u00f3 en los \u00faltimos d\u00edas cerrar dos l\u00edneas de producci\u00f3n en su planta del\u00a0Parque Industrial de Pilar y sus bater\u00edas pesadas para camiones desde ahora ser\u00e1n importadas directamente desde\u00a0Brasil, por lo que peligran al menos 25 puestos de trabajo, de acuerdo a la informaci\u00f3n de\u00a0<a class=\"link\" href=\"https:\/\/www.pilaradiario.com\/por-la-apertura-importadora-moura-cierra-dos-lineas-produccion-n5468343\" target=\"_blank\" rel=\"noopener\" data-mrf-recirculation=\"links-noticia\" data-mrf-link=\"https:\/\/www.pilaradiario.com\/por-la-apertura-importadora-moura-cierra-dos-lineas-produccion-n5468343\">Pilar a Diario<\/a>.<\/p>\n<p class=\"article-text\">El\u00a0<a class=\"link\" href=\"https:\/\/www.facebook.com\/people\/Sindicato-Qu%C3%ADmico-Pilar\/100064792025968\/\" target=\"_blank\" rel=\"noopener\" data-mrf-recirculation=\"links-noticia\" data-mrf-link=\"https:\/\/www.facebook.com\/people\/Sindicato-Qu%C3%ADmico-Pilar\/100064792025968\/\">Sindicato Qu\u00edmico Pilar<\/a>\u00a0busca negociar la reubicaci\u00f3n de los 25 operarios\u00a0que se desempe\u00f1an en las dos l\u00edneas destinadas al cierre, aunque algunos trabajadores ya acordaron un retiro voluntario con indemnizaci\u00f3n, de acuerdo al medio pilarense.<\/p>\n<p class=\"article-text\">En la planta trabaja un total de 180 personas, entre operarios, administrativos y encargados de log\u00edstica.<\/p>\n<p class=\"article-text\">\u201cEsto forma parte de la masacre que este gobierno est\u00e1 cometiendo con la industria, algo que no vivimos ni en pandemia\u201d, lament\u00f3 el titular del sindicato Qu\u00edmico,\u00a0Sergio Gonz\u00e1lez, quien manifesto su temor sobre el avance del ajuste sobre otros productos de Moura y que se profundice la reducci\u00f3n de la planta.<\/p>\n<p class=\"article-text\">\u201cEsto se da en el contexto de la reforma laboral. Encima, no hay con quien hablar en el gobierno para tratar de buscar soluciones\u201d, reclam\u00f3 el dirigente sindical, aunque aclar\u00f3 que \u201cla empresa no tiene voluntad de irse del pa\u00eds\u201d.<\/p>\n<h2 class=\"article-text\">La f\u00e1brica de sweaters Mauro Sergio suspendi\u00f3 a 175 trabajadores<\/h2>\n<p class=\"article-text\">La empresa textil\u00a0<strong>Textilana, fabricante de la marca Mauro Sergio, suspendi\u00f3 a 175 trabajadores desde el 16 de noviembre<\/strong>\u00a0en su planta de Mar del Plata debido a la ca\u00edda de las ventas y al stock acumulado de mercader\u00eda. Los operarios deb\u00edan reincorporarse el 1 de abril, pero advierten que la falta de demanda podr\u00eda extender las suspensiones y profundizar la incertidumbre sobre la continuidad laboral.<\/p>\n<p class=\"article-text\">El conflicto afecta a la mayor parte de la plantilla productiva de la compa\u00f1\u00eda.\u00a0<strong>La firma tiene menos de 300 trabajadores en total<\/strong>, entre operarios y personal administrativo, lo que implica que m\u00e1s de la mitad de la planta qued\u00f3 sin tareas. En la f\u00e1brica solo contin\u00faan trabajando alrededor de 65 operarios mientras se mantiene paralizada gran parte de la producci\u00f3n.<\/p>\n<p class=\"article-text\">Textilana es una de las empresas textiles m\u00e1s importantes de Mar del Plata y una de las pocas que conserva un proceso productivo integrado, desde el hilado y tejido hasta la comercializaci\u00f3n de los sweaters. La marca Mauro Sergio lleg\u00f3 a producir\u00a0<strong>hasta dos millones de prendas en sus a\u00f1os de mayor actividad<\/strong>, cuando la empresa ten\u00eda cerca de 1.000 trabajadores y una red de m\u00e1s de veinte locales.<\/p>\n<p class=\"article-text\">La situaci\u00f3n actual es muy diferente.\u00a0<strong>La empresa redujo su plantilla a menos de un tercio de la que tuvo en su etapa de mayor expansi\u00f3n<\/strong>, en un contexto de ca\u00edda del consumo interno y aumento de las importaciones que afect\u00f3 a buena parte del sector textil. Seg\u00fan explic\u00f3 el delegado Mauro Galv\u00e1n, la compa\u00f1\u00eda acumul\u00f3 un volumen de stock que no logra vender, lo que llev\u00f3 a detener gran parte de la producci\u00f3n.<\/p>\n<p class=\"article-text\">La crisis que atraviesa Textilana se inscribe en una crisis que afecta a la industria argentina, en general, y en ese marco a todo el<strong>\u00a0sector textil, que opera actualmente con niveles muy bajos de utilizaci\u00f3n de su capacidad productiva.<\/strong>\u00a0Un informe del Centro de Estudios de Historia Econ\u00f3mica Argentina y Latinoamericana de la Universidad de Buenos Aires se\u00f1al\u00f3 que la industria textil funciona apenas al 40% de su capacidad instalada.<\/p>\n<p class=\"article-text\">Ese retroceso productivo tuvo consecuencias directas sobre el empleo. El mismo estudio registr\u00f3 que\u00a0<strong>la actividad textil perdi\u00f3 al menos 11.500 puestos de trabajo en los \u00faltimos dos a\u00f1os<\/strong>, en una de las ramas industriales hist\u00f3ricamente m\u00e1s intensivas en mano de obra.<\/p>\n<div id=\"container-after-news-outlook\"><\/div>\n<p class=\"article-text\">El deterioro del sector se vincul\u00f3 a varios factores simult\u00e1neos. Por un lado, la ca\u00edda del consumo interno redujo las ventas de indumentaria y productos textiles en el mercado dom\u00e9stico. Por otro, el aumento de las importaciones de prendas desplaz\u00f3 parte de la producci\u00f3n local en los comercios y presion\u00f3 sobre la actividad de las empresas que abastecen el mercado interno.<\/p>\n<p>&nbsp;<\/p>\n<p><em><strong>Fuente elDiarioAR<\/strong><\/em><\/p>\n","protected":false},"excerpt":{"rendered":"<p>La empresa Kopelco, due\u00f1a de la marca de preservativos, redujo su plantilla de 355 a 135 empleados en sus plantas de San Mart\u00edn y San Luis. La firma l\u00edder en bater\u00edas cierra dos l\u00edneas de producci\u00f3n en su planta de Pilar y comenzar\u00e1 a importar desde Brasil. Adem\u00e1s, la f\u00e1brica de sweaters Mauro Sergio suspendi\u00f3 [&hellip;]<\/p>\n","protected":false},"author":3,"featured_media":0,"comment_status":"closed","ping_status":"closed","sticky":false,"template":"","format":"standard","meta":{"footnotes":""},"categories":[36,24],"tags":[],"class_list":["post-133930","post","type-post","status-publish","format-standard","hentry","category-economia","category-politica"],"yoast_head":"<!-- This site is optimized with the Yoast SEO plugin v25.9 - https:\/\/yoast.com\/wordpress\/plugins\/seo\/ -->\n<title>Cierres, despidos y ajustes: la crisis industrial golpea a la f\u00e1brica de preservativos Tulip\u00e1n y a las bater\u00edas Moura - Noticias Radio Reflejos<\/title>\n<meta name=\"robots\" content=\"index, follow, max-snippet:-1, max-image-preview:large, max-video-preview:-1\" \/>\n<link rel=\"canonical\" href=\"https:\/\/www.noticiasradioreflejos.com.ar\/2021\/cierres-despidos-y-ajustes-la-crisis-industrial-golpea-a-la-fabrica-de-preservativos-tulipan-y-a-las-baterias-moura\/\" \/>\n<meta property=\"og:locale\" content=\"es_ES\" \/>\n<meta property=\"og:type\" content=\"article\" \/>\n<meta property=\"og:title\" content=\"Cierres, despidos y ajustes: la crisis industrial golpea a la f\u00e1brica de preservativos Tulip\u00e1n y a las bater\u00edas Moura - Noticias Radio Reflejos\" \/>\n<meta property=\"og:description\" content=\"La empresa Kopelco, due\u00f1a de la marca de preservativos, redujo su plantilla de 355 a 135 empleados en sus plantas de San Mart\u00edn y San Luis. La firma l\u00edder en bater\u00edas cierra dos l\u00edneas de producci\u00f3n en su planta de Pilar y comenzar\u00e1 a importar desde Brasil. Adem\u00e1s, la f\u00e1brica de sweaters Mauro Sergio suspendi\u00f3 [&hellip;]\" \/>\n<meta property=\"og:url\" content=\"https:\/\/www.noticiasradioreflejos.com.ar\/2021\/cierres-despidos-y-ajustes-la-crisis-industrial-golpea-a-la-fabrica-de-preservativos-tulipan-y-a-las-baterias-moura\/\" \/>\n<meta property=\"og:site_name\" content=\"Noticias Radio Reflejos\" \/>\n<meta property=\"article:published_time\" content=\"2026-03-11T15:32:02+00:00\" \/>\n<meta property=\"og:image\" content=\"https:\/\/www.noticiasradioreflejos.com.ar\/2021\/wp-content\/uploads\/2026\/03\/tulipan.webp\" \/>\n\t<meta property=\"og:image:width\" content=\"1200\" \/>\n\t<meta property=\"og:image:height\" content=\"675\" \/>\n\t<meta property=\"og:image:type\" content=\"image\/webp\" \/>\n<meta name=\"author\" content=\"Arnaldo Botto\" \/>\n<meta name=\"twitter:card\" content=\"summary_large_image\" \/>\n<script type=\"application\/ld+json\" class=\"yoast-schema-graph\">{\"@context\":\"https:\/\/schema.org\",\"@graph\":[{\"@type\":\"WebPage\",\"@id\":\"https:\/\/www.noticiasradioreflejos.com.ar\/2021\/cierres-despidos-y-ajustes-la-crisis-industrial-golpea-a-la-fabrica-de-preservativos-tulipan-y-a-las-baterias-moura\/\",\"url\":\"https:\/\/www.noticiasradioreflejos.com.ar\/2021\/cierres-despidos-y-ajustes-la-crisis-industrial-golpea-a-la-fabrica-de-preservativos-tulipan-y-a-las-baterias-moura\/\",\"name\":\"Cierres, despidos y ajustes: la crisis industrial golpea a la f\u00e1brica de preservativos Tulip\u00e1n y a las bater\u00edas Moura - Noticias Radio Reflejos\",\"isPartOf\":{\"@id\":\"https:\/\/www.noticiasradioreflejos.com.ar\/2021\/#website\"},\"datePublished\":\"2026-03-11T15:32:02+00:00\",\"author\":{\"@id\":\"https:\/\/www.noticiasradioreflejos.com.ar\/2021\/#\/schema\/person\/ad82545263dcc5ec0996818884fd5fb1\"},\"breadcrumb\":{\"@id\":\"https:\/\/www.noticiasradioreflejos.com.ar\/2021\/cierres-despidos-y-ajustes-la-crisis-industrial-golpea-a-la-fabrica-de-preservativos-tulipan-y-a-las-baterias-moura\/#breadcrumb\"},\"inLanguage\":\"es\",\"potentialAction\":[{\"@type\":\"ReadAction\",\"target\":[\"https:\/\/www.noticiasradioreflejos.com.ar\/2021\/cierres-despidos-y-ajustes-la-crisis-industrial-golpea-a-la-fabrica-de-preservativos-tulipan-y-a-las-baterias-moura\/\"]}]},{\"@type\":\"BreadcrumbList\",\"@id\":\"https:\/\/www.noticiasradioreflejos.com.ar\/2021\/cierres-despidos-y-ajustes-la-crisis-industrial-golpea-a-la-fabrica-de-preservativos-tulipan-y-a-las-baterias-moura\/#breadcrumb\",\"itemListElement\":[{\"@type\":\"ListItem\",\"position\":1,\"name\":\"Portada\",\"item\":\"https:\/\/www.noticiasradioreflejos.com.ar\/2021\/\"},{\"@type\":\"ListItem\",\"position\":2,\"name\":\"Cierres, despidos y ajustes: la crisis industrial golpea a la f\u00e1brica de preservativos Tulip\u00e1n y a las bater\u00edas Moura\"}]},{\"@type\":\"WebSite\",\"@id\":\"https:\/\/www.noticiasradioreflejos.com.ar\/2021\/#website\",\"url\":\"https:\/\/www.noticiasradioreflejos.com.ar\/2021\/\",\"name\":\"Noticias Radio Reflejos\",\"description\":\"Las noticias de mi comarca\",\"potentialAction\":[{\"@type\":\"SearchAction\",\"target\":{\"@type\":\"EntryPoint\",\"urlTemplate\":\"https:\/\/www.noticiasradioreflejos.com.ar\/2021\/?s={search_term_string}\"},\"query-input\":{\"@type\":\"PropertyValueSpecification\",\"valueRequired\":true,\"valueName\":\"search_term_string\"}}],\"inLanguage\":\"es\"},{\"@type\":\"Person\",\"@id\":\"https:\/\/www.noticiasradioreflejos.com.ar\/2021\/#\/schema\/person\/ad82545263dcc5ec0996818884fd5fb1\",\"name\":\"Arnaldo Botto\",\"image\":{\"@type\":\"ImageObject\",\"inLanguage\":\"es\",\"@id\":\"https:\/\/www.noticiasradioreflejos.com.ar\/2021\/#\/schema\/person\/image\/\",\"url\":\"https:\/\/secure.gravatar.com\/avatar\/55cb5e37c1efa326397366e6974cb338056df65cb50e7d64d1cf314e87504837?s=96&d=mm&r=g\",\"contentUrl\":\"https:\/\/secure.gravatar.com\/avatar\/55cb5e37c1efa326397366e6974cb338056df65cb50e7d64d1cf314e87504837?s=96&d=mm&r=g\",\"caption\":\"Arnaldo Botto\"},\"url\":\"https:\/\/www.noticiasradioreflejos.com.ar\/2021\/author\/arnaldo\/\"}]}<\/script>\n<!-- \/ Yoast SEO plugin. -->","yoast_head_json":{"title":"Cierres, despidos y ajustes: la crisis industrial golpea a la f\u00e1brica de preservativos Tulip\u00e1n y a las bater\u00edas Moura - Noticias Radio Reflejos","robots":{"index":"index","follow":"follow","max-snippet":"max-snippet:-1","max-image-preview":"max-image-preview:large","max-video-preview":"max-video-preview:-1"},"canonical":"https:\/\/www.noticiasradioreflejos.com.ar\/2021\/cierres-despidos-y-ajustes-la-crisis-industrial-golpea-a-la-fabrica-de-preservativos-tulipan-y-a-las-baterias-moura\/","og_locale":"es_ES","og_type":"article","og_title":"Cierres, despidos y ajustes: la crisis industrial golpea a la f\u00e1brica de preservativos Tulip\u00e1n y a las bater\u00edas Moura - Noticias Radio Reflejos","og_description":"La empresa Kopelco, due\u00f1a de la marca de preservativos, redujo su plantilla de 355 a 135 empleados en sus plantas de San Mart\u00edn y San Luis. La firma l\u00edder en bater\u00edas cierra dos l\u00edneas de producci\u00f3n en su planta de Pilar y comenzar\u00e1 a importar desde Brasil. Adem\u00e1s, la f\u00e1brica de sweaters Mauro Sergio suspendi\u00f3 [&hellip;]","og_url":"https:\/\/www.noticiasradioreflejos.com.ar\/2021\/cierres-despidos-y-ajustes-la-crisis-industrial-golpea-a-la-fabrica-de-preservativos-tulipan-y-a-las-baterias-moura\/","og_site_name":"Noticias Radio Reflejos","article_published_time":"2026-03-11T15:32:02+00:00","og_image":[{"width":1200,"height":675,"url":"https:\/\/www.noticiasradioreflejos.com.ar\/2021\/wp-content\/uploads\/2026\/03\/tulipan.webp","type":"image\/webp"}],"author":"Arnaldo Botto","twitter_card":"summary_large_image","schema":{"@context":"https:\/\/schema.org","@graph":[{"@type":"WebPage","@id":"https:\/\/www.noticiasradioreflejos.com.ar\/2021\/cierres-despidos-y-ajustes-la-crisis-industrial-golpea-a-la-fabrica-de-preservativos-tulipan-y-a-las-baterias-moura\/","url":"https:\/\/www.noticiasradioreflejos.com.ar\/2021\/cierres-despidos-y-ajustes-la-crisis-industrial-golpea-a-la-fabrica-de-preservativos-tulipan-y-a-las-baterias-moura\/","name":"Cierres, despidos y ajustes: la crisis industrial golpea a la f\u00e1brica de preservativos Tulip\u00e1n y a las bater\u00edas Moura - Noticias Radio Reflejos","isPartOf":{"@id":"https:\/\/www.noticiasradioreflejos.com.ar\/2021\/#website"},"datePublished":"2026-03-11T15:32:02+00:00","author":{"@id":"https:\/\/www.noticiasradioreflejos.com.ar\/2021\/#\/schema\/person\/ad82545263dcc5ec0996818884fd5fb1"},"breadcrumb":{"@id":"https:\/\/www.noticiasradioreflejos.com.ar\/2021\/cierres-despidos-y-ajustes-la-crisis-industrial-golpea-a-la-fabrica-de-preservativos-tulipan-y-a-las-baterias-moura\/#breadcrumb"},"inLanguage":"es","potentialAction":[{"@type":"ReadAction","target":["https:\/\/www.noticiasradioreflejos.com.ar\/2021\/cierres-despidos-y-ajustes-la-crisis-industrial-golpea-a-la-fabrica-de-preservativos-tulipan-y-a-las-baterias-moura\/"]}]},{"@type":"BreadcrumbList","@id":"https:\/\/www.noticiasradioreflejos.com.ar\/2021\/cierres-despidos-y-ajustes-la-crisis-industrial-golpea-a-la-fabrica-de-preservativos-tulipan-y-a-las-baterias-moura\/#breadcrumb","itemListElement":[{"@type":"ListItem","position":1,"name":"Portada","item":"https:\/\/www.noticiasradioreflejos.com.ar\/2021\/"},{"@type":"ListItem","position":2,"name":"Cierres, despidos y ajustes: la crisis industrial golpea a la f\u00e1brica de preservativos Tulip\u00e1n y a las bater\u00edas Moura"}]},{"@type":"WebSite","@id":"https:\/\/www.noticiasradioreflejos.com.ar\/2021\/#website","url":"https:\/\/www.noticiasradioreflejos.com.ar\/2021\/","name":"Noticias Radio Reflejos","description":"Las noticias de mi comarca","potentialAction":[{"@type":"SearchAction","target":{"@type":"EntryPoint","urlTemplate":"https:\/\/www.noticiasradioreflejos.com.ar\/2021\/?s={search_term_string}"},"query-input":{"@type":"PropertyValueSpecification","valueRequired":true,"valueName":"search_term_string"}}],"inLanguage":"es"},{"@type":"Person","@id":"https:\/\/www.noticiasradioreflejos.com.ar\/2021\/#\/schema\/person\/ad82545263dcc5ec0996818884fd5fb1","name":"Arnaldo Botto","image":{"@type":"ImageObject","inLanguage":"es","@id":"https:\/\/www.noticiasradioreflejos.com.ar\/2021\/#\/schema\/person\/image\/","url":"https:\/\/secure.gravatar.com\/avatar\/55cb5e37c1efa326397366e6974cb338056df65cb50e7d64d1cf314e87504837?s=96&d=mm&r=g","contentUrl":"https:\/\/secure.gravatar.com\/avatar\/55cb5e37c1efa326397366e6974cb338056df65cb50e7d64d1cf314e87504837?s=96&d=mm&r=g","caption":"Arnaldo Botto"},"url":"https:\/\/www.noticiasradioreflejos.com.ar\/2021\/author\/arnaldo\/"}]}},"_links":{"self":[{"href":"https:\/\/www.noticiasradioreflejos.com.ar\/2021\/wp-json\/wp\/v2\/posts\/133930","targetHints":{"allow":["GET"]}}],"collection":[{"href":"https:\/\/www.noticiasradioreflejos.com.ar\/2021\/wp-json\/wp\/v2\/posts"}],"about":[{"href":"https:\/\/www.noticiasradioreflejos.com.ar\/2021\/wp-json\/wp\/v2\/types\/post"}],"author":[{"embeddable":true,"href":"https:\/\/www.noticiasradioreflejos.com.ar\/2021\/wp-json\/wp\/v2\/users\/3"}],"replies":[{"embeddable":true,"href":"https:\/\/www.noticiasradioreflejos.com.ar\/2021\/wp-json\/wp\/v2\/comments?post=133930"}],"version-history":[{"count":1,"href":"https:\/\/www.noticiasradioreflejos.com.ar\/2021\/wp-json\/wp\/v2\/posts\/133930\/revisions"}],"predecessor-version":[{"id":133932,"href":"https:\/\/www.noticiasradioreflejos.com.ar\/2021\/wp-json\/wp\/v2\/posts\/133930\/revisions\/133932"}],"wp:attachment":[{"href":"https:\/\/www.noticiasradioreflejos.com.ar\/2021\/wp-json\/wp\/v2\/media?parent=133930"}],"wp:term":[{"taxonomy":"category","embeddable":true,"href":"https:\/\/www.noticiasradioreflejos.com.ar\/2021\/wp-json\/wp\/v2\/categories?post=133930"},{"taxonomy":"post_tag","embeddable":true,"href":"https:\/\/www.noticiasradioreflejos.com.ar\/2021\/wp-json\/wp\/v2\/tags?post=133930"}],"curies":[{"name":"wp","href":"https:\/\/api.w.org\/{rel}","templated":true}]}}