{"id":133922,"date":"2026-03-11T12:01:28","date_gmt":"2026-03-11T15:01:28","guid":{"rendered":"https:\/\/www.noticiasradioreflejos.com.ar\/2021\/?p=133922"},"modified":"2026-03-11T12:01:28","modified_gmt":"2026-03-11T15:01:28","slug":"centro-universitario-tornquist-abierta-la-preinscripcion-a-la-diplomatura-en-turismo-y-hospitalidad","status":"publish","type":"post","link":"https:\/\/www.noticiasradioreflejos.com.ar\/2021\/centro-universitario-tornquist-abierta-la-preinscripcion-a-la-diplomatura-en-turismo-y-hospitalidad\/","title":{"rendered":"Centro Universitario Tornquist: Abierta la preinscripci\u00f3n a la Diplomatura en Turismo y Hospitalidad"},"content":{"rendered":"<p>Se encuentra abierta, hasta el 31 de marzo, la preinscripci\u00f3n a la Diplomatura Universitaria en Turismo y Hospitalidad, que se dictar\u00e1 a partir de abril en el Centro Universitario \u2018Elsa Kaltembach\u2019 de Tornquist.<!--more--><\/p>\n<p>La diplomatura ser\u00e1 brindada por la Universidad Nacional de Avellaneda (UNDAV), a trav\u00e9s del Programa Puentes. Tendr\u00e1 una duraci\u00f3n de seis meses y la cursada ser\u00e1 bajo modalidad h\u00edbrida. El inicio de la propuesta estar\u00e1 sujeto a que se alcance el cupo m\u00ednimo de inscriptos.<\/p>\n<p>Los interesados deben completar el siguiente formulario:<br \/>\n<a href=\"https:\/\/docs.google.com\/forms\/d\/e\/1FAIpQLSfffq0M2DKhHp3g9rVUpoAwbTnWoBkCPbUmxwJa3l_3kkScLA\/viewform\">https:\/\/docs.google.com\/forms\/d\/e\/1FAIpQLSfffq0M2DKhHp3g9rVUpoAwbTnWoBkCPbUmxwJa3l_3kkScLA\/viewform<\/a>.<\/p>\n<p>Los egresados estar\u00e1n capacitados para concebir el turismo y la cultura en t\u00e9rminos de identidad y patrimonio, generando habilidades para vincular el conocimiento te\u00f3rico con el entorno real y actuando como nexos entre el destino tur\u00edstico y el visitante.<\/p>\n<p>Por consultas, dirigirse al Centro Universitario (Av. E. Tornquist 652), de lunes a viernes de 9 a 15 hs; comunicarse al 2915371701 o por mail a centrouniversitariotqt@gmail.com.<\/p>\n<p>&nbsp;<\/p>\n","protected":false},"excerpt":{"rendered":"<p>Se encuentra abierta, hasta el 31 de marzo, la preinscripci\u00f3n a la Diplomatura Universitaria en Turismo y Hospitalidad, que se dictar\u00e1 a partir de abril en el Centro Universitario \u2018Elsa Kaltembach\u2019 de Tornquist.<\/p>\n","protected":false},"author":3,"featured_media":0,"comment_status":"closed","ping_status":"closed","sticky":false,"template":"","format":"standard","meta":{"footnotes":""},"categories":[34,28],"tags":[],"class_list":["post-133922","post","type-post","status-publish","format-standard","hentry","category-educacion","category-municipales"],"yoast_head":"<!-- This site is optimized with the Yoast SEO plugin v25.9 - https:\/\/yoast.com\/wordpress\/plugins\/seo\/ -->\n<title>Centro Universitario Tornquist: Abierta la preinscripci\u00f3n a la Diplomatura en Turismo y Hospitalidad - Noticias Radio Reflejos<\/title>\n<meta name=\"robots\" content=\"index, follow, max-snippet:-1, max-image-preview:large, max-video-preview:-1\" \/>\n<link rel=\"canonical\" href=\"https:\/\/www.noticiasradioreflejos.com.ar\/2021\/centro-universitario-tornquist-abierta-la-preinscripcion-a-la-diplomatura-en-turismo-y-hospitalidad\/\" \/>\n<meta property=\"og:locale\" content=\"es_ES\" \/>\n<meta property=\"og:type\" content=\"article\" \/>\n<meta property=\"og:title\" content=\"Centro Universitario Tornquist: Abierta la preinscripci\u00f3n a la Diplomatura en Turismo y Hospitalidad - Noticias Radio Reflejos\" \/>\n<meta property=\"og:description\" content=\"Se encuentra abierta, hasta el 31 de marzo, la preinscripci\u00f3n a la Diplomatura Universitaria en Turismo y Hospitalidad, que se dictar\u00e1 a partir de abril en el Centro Universitario \u2018Elsa Kaltembach\u2019 de Tornquist.\" \/>\n<meta property=\"og:url\" content=\"https:\/\/www.noticiasradioreflejos.com.ar\/2021\/centro-universitario-tornquist-abierta-la-preinscripcion-a-la-diplomatura-en-turismo-y-hospitalidad\/\" \/>\n<meta property=\"og:site_name\" content=\"Noticias Radio Reflejos\" \/>\n<meta property=\"article:published_time\" content=\"2026-03-11T15:01:28+00:00\" \/>\n<meta property=\"og:image\" content=\"https:\/\/www.noticiasradioreflejos.com.ar\/2021\/wp-content\/uploads\/2026\/03\/Inscripcio\u0301n_Tornquist_Feed-1.jpg\" \/>\n\t<meta property=\"og:image:width\" content=\"1080\" \/>\n\t<meta property=\"og:image:height\" content=\"1350\" \/>\n\t<meta property=\"og:image:type\" content=\"image\/jpeg\" \/>\n<meta name=\"author\" content=\"Arnaldo Botto\" \/>\n<meta name=\"twitter:card\" content=\"summary_large_image\" \/>\n<script type=\"application\/ld+json\" class=\"yoast-schema-graph\">{\"@context\":\"https:\/\/schema.org\",\"@graph\":[{\"@type\":\"WebPage\",\"@id\":\"https:\/\/www.noticiasradioreflejos.com.ar\/2021\/centro-universitario-tornquist-abierta-la-preinscripcion-a-la-diplomatura-en-turismo-y-hospitalidad\/\",\"url\":\"https:\/\/www.noticiasradioreflejos.com.ar\/2021\/centro-universitario-tornquist-abierta-la-preinscripcion-a-la-diplomatura-en-turismo-y-hospitalidad\/\",\"name\":\"Centro Universitario Tornquist: Abierta la preinscripci\u00f3n a la Diplomatura en Turismo y Hospitalidad - Noticias Radio Reflejos\",\"isPartOf\":{\"@id\":\"https:\/\/www.noticiasradioreflejos.com.ar\/2021\/#website\"},\"datePublished\":\"2026-03-11T15:01:28+00:00\",\"author\":{\"@id\":\"https:\/\/www.noticiasradioreflejos.com.ar\/2021\/#\/schema\/person\/ad82545263dcc5ec0996818884fd5fb1\"},\"breadcrumb\":{\"@id\":\"https:\/\/www.noticiasradioreflejos.com.ar\/2021\/centro-universitario-tornquist-abierta-la-preinscripcion-a-la-diplomatura-en-turismo-y-hospitalidad\/#breadcrumb\"},\"inLanguage\":\"es\",\"potentialAction\":[{\"@type\":\"ReadAction\",\"target\":[\"https:\/\/www.noticiasradioreflejos.com.ar\/2021\/centro-universitario-tornquist-abierta-la-preinscripcion-a-la-diplomatura-en-turismo-y-hospitalidad\/\"]}]},{\"@type\":\"BreadcrumbList\",\"@id\":\"https:\/\/www.noticiasradioreflejos.com.ar\/2021\/centro-universitario-tornquist-abierta-la-preinscripcion-a-la-diplomatura-en-turismo-y-hospitalidad\/#breadcrumb\",\"itemListElement\":[{\"@type\":\"ListItem\",\"position\":1,\"name\":\"Portada\",\"item\":\"https:\/\/www.noticiasradioreflejos.com.ar\/2021\/\"},{\"@type\":\"ListItem\",\"position\":2,\"name\":\"Centro Universitario Tornquist: Abierta la preinscripci\u00f3n a la Diplomatura en Turismo y Hospitalidad\"}]},{\"@type\":\"WebSite\",\"@id\":\"https:\/\/www.noticiasradioreflejos.com.ar\/2021\/#website\",\"url\":\"https:\/\/www.noticiasradioreflejos.com.ar\/2021\/\",\"name\":\"Noticias Radio Reflejos\",\"description\":\"Las noticias de mi comarca\",\"potentialAction\":[{\"@type\":\"SearchAction\",\"target\":{\"@type\":\"EntryPoint\",\"urlTemplate\":\"https:\/\/www.noticiasradioreflejos.com.ar\/2021\/?s={search_term_string}\"},\"query-input\":{\"@type\":\"PropertyValueSpecification\",\"valueRequired\":true,\"valueName\":\"search_term_string\"}}],\"inLanguage\":\"es\"},{\"@type\":\"Person\",\"@id\":\"https:\/\/www.noticiasradioreflejos.com.ar\/2021\/#\/schema\/person\/ad82545263dcc5ec0996818884fd5fb1\",\"name\":\"Arnaldo Botto\",\"image\":{\"@type\":\"ImageObject\",\"inLanguage\":\"es\",\"@id\":\"https:\/\/www.noticiasradioreflejos.com.ar\/2021\/#\/schema\/person\/image\/\",\"url\":\"https:\/\/secure.gravatar.com\/avatar\/55cb5e37c1efa326397366e6974cb338056df65cb50e7d64d1cf314e87504837?s=96&d=mm&r=g\",\"contentUrl\":\"https:\/\/secure.gravatar.com\/avatar\/55cb5e37c1efa326397366e6974cb338056df65cb50e7d64d1cf314e87504837?s=96&d=mm&r=g\",\"caption\":\"Arnaldo Botto\"},\"url\":\"https:\/\/www.noticiasradioreflejos.com.ar\/2021\/author\/arnaldo\/\"}]}<\/script>\n<!-- \/ Yoast SEO plugin. -->","yoast_head_json":{"title":"Centro Universitario Tornquist: Abierta la preinscripci\u00f3n a la Diplomatura en Turismo y Hospitalidad - Noticias Radio Reflejos","robots":{"index":"index","follow":"follow","max-snippet":"max-snippet:-1","max-image-preview":"max-image-preview:large","max-video-preview":"max-video-preview:-1"},"canonical":"https:\/\/www.noticiasradioreflejos.com.ar\/2021\/centro-universitario-tornquist-abierta-la-preinscripcion-a-la-diplomatura-en-turismo-y-hospitalidad\/","og_locale":"es_ES","og_type":"article","og_title":"Centro Universitario Tornquist: Abierta la preinscripci\u00f3n a la Diplomatura en Turismo y Hospitalidad - Noticias Radio Reflejos","og_description":"Se encuentra abierta, hasta el 31 de marzo, la preinscripci\u00f3n a la Diplomatura Universitaria en Turismo y Hospitalidad, que se dictar\u00e1 a partir de abril en el Centro Universitario \u2018Elsa Kaltembach\u2019 de Tornquist.","og_url":"https:\/\/www.noticiasradioreflejos.com.ar\/2021\/centro-universitario-tornquist-abierta-la-preinscripcion-a-la-diplomatura-en-turismo-y-hospitalidad\/","og_site_name":"Noticias Radio Reflejos","article_published_time":"2026-03-11T15:01:28+00:00","og_image":[{"width":1080,"height":1350,"url":"https:\/\/www.noticiasradioreflejos.com.ar\/2021\/wp-content\/uploads\/2026\/03\/Inscripcio\u0301n_Tornquist_Feed-1.jpg","type":"image\/jpeg"}],"author":"Arnaldo Botto","twitter_card":"summary_large_image","schema":{"@context":"https:\/\/schema.org","@graph":[{"@type":"WebPage","@id":"https:\/\/www.noticiasradioreflejos.com.ar\/2021\/centro-universitario-tornquist-abierta-la-preinscripcion-a-la-diplomatura-en-turismo-y-hospitalidad\/","url":"https:\/\/www.noticiasradioreflejos.com.ar\/2021\/centro-universitario-tornquist-abierta-la-preinscripcion-a-la-diplomatura-en-turismo-y-hospitalidad\/","name":"Centro Universitario Tornquist: Abierta la preinscripci\u00f3n a la Diplomatura en Turismo y Hospitalidad - Noticias Radio Reflejos","isPartOf":{"@id":"https:\/\/www.noticiasradioreflejos.com.ar\/2021\/#website"},"datePublished":"2026-03-11T15:01:28+00:00","author":{"@id":"https:\/\/www.noticiasradioreflejos.com.ar\/2021\/#\/schema\/person\/ad82545263dcc5ec0996818884fd5fb1"},"breadcrumb":{"@id":"https:\/\/www.noticiasradioreflejos.com.ar\/2021\/centro-universitario-tornquist-abierta-la-preinscripcion-a-la-diplomatura-en-turismo-y-hospitalidad\/#breadcrumb"},"inLanguage":"es","potentialAction":[{"@type":"ReadAction","target":["https:\/\/www.noticiasradioreflejos.com.ar\/2021\/centro-universitario-tornquist-abierta-la-preinscripcion-a-la-diplomatura-en-turismo-y-hospitalidad\/"]}]},{"@type":"BreadcrumbList","@id":"https:\/\/www.noticiasradioreflejos.com.ar\/2021\/centro-universitario-tornquist-abierta-la-preinscripcion-a-la-diplomatura-en-turismo-y-hospitalidad\/#breadcrumb","itemListElement":[{"@type":"ListItem","position":1,"name":"Portada","item":"https:\/\/www.noticiasradioreflejos.com.ar\/2021\/"},{"@type":"ListItem","position":2,"name":"Centro Universitario Tornquist: Abierta la preinscripci\u00f3n a la Diplomatura en Turismo y Hospitalidad"}]},{"@type":"WebSite","@id":"https:\/\/www.noticiasradioreflejos.com.ar\/2021\/#website","url":"https:\/\/www.noticiasradioreflejos.com.ar\/2021\/","name":"Noticias Radio Reflejos","description":"Las noticias de mi comarca","potentialAction":[{"@type":"SearchAction","target":{"@type":"EntryPoint","urlTemplate":"https:\/\/www.noticiasradioreflejos.com.ar\/2021\/?s={search_term_string}"},"query-input":{"@type":"PropertyValueSpecification","valueRequired":true,"valueName":"search_term_string"}}],"inLanguage":"es"},{"@type":"Person","@id":"https:\/\/www.noticiasradioreflejos.com.ar\/2021\/#\/schema\/person\/ad82545263dcc5ec0996818884fd5fb1","name":"Arnaldo Botto","image":{"@type":"ImageObject","inLanguage":"es","@id":"https:\/\/www.noticiasradioreflejos.com.ar\/2021\/#\/schema\/person\/image\/","url":"https:\/\/secure.gravatar.com\/avatar\/55cb5e37c1efa326397366e6974cb338056df65cb50e7d64d1cf314e87504837?s=96&d=mm&r=g","contentUrl":"https:\/\/secure.gravatar.com\/avatar\/55cb5e37c1efa326397366e6974cb338056df65cb50e7d64d1cf314e87504837?s=96&d=mm&r=g","caption":"Arnaldo Botto"},"url":"https:\/\/www.noticiasradioreflejos.com.ar\/2021\/author\/arnaldo\/"}]}},"_links":{"self":[{"href":"https:\/\/www.noticiasradioreflejos.com.ar\/2021\/wp-json\/wp\/v2\/posts\/133922","targetHints":{"allow":["GET"]}}],"collection":[{"href":"https:\/\/www.noticiasradioreflejos.com.ar\/2021\/wp-json\/wp\/v2\/posts"}],"about":[{"href":"https:\/\/www.noticiasradioreflejos.com.ar\/2021\/wp-json\/wp\/v2\/types\/post"}],"author":[{"embeddable":true,"href":"https:\/\/www.noticiasradioreflejos.com.ar\/2021\/wp-json\/wp\/v2\/users\/3"}],"replies":[{"embeddable":true,"href":"https:\/\/www.noticiasradioreflejos.com.ar\/2021\/wp-json\/wp\/v2\/comments?post=133922"}],"version-history":[{"count":1,"href":"https:\/\/www.noticiasradioreflejos.com.ar\/2021\/wp-json\/wp\/v2\/posts\/133922\/revisions"}],"predecessor-version":[{"id":133924,"href":"https:\/\/www.noticiasradioreflejos.com.ar\/2021\/wp-json\/wp\/v2\/posts\/133922\/revisions\/133924"}],"wp:attachment":[{"href":"https:\/\/www.noticiasradioreflejos.com.ar\/2021\/wp-json\/wp\/v2\/media?parent=133922"}],"wp:term":[{"taxonomy":"category","embeddable":true,"href":"https:\/\/www.noticiasradioreflejos.com.ar\/2021\/wp-json\/wp\/v2\/categories?post=133922"},{"taxonomy":"post_tag","embeddable":true,"href":"https:\/\/www.noticiasradioreflejos.com.ar\/2021\/wp-json\/wp\/v2\/tags?post=133922"}],"curies":[{"name":"wp","href":"https:\/\/api.w.org\/{rel}","templated":true}]}}