{"id":13392,"date":"2017-08-13T19:01:32","date_gmt":"2017-08-13T22:01:32","guid":{"rendered":"http:\/\/www.noticiasradioreflejos.com.ar\/noticias\/?p=13392"},"modified":"2017-08-13T19:01:32","modified_gmt":"2017-08-13T22:01:32","slug":"alerta-meteorologico-por-fuertes-vientos-2","status":"publish","type":"post","link":"https:\/\/www.noticiasradioreflejos.com.ar\/2021\/alerta-meteorologico-por-fuertes-vientos-2\/","title":{"rendered":"Alerta meteorol\u00f3gico por fuertes vientos."},"content":{"rendered":"<p><a title=\"Nueva imagen\" href=\"http:\/\/farm5.staticflickr.com\/4370\/35716498114_c4f624a2f1.jpg\" rel=\"\"><img loading=\"lazy\" decoding=\"async\" class=\"alignleft\" style=\"float: left;\" title=\"Nueva imagen\" src=\"http:\/\/farm5.staticflickr.com\/4370\/35716498114_c4f624a2f1.jpg\" alt=\"Nueva imagen\" width=\"500\" height=\"314\" \/><\/a>El Servicio Meteorol\u00f3gico Nacional emiti\u00f3 a la hora 17,00 de este domingo un nuevo alerta por intensos vientos en el sudoeste de la Provincia de Buenos Aires, en la zona cordillerana y provincias patag\u00f3nicas.<br \/>\nSituaci\u00f3n:<!--more--><br \/>\nSE PREVE QUE EL AREA DE COBERTURA SEA AFECTADA POR VIENTOS INTENSOS DEL NOROESTE, ROTANDO AL OESTE CON VELOCIDADES ENTRE 60 Y 100 KM\/H, CON RAFAGAS DE HASTA 120 KM\/H. LAS MAYORES VELOCIDADES SE PREVEN SOBRE LA ZONA CORDILLERANA DEL SUR DE MENDOZA, NEUQUEN Y EL CENTRO Y OESTE DE RIO NEGRO Y CHUBUT. SE ESPERA TAMBIEN LA OCURRENCIA DE VIENTO ZONDA SOBRE LA ZONA CORDILLERANA DEL SUR DE MENDOZA Y OESTE DE NEUQUEN. LAS CONDICIONES MEJORARAN DURANTE LA MA\u00d1ANA DEL LUNES 14 EN EL ESTE DEL AREA DE COBERTURA, MIENTRAS QUE EN EL RESTO DE LA REGION LOS VIENTOS SE MANTENDRAN POR LO MENOS HASTA EL MEDIODIA DEL MARTES 15.<\/p>\n","protected":false},"excerpt":{"rendered":"<p>El Servicio Meteorol\u00f3gico Nacional emiti\u00f3 a la hora 17,00 de este domingo un nuevo alerta por intensos vientos en el sudoeste de la Provincia de Buenos Aires, en la zona cordillerana y provincias patag\u00f3nicas. Situaci\u00f3n:<\/p>\n","protected":false},"author":3,"featured_media":0,"comment_status":"closed","ping_status":"open","sticky":false,"template":"","format":"standard","meta":{"footnotes":""},"categories":[26],"tags":[],"class_list":["post-13392","post","type-post","status-publish","format-standard","hentry","category-sociedad"],"yoast_head":"<!-- This site is optimized with the Yoast SEO plugin v25.9 - https:\/\/yoast.com\/wordpress\/plugins\/seo\/ -->\n<title>Alerta meteorol\u00f3gico por fuertes vientos. - Noticias Radio Reflejos<\/title>\n<meta name=\"robots\" content=\"index, follow, max-snippet:-1, max-image-preview:large, max-video-preview:-1\" \/>\n<link rel=\"canonical\" href=\"https:\/\/www.noticiasradioreflejos.com.ar\/2021\/alerta-meteorologico-por-fuertes-vientos-2\/\" \/>\n<meta property=\"og:locale\" content=\"es_ES\" \/>\n<meta property=\"og:type\" content=\"article\" \/>\n<meta property=\"og:title\" content=\"Alerta meteorol\u00f3gico por fuertes vientos. - Noticias Radio Reflejos\" \/>\n<meta property=\"og:description\" content=\"El Servicio Meteorol\u00f3gico Nacional emiti\u00f3 a la hora 17,00 de este domingo un nuevo alerta por intensos vientos en el sudoeste de la Provincia de Buenos Aires, en la zona cordillerana y provincias patag\u00f3nicas. Situaci\u00f3n:\" \/>\n<meta property=\"og:url\" content=\"https:\/\/www.noticiasradioreflejos.com.ar\/2021\/alerta-meteorologico-por-fuertes-vientos-2\/\" \/>\n<meta property=\"og:site_name\" content=\"Noticias Radio Reflejos\" \/>\n<meta property=\"article:published_time\" content=\"2017-08-13T22:01:32+00:00\" \/>\n<meta property=\"og:image\" content=\"http:\/\/farm5.staticflickr.com\/4370\/35716498114_c4f624a2f1.jpg\" \/>\n<meta name=\"author\" content=\"Arnaldo Botto\" \/>\n<meta name=\"twitter:card\" content=\"summary_large_image\" \/>\n<script type=\"application\/ld+json\" class=\"yoast-schema-graph\">{\"@context\":\"https:\/\/schema.org\",\"@graph\":[{\"@type\":\"WebPage\",\"@id\":\"https:\/\/www.noticiasradioreflejos.com.ar\/2021\/alerta-meteorologico-por-fuertes-vientos-2\/\",\"url\":\"https:\/\/www.noticiasradioreflejos.com.ar\/2021\/alerta-meteorologico-por-fuertes-vientos-2\/\",\"name\":\"Alerta meteorol\u00f3gico por fuertes vientos. - Noticias Radio Reflejos\",\"isPartOf\":{\"@id\":\"https:\/\/www.noticiasradioreflejos.com.ar\/2021\/#website\"},\"primaryImageOfPage\":{\"@id\":\"https:\/\/www.noticiasradioreflejos.com.ar\/2021\/alerta-meteorologico-por-fuertes-vientos-2\/#primaryimage\"},\"image\":{\"@id\":\"https:\/\/www.noticiasradioreflejos.com.ar\/2021\/alerta-meteorologico-por-fuertes-vientos-2\/#primaryimage\"},\"thumbnailUrl\":\"http:\/\/farm5.staticflickr.com\/4370\/35716498114_c4f624a2f1.jpg\",\"datePublished\":\"2017-08-13T22:01:32+00:00\",\"author\":{\"@id\":\"https:\/\/www.noticiasradioreflejos.com.ar\/2021\/#\/schema\/person\/ad82545263dcc5ec0996818884fd5fb1\"},\"breadcrumb\":{\"@id\":\"https:\/\/www.noticiasradioreflejos.com.ar\/2021\/alerta-meteorologico-por-fuertes-vientos-2\/#breadcrumb\"},\"inLanguage\":\"es\",\"potentialAction\":[{\"@type\":\"ReadAction\",\"target\":[\"https:\/\/www.noticiasradioreflejos.com.ar\/2021\/alerta-meteorologico-por-fuertes-vientos-2\/\"]}]},{\"@type\":\"ImageObject\",\"inLanguage\":\"es\",\"@id\":\"https:\/\/www.noticiasradioreflejos.com.ar\/2021\/alerta-meteorologico-por-fuertes-vientos-2\/#primaryimage\",\"url\":\"http:\/\/farm5.staticflickr.com\/4370\/35716498114_c4f624a2f1.jpg\",\"contentUrl\":\"http:\/\/farm5.staticflickr.com\/4370\/35716498114_c4f624a2f1.jpg\"},{\"@type\":\"BreadcrumbList\",\"@id\":\"https:\/\/www.noticiasradioreflejos.com.ar\/2021\/alerta-meteorologico-por-fuertes-vientos-2\/#breadcrumb\",\"itemListElement\":[{\"@type\":\"ListItem\",\"position\":1,\"name\":\"Portada\",\"item\":\"https:\/\/www.noticiasradioreflejos.com.ar\/2021\/\"},{\"@type\":\"ListItem\",\"position\":2,\"name\":\"Alerta meteorol\u00f3gico por fuertes vientos.\"}]},{\"@type\":\"WebSite\",\"@id\":\"https:\/\/www.noticiasradioreflejos.com.ar\/2021\/#website\",\"url\":\"https:\/\/www.noticiasradioreflejos.com.ar\/2021\/\",\"name\":\"Noticias Radio Reflejos\",\"description\":\"Las noticias de mi comarca\",\"potentialAction\":[{\"@type\":\"SearchAction\",\"target\":{\"@type\":\"EntryPoint\",\"urlTemplate\":\"https:\/\/www.noticiasradioreflejos.com.ar\/2021\/?s={search_term_string}\"},\"query-input\":{\"@type\":\"PropertyValueSpecification\",\"valueRequired\":true,\"valueName\":\"search_term_string\"}}],\"inLanguage\":\"es\"},{\"@type\":\"Person\",\"@id\":\"https:\/\/www.noticiasradioreflejos.com.ar\/2021\/#\/schema\/person\/ad82545263dcc5ec0996818884fd5fb1\",\"name\":\"Arnaldo Botto\",\"image\":{\"@type\":\"ImageObject\",\"inLanguage\":\"es\",\"@id\":\"https:\/\/www.noticiasradioreflejos.com.ar\/2021\/#\/schema\/person\/image\/\",\"url\":\"https:\/\/secure.gravatar.com\/avatar\/55cb5e37c1efa326397366e6974cb338056df65cb50e7d64d1cf314e87504837?s=96&d=mm&r=g\",\"contentUrl\":\"https:\/\/secure.gravatar.com\/avatar\/55cb5e37c1efa326397366e6974cb338056df65cb50e7d64d1cf314e87504837?s=96&d=mm&r=g\",\"caption\":\"Arnaldo Botto\"},\"url\":\"https:\/\/www.noticiasradioreflejos.com.ar\/2021\/author\/arnaldo\/\"}]}<\/script>\n<!-- \/ Yoast SEO plugin. -->","yoast_head_json":{"title":"Alerta meteorol\u00f3gico por fuertes vientos. - Noticias Radio Reflejos","robots":{"index":"index","follow":"follow","max-snippet":"max-snippet:-1","max-image-preview":"max-image-preview:large","max-video-preview":"max-video-preview:-1"},"canonical":"https:\/\/www.noticiasradioreflejos.com.ar\/2021\/alerta-meteorologico-por-fuertes-vientos-2\/","og_locale":"es_ES","og_type":"article","og_title":"Alerta meteorol\u00f3gico por fuertes vientos. - Noticias Radio Reflejos","og_description":"El Servicio Meteorol\u00f3gico Nacional emiti\u00f3 a la hora 17,00 de este domingo un nuevo alerta por intensos vientos en el sudoeste de la Provincia de Buenos Aires, en la zona cordillerana y provincias patag\u00f3nicas. Situaci\u00f3n:","og_url":"https:\/\/www.noticiasradioreflejos.com.ar\/2021\/alerta-meteorologico-por-fuertes-vientos-2\/","og_site_name":"Noticias Radio Reflejos","article_published_time":"2017-08-13T22:01:32+00:00","og_image":[{"url":"http:\/\/farm5.staticflickr.com\/4370\/35716498114_c4f624a2f1.jpg","type":"","width":"","height":""}],"author":"Arnaldo Botto","twitter_card":"summary_large_image","schema":{"@context":"https:\/\/schema.org","@graph":[{"@type":"WebPage","@id":"https:\/\/www.noticiasradioreflejos.com.ar\/2021\/alerta-meteorologico-por-fuertes-vientos-2\/","url":"https:\/\/www.noticiasradioreflejos.com.ar\/2021\/alerta-meteorologico-por-fuertes-vientos-2\/","name":"Alerta meteorol\u00f3gico por fuertes vientos. - Noticias Radio Reflejos","isPartOf":{"@id":"https:\/\/www.noticiasradioreflejos.com.ar\/2021\/#website"},"primaryImageOfPage":{"@id":"https:\/\/www.noticiasradioreflejos.com.ar\/2021\/alerta-meteorologico-por-fuertes-vientos-2\/#primaryimage"},"image":{"@id":"https:\/\/www.noticiasradioreflejos.com.ar\/2021\/alerta-meteorologico-por-fuertes-vientos-2\/#primaryimage"},"thumbnailUrl":"http:\/\/farm5.staticflickr.com\/4370\/35716498114_c4f624a2f1.jpg","datePublished":"2017-08-13T22:01:32+00:00","author":{"@id":"https:\/\/www.noticiasradioreflejos.com.ar\/2021\/#\/schema\/person\/ad82545263dcc5ec0996818884fd5fb1"},"breadcrumb":{"@id":"https:\/\/www.noticiasradioreflejos.com.ar\/2021\/alerta-meteorologico-por-fuertes-vientos-2\/#breadcrumb"},"inLanguage":"es","potentialAction":[{"@type":"ReadAction","target":["https:\/\/www.noticiasradioreflejos.com.ar\/2021\/alerta-meteorologico-por-fuertes-vientos-2\/"]}]},{"@type":"ImageObject","inLanguage":"es","@id":"https:\/\/www.noticiasradioreflejos.com.ar\/2021\/alerta-meteorologico-por-fuertes-vientos-2\/#primaryimage","url":"http:\/\/farm5.staticflickr.com\/4370\/35716498114_c4f624a2f1.jpg","contentUrl":"http:\/\/farm5.staticflickr.com\/4370\/35716498114_c4f624a2f1.jpg"},{"@type":"BreadcrumbList","@id":"https:\/\/www.noticiasradioreflejos.com.ar\/2021\/alerta-meteorologico-por-fuertes-vientos-2\/#breadcrumb","itemListElement":[{"@type":"ListItem","position":1,"name":"Portada","item":"https:\/\/www.noticiasradioreflejos.com.ar\/2021\/"},{"@type":"ListItem","position":2,"name":"Alerta meteorol\u00f3gico por fuertes vientos."}]},{"@type":"WebSite","@id":"https:\/\/www.noticiasradioreflejos.com.ar\/2021\/#website","url":"https:\/\/www.noticiasradioreflejos.com.ar\/2021\/","name":"Noticias Radio Reflejos","description":"Las noticias de mi comarca","potentialAction":[{"@type":"SearchAction","target":{"@type":"EntryPoint","urlTemplate":"https:\/\/www.noticiasradioreflejos.com.ar\/2021\/?s={search_term_string}"},"query-input":{"@type":"PropertyValueSpecification","valueRequired":true,"valueName":"search_term_string"}}],"inLanguage":"es"},{"@type":"Person","@id":"https:\/\/www.noticiasradioreflejos.com.ar\/2021\/#\/schema\/person\/ad82545263dcc5ec0996818884fd5fb1","name":"Arnaldo Botto","image":{"@type":"ImageObject","inLanguage":"es","@id":"https:\/\/www.noticiasradioreflejos.com.ar\/2021\/#\/schema\/person\/image\/","url":"https:\/\/secure.gravatar.com\/avatar\/55cb5e37c1efa326397366e6974cb338056df65cb50e7d64d1cf314e87504837?s=96&d=mm&r=g","contentUrl":"https:\/\/secure.gravatar.com\/avatar\/55cb5e37c1efa326397366e6974cb338056df65cb50e7d64d1cf314e87504837?s=96&d=mm&r=g","caption":"Arnaldo Botto"},"url":"https:\/\/www.noticiasradioreflejos.com.ar\/2021\/author\/arnaldo\/"}]}},"_links":{"self":[{"href":"https:\/\/www.noticiasradioreflejos.com.ar\/2021\/wp-json\/wp\/v2\/posts\/13392","targetHints":{"allow":["GET"]}}],"collection":[{"href":"https:\/\/www.noticiasradioreflejos.com.ar\/2021\/wp-json\/wp\/v2\/posts"}],"about":[{"href":"https:\/\/www.noticiasradioreflejos.com.ar\/2021\/wp-json\/wp\/v2\/types\/post"}],"author":[{"embeddable":true,"href":"https:\/\/www.noticiasradioreflejos.com.ar\/2021\/wp-json\/wp\/v2\/users\/3"}],"replies":[{"embeddable":true,"href":"https:\/\/www.noticiasradioreflejos.com.ar\/2021\/wp-json\/wp\/v2\/comments?post=13392"}],"version-history":[{"count":0,"href":"https:\/\/www.noticiasradioreflejos.com.ar\/2021\/wp-json\/wp\/v2\/posts\/13392\/revisions"}],"wp:attachment":[{"href":"https:\/\/www.noticiasradioreflejos.com.ar\/2021\/wp-json\/wp\/v2\/media?parent=13392"}],"wp:term":[{"taxonomy":"category","embeddable":true,"href":"https:\/\/www.noticiasradioreflejos.com.ar\/2021\/wp-json\/wp\/v2\/categories?post=13392"},{"taxonomy":"post_tag","embeddable":true,"href":"https:\/\/www.noticiasradioreflejos.com.ar\/2021\/wp-json\/wp\/v2\/tags?post=13392"}],"curies":[{"name":"wp","href":"https:\/\/api.w.org\/{rel}","templated":true}]}}