{"id":133913,"date":"2026-03-11T16:37:41","date_gmt":"2026-03-11T19:37:41","guid":{"rendered":"https:\/\/www.noticiasradioreflejos.com.ar\/2021\/?p=133913"},"modified":"2026-03-11T16:37:41","modified_gmt":"2026-03-11T19:37:41","slug":"una-comunidad-que-se-enriquece-intelectualmente-es-mucho-mas-interesante-el-nivel-superior-de-tornquist-puso-en-marcha-su-ciclo-lectivo","status":"publish","type":"post","link":"https:\/\/www.noticiasradioreflejos.com.ar\/2021\/una-comunidad-que-se-enriquece-intelectualmente-es-mucho-mas-interesante-el-nivel-superior-de-tornquist-puso-en-marcha-su-ciclo-lectivo\/","title":{"rendered":"\u00abUna comunidad que se enriquece intelectualmente es mucho m\u00e1s interesante\u00bb: El nivel superior de Tornquist puso en marcha su ciclo lectivo"},"content":{"rendered":"<p data-path-to-node=\"4,1\">Con un cronograma escalonado y una fuerte apuesta al Profesorado de Ingl\u00e9s, el director Guillermo Di Notolo reafirm\u00f3 el compromiso del instituto con la formaci\u00f3n profesional y el desarrollo colectivo de la zona.<!--more--><\/p>\n<p data-path-to-node=\"2\"><b data-path-to-node=\"2\" data-index-in-node=\"0\">El director de la instituci\u00f3n, Guillermo Di Notolo, brind\u00f3 detalles sobre el cronograma de inicio de clases y destac\u00f3 la importancia de cubrir la demanda regional de docentes de idiomas. Pese a los desaf\u00edos econ\u00f3micos y de transporte que enfrentan los alumnos de la zona, las autoridades reafirmaron el valor del esfuerzo acad\u00e9mico como motor de crecimiento para la comunidad.<\/b><\/p>\n<p data-path-to-node=\"3\"><!--more--><\/p>\n<p data-path-to-node=\"4\">El nivel superior de Tornquist se pone en marcha con un cronograma escalonado que busca organizar el regreso a las aulas de cientos de estudiantes. Seg\u00fan explic\u00f3 el director de la instituci\u00f3n, Guillermo Di Notolo, el trabajo administrativo y de planificaci\u00f3n comenz\u00f3 a mediados de febrero para dar paso al inicio lectivo formal: \u00abYa empezamos desde el 15 de febrero con la preparaci\u00f3n de algunas actividades y el lunes que viene estamos empezando con las clases de alumnos de la Tecnicatura Superior en Enfermer\u00eda y del Profesorado de Educaci\u00f3n Primaria. La semana siguiente, estaremos dando inicio a las clases de dos carreras m\u00e1s; el profesorado de Ingl\u00e9s y la Tecnicatura de Acompa\u00f1amiento Terap\u00e9utico\u00bb.<\/p>\n<p data-path-to-node=\"5\">Una de las grandes expectativas de este a\u00f1o se centra en el Profesorado de Ingl\u00e9s, una carrera estrat\u00e9gica debido a la hist\u00f3rica falta de profesionales de esta disciplina en el distrito. Al respecto, Di Notolo se mostr\u00f3 entusiasmado con la respuesta de la matr\u00edcula: \u00abHay un grupo interesante de unos 25 inscriptos. Los estamos esperando, tenemos mucha expectativa, porque es algo nuevo para nosotros\u00bb. Adem\u00e1s, resalt\u00f3 que este ciclo lectivo incorpora la novedad de un piso de conocimiento b\u00e1sico para todas las carreras, mediante el uso de cuadernillos de estudios previos: \u00abEstamos satisfechos. Los invitamos a todos los que tienen alg\u00fan inter\u00e9s, que puedan hacerlo. Con esto nos pueden ir comunicando sus necesidades y dificultades\u00bb.<\/p>\n<p data-path-to-node=\"6\">El director no fue ajeno a las complicaciones que enfrentan los estudiantes de localidades vecinas para sostener sus estudios presenciales en la cabecera del partido. \u00abInvitar a la comunidad de Sierra, Saldungaray. Sabemos de los costos de moverse hasta Tornquist para estudiar, pero volvemos a invitarlos porque es un esfuerzo que vale la pena, porque estudiar vale la pena. E intentaremos subsanar las dificultades posibles\u00bb, expres\u00f3, reafirmando el compromiso del instituto con la inclusi\u00f3n educativa frente a la crisis econ\u00f3mica.<\/p>\n<p data-path-to-node=\"7\">Finalmente, Di Notolo subray\u00f3 que la apuesta por la educaci\u00f3n superior es, en \u00faltima instancia, una apuesta por el crecimiento colectivo de la zona. \u00abUna comunidad que se enriquece intelectualmente, es una comunidad mucho m\u00e1s interesante. Por eso apostamos a la educaci\u00f3n\u00bb, concluy\u00f3, mencionando tambi\u00e9n que, aunque esta vez no se concret\u00f3 la apertura, el Profesorado de Lengua y Literatura y el de Educaci\u00f3n Especial siguen siendo de los m\u00e1s demandados por los vecinos para futuras convocatorias.<\/p>\n<p>&nbsp;<\/p>\n<audio class=\"wp-audio-shortcode\" id=\"audio-133913-1\" preload=\"none\" style=\"width: 100%;\" controls=\"controls\"><source type=\"audio\/mpeg\" src=\"https:\/\/www.noticiasradioreflejos.com.ar\/2021\/wp-content\/uploads\/2026\/03\/Guillermo-Di-notolo.mp3?_=1\" \/><a href=\"https:\/\/www.noticiasradioreflejos.com.ar\/2021\/wp-content\/uploads\/2026\/03\/Guillermo-Di-notolo.mp3\">https:\/\/www.noticiasradioreflejos.com.ar\/2021\/wp-content\/uploads\/2026\/03\/Guillermo-Di-notolo.mp3<\/a><\/audio>\n","protected":false},"excerpt":{"rendered":"<p>Con un cronograma escalonado y una fuerte apuesta al Profesorado de Ingl\u00e9s, el director Guillermo Di Notolo reafirm\u00f3 el compromiso del instituto con la formaci\u00f3n profesional y el desarrollo colectivo de la zona.<\/p>\n","protected":false},"author":3,"featured_media":113929,"comment_status":"closed","ping_status":"closed","sticky":false,"template":"","format":"standard","meta":{"footnotes":""},"categories":[34],"tags":[48],"class_list":["post-133913","post","type-post","status-publish","format-standard","has-post-thumbnail","hentry","category-educacion","tag-destacada"],"yoast_head":"<!-- This site is optimized with the Yoast SEO plugin v25.9 - https:\/\/yoast.com\/wordpress\/plugins\/seo\/ -->\n<title>&quot;Una comunidad que se enriquece intelectualmente es mucho m\u00e1s interesante&quot;: El nivel superior de Tornquist puso en marcha su ciclo lectivo - Noticias Radio Reflejos<\/title>\n<meta name=\"robots\" content=\"index, follow, max-snippet:-1, max-image-preview:large, max-video-preview:-1\" \/>\n<link rel=\"canonical\" href=\"https:\/\/www.noticiasradioreflejos.com.ar\/2021\/una-comunidad-que-se-enriquece-intelectualmente-es-mucho-mas-interesante-el-nivel-superior-de-tornquist-puso-en-marcha-su-ciclo-lectivo\/\" \/>\n<meta property=\"og:locale\" content=\"es_ES\" \/>\n<meta property=\"og:type\" content=\"article\" \/>\n<meta property=\"og:title\" content=\"&quot;Una comunidad que se enriquece intelectualmente es mucho m\u00e1s interesante&quot;: El nivel superior de Tornquist puso en marcha su ciclo lectivo - Noticias Radio Reflejos\" \/>\n<meta property=\"og:description\" content=\"Con un cronograma escalonado y una fuerte apuesta al Profesorado de Ingl\u00e9s, el director Guillermo Di Notolo reafirm\u00f3 el compromiso del instituto con la formaci\u00f3n profesional y el desarrollo colectivo de la zona.\" \/>\n<meta property=\"og:url\" content=\"https:\/\/www.noticiasradioreflejos.com.ar\/2021\/una-comunidad-que-se-enriquece-intelectualmente-es-mucho-mas-interesante-el-nivel-superior-de-tornquist-puso-en-marcha-su-ciclo-lectivo\/\" \/>\n<meta property=\"og:site_name\" content=\"Noticias Radio Reflejos\" \/>\n<meta property=\"article:published_time\" content=\"2026-03-11T19:37:41+00:00\" \/>\n<meta property=\"og:image\" content=\"https:\/\/www.noticiasradioreflejos.com.ar\/2021\/wp-content\/uploads\/2025\/03\/unidad-Academica.jpg\" \/>\n\t<meta property=\"og:image:width\" content=\"1124\" \/>\n\t<meta property=\"og:image:height\" content=\"632\" \/>\n\t<meta property=\"og:image:type\" content=\"image\/jpeg\" \/>\n<meta name=\"author\" content=\"Arnaldo Botto\" \/>\n<meta name=\"twitter:card\" content=\"summary_large_image\" \/>\n<script type=\"application\/ld+json\" class=\"yoast-schema-graph\">{\"@context\":\"https:\/\/schema.org\",\"@graph\":[{\"@type\":\"WebPage\",\"@id\":\"https:\/\/www.noticiasradioreflejos.com.ar\/2021\/una-comunidad-que-se-enriquece-intelectualmente-es-mucho-mas-interesante-el-nivel-superior-de-tornquist-puso-en-marcha-su-ciclo-lectivo\/\",\"url\":\"https:\/\/www.noticiasradioreflejos.com.ar\/2021\/una-comunidad-que-se-enriquece-intelectualmente-es-mucho-mas-interesante-el-nivel-superior-de-tornquist-puso-en-marcha-su-ciclo-lectivo\/\",\"name\":\"\\\"Una comunidad que se enriquece intelectualmente es mucho m\u00e1s interesante\\\": El nivel superior de Tornquist puso en marcha su ciclo lectivo - Noticias Radio Reflejos\",\"isPartOf\":{\"@id\":\"https:\/\/www.noticiasradioreflejos.com.ar\/2021\/#website\"},\"primaryImageOfPage\":{\"@id\":\"https:\/\/www.noticiasradioreflejos.com.ar\/2021\/una-comunidad-que-se-enriquece-intelectualmente-es-mucho-mas-interesante-el-nivel-superior-de-tornquist-puso-en-marcha-su-ciclo-lectivo\/#primaryimage\"},\"image\":{\"@id\":\"https:\/\/www.noticiasradioreflejos.com.ar\/2021\/una-comunidad-que-se-enriquece-intelectualmente-es-mucho-mas-interesante-el-nivel-superior-de-tornquist-puso-en-marcha-su-ciclo-lectivo\/#primaryimage\"},\"thumbnailUrl\":\"https:\/\/www.noticiasradioreflejos.com.ar\/2021\/wp-content\/uploads\/2025\/03\/unidad-Academica.jpg\",\"datePublished\":\"2026-03-11T19:37:41+00:00\",\"author\":{\"@id\":\"https:\/\/www.noticiasradioreflejos.com.ar\/2021\/#\/schema\/person\/ad82545263dcc5ec0996818884fd5fb1\"},\"breadcrumb\":{\"@id\":\"https:\/\/www.noticiasradioreflejos.com.ar\/2021\/una-comunidad-que-se-enriquece-intelectualmente-es-mucho-mas-interesante-el-nivel-superior-de-tornquist-puso-en-marcha-su-ciclo-lectivo\/#breadcrumb\"},\"inLanguage\":\"es\",\"potentialAction\":[{\"@type\":\"ReadAction\",\"target\":[\"https:\/\/www.noticiasradioreflejos.com.ar\/2021\/una-comunidad-que-se-enriquece-intelectualmente-es-mucho-mas-interesante-el-nivel-superior-de-tornquist-puso-en-marcha-su-ciclo-lectivo\/\"]}]},{\"@type\":\"ImageObject\",\"inLanguage\":\"es\",\"@id\":\"https:\/\/www.noticiasradioreflejos.com.ar\/2021\/una-comunidad-que-se-enriquece-intelectualmente-es-mucho-mas-interesante-el-nivel-superior-de-tornquist-puso-en-marcha-su-ciclo-lectivo\/#primaryimage\",\"url\":\"https:\/\/www.noticiasradioreflejos.com.ar\/2021\/wp-content\/uploads\/2025\/03\/unidad-Academica.jpg\",\"contentUrl\":\"https:\/\/www.noticiasradioreflejos.com.ar\/2021\/wp-content\/uploads\/2025\/03\/unidad-Academica.jpg\",\"width\":1124,\"height\":632},{\"@type\":\"BreadcrumbList\",\"@id\":\"https:\/\/www.noticiasradioreflejos.com.ar\/2021\/una-comunidad-que-se-enriquece-intelectualmente-es-mucho-mas-interesante-el-nivel-superior-de-tornquist-puso-en-marcha-su-ciclo-lectivo\/#breadcrumb\",\"itemListElement\":[{\"@type\":\"ListItem\",\"position\":1,\"name\":\"Portada\",\"item\":\"https:\/\/www.noticiasradioreflejos.com.ar\/2021\/\"},{\"@type\":\"ListItem\",\"position\":2,\"name\":\"\u00abUna comunidad que se enriquece intelectualmente es mucho m\u00e1s interesante\u00bb: El nivel superior de Tornquist puso en marcha su ciclo lectivo\"}]},{\"@type\":\"WebSite\",\"@id\":\"https:\/\/www.noticiasradioreflejos.com.ar\/2021\/#website\",\"url\":\"https:\/\/www.noticiasradioreflejos.com.ar\/2021\/\",\"name\":\"Noticias Radio Reflejos\",\"description\":\"Las noticias de mi comarca\",\"potentialAction\":[{\"@type\":\"SearchAction\",\"target\":{\"@type\":\"EntryPoint\",\"urlTemplate\":\"https:\/\/www.noticiasradioreflejos.com.ar\/2021\/?s={search_term_string}\"},\"query-input\":{\"@type\":\"PropertyValueSpecification\",\"valueRequired\":true,\"valueName\":\"search_term_string\"}}],\"inLanguage\":\"es\"},{\"@type\":\"Person\",\"@id\":\"https:\/\/www.noticiasradioreflejos.com.ar\/2021\/#\/schema\/person\/ad82545263dcc5ec0996818884fd5fb1\",\"name\":\"Arnaldo Botto\",\"image\":{\"@type\":\"ImageObject\",\"inLanguage\":\"es\",\"@id\":\"https:\/\/www.noticiasradioreflejos.com.ar\/2021\/#\/schema\/person\/image\/\",\"url\":\"https:\/\/secure.gravatar.com\/avatar\/55cb5e37c1efa326397366e6974cb338056df65cb50e7d64d1cf314e87504837?s=96&d=mm&r=g\",\"contentUrl\":\"https:\/\/secure.gravatar.com\/avatar\/55cb5e37c1efa326397366e6974cb338056df65cb50e7d64d1cf314e87504837?s=96&d=mm&r=g\",\"caption\":\"Arnaldo Botto\"},\"url\":\"https:\/\/www.noticiasradioreflejos.com.ar\/2021\/author\/arnaldo\/\"}]}<\/script>\n<!-- \/ Yoast SEO plugin. -->","yoast_head_json":{"title":"\"Una comunidad que se enriquece intelectualmente es mucho m\u00e1s interesante\": El nivel superior de Tornquist puso en marcha su ciclo lectivo - Noticias Radio Reflejos","robots":{"index":"index","follow":"follow","max-snippet":"max-snippet:-1","max-image-preview":"max-image-preview:large","max-video-preview":"max-video-preview:-1"},"canonical":"https:\/\/www.noticiasradioreflejos.com.ar\/2021\/una-comunidad-que-se-enriquece-intelectualmente-es-mucho-mas-interesante-el-nivel-superior-de-tornquist-puso-en-marcha-su-ciclo-lectivo\/","og_locale":"es_ES","og_type":"article","og_title":"\"Una comunidad que se enriquece intelectualmente es mucho m\u00e1s interesante\": El nivel superior de Tornquist puso en marcha su ciclo lectivo - Noticias Radio Reflejos","og_description":"Con un cronograma escalonado y una fuerte apuesta al Profesorado de Ingl\u00e9s, el director Guillermo Di Notolo reafirm\u00f3 el compromiso del instituto con la formaci\u00f3n profesional y el desarrollo colectivo de la zona.","og_url":"https:\/\/www.noticiasradioreflejos.com.ar\/2021\/una-comunidad-que-se-enriquece-intelectualmente-es-mucho-mas-interesante-el-nivel-superior-de-tornquist-puso-en-marcha-su-ciclo-lectivo\/","og_site_name":"Noticias Radio Reflejos","article_published_time":"2026-03-11T19:37:41+00:00","og_image":[{"width":1124,"height":632,"url":"https:\/\/www.noticiasradioreflejos.com.ar\/2021\/wp-content\/uploads\/2025\/03\/unidad-Academica.jpg","type":"image\/jpeg"}],"author":"Arnaldo Botto","twitter_card":"summary_large_image","schema":{"@context":"https:\/\/schema.org","@graph":[{"@type":"WebPage","@id":"https:\/\/www.noticiasradioreflejos.com.ar\/2021\/una-comunidad-que-se-enriquece-intelectualmente-es-mucho-mas-interesante-el-nivel-superior-de-tornquist-puso-en-marcha-su-ciclo-lectivo\/","url":"https:\/\/www.noticiasradioreflejos.com.ar\/2021\/una-comunidad-que-se-enriquece-intelectualmente-es-mucho-mas-interesante-el-nivel-superior-de-tornquist-puso-en-marcha-su-ciclo-lectivo\/","name":"\"Una comunidad que se enriquece intelectualmente es mucho m\u00e1s interesante\": El nivel superior de Tornquist puso en marcha su ciclo lectivo - Noticias Radio Reflejos","isPartOf":{"@id":"https:\/\/www.noticiasradioreflejos.com.ar\/2021\/#website"},"primaryImageOfPage":{"@id":"https:\/\/www.noticiasradioreflejos.com.ar\/2021\/una-comunidad-que-se-enriquece-intelectualmente-es-mucho-mas-interesante-el-nivel-superior-de-tornquist-puso-en-marcha-su-ciclo-lectivo\/#primaryimage"},"image":{"@id":"https:\/\/www.noticiasradioreflejos.com.ar\/2021\/una-comunidad-que-se-enriquece-intelectualmente-es-mucho-mas-interesante-el-nivel-superior-de-tornquist-puso-en-marcha-su-ciclo-lectivo\/#primaryimage"},"thumbnailUrl":"https:\/\/www.noticiasradioreflejos.com.ar\/2021\/wp-content\/uploads\/2025\/03\/unidad-Academica.jpg","datePublished":"2026-03-11T19:37:41+00:00","author":{"@id":"https:\/\/www.noticiasradioreflejos.com.ar\/2021\/#\/schema\/person\/ad82545263dcc5ec0996818884fd5fb1"},"breadcrumb":{"@id":"https:\/\/www.noticiasradioreflejos.com.ar\/2021\/una-comunidad-que-se-enriquece-intelectualmente-es-mucho-mas-interesante-el-nivel-superior-de-tornquist-puso-en-marcha-su-ciclo-lectivo\/#breadcrumb"},"inLanguage":"es","potentialAction":[{"@type":"ReadAction","target":["https:\/\/www.noticiasradioreflejos.com.ar\/2021\/una-comunidad-que-se-enriquece-intelectualmente-es-mucho-mas-interesante-el-nivel-superior-de-tornquist-puso-en-marcha-su-ciclo-lectivo\/"]}]},{"@type":"ImageObject","inLanguage":"es","@id":"https:\/\/www.noticiasradioreflejos.com.ar\/2021\/una-comunidad-que-se-enriquece-intelectualmente-es-mucho-mas-interesante-el-nivel-superior-de-tornquist-puso-en-marcha-su-ciclo-lectivo\/#primaryimage","url":"https:\/\/www.noticiasradioreflejos.com.ar\/2021\/wp-content\/uploads\/2025\/03\/unidad-Academica.jpg","contentUrl":"https:\/\/www.noticiasradioreflejos.com.ar\/2021\/wp-content\/uploads\/2025\/03\/unidad-Academica.jpg","width":1124,"height":632},{"@type":"BreadcrumbList","@id":"https:\/\/www.noticiasradioreflejos.com.ar\/2021\/una-comunidad-que-se-enriquece-intelectualmente-es-mucho-mas-interesante-el-nivel-superior-de-tornquist-puso-en-marcha-su-ciclo-lectivo\/#breadcrumb","itemListElement":[{"@type":"ListItem","position":1,"name":"Portada","item":"https:\/\/www.noticiasradioreflejos.com.ar\/2021\/"},{"@type":"ListItem","position":2,"name":"\u00abUna comunidad que se enriquece intelectualmente es mucho m\u00e1s interesante\u00bb: El nivel superior de Tornquist puso en marcha su ciclo lectivo"}]},{"@type":"WebSite","@id":"https:\/\/www.noticiasradioreflejos.com.ar\/2021\/#website","url":"https:\/\/www.noticiasradioreflejos.com.ar\/2021\/","name":"Noticias Radio Reflejos","description":"Las noticias de mi comarca","potentialAction":[{"@type":"SearchAction","target":{"@type":"EntryPoint","urlTemplate":"https:\/\/www.noticiasradioreflejos.com.ar\/2021\/?s={search_term_string}"},"query-input":{"@type":"PropertyValueSpecification","valueRequired":true,"valueName":"search_term_string"}}],"inLanguage":"es"},{"@type":"Person","@id":"https:\/\/www.noticiasradioreflejos.com.ar\/2021\/#\/schema\/person\/ad82545263dcc5ec0996818884fd5fb1","name":"Arnaldo Botto","image":{"@type":"ImageObject","inLanguage":"es","@id":"https:\/\/www.noticiasradioreflejos.com.ar\/2021\/#\/schema\/person\/image\/","url":"https:\/\/secure.gravatar.com\/avatar\/55cb5e37c1efa326397366e6974cb338056df65cb50e7d64d1cf314e87504837?s=96&d=mm&r=g","contentUrl":"https:\/\/secure.gravatar.com\/avatar\/55cb5e37c1efa326397366e6974cb338056df65cb50e7d64d1cf314e87504837?s=96&d=mm&r=g","caption":"Arnaldo Botto"},"url":"https:\/\/www.noticiasradioreflejos.com.ar\/2021\/author\/arnaldo\/"}]}},"_links":{"self":[{"href":"https:\/\/www.noticiasradioreflejos.com.ar\/2021\/wp-json\/wp\/v2\/posts\/133913","targetHints":{"allow":["GET"]}}],"collection":[{"href":"https:\/\/www.noticiasradioreflejos.com.ar\/2021\/wp-json\/wp\/v2\/posts"}],"about":[{"href":"https:\/\/www.noticiasradioreflejos.com.ar\/2021\/wp-json\/wp\/v2\/types\/post"}],"author":[{"embeddable":true,"href":"https:\/\/www.noticiasradioreflejos.com.ar\/2021\/wp-json\/wp\/v2\/users\/3"}],"replies":[{"embeddable":true,"href":"https:\/\/www.noticiasradioreflejos.com.ar\/2021\/wp-json\/wp\/v2\/comments?post=133913"}],"version-history":[{"count":3,"href":"https:\/\/www.noticiasradioreflejos.com.ar\/2021\/wp-json\/wp\/v2\/posts\/133913\/revisions"}],"predecessor-version":[{"id":133941,"href":"https:\/\/www.noticiasradioreflejos.com.ar\/2021\/wp-json\/wp\/v2\/posts\/133913\/revisions\/133941"}],"wp:featuredmedia":[{"embeddable":true,"href":"https:\/\/www.noticiasradioreflejos.com.ar\/2021\/wp-json\/wp\/v2\/media\/113929"}],"wp:attachment":[{"href":"https:\/\/www.noticiasradioreflejos.com.ar\/2021\/wp-json\/wp\/v2\/media?parent=133913"}],"wp:term":[{"taxonomy":"category","embeddable":true,"href":"https:\/\/www.noticiasradioreflejos.com.ar\/2021\/wp-json\/wp\/v2\/categories?post=133913"},{"taxonomy":"post_tag","embeddable":true,"href":"https:\/\/www.noticiasradioreflejos.com.ar\/2021\/wp-json\/wp\/v2\/tags?post=133913"}],"curies":[{"name":"wp","href":"https:\/\/api.w.org\/{rel}","templated":true}]}}