{"id":133906,"date":"2026-03-11T08:52:11","date_gmt":"2026-03-11T11:52:11","guid":{"rendered":"https:\/\/www.noticiasradioreflejos.com.ar\/2021\/?p=133906"},"modified":"2026-03-11T08:52:11","modified_gmt":"2026-03-11T11:52:11","slug":"coopersive-informa-corte-en-el-servicio-de-tv-por-falla-en-la-fibra-optica","status":"publish","type":"post","link":"https:\/\/www.noticiasradioreflejos.com.ar\/2021\/coopersive-informa-corte-en-el-servicio-de-tv-por-falla-en-la-fibra-optica\/","title":{"rendered":"Coopersive informa: Corte en el servicio de TV por falla en la fibra \u00f3ptica"},"content":{"rendered":"<p>La Cooperativa de Provisi\u00f3n de Servicios El\u00e9ctricos y Otros Servicios P\u00fablicos de Sierra de la Ventana (Coopersive Ltda.) comunica a sus asociados que el servicio de televisi\u00f3n se encuentra interrumpido debido a una aver\u00eda t\u00e9cnica en la zona de San Andr\u00e9s. El servicio de internet no se ve afectado por este inconveniente.<\/p>\n<p><!--more--><\/p>\n<p>Coopersive Ltda. informa que, debido a causas ajenas a la operatividad interna, se ha producido un corte en la conexi\u00f3n de fibra \u00f3ptica que abastece a la localidad desde Tornquist, espec\u00edficamente en el sector de San Andr\u00e9s. Esta situaci\u00f3n ha dejado sin servicio de <b data-path-to-node=\"3\" data-index-in-node=\"289\">TV Digital<\/b> a todos los usuarios de la zona.<\/p>\n<p data-path-to-node=\"5,0,0\">El personal t\u00e9cnico se encuentra a la espera de la reparaci\u00f3n de la l\u00ednea troncal para normalizar la prestaci\u00f3n; por su parte el servicio de internet sigue funcionando con normalidad. Se aclara que la conectividad de datos se mantiene estable ya que es abastecida desde la localidad de Punta Alta por una v\u00eda independiente.<\/p>\n<p data-path-to-node=\"7\">Por el momento, no se cuenta con precisiones exactas sobre el tiempo que demandar\u00e1 la reparaci\u00f3n de la fibra \u00f3ptica y el restablecimiento definitivo de la se\u00f1al de televisi\u00f3n. La Cooperativa mantendr\u00e1 informados a sus asociados ante cualquier novedad.<\/p>\n<p data-path-to-node=\"8\">Desde la instituci\u00f3n se ruega a los usuarios sepan disculpar las molestias ocasionadas por este corte en el suministro de servicios digitales.<\/p>\n","protected":false},"excerpt":{"rendered":"<p>La Cooperativa de Provisi\u00f3n de Servicios El\u00e9ctricos y Otros Servicios P\u00fablicos de Sierra de la Ventana (Coopersive Ltda.) comunica a sus asociados que el servicio de televisi\u00f3n se encuentra interrumpido debido a una aver\u00eda t\u00e9cnica en la zona de San Andr\u00e9s. El servicio de internet no se ve afectado por este inconveniente.<\/p>\n","protected":false},"author":3,"featured_media":128723,"comment_status":"closed","ping_status":"closed","sticky":false,"template":"","format":"standard","meta":{"footnotes":""},"categories":[26],"tags":[],"class_list":["post-133906","post","type-post","status-publish","format-standard","has-post-thumbnail","hentry","category-sociedad"],"yoast_head":"<!-- This site is optimized with the Yoast SEO plugin v25.9 - https:\/\/yoast.com\/wordpress\/plugins\/seo\/ -->\n<title>Coopersive informa: Corte en el servicio de TV por falla en la fibra \u00f3ptica - Noticias Radio Reflejos<\/title>\n<meta name=\"robots\" content=\"index, follow, max-snippet:-1, max-image-preview:large, max-video-preview:-1\" \/>\n<link rel=\"canonical\" href=\"https:\/\/www.noticiasradioreflejos.com.ar\/2021\/coopersive-informa-corte-en-el-servicio-de-tv-por-falla-en-la-fibra-optica\/\" \/>\n<meta property=\"og:locale\" content=\"es_ES\" \/>\n<meta property=\"og:type\" content=\"article\" \/>\n<meta property=\"og:title\" content=\"Coopersive informa: Corte en el servicio de TV por falla en la fibra \u00f3ptica - Noticias Radio Reflejos\" \/>\n<meta property=\"og:description\" content=\"La Cooperativa de Provisi\u00f3n de Servicios El\u00e9ctricos y Otros Servicios P\u00fablicos de Sierra de la Ventana (Coopersive Ltda.) comunica a sus asociados que el servicio de televisi\u00f3n se encuentra interrumpido debido a una aver\u00eda t\u00e9cnica en la zona de San Andr\u00e9s. El servicio de internet no se ve afectado por este inconveniente.\" \/>\n<meta property=\"og:url\" content=\"https:\/\/www.noticiasradioreflejos.com.ar\/2021\/coopersive-informa-corte-en-el-servicio-de-tv-por-falla-en-la-fibra-optica\/\" \/>\n<meta property=\"og:site_name\" content=\"Noticias Radio Reflejos\" \/>\n<meta property=\"article:published_time\" content=\"2026-03-11T11:52:11+00:00\" \/>\n<meta property=\"og:image\" content=\"https:\/\/www.noticiasradioreflejos.com.ar\/2021\/wp-content\/uploads\/2025\/11\/tv.webp\" \/>\n\t<meta property=\"og:image:width\" content=\"1200\" \/>\n\t<meta property=\"og:image:height\" content=\"675\" \/>\n\t<meta property=\"og:image:type\" content=\"image\/webp\" \/>\n<meta name=\"author\" content=\"Arnaldo Botto\" \/>\n<meta name=\"twitter:card\" content=\"summary_large_image\" \/>\n<script type=\"application\/ld+json\" class=\"yoast-schema-graph\">{\"@context\":\"https:\/\/schema.org\",\"@graph\":[{\"@type\":\"WebPage\",\"@id\":\"https:\/\/www.noticiasradioreflejos.com.ar\/2021\/coopersive-informa-corte-en-el-servicio-de-tv-por-falla-en-la-fibra-optica\/\",\"url\":\"https:\/\/www.noticiasradioreflejos.com.ar\/2021\/coopersive-informa-corte-en-el-servicio-de-tv-por-falla-en-la-fibra-optica\/\",\"name\":\"Coopersive informa: Corte en el servicio de TV por falla en la fibra \u00f3ptica - Noticias Radio Reflejos\",\"isPartOf\":{\"@id\":\"https:\/\/www.noticiasradioreflejos.com.ar\/2021\/#website\"},\"primaryImageOfPage\":{\"@id\":\"https:\/\/www.noticiasradioreflejos.com.ar\/2021\/coopersive-informa-corte-en-el-servicio-de-tv-por-falla-en-la-fibra-optica\/#primaryimage\"},\"image\":{\"@id\":\"https:\/\/www.noticiasradioreflejos.com.ar\/2021\/coopersive-informa-corte-en-el-servicio-de-tv-por-falla-en-la-fibra-optica\/#primaryimage\"},\"thumbnailUrl\":\"https:\/\/www.noticiasradioreflejos.com.ar\/2021\/wp-content\/uploads\/2025\/11\/tv.webp\",\"datePublished\":\"2026-03-11T11:52:11+00:00\",\"author\":{\"@id\":\"https:\/\/www.noticiasradioreflejos.com.ar\/2021\/#\/schema\/person\/ad82545263dcc5ec0996818884fd5fb1\"},\"breadcrumb\":{\"@id\":\"https:\/\/www.noticiasradioreflejos.com.ar\/2021\/coopersive-informa-corte-en-el-servicio-de-tv-por-falla-en-la-fibra-optica\/#breadcrumb\"},\"inLanguage\":\"es\",\"potentialAction\":[{\"@type\":\"ReadAction\",\"target\":[\"https:\/\/www.noticiasradioreflejos.com.ar\/2021\/coopersive-informa-corte-en-el-servicio-de-tv-por-falla-en-la-fibra-optica\/\"]}]},{\"@type\":\"ImageObject\",\"inLanguage\":\"es\",\"@id\":\"https:\/\/www.noticiasradioreflejos.com.ar\/2021\/coopersive-informa-corte-en-el-servicio-de-tv-por-falla-en-la-fibra-optica\/#primaryimage\",\"url\":\"https:\/\/www.noticiasradioreflejos.com.ar\/2021\/wp-content\/uploads\/2025\/11\/tv.webp\",\"contentUrl\":\"https:\/\/www.noticiasradioreflejos.com.ar\/2021\/wp-content\/uploads\/2025\/11\/tv.webp\",\"width\":1200,\"height\":675},{\"@type\":\"BreadcrumbList\",\"@id\":\"https:\/\/www.noticiasradioreflejos.com.ar\/2021\/coopersive-informa-corte-en-el-servicio-de-tv-por-falla-en-la-fibra-optica\/#breadcrumb\",\"itemListElement\":[{\"@type\":\"ListItem\",\"position\":1,\"name\":\"Portada\",\"item\":\"https:\/\/www.noticiasradioreflejos.com.ar\/2021\/\"},{\"@type\":\"ListItem\",\"position\":2,\"name\":\"Coopersive informa: Corte en el servicio de TV por falla en la fibra \u00f3ptica\"}]},{\"@type\":\"WebSite\",\"@id\":\"https:\/\/www.noticiasradioreflejos.com.ar\/2021\/#website\",\"url\":\"https:\/\/www.noticiasradioreflejos.com.ar\/2021\/\",\"name\":\"Noticias Radio Reflejos\",\"description\":\"Las noticias de mi comarca\",\"potentialAction\":[{\"@type\":\"SearchAction\",\"target\":{\"@type\":\"EntryPoint\",\"urlTemplate\":\"https:\/\/www.noticiasradioreflejos.com.ar\/2021\/?s={search_term_string}\"},\"query-input\":{\"@type\":\"PropertyValueSpecification\",\"valueRequired\":true,\"valueName\":\"search_term_string\"}}],\"inLanguage\":\"es\"},{\"@type\":\"Person\",\"@id\":\"https:\/\/www.noticiasradioreflejos.com.ar\/2021\/#\/schema\/person\/ad82545263dcc5ec0996818884fd5fb1\",\"name\":\"Arnaldo Botto\",\"image\":{\"@type\":\"ImageObject\",\"inLanguage\":\"es\",\"@id\":\"https:\/\/www.noticiasradioreflejos.com.ar\/2021\/#\/schema\/person\/image\/\",\"url\":\"https:\/\/secure.gravatar.com\/avatar\/55cb5e37c1efa326397366e6974cb338056df65cb50e7d64d1cf314e87504837?s=96&d=mm&r=g\",\"contentUrl\":\"https:\/\/secure.gravatar.com\/avatar\/55cb5e37c1efa326397366e6974cb338056df65cb50e7d64d1cf314e87504837?s=96&d=mm&r=g\",\"caption\":\"Arnaldo Botto\"},\"url\":\"https:\/\/www.noticiasradioreflejos.com.ar\/2021\/author\/arnaldo\/\"}]}<\/script>\n<!-- \/ Yoast SEO plugin. -->","yoast_head_json":{"title":"Coopersive informa: Corte en el servicio de TV por falla en la fibra \u00f3ptica - Noticias Radio Reflejos","robots":{"index":"index","follow":"follow","max-snippet":"max-snippet:-1","max-image-preview":"max-image-preview:large","max-video-preview":"max-video-preview:-1"},"canonical":"https:\/\/www.noticiasradioreflejos.com.ar\/2021\/coopersive-informa-corte-en-el-servicio-de-tv-por-falla-en-la-fibra-optica\/","og_locale":"es_ES","og_type":"article","og_title":"Coopersive informa: Corte en el servicio de TV por falla en la fibra \u00f3ptica - Noticias Radio Reflejos","og_description":"La Cooperativa de Provisi\u00f3n de Servicios El\u00e9ctricos y Otros Servicios P\u00fablicos de Sierra de la Ventana (Coopersive Ltda.) comunica a sus asociados que el servicio de televisi\u00f3n se encuentra interrumpido debido a una aver\u00eda t\u00e9cnica en la zona de San Andr\u00e9s. El servicio de internet no se ve afectado por este inconveniente.","og_url":"https:\/\/www.noticiasradioreflejos.com.ar\/2021\/coopersive-informa-corte-en-el-servicio-de-tv-por-falla-en-la-fibra-optica\/","og_site_name":"Noticias Radio Reflejos","article_published_time":"2026-03-11T11:52:11+00:00","og_image":[{"width":1200,"height":675,"url":"https:\/\/www.noticiasradioreflejos.com.ar\/2021\/wp-content\/uploads\/2025\/11\/tv.webp","type":"image\/webp"}],"author":"Arnaldo Botto","twitter_card":"summary_large_image","schema":{"@context":"https:\/\/schema.org","@graph":[{"@type":"WebPage","@id":"https:\/\/www.noticiasradioreflejos.com.ar\/2021\/coopersive-informa-corte-en-el-servicio-de-tv-por-falla-en-la-fibra-optica\/","url":"https:\/\/www.noticiasradioreflejos.com.ar\/2021\/coopersive-informa-corte-en-el-servicio-de-tv-por-falla-en-la-fibra-optica\/","name":"Coopersive informa: Corte en el servicio de TV por falla en la fibra \u00f3ptica - Noticias Radio Reflejos","isPartOf":{"@id":"https:\/\/www.noticiasradioreflejos.com.ar\/2021\/#website"},"primaryImageOfPage":{"@id":"https:\/\/www.noticiasradioreflejos.com.ar\/2021\/coopersive-informa-corte-en-el-servicio-de-tv-por-falla-en-la-fibra-optica\/#primaryimage"},"image":{"@id":"https:\/\/www.noticiasradioreflejos.com.ar\/2021\/coopersive-informa-corte-en-el-servicio-de-tv-por-falla-en-la-fibra-optica\/#primaryimage"},"thumbnailUrl":"https:\/\/www.noticiasradioreflejos.com.ar\/2021\/wp-content\/uploads\/2025\/11\/tv.webp","datePublished":"2026-03-11T11:52:11+00:00","author":{"@id":"https:\/\/www.noticiasradioreflejos.com.ar\/2021\/#\/schema\/person\/ad82545263dcc5ec0996818884fd5fb1"},"breadcrumb":{"@id":"https:\/\/www.noticiasradioreflejos.com.ar\/2021\/coopersive-informa-corte-en-el-servicio-de-tv-por-falla-en-la-fibra-optica\/#breadcrumb"},"inLanguage":"es","potentialAction":[{"@type":"ReadAction","target":["https:\/\/www.noticiasradioreflejos.com.ar\/2021\/coopersive-informa-corte-en-el-servicio-de-tv-por-falla-en-la-fibra-optica\/"]}]},{"@type":"ImageObject","inLanguage":"es","@id":"https:\/\/www.noticiasradioreflejos.com.ar\/2021\/coopersive-informa-corte-en-el-servicio-de-tv-por-falla-en-la-fibra-optica\/#primaryimage","url":"https:\/\/www.noticiasradioreflejos.com.ar\/2021\/wp-content\/uploads\/2025\/11\/tv.webp","contentUrl":"https:\/\/www.noticiasradioreflejos.com.ar\/2021\/wp-content\/uploads\/2025\/11\/tv.webp","width":1200,"height":675},{"@type":"BreadcrumbList","@id":"https:\/\/www.noticiasradioreflejos.com.ar\/2021\/coopersive-informa-corte-en-el-servicio-de-tv-por-falla-en-la-fibra-optica\/#breadcrumb","itemListElement":[{"@type":"ListItem","position":1,"name":"Portada","item":"https:\/\/www.noticiasradioreflejos.com.ar\/2021\/"},{"@type":"ListItem","position":2,"name":"Coopersive informa: Corte en el servicio de TV por falla en la fibra \u00f3ptica"}]},{"@type":"WebSite","@id":"https:\/\/www.noticiasradioreflejos.com.ar\/2021\/#website","url":"https:\/\/www.noticiasradioreflejos.com.ar\/2021\/","name":"Noticias Radio Reflejos","description":"Las noticias de mi comarca","potentialAction":[{"@type":"SearchAction","target":{"@type":"EntryPoint","urlTemplate":"https:\/\/www.noticiasradioreflejos.com.ar\/2021\/?s={search_term_string}"},"query-input":{"@type":"PropertyValueSpecification","valueRequired":true,"valueName":"search_term_string"}}],"inLanguage":"es"},{"@type":"Person","@id":"https:\/\/www.noticiasradioreflejos.com.ar\/2021\/#\/schema\/person\/ad82545263dcc5ec0996818884fd5fb1","name":"Arnaldo Botto","image":{"@type":"ImageObject","inLanguage":"es","@id":"https:\/\/www.noticiasradioreflejos.com.ar\/2021\/#\/schema\/person\/image\/","url":"https:\/\/secure.gravatar.com\/avatar\/55cb5e37c1efa326397366e6974cb338056df65cb50e7d64d1cf314e87504837?s=96&d=mm&r=g","contentUrl":"https:\/\/secure.gravatar.com\/avatar\/55cb5e37c1efa326397366e6974cb338056df65cb50e7d64d1cf314e87504837?s=96&d=mm&r=g","caption":"Arnaldo Botto"},"url":"https:\/\/www.noticiasradioreflejos.com.ar\/2021\/author\/arnaldo\/"}]}},"_links":{"self":[{"href":"https:\/\/www.noticiasradioreflejos.com.ar\/2021\/wp-json\/wp\/v2\/posts\/133906","targetHints":{"allow":["GET"]}}],"collection":[{"href":"https:\/\/www.noticiasradioreflejos.com.ar\/2021\/wp-json\/wp\/v2\/posts"}],"about":[{"href":"https:\/\/www.noticiasradioreflejos.com.ar\/2021\/wp-json\/wp\/v2\/types\/post"}],"author":[{"embeddable":true,"href":"https:\/\/www.noticiasradioreflejos.com.ar\/2021\/wp-json\/wp\/v2\/users\/3"}],"replies":[{"embeddable":true,"href":"https:\/\/www.noticiasradioreflejos.com.ar\/2021\/wp-json\/wp\/v2\/comments?post=133906"}],"version-history":[{"count":1,"href":"https:\/\/www.noticiasradioreflejos.com.ar\/2021\/wp-json\/wp\/v2\/posts\/133906\/revisions"}],"predecessor-version":[{"id":133907,"href":"https:\/\/www.noticiasradioreflejos.com.ar\/2021\/wp-json\/wp\/v2\/posts\/133906\/revisions\/133907"}],"wp:featuredmedia":[{"embeddable":true,"href":"https:\/\/www.noticiasradioreflejos.com.ar\/2021\/wp-json\/wp\/v2\/media\/128723"}],"wp:attachment":[{"href":"https:\/\/www.noticiasradioreflejos.com.ar\/2021\/wp-json\/wp\/v2\/media?parent=133906"}],"wp:term":[{"taxonomy":"category","embeddable":true,"href":"https:\/\/www.noticiasradioreflejos.com.ar\/2021\/wp-json\/wp\/v2\/categories?post=133906"},{"taxonomy":"post_tag","embeddable":true,"href":"https:\/\/www.noticiasradioreflejos.com.ar\/2021\/wp-json\/wp\/v2\/tags?post=133906"}],"curies":[{"name":"wp","href":"https:\/\/api.w.org\/{rel}","templated":true}]}}