{"id":133904,"date":"2026-03-11T08:01:30","date_gmt":"2026-03-11T11:01:30","guid":{"rendered":"https:\/\/www.noticiasradioreflejos.com.ar\/2021\/?p=133904"},"modified":"2026-03-11T08:01:30","modified_gmt":"2026-03-11T11:01:30","slug":"alerta-en-colegios-privados-bonaerenses-por-la-presion-tributaria-municipal-y-el-atraso-arancelario","status":"publish","type":"post","link":"https:\/\/www.noticiasradioreflejos.com.ar\/2021\/alerta-en-colegios-privados-bonaerenses-por-la-presion-tributaria-municipal-y-el-atraso-arancelario\/","title":{"rendered":"Alerta en colegios privados bonaerenses por la presi\u00f3n tributaria municipal y el atraso arancelario"},"content":{"rendered":"<p data-path-to-node=\"2,1\">\u00a0La Asociaci\u00f3n de Institutos de Ense\u00f1anza Privada (AIEPBA) advierte que la creaci\u00f3n de nuevas tasas locales, como la reciente ordenanza en Pilar, pone en riesgo la estabilidad financiera de las escuelas. En un contexto de paritarias docentes y alta morosidad, el sector teme que el modelo de \u00abpresi\u00f3n impositiva sobre pymes\u00bb se extienda a otros distritos de la provincia.<!--more--><br \/>\nEl sistema de educaci\u00f3n privada en la provincia de Buenos Aires, que alcanza casi el 30% de la cobertura educativa y contiene a m\u00e1s de 1.3 millones de alumnos, atraviesa un escenario de creciente incertidumbre. A las dificultades financieras que vienen arrastrando muchas instituciones \u2014marcadas por el atraso en la actualizaci\u00f3n de cuotas, el aumento de costos y la ca\u00edda de la matr\u00edcula\u2014 se suma ahora una nueva preocupaci\u00f3n: la presi\u00f3n impositiva que comienzan a aplicar algunos distritos y que podr\u00edan extenderse a otros municipios.<\/p>\n<p>Uno de los casos que encendi\u00f3 la alarma en el sector es el de Pilar, donde el Concejo Deliberante aprob\u00f3 la ordenanza 112\/25 que aumenta el 100% la tasa de seguridad e higiene y establece una contribuci\u00f3n obligatoria \u00a0de 7.500 pesos mensuales por cada empleado de las pymes, categor\u00eda en la que tambi\u00e9n quedan encuadradas las escuelas privadas.<\/p>\n<p>Mart\u00edn Zurita, secretario ejecutivo de la Asociaci\u00f3n de Institutos de Ense\u00f1anza Privada de la Rep\u00fablica Argentina (AIEPA), explic\u00f3 que esta medida puede provocar un fuerte impacto en las instituciones educativas, que suelen contar con planteles numerosos. \u201cUna escuela privada es una pyme particular, porque no tiene cuatro o cinco empleados. En promedio tiene entre 60 y 120 personas trabajando como m\u00ednimo \u201d, se\u00f1al\u00f3.<\/p>\n<p>De acuerdo con los c\u00e1lculos del sector, una instituci\u00f3n de tama\u00f1o medio podr\u00eda llegar a pagar entre 1,5 y 2 millones de pesos por mes en tasas municipales, lo que representar\u00eda m\u00e1s de 20 millones de pesos al a\u00f1o.<\/p>\n<p>\u201cEn el contexto actual es realmente inexplicable esta situaci\u00f3n para nuestro sector. No se est\u00e1 teniendo en cuenta la realidad econ\u00f3mica de las escuelas\u201d, sostuvo Zurita, quien adelant\u00f3 que la entidad eval\u00faa distintas medidas para que las autoridades municipales reconsideren la decisi\u00f3n.<\/p>\n<p><b>Aumento salarial docente y presi\u00f3n sobre las cuotas<\/b><\/p>\n<p>El escenario se vuelve a\u00fan m\u00e1s complejo por la negociaci\u00f3n paritaria docente en la provincia. Seg\u00fan explic\u00f3 Zurita, el Gobierno bonaerense ofreci\u00f3 un incremento salarial del 9% en tres tramos, que se sumar\u00eda a los aumentos previos otorgados a fines del a\u00f1o pasado.<\/p>\n<p>Desde el sector educativo privado aseguran que no cuestionan las mejoras salariales, pero advierten que necesitan que se autorice una actualizaci\u00f3n equivalente en los aranceles para poder afrontar los pagos.<\/p>\n<p>\u201cLas escuelas tienen que pagar los aumentos salariales, pero si no se autorizan ajustes en las cuotas se genera un problema financiero muy grave, dif\u00edcil de afrontar\u201d, explic\u00f3.<\/p>\n<p>En la provincia de Buenos Aires, alrededor del 70% de los colegios privados reciben aporte estatal, lo que implica que los incrementos de cuotas deben ser autorizados por el gobierno provincial.<\/p>\n<p><b>Cierres de escuelas y ca\u00edda de matr\u00edcula<\/b><\/p>\n<p>Zurita tambi\u00e9n se refiri\u00f3 a los cierres de instituciones educativas privadas registrados en los \u00faltimos a\u00f1os, algunos de ellos en el conurbano y tambi\u00e9n en la ciudad de La Plata.<\/p>\n<p>Seg\u00fan indic\u00f3, se trata de un fen\u00f3meno que comenz\u00f3 a notarse con mayor fuerza despu\u00e9s de la pandemia y que responde a una combinaci\u00f3n de factores.<\/p>\n<p>Entre ellos mencion\u00f3 la ca\u00edda de la natalidad, la disminuci\u00f3n de la matr\u00edcula \u2014con unos 300 mil alumnos menos en todo el sistema educativo en los \u00faltimos cuatro a\u00f1os\u2014, el atraso en los aranceles, el aumento de tarifas de servicios p\u00fablicos y las dificultades econ\u00f3micas de muchas familias que como consecuencia hizo aumentar \u00a0los porcentajes de morosidad.<\/p>\n<p>\u201cHay escuelas que no cerraron pero cuya situaci\u00f3n es cr\u00edtica, est\u00e1n endeudadas o tomando cr\u00e9ditos para poder pagar sueldos y cargas sociales\u201d, explic\u00f3.<\/p>\n","protected":false},"excerpt":{"rendered":"<p>\u00a0La Asociaci\u00f3n de Institutos de Ense\u00f1anza Privada (AIEPBA) advierte que la creaci\u00f3n de nuevas tasas locales, como la reciente ordenanza en Pilar, pone en riesgo la estabilidad financiera de las escuelas. En un contexto de paritarias docentes y alta morosidad, el sector teme que el modelo de \u00abpresi\u00f3n impositiva sobre pymes\u00bb se extienda a otros [&hellip;]<\/p>\n","protected":false},"author":3,"featured_media":101722,"comment_status":"closed","ping_status":"closed","sticky":false,"template":"","format":"standard","meta":{"footnotes":""},"categories":[36,34],"tags":[48],"class_list":["post-133904","post","type-post","status-publish","format-standard","has-post-thumbnail","hentry","category-economia","category-educacion","tag-destacada"],"yoast_head":"<!-- This site is optimized with the Yoast SEO plugin v25.9 - https:\/\/yoast.com\/wordpress\/plugins\/seo\/ -->\n<title>Alerta en colegios privados bonaerenses por la presi\u00f3n tributaria municipal y el atraso arancelario - Noticias Radio Reflejos<\/title>\n<meta name=\"robots\" content=\"index, follow, max-snippet:-1, max-image-preview:large, max-video-preview:-1\" \/>\n<link rel=\"canonical\" href=\"https:\/\/www.noticiasradioreflejos.com.ar\/2021\/alerta-en-colegios-privados-bonaerenses-por-la-presion-tributaria-municipal-y-el-atraso-arancelario\/\" \/>\n<meta property=\"og:locale\" content=\"es_ES\" \/>\n<meta property=\"og:type\" content=\"article\" \/>\n<meta property=\"og:title\" content=\"Alerta en colegios privados bonaerenses por la presi\u00f3n tributaria municipal y el atraso arancelario - Noticias Radio Reflejos\" \/>\n<meta property=\"og:description\" content=\"\u00a0La Asociaci\u00f3n de Institutos de Ense\u00f1anza Privada (AIEPBA) advierte que la creaci\u00f3n de nuevas tasas locales, como la reciente ordenanza en Pilar, pone en riesgo la estabilidad financiera de las escuelas. En un contexto de paritarias docentes y alta morosidad, el sector teme que el modelo de \u00abpresi\u00f3n impositiva sobre pymes\u00bb se extienda a otros [&hellip;]\" \/>\n<meta property=\"og:url\" content=\"https:\/\/www.noticiasradioreflejos.com.ar\/2021\/alerta-en-colegios-privados-bonaerenses-por-la-presion-tributaria-municipal-y-el-atraso-arancelario\/\" \/>\n<meta property=\"og:site_name\" content=\"Noticias Radio Reflejos\" \/>\n<meta property=\"article:published_time\" content=\"2026-03-11T11:01:30+00:00\" \/>\n<meta property=\"og:image\" content=\"https:\/\/www.noticiasradioreflejos.com.ar\/2021\/wp-content\/uploads\/2024\/04\/colegio-privado-1024x576-1.jpg\" \/>\n\t<meta property=\"og:image:width\" content=\"1024\" \/>\n\t<meta property=\"og:image:height\" content=\"576\" \/>\n\t<meta property=\"og:image:type\" content=\"image\/jpeg\" \/>\n<meta name=\"author\" content=\"Arnaldo Botto\" \/>\n<meta name=\"twitter:card\" content=\"summary_large_image\" \/>\n<script type=\"application\/ld+json\" class=\"yoast-schema-graph\">{\"@context\":\"https:\/\/schema.org\",\"@graph\":[{\"@type\":\"WebPage\",\"@id\":\"https:\/\/www.noticiasradioreflejos.com.ar\/2021\/alerta-en-colegios-privados-bonaerenses-por-la-presion-tributaria-municipal-y-el-atraso-arancelario\/\",\"url\":\"https:\/\/www.noticiasradioreflejos.com.ar\/2021\/alerta-en-colegios-privados-bonaerenses-por-la-presion-tributaria-municipal-y-el-atraso-arancelario\/\",\"name\":\"Alerta en colegios privados bonaerenses por la presi\u00f3n tributaria municipal y el atraso arancelario - Noticias Radio Reflejos\",\"isPartOf\":{\"@id\":\"https:\/\/www.noticiasradioreflejos.com.ar\/2021\/#website\"},\"primaryImageOfPage\":{\"@id\":\"https:\/\/www.noticiasradioreflejos.com.ar\/2021\/alerta-en-colegios-privados-bonaerenses-por-la-presion-tributaria-municipal-y-el-atraso-arancelario\/#primaryimage\"},\"image\":{\"@id\":\"https:\/\/www.noticiasradioreflejos.com.ar\/2021\/alerta-en-colegios-privados-bonaerenses-por-la-presion-tributaria-municipal-y-el-atraso-arancelario\/#primaryimage\"},\"thumbnailUrl\":\"https:\/\/www.noticiasradioreflejos.com.ar\/2021\/wp-content\/uploads\/2024\/04\/colegio-privado-1024x576-1.jpg\",\"datePublished\":\"2026-03-11T11:01:30+00:00\",\"author\":{\"@id\":\"https:\/\/www.noticiasradioreflejos.com.ar\/2021\/#\/schema\/person\/ad82545263dcc5ec0996818884fd5fb1\"},\"breadcrumb\":{\"@id\":\"https:\/\/www.noticiasradioreflejos.com.ar\/2021\/alerta-en-colegios-privados-bonaerenses-por-la-presion-tributaria-municipal-y-el-atraso-arancelario\/#breadcrumb\"},\"inLanguage\":\"es\",\"potentialAction\":[{\"@type\":\"ReadAction\",\"target\":[\"https:\/\/www.noticiasradioreflejos.com.ar\/2021\/alerta-en-colegios-privados-bonaerenses-por-la-presion-tributaria-municipal-y-el-atraso-arancelario\/\"]}]},{\"@type\":\"ImageObject\",\"inLanguage\":\"es\",\"@id\":\"https:\/\/www.noticiasradioreflejos.com.ar\/2021\/alerta-en-colegios-privados-bonaerenses-por-la-presion-tributaria-municipal-y-el-atraso-arancelario\/#primaryimage\",\"url\":\"https:\/\/www.noticiasradioreflejos.com.ar\/2021\/wp-content\/uploads\/2024\/04\/colegio-privado-1024x576-1.jpg\",\"contentUrl\":\"https:\/\/www.noticiasradioreflejos.com.ar\/2021\/wp-content\/uploads\/2024\/04\/colegio-privado-1024x576-1.jpg\",\"width\":1024,\"height\":576},{\"@type\":\"BreadcrumbList\",\"@id\":\"https:\/\/www.noticiasradioreflejos.com.ar\/2021\/alerta-en-colegios-privados-bonaerenses-por-la-presion-tributaria-municipal-y-el-atraso-arancelario\/#breadcrumb\",\"itemListElement\":[{\"@type\":\"ListItem\",\"position\":1,\"name\":\"Portada\",\"item\":\"https:\/\/www.noticiasradioreflejos.com.ar\/2021\/\"},{\"@type\":\"ListItem\",\"position\":2,\"name\":\"Alerta en colegios privados bonaerenses por la presi\u00f3n tributaria municipal y el atraso arancelario\"}]},{\"@type\":\"WebSite\",\"@id\":\"https:\/\/www.noticiasradioreflejos.com.ar\/2021\/#website\",\"url\":\"https:\/\/www.noticiasradioreflejos.com.ar\/2021\/\",\"name\":\"Noticias Radio Reflejos\",\"description\":\"Las noticias de mi comarca\",\"potentialAction\":[{\"@type\":\"SearchAction\",\"target\":{\"@type\":\"EntryPoint\",\"urlTemplate\":\"https:\/\/www.noticiasradioreflejos.com.ar\/2021\/?s={search_term_string}\"},\"query-input\":{\"@type\":\"PropertyValueSpecification\",\"valueRequired\":true,\"valueName\":\"search_term_string\"}}],\"inLanguage\":\"es\"},{\"@type\":\"Person\",\"@id\":\"https:\/\/www.noticiasradioreflejos.com.ar\/2021\/#\/schema\/person\/ad82545263dcc5ec0996818884fd5fb1\",\"name\":\"Arnaldo Botto\",\"image\":{\"@type\":\"ImageObject\",\"inLanguage\":\"es\",\"@id\":\"https:\/\/www.noticiasradioreflejos.com.ar\/2021\/#\/schema\/person\/image\/\",\"url\":\"https:\/\/secure.gravatar.com\/avatar\/55cb5e37c1efa326397366e6974cb338056df65cb50e7d64d1cf314e87504837?s=96&d=mm&r=g\",\"contentUrl\":\"https:\/\/secure.gravatar.com\/avatar\/55cb5e37c1efa326397366e6974cb338056df65cb50e7d64d1cf314e87504837?s=96&d=mm&r=g\",\"caption\":\"Arnaldo Botto\"},\"url\":\"https:\/\/www.noticiasradioreflejos.com.ar\/2021\/author\/arnaldo\/\"}]}<\/script>\n<!-- \/ Yoast SEO plugin. -->","yoast_head_json":{"title":"Alerta en colegios privados bonaerenses por la presi\u00f3n tributaria municipal y el atraso arancelario - Noticias Radio Reflejos","robots":{"index":"index","follow":"follow","max-snippet":"max-snippet:-1","max-image-preview":"max-image-preview:large","max-video-preview":"max-video-preview:-1"},"canonical":"https:\/\/www.noticiasradioreflejos.com.ar\/2021\/alerta-en-colegios-privados-bonaerenses-por-la-presion-tributaria-municipal-y-el-atraso-arancelario\/","og_locale":"es_ES","og_type":"article","og_title":"Alerta en colegios privados bonaerenses por la presi\u00f3n tributaria municipal y el atraso arancelario - Noticias Radio Reflejos","og_description":"\u00a0La Asociaci\u00f3n de Institutos de Ense\u00f1anza Privada (AIEPBA) advierte que la creaci\u00f3n de nuevas tasas locales, como la reciente ordenanza en Pilar, pone en riesgo la estabilidad financiera de las escuelas. En un contexto de paritarias docentes y alta morosidad, el sector teme que el modelo de \u00abpresi\u00f3n impositiva sobre pymes\u00bb se extienda a otros [&hellip;]","og_url":"https:\/\/www.noticiasradioreflejos.com.ar\/2021\/alerta-en-colegios-privados-bonaerenses-por-la-presion-tributaria-municipal-y-el-atraso-arancelario\/","og_site_name":"Noticias Radio Reflejos","article_published_time":"2026-03-11T11:01:30+00:00","og_image":[{"width":1024,"height":576,"url":"https:\/\/www.noticiasradioreflejos.com.ar\/2021\/wp-content\/uploads\/2024\/04\/colegio-privado-1024x576-1.jpg","type":"image\/jpeg"}],"author":"Arnaldo Botto","twitter_card":"summary_large_image","schema":{"@context":"https:\/\/schema.org","@graph":[{"@type":"WebPage","@id":"https:\/\/www.noticiasradioreflejos.com.ar\/2021\/alerta-en-colegios-privados-bonaerenses-por-la-presion-tributaria-municipal-y-el-atraso-arancelario\/","url":"https:\/\/www.noticiasradioreflejos.com.ar\/2021\/alerta-en-colegios-privados-bonaerenses-por-la-presion-tributaria-municipal-y-el-atraso-arancelario\/","name":"Alerta en colegios privados bonaerenses por la presi\u00f3n tributaria municipal y el atraso arancelario - Noticias Radio Reflejos","isPartOf":{"@id":"https:\/\/www.noticiasradioreflejos.com.ar\/2021\/#website"},"primaryImageOfPage":{"@id":"https:\/\/www.noticiasradioreflejos.com.ar\/2021\/alerta-en-colegios-privados-bonaerenses-por-la-presion-tributaria-municipal-y-el-atraso-arancelario\/#primaryimage"},"image":{"@id":"https:\/\/www.noticiasradioreflejos.com.ar\/2021\/alerta-en-colegios-privados-bonaerenses-por-la-presion-tributaria-municipal-y-el-atraso-arancelario\/#primaryimage"},"thumbnailUrl":"https:\/\/www.noticiasradioreflejos.com.ar\/2021\/wp-content\/uploads\/2024\/04\/colegio-privado-1024x576-1.jpg","datePublished":"2026-03-11T11:01:30+00:00","author":{"@id":"https:\/\/www.noticiasradioreflejos.com.ar\/2021\/#\/schema\/person\/ad82545263dcc5ec0996818884fd5fb1"},"breadcrumb":{"@id":"https:\/\/www.noticiasradioreflejos.com.ar\/2021\/alerta-en-colegios-privados-bonaerenses-por-la-presion-tributaria-municipal-y-el-atraso-arancelario\/#breadcrumb"},"inLanguage":"es","potentialAction":[{"@type":"ReadAction","target":["https:\/\/www.noticiasradioreflejos.com.ar\/2021\/alerta-en-colegios-privados-bonaerenses-por-la-presion-tributaria-municipal-y-el-atraso-arancelario\/"]}]},{"@type":"ImageObject","inLanguage":"es","@id":"https:\/\/www.noticiasradioreflejos.com.ar\/2021\/alerta-en-colegios-privados-bonaerenses-por-la-presion-tributaria-municipal-y-el-atraso-arancelario\/#primaryimage","url":"https:\/\/www.noticiasradioreflejos.com.ar\/2021\/wp-content\/uploads\/2024\/04\/colegio-privado-1024x576-1.jpg","contentUrl":"https:\/\/www.noticiasradioreflejos.com.ar\/2021\/wp-content\/uploads\/2024\/04\/colegio-privado-1024x576-1.jpg","width":1024,"height":576},{"@type":"BreadcrumbList","@id":"https:\/\/www.noticiasradioreflejos.com.ar\/2021\/alerta-en-colegios-privados-bonaerenses-por-la-presion-tributaria-municipal-y-el-atraso-arancelario\/#breadcrumb","itemListElement":[{"@type":"ListItem","position":1,"name":"Portada","item":"https:\/\/www.noticiasradioreflejos.com.ar\/2021\/"},{"@type":"ListItem","position":2,"name":"Alerta en colegios privados bonaerenses por la presi\u00f3n tributaria municipal y el atraso arancelario"}]},{"@type":"WebSite","@id":"https:\/\/www.noticiasradioreflejos.com.ar\/2021\/#website","url":"https:\/\/www.noticiasradioreflejos.com.ar\/2021\/","name":"Noticias Radio Reflejos","description":"Las noticias de mi comarca","potentialAction":[{"@type":"SearchAction","target":{"@type":"EntryPoint","urlTemplate":"https:\/\/www.noticiasradioreflejos.com.ar\/2021\/?s={search_term_string}"},"query-input":{"@type":"PropertyValueSpecification","valueRequired":true,"valueName":"search_term_string"}}],"inLanguage":"es"},{"@type":"Person","@id":"https:\/\/www.noticiasradioreflejos.com.ar\/2021\/#\/schema\/person\/ad82545263dcc5ec0996818884fd5fb1","name":"Arnaldo Botto","image":{"@type":"ImageObject","inLanguage":"es","@id":"https:\/\/www.noticiasradioreflejos.com.ar\/2021\/#\/schema\/person\/image\/","url":"https:\/\/secure.gravatar.com\/avatar\/55cb5e37c1efa326397366e6974cb338056df65cb50e7d64d1cf314e87504837?s=96&d=mm&r=g","contentUrl":"https:\/\/secure.gravatar.com\/avatar\/55cb5e37c1efa326397366e6974cb338056df65cb50e7d64d1cf314e87504837?s=96&d=mm&r=g","caption":"Arnaldo Botto"},"url":"https:\/\/www.noticiasradioreflejos.com.ar\/2021\/author\/arnaldo\/"}]}},"_links":{"self":[{"href":"https:\/\/www.noticiasradioreflejos.com.ar\/2021\/wp-json\/wp\/v2\/posts\/133904","targetHints":{"allow":["GET"]}}],"collection":[{"href":"https:\/\/www.noticiasradioreflejos.com.ar\/2021\/wp-json\/wp\/v2\/posts"}],"about":[{"href":"https:\/\/www.noticiasradioreflejos.com.ar\/2021\/wp-json\/wp\/v2\/types\/post"}],"author":[{"embeddable":true,"href":"https:\/\/www.noticiasradioreflejos.com.ar\/2021\/wp-json\/wp\/v2\/users\/3"}],"replies":[{"embeddable":true,"href":"https:\/\/www.noticiasradioreflejos.com.ar\/2021\/wp-json\/wp\/v2\/comments?post=133904"}],"version-history":[{"count":1,"href":"https:\/\/www.noticiasradioreflejos.com.ar\/2021\/wp-json\/wp\/v2\/posts\/133904\/revisions"}],"predecessor-version":[{"id":133905,"href":"https:\/\/www.noticiasradioreflejos.com.ar\/2021\/wp-json\/wp\/v2\/posts\/133904\/revisions\/133905"}],"wp:featuredmedia":[{"embeddable":true,"href":"https:\/\/www.noticiasradioreflejos.com.ar\/2021\/wp-json\/wp\/v2\/media\/101722"}],"wp:attachment":[{"href":"https:\/\/www.noticiasradioreflejos.com.ar\/2021\/wp-json\/wp\/v2\/media?parent=133904"}],"wp:term":[{"taxonomy":"category","embeddable":true,"href":"https:\/\/www.noticiasradioreflejos.com.ar\/2021\/wp-json\/wp\/v2\/categories?post=133904"},{"taxonomy":"post_tag","embeddable":true,"href":"https:\/\/www.noticiasradioreflejos.com.ar\/2021\/wp-json\/wp\/v2\/tags?post=133904"}],"curies":[{"name":"wp","href":"https:\/\/api.w.org\/{rel}","templated":true}]}}