{"id":133898,"date":"2026-03-11T07:56:50","date_gmt":"2026-03-11T10:56:50","guid":{"rendered":"https:\/\/www.noticiasradioreflejos.com.ar\/2021\/?p=133898"},"modified":"2026-03-11T07:56:50","modified_gmt":"2026-03-11T10:56:50","slug":"el-gobierno-en-una-encrucijada-legislativa-18-000-inscriptos-amenazan-el-cronograma-de-la-reforma-de-la-ley-de-glaciares","status":"publish","type":"post","link":"https:\/\/www.noticiasradioreflejos.com.ar\/2021\/el-gobierno-en-una-encrucijada-legislativa-18-000-inscriptos-amenazan-el-cronograma-de-la-reforma-de-la-ley-de-glaciares\/","title":{"rendered":"El Gobierno en una encrucijada legislativa: 18.000 inscriptos amenazan el cronograma de la reforma de la ley de glaciares"},"content":{"rendered":"<p>La masiva convocatoria a la audiencia p\u00fablica y la presi\u00f3n por el cumplimiento del Acuerdo de Escaz\u00fa ponen en jaque el objetivo del oficialismo de sancionar la ley la segunda semana de abril.<!--more--><\/p>\n<p data-path-to-node=\"7\">\u00a0El Poder Ejecutivo se enfrenta a un escenario de alta tensi\u00f3n pol\u00edtica y jur\u00eddica tras conocerse que casi <b data-path-to-node=\"7\" data-index-in-node=\"121\">20.000 personas se han inscripto para participar en la audiencia p\u00fablica<\/b> obligatoria por la reforma de la <b data-path-to-node=\"7\" data-index-in-node=\"227\">Ley de Glaciares<\/b>. Lo que el oficialismo planeaba como un tr\u00e1mite administrativo para acelerar la flexibilizaci\u00f3n de la normativa ambiental se ha convertido en una \u00abencerrona\u00bb que podr\u00eda derivar en la judicializaci\u00f3n del proyecto.<\/p>\n<h3 data-path-to-node=\"8\">El conflicto por los tiempos y la participaci\u00f3n<\/h3>\n<p data-path-to-node=\"9\">Bajo la conducci\u00f3n de <b data-path-to-node=\"9\" data-index-in-node=\"22\">Mart\u00edn Menem<\/b>, el oficialismo en la C\u00e1mara de Diputados mantiene su hoja de ruta para sesionar el <b data-path-to-node=\"9\" data-index-in-node=\"119\">7 u 8 de abril<\/b>. Sin embargo, la magnitud de la respuesta ciudadana complica estos planes.<\/p>\n<ul data-path-to-node=\"10\">\n<li>\n<p data-path-to-node=\"10,0,0\"><b data-path-to-node=\"10,0,0\" data-index-in-node=\"0\">La postura oficial:<\/b> Para evitar dilaciones, el entorno de Menem analiza criterios de selecci\u00f3n que prioricen a <b data-path-to-node=\"10,0,0\" data-index-in-node=\"111\">personas jur\u00eddicas<\/b> (ONGs, representantes de gobiernos e instituciones), limitando la voz de los particulares. Fuentes parlamentarias ironizaron sobre la log\u00edstica, compar\u00e1ndola con \u00abfilas para un recital\u00bb, donde solo los primeros en llegar tendr\u00edan espacio.<\/p>\n<\/li>\n<li>\n<p data-path-to-node=\"10,1,0\"><b data-path-to-node=\"10,1,0\" data-index-in-node=\"0\">La contraofensiva opositora:<\/b> Diputados de diversos bloques \u2014incluyendo a <b data-path-to-node=\"10,1,0\" data-index-in-node=\"73\">Sabrina Selva<\/b> (PJ), <b data-path-to-node=\"10,1,0\" data-index-in-node=\"93\">Maximiliano Ferraro<\/b> (CC), <b data-path-to-node=\"10,1,0\" data-index-in-node=\"119\">Esteban Paul\u00f3n<\/b> (Socialismo) y <b data-path-to-node=\"10,1,0\" data-index-in-node=\"149\">Mar\u00eda In\u00e9s Zigar\u00e1n<\/b> (UCR)\u2014 exigen que se garantice una participaci\u00f3n \u00abreal y no formal\u00bb. Advierten que, de limitarse las jornadas previstas (25 y 26 de marzo), solo podr\u00edan exponer 200 personas, vulnerando el <b data-path-to-node=\"10,1,0\" data-index-in-node=\"357\">Acuerdo de Escaz\u00fa<\/b>, lo que dejar\u00eda la ley a merced de impugnaciones en la Justicia.<\/p>\n<\/li>\n<\/ul>\n<figure class=\"embed-container embed-container--type-twitter \">\n<div class=\"twitter-tweet twitter-tweet-rendered\"><iframe id=\"twitter-widget-0\" class=\"\" title=\"X Post\" src=\"https:\/\/platform.twitter.com\/embed\/Tweet.html?dnt=false&amp;embedId=twitter-widget-0&amp;features=eyJ0ZndfdGltZWxpbmVfbGlzdCI6eyJidWNrZXQiOltdLCJ2ZXJzaW9uIjpudWxsfSwidGZ3X2ZvbGxvd2VyX2NvdW50X3N1bnNldCI6eyJidWNrZXQiOnRydWUsInZlcnNpb24iOm51bGx9LCJ0ZndfdHdlZXRfZWRpdF9iYWNrZW5kIjp7ImJ1Y2tldCI6Im9uIiwidmVyc2lvbiI6bnVsbH0sInRmd19yZWZzcmNfc2Vzc2lvbiI6eyJidWNrZXQiOiJvbiIsInZlcnNpb24iOm51bGx9LCJ0ZndfZm9zbnJfc29mdF9pbnRlcnZlbnRpb25zX2VuYWJsZWQiOnsiYnVja2V0Ijoib24iLCJ2ZXJzaW9uIjpudWxsfSwidGZ3X21peGVkX21lZGlhXzE1ODk3Ijp7ImJ1Y2tldCI6InRyZWF0bWVudCIsInZlcnNpb24iOm51bGx9LCJ0ZndfZXhwZXJpbWVudHNfY29va2llX2V4cGlyYXRpb24iOnsiYnVja2V0IjoxMjA5NjAwLCJ2ZXJzaW9uIjpudWxsfSwidGZ3X3Nob3dfYmlyZHdhdGNoX3Bpdm90c19lbmFibGVkIjp7ImJ1Y2tldCI6Im9uIiwidmVyc2lvbiI6bnVsbH0sInRmd19kdXBsaWNhdGVfc2NyaWJlc190b19zZXR0aW5ncyI6eyJidWNrZXQiOiJvbiIsInZlcnNpb24iOm51bGx9LCJ0ZndfdXNlX3Byb2ZpbGVfaW1hZ2Vfc2hhcGVfZW5hYmxlZCI6eyJidWNrZXQiOiJvbiIsInZlcnNpb24iOm51bGx9LCJ0ZndfdmlkZW9faGxzX2R5bmFtaWNfbWFuaWZlc3RzXzE1MDgyIjp7ImJ1Y2tldCI6InRydWVfYml0cmF0ZSIsInZlcnNpb24iOm51bGx9LCJ0ZndfbGVnYWN5X3RpbWVsaW5lX3N1bnNldCI6eyJidWNrZXQiOnRydWUsInZlcnNpb24iOm51bGx9LCJ0ZndfdHdlZXRfZWRpdF9mcm9udGVuZCI6eyJidWNrZXQiOiJvbiIsInZlcnNpb24iOm51bGx9fQ%3D%3D&amp;frame=false&amp;hideCard=false&amp;hideThread=false&amp;id=2031432067414634568&amp;lang=es&amp;origin=https%3A%2F%2Fwww.eldiarioar.com%2Fpolitica%2Fley-glaciares-18-000-inscriptos-audiencia-publica-ponen-gobierno-encerrona_1_13057755.html&amp;sessionId=244e5dcf120fc5ac48c046a4cad632d9cd663790&amp;theme=light&amp;widgetsVersion=2615f7e52b7e0%3A1702314776716&amp;width=550px\" frameborder=\"0\" scrolling=\"no\" allowfullscreen=\"allowfullscreen\" data-gtm-yt-inspected-34399851_303=\"true\" data-gtm-yt-inspected-34399851_396=\"true\" data-gtm-yt-inspected-41=\"true\" data-tweet-id=\"2031432067414634568\" data-mce-fragment=\"1\"><\/iframe><\/div>\n<div><\/div>\n<div><\/div>\n<h4>El eje de la reforma: Flexibilizaci\u00f3n y Lobby Minero<\/h4>\n<\/figure>\n<p>El proyecto, impulsado con fuerza por los gobernadores de las provincias cordilleranas (Mendoza, San Juan, Catamarca, Salta y Jujuy), busca modificar la protecci\u00f3n de las zonas periglaciares.<\/p>\n<p><strong>Descentralizaci\u00f3n del control<\/strong>: La reforma delega en los equipos t\u00e9cnicos provinciales la facultad de determinar si un \u00e1rea posee o no una \u00abfunci\u00f3n h\u00eddrica relevante\u00bb para habilitar la actividad minera.<\/p>\n<p><strong>Seguridad Jur\u00eddica vs. Protecci\u00f3n Ambiental:<\/strong> Mientras las provincias y empresas en Nueva York (en el marco de la Argentina Week) reclaman reglas claras para desembolsar inversiones estimadas en 50.000 millones de d\u00f3lares bajo el r\u00e9gimen del RIGI, cient\u00edficos del IANIGLA y organizaciones ambientales denuncian que esto generar\u00e1 una \u00abcompetencia hacia abajo\u00bb, donde cada provincia relajar\u00e1 sus est\u00e1ndares para atraer capitales, poniendo en riesgo reservas estrat\u00e9gicas de agua.<\/p>\n<p>La disputa legislativa tambi\u00e9n deja al descubierto fisuras en la c\u00fapula del poder. Seg\u00fan trascendidos, la secretaria general de la Presidencia, Karina Milei, ha encomendado a Mart\u00edn Menem tomar las riendas de la estrategia en el Congreso, desplazando el protagonismo de Patricia Bullrich. Esta interna operativa a\u00f1ade una capa de complejidad al tratamiento de una ley que es mirada de cerca por los mercados internacionales y los movimientos ecologistas por igual.<\/p>\n<figure><figcaption class=\"image-footer\">&nbsp;<\/p>\n<\/figcaption><\/figure>\n<figure><picture class=\"news-image\"><source srcset=\"https:\/\/static.eldiario.es\/clip\/47b1fd63-1903-4a80-9479-f8a762afcfd8_16-9-discover-aspect-ratio_50p_0.webp\" type=\"image\/webp\" media=\"(max-width: 576px)\" \/><source srcset=\"https:\/\/static.eldiario.es\/clip\/47b1fd63-1903-4a80-9479-f8a762afcfd8_16-9-discover-aspect-ratio_50p_0.jpg\" type=\"image\/jpg\" media=\"(max-width: 576px)\" \/><source srcset=\"https:\/\/static.eldiario.es\/clip\/47b1fd63-1903-4a80-9479-f8a762afcfd8_16-9-discover-aspect-ratio_75p_0.webp\" type=\"image\/webp\" media=\"(max-width: 767px)\" \/><source srcset=\"https:\/\/static.eldiario.es\/clip\/47b1fd63-1903-4a80-9479-f8a762afcfd8_16-9-discover-aspect-ratio_75p_0.jpg\" type=\"image\/jpg\" media=\"(max-width: 767px)\" \/><source srcset=\"https:\/\/static.eldiario.es\/clip\/47b1fd63-1903-4a80-9479-f8a762afcfd8_16-9-discover-aspect-ratio_default_0.webp\" type=\"image\/webp\" media=\"(min-width: 768px)\" \/><source srcset=\"https:\/\/static.eldiario.es\/clip\/47b1fd63-1903-4a80-9479-f8a762afcfd8_16-9-discover-aspect-ratio_default_0.jpg\" type=\"image\/jpg\" media=\"(min-width: 768px)\" \/><source srcset=\"https:\/\/static.eldiario.es\/clip\/47b1fd63-1903-4a80-9479-f8a762afcfd8_16-9-discover-aspect-ratio_default_0.webp\" type=\"image\/webp\" \/><\/picture><\/figure>\n<figure><picture class=\"news-image\"><img decoding=\"async\" class=\"lazy entered loaded\" src=\"https:\/\/static.eldiario.es\/clip\/47b1fd63-1903-4a80-9479-f8a762afcfd8_16-9-discover-aspect-ratio_default_0.jpg\" alt=\"Bullrich con Karina Milei, Lule Menem y Diego Santilli, en el balc\u00f3n del Senado.\" data-src=\"https:\/\/static.eldiario.es\/clip\/47b1fd63-1903-4a80-9479-f8a762afcfd8_16-9-discover-aspect-ratio_default_0.jpg\" data-ll-status=\"loaded\" \/><\/picture><\/figure>\n<p>&nbsp;<\/p>\n<h4>Pr\u00f3ximos pasos:<\/h4>\n<p>La oposici\u00f3n apuesta a un \u00abExcel de indecisos\u00bb y a la dilataci\u00f3n del debate, esperando que el desgaste pol\u00edtico del Gobierno debilite su mayor\u00eda circunstancial. El oficialismo, por su parte, deber\u00e1 decidir si arriesga la validez legal de la reforma al recortar la participaci\u00f3n ciudadana o si acepta postergar una de sus promesas clave al sector extractivo.<\/p>\n<p>&nbsp;<\/p>\n<p><em><strong>Con info de elDiarioAR<\/strong><\/em><\/p>\n","protected":false},"excerpt":{"rendered":"<p>La masiva convocatoria a la audiencia p\u00fablica y la presi\u00f3n por el cumplimiento del Acuerdo de Escaz\u00fa ponen en jaque el objetivo del oficialismo de sancionar la ley la segunda semana de abril.<\/p>\n","protected":false},"author":3,"featured_media":133899,"comment_status":"closed","ping_status":"closed","sticky":false,"template":"","format":"standard","meta":{"footnotes":""},"categories":[24,26],"tags":[48],"class_list":["post-133898","post","type-post","status-publish","format-standard","has-post-thumbnail","hentry","category-politica","category-sociedad","tag-destacada"],"yoast_head":"<!-- This site is optimized with the Yoast SEO plugin v25.9 - https:\/\/yoast.com\/wordpress\/plugins\/seo\/ -->\n<title>El Gobierno en una encrucijada legislativa: 18.000 inscriptos amenazan el cronograma de la reforma de la ley de glaciares - Noticias Radio Reflejos<\/title>\n<meta name=\"robots\" content=\"index, follow, max-snippet:-1, max-image-preview:large, max-video-preview:-1\" \/>\n<link rel=\"canonical\" href=\"https:\/\/www.noticiasradioreflejos.com.ar\/2021\/el-gobierno-en-una-encrucijada-legislativa-18-000-inscriptos-amenazan-el-cronograma-de-la-reforma-de-la-ley-de-glaciares\/\" \/>\n<meta property=\"og:locale\" content=\"es_ES\" \/>\n<meta property=\"og:type\" content=\"article\" \/>\n<meta property=\"og:title\" content=\"El Gobierno en una encrucijada legislativa: 18.000 inscriptos amenazan el cronograma de la reforma de la ley de glaciares - Noticias Radio Reflejos\" \/>\n<meta property=\"og:description\" content=\"La masiva convocatoria a la audiencia p\u00fablica y la presi\u00f3n por el cumplimiento del Acuerdo de Escaz\u00fa ponen en jaque el objetivo del oficialismo de sancionar la ley la segunda semana de abril.\" \/>\n<meta property=\"og:url\" content=\"https:\/\/www.noticiasradioreflejos.com.ar\/2021\/el-gobierno-en-una-encrucijada-legislativa-18-000-inscriptos-amenazan-el-cronograma-de-la-reforma-de-la-ley-de-glaciares\/\" \/>\n<meta property=\"og:site_name\" content=\"Noticias Radio Reflejos\" \/>\n<meta property=\"article:published_time\" content=\"2026-03-11T10:56:50+00:00\" \/>\n<meta property=\"og:image\" content=\"https:\/\/www.noticiasradioreflejos.com.ar\/2021\/wp-content\/uploads\/2026\/03\/minera.webp\" \/>\n\t<meta property=\"og:image:width\" content=\"1200\" \/>\n\t<meta property=\"og:image:height\" content=\"675\" \/>\n\t<meta property=\"og:image:type\" content=\"image\/webp\" \/>\n<meta name=\"author\" content=\"Arnaldo Botto\" \/>\n<meta name=\"twitter:card\" content=\"summary_large_image\" \/>\n<script type=\"application\/ld+json\" class=\"yoast-schema-graph\">{\"@context\":\"https:\/\/schema.org\",\"@graph\":[{\"@type\":\"WebPage\",\"@id\":\"https:\/\/www.noticiasradioreflejos.com.ar\/2021\/el-gobierno-en-una-encrucijada-legislativa-18-000-inscriptos-amenazan-el-cronograma-de-la-reforma-de-la-ley-de-glaciares\/\",\"url\":\"https:\/\/www.noticiasradioreflejos.com.ar\/2021\/el-gobierno-en-una-encrucijada-legislativa-18-000-inscriptos-amenazan-el-cronograma-de-la-reforma-de-la-ley-de-glaciares\/\",\"name\":\"El Gobierno en una encrucijada legislativa: 18.000 inscriptos amenazan el cronograma de la reforma de la ley de glaciares - Noticias Radio Reflejos\",\"isPartOf\":{\"@id\":\"https:\/\/www.noticiasradioreflejos.com.ar\/2021\/#website\"},\"primaryImageOfPage\":{\"@id\":\"https:\/\/www.noticiasradioreflejos.com.ar\/2021\/el-gobierno-en-una-encrucijada-legislativa-18-000-inscriptos-amenazan-el-cronograma-de-la-reforma-de-la-ley-de-glaciares\/#primaryimage\"},\"image\":{\"@id\":\"https:\/\/www.noticiasradioreflejos.com.ar\/2021\/el-gobierno-en-una-encrucijada-legislativa-18-000-inscriptos-amenazan-el-cronograma-de-la-reforma-de-la-ley-de-glaciares\/#primaryimage\"},\"thumbnailUrl\":\"https:\/\/www.noticiasradioreflejos.com.ar\/2021\/wp-content\/uploads\/2026\/03\/minera.webp\",\"datePublished\":\"2026-03-11T10:56:50+00:00\",\"author\":{\"@id\":\"https:\/\/www.noticiasradioreflejos.com.ar\/2021\/#\/schema\/person\/ad82545263dcc5ec0996818884fd5fb1\"},\"breadcrumb\":{\"@id\":\"https:\/\/www.noticiasradioreflejos.com.ar\/2021\/el-gobierno-en-una-encrucijada-legislativa-18-000-inscriptos-amenazan-el-cronograma-de-la-reforma-de-la-ley-de-glaciares\/#breadcrumb\"},\"inLanguage\":\"es\",\"potentialAction\":[{\"@type\":\"ReadAction\",\"target\":[\"https:\/\/www.noticiasradioreflejos.com.ar\/2021\/el-gobierno-en-una-encrucijada-legislativa-18-000-inscriptos-amenazan-el-cronograma-de-la-reforma-de-la-ley-de-glaciares\/\"]}]},{\"@type\":\"ImageObject\",\"inLanguage\":\"es\",\"@id\":\"https:\/\/www.noticiasradioreflejos.com.ar\/2021\/el-gobierno-en-una-encrucijada-legislativa-18-000-inscriptos-amenazan-el-cronograma-de-la-reforma-de-la-ley-de-glaciares\/#primaryimage\",\"url\":\"https:\/\/www.noticiasradioreflejos.com.ar\/2021\/wp-content\/uploads\/2026\/03\/minera.webp\",\"contentUrl\":\"https:\/\/www.noticiasradioreflejos.com.ar\/2021\/wp-content\/uploads\/2026\/03\/minera.webp\",\"width\":1200,\"height\":675},{\"@type\":\"BreadcrumbList\",\"@id\":\"https:\/\/www.noticiasradioreflejos.com.ar\/2021\/el-gobierno-en-una-encrucijada-legislativa-18-000-inscriptos-amenazan-el-cronograma-de-la-reforma-de-la-ley-de-glaciares\/#breadcrumb\",\"itemListElement\":[{\"@type\":\"ListItem\",\"position\":1,\"name\":\"Portada\",\"item\":\"https:\/\/www.noticiasradioreflejos.com.ar\/2021\/\"},{\"@type\":\"ListItem\",\"position\":2,\"name\":\"El Gobierno en una encrucijada legislativa: 18.000 inscriptos amenazan el cronograma de la reforma de la ley de glaciares\"}]},{\"@type\":\"WebSite\",\"@id\":\"https:\/\/www.noticiasradioreflejos.com.ar\/2021\/#website\",\"url\":\"https:\/\/www.noticiasradioreflejos.com.ar\/2021\/\",\"name\":\"Noticias Radio Reflejos\",\"description\":\"Las noticias de mi comarca\",\"potentialAction\":[{\"@type\":\"SearchAction\",\"target\":{\"@type\":\"EntryPoint\",\"urlTemplate\":\"https:\/\/www.noticiasradioreflejos.com.ar\/2021\/?s={search_term_string}\"},\"query-input\":{\"@type\":\"PropertyValueSpecification\",\"valueRequired\":true,\"valueName\":\"search_term_string\"}}],\"inLanguage\":\"es\"},{\"@type\":\"Person\",\"@id\":\"https:\/\/www.noticiasradioreflejos.com.ar\/2021\/#\/schema\/person\/ad82545263dcc5ec0996818884fd5fb1\",\"name\":\"Arnaldo Botto\",\"image\":{\"@type\":\"ImageObject\",\"inLanguage\":\"es\",\"@id\":\"https:\/\/www.noticiasradioreflejos.com.ar\/2021\/#\/schema\/person\/image\/\",\"url\":\"https:\/\/secure.gravatar.com\/avatar\/55cb5e37c1efa326397366e6974cb338056df65cb50e7d64d1cf314e87504837?s=96&d=mm&r=g\",\"contentUrl\":\"https:\/\/secure.gravatar.com\/avatar\/55cb5e37c1efa326397366e6974cb338056df65cb50e7d64d1cf314e87504837?s=96&d=mm&r=g\",\"caption\":\"Arnaldo Botto\"},\"url\":\"https:\/\/www.noticiasradioreflejos.com.ar\/2021\/author\/arnaldo\/\"}]}<\/script>\n<!-- \/ Yoast SEO plugin. -->","yoast_head_json":{"title":"El Gobierno en una encrucijada legislativa: 18.000 inscriptos amenazan el cronograma de la reforma de la ley de glaciares - Noticias Radio Reflejos","robots":{"index":"index","follow":"follow","max-snippet":"max-snippet:-1","max-image-preview":"max-image-preview:large","max-video-preview":"max-video-preview:-1"},"canonical":"https:\/\/www.noticiasradioreflejos.com.ar\/2021\/el-gobierno-en-una-encrucijada-legislativa-18-000-inscriptos-amenazan-el-cronograma-de-la-reforma-de-la-ley-de-glaciares\/","og_locale":"es_ES","og_type":"article","og_title":"El Gobierno en una encrucijada legislativa: 18.000 inscriptos amenazan el cronograma de la reforma de la ley de glaciares - Noticias Radio Reflejos","og_description":"La masiva convocatoria a la audiencia p\u00fablica y la presi\u00f3n por el cumplimiento del Acuerdo de Escaz\u00fa ponen en jaque el objetivo del oficialismo de sancionar la ley la segunda semana de abril.","og_url":"https:\/\/www.noticiasradioreflejos.com.ar\/2021\/el-gobierno-en-una-encrucijada-legislativa-18-000-inscriptos-amenazan-el-cronograma-de-la-reforma-de-la-ley-de-glaciares\/","og_site_name":"Noticias Radio Reflejos","article_published_time":"2026-03-11T10:56:50+00:00","og_image":[{"width":1200,"height":675,"url":"https:\/\/www.noticiasradioreflejos.com.ar\/2021\/wp-content\/uploads\/2026\/03\/minera.webp","type":"image\/webp"}],"author":"Arnaldo Botto","twitter_card":"summary_large_image","schema":{"@context":"https:\/\/schema.org","@graph":[{"@type":"WebPage","@id":"https:\/\/www.noticiasradioreflejos.com.ar\/2021\/el-gobierno-en-una-encrucijada-legislativa-18-000-inscriptos-amenazan-el-cronograma-de-la-reforma-de-la-ley-de-glaciares\/","url":"https:\/\/www.noticiasradioreflejos.com.ar\/2021\/el-gobierno-en-una-encrucijada-legislativa-18-000-inscriptos-amenazan-el-cronograma-de-la-reforma-de-la-ley-de-glaciares\/","name":"El Gobierno en una encrucijada legislativa: 18.000 inscriptos amenazan el cronograma de la reforma de la ley de glaciares - Noticias Radio Reflejos","isPartOf":{"@id":"https:\/\/www.noticiasradioreflejos.com.ar\/2021\/#website"},"primaryImageOfPage":{"@id":"https:\/\/www.noticiasradioreflejos.com.ar\/2021\/el-gobierno-en-una-encrucijada-legislativa-18-000-inscriptos-amenazan-el-cronograma-de-la-reforma-de-la-ley-de-glaciares\/#primaryimage"},"image":{"@id":"https:\/\/www.noticiasradioreflejos.com.ar\/2021\/el-gobierno-en-una-encrucijada-legislativa-18-000-inscriptos-amenazan-el-cronograma-de-la-reforma-de-la-ley-de-glaciares\/#primaryimage"},"thumbnailUrl":"https:\/\/www.noticiasradioreflejos.com.ar\/2021\/wp-content\/uploads\/2026\/03\/minera.webp","datePublished":"2026-03-11T10:56:50+00:00","author":{"@id":"https:\/\/www.noticiasradioreflejos.com.ar\/2021\/#\/schema\/person\/ad82545263dcc5ec0996818884fd5fb1"},"breadcrumb":{"@id":"https:\/\/www.noticiasradioreflejos.com.ar\/2021\/el-gobierno-en-una-encrucijada-legislativa-18-000-inscriptos-amenazan-el-cronograma-de-la-reforma-de-la-ley-de-glaciares\/#breadcrumb"},"inLanguage":"es","potentialAction":[{"@type":"ReadAction","target":["https:\/\/www.noticiasradioreflejos.com.ar\/2021\/el-gobierno-en-una-encrucijada-legislativa-18-000-inscriptos-amenazan-el-cronograma-de-la-reforma-de-la-ley-de-glaciares\/"]}]},{"@type":"ImageObject","inLanguage":"es","@id":"https:\/\/www.noticiasradioreflejos.com.ar\/2021\/el-gobierno-en-una-encrucijada-legislativa-18-000-inscriptos-amenazan-el-cronograma-de-la-reforma-de-la-ley-de-glaciares\/#primaryimage","url":"https:\/\/www.noticiasradioreflejos.com.ar\/2021\/wp-content\/uploads\/2026\/03\/minera.webp","contentUrl":"https:\/\/www.noticiasradioreflejos.com.ar\/2021\/wp-content\/uploads\/2026\/03\/minera.webp","width":1200,"height":675},{"@type":"BreadcrumbList","@id":"https:\/\/www.noticiasradioreflejos.com.ar\/2021\/el-gobierno-en-una-encrucijada-legislativa-18-000-inscriptos-amenazan-el-cronograma-de-la-reforma-de-la-ley-de-glaciares\/#breadcrumb","itemListElement":[{"@type":"ListItem","position":1,"name":"Portada","item":"https:\/\/www.noticiasradioreflejos.com.ar\/2021\/"},{"@type":"ListItem","position":2,"name":"El Gobierno en una encrucijada legislativa: 18.000 inscriptos amenazan el cronograma de la reforma de la ley de glaciares"}]},{"@type":"WebSite","@id":"https:\/\/www.noticiasradioreflejos.com.ar\/2021\/#website","url":"https:\/\/www.noticiasradioreflejos.com.ar\/2021\/","name":"Noticias Radio Reflejos","description":"Las noticias de mi comarca","potentialAction":[{"@type":"SearchAction","target":{"@type":"EntryPoint","urlTemplate":"https:\/\/www.noticiasradioreflejos.com.ar\/2021\/?s={search_term_string}"},"query-input":{"@type":"PropertyValueSpecification","valueRequired":true,"valueName":"search_term_string"}}],"inLanguage":"es"},{"@type":"Person","@id":"https:\/\/www.noticiasradioreflejos.com.ar\/2021\/#\/schema\/person\/ad82545263dcc5ec0996818884fd5fb1","name":"Arnaldo Botto","image":{"@type":"ImageObject","inLanguage":"es","@id":"https:\/\/www.noticiasradioreflejos.com.ar\/2021\/#\/schema\/person\/image\/","url":"https:\/\/secure.gravatar.com\/avatar\/55cb5e37c1efa326397366e6974cb338056df65cb50e7d64d1cf314e87504837?s=96&d=mm&r=g","contentUrl":"https:\/\/secure.gravatar.com\/avatar\/55cb5e37c1efa326397366e6974cb338056df65cb50e7d64d1cf314e87504837?s=96&d=mm&r=g","caption":"Arnaldo Botto"},"url":"https:\/\/www.noticiasradioreflejos.com.ar\/2021\/author\/arnaldo\/"}]}},"_links":{"self":[{"href":"https:\/\/www.noticiasradioreflejos.com.ar\/2021\/wp-json\/wp\/v2\/posts\/133898","targetHints":{"allow":["GET"]}}],"collection":[{"href":"https:\/\/www.noticiasradioreflejos.com.ar\/2021\/wp-json\/wp\/v2\/posts"}],"about":[{"href":"https:\/\/www.noticiasradioreflejos.com.ar\/2021\/wp-json\/wp\/v2\/types\/post"}],"author":[{"embeddable":true,"href":"https:\/\/www.noticiasradioreflejos.com.ar\/2021\/wp-json\/wp\/v2\/users\/3"}],"replies":[{"embeddable":true,"href":"https:\/\/www.noticiasradioreflejos.com.ar\/2021\/wp-json\/wp\/v2\/comments?post=133898"}],"version-history":[{"count":4,"href":"https:\/\/www.noticiasradioreflejos.com.ar\/2021\/wp-json\/wp\/v2\/posts\/133898\/revisions"}],"predecessor-version":[{"id":133903,"href":"https:\/\/www.noticiasradioreflejos.com.ar\/2021\/wp-json\/wp\/v2\/posts\/133898\/revisions\/133903"}],"wp:featuredmedia":[{"embeddable":true,"href":"https:\/\/www.noticiasradioreflejos.com.ar\/2021\/wp-json\/wp\/v2\/media\/133899"}],"wp:attachment":[{"href":"https:\/\/www.noticiasradioreflejos.com.ar\/2021\/wp-json\/wp\/v2\/media?parent=133898"}],"wp:term":[{"taxonomy":"category","embeddable":true,"href":"https:\/\/www.noticiasradioreflejos.com.ar\/2021\/wp-json\/wp\/v2\/categories?post=133898"},{"taxonomy":"post_tag","embeddable":true,"href":"https:\/\/www.noticiasradioreflejos.com.ar\/2021\/wp-json\/wp\/v2\/tags?post=133898"}],"curies":[{"name":"wp","href":"https:\/\/api.w.org\/{rel}","templated":true}]}}