{"id":133895,"date":"2026-03-11T07:21:31","date_gmt":"2026-03-11T10:21:31","guid":{"rendered":"https:\/\/www.noticiasradioreflejos.com.ar\/2021\/?p=133895"},"modified":"2026-03-11T07:21:31","modified_gmt":"2026-03-11T10:21:31","slug":"identificaron-los-restos-de-12-personas-hallados-en-excavaciones-cerca-del-ex-centro-clandestino-la-perla","status":"publish","type":"post","link":"https:\/\/www.noticiasradioreflejos.com.ar\/2021\/identificaron-los-restos-de-12-personas-hallados-en-excavaciones-cerca-del-ex-centro-clandestino-la-perla\/","title":{"rendered":"Identificaron los restos de 12 personas hallados en excavaciones cerca del ex centro clandestino La Perla"},"content":{"rendered":"<p>El hallazgo fue confirmado por el Juzgado Federal N.\u00ba 3 de C\u00f3rdoba tras los an\u00e1lisis del Equipo Argentino de Antropolog\u00eda Forense. Las identidades no ser\u00e1n difundidas hasta que se complete la notificaci\u00f3n a los familiares de las v\u00edctimas del terrorismo de Estado.<!--more--><\/p>\n<p>La Justicia federal de C\u00f3rdoba confirm\u00f3 la identificaci\u00f3n cient\u00edfica de los <strong>restos de 12 personas<\/strong>\u00a0que hab\u00edan sido enterradas clandestinamente en predios del Ej\u00e9rcito cercanos al\u00a0<strong>ex centro clandestino de detenci\u00f3n La Perla<\/strong>, uno de los principales sitios de exterminio durante la \u00faltima dictadura c\u00edvico-militar (1976-1983).<\/p>\n<div class=\"partner-wrapper article-page__body-row\">\n<div class=\"second-col\">\n<p class=\"article-text\">La informaci\u00f3n fue difundida a trav\u00e9s de un comunicado del Juzgado Federal N.\u00ba 3, a cargo del juez\u00a0<strong>Miguel Hugo Vaca Narvaja<\/strong>. El resultado surge de los trabajos de an\u00e1lisis antropol\u00f3gicos forenses realizados por el\u00a0<strong>Equipo Argentino de Antropolog\u00eda Forense (EAAF)<\/strong>\u00a0en colaboraci\u00f3n con el Instituto de Medicina Forense del Poder Judicial de la provincia de C\u00f3rdoba.<\/p>\n<figure class=\"embed-container embed-container--type-twitter \">\n<div class=\"twitter-tweet twitter-tweet-rendered\"><iframe id=\"twitter-widget-0\" class=\"\" title=\"X Post\" src=\"https:\/\/platform.twitter.com\/embed\/Tweet.html?dnt=false&amp;embedId=twitter-widget-0&amp;features=eyJ0ZndfdGltZWxpbmVfbGlzdCI6eyJidWNrZXQiOltdLCJ2ZXJzaW9uIjpudWxsfSwidGZ3X2ZvbGxvd2VyX2NvdW50X3N1bnNldCI6eyJidWNrZXQiOnRydWUsInZlcnNpb24iOm51bGx9LCJ0ZndfdHdlZXRfZWRpdF9iYWNrZW5kIjp7ImJ1Y2tldCI6Im9uIiwidmVyc2lvbiI6bnVsbH0sInRmd19yZWZzcmNfc2Vzc2lvbiI6eyJidWNrZXQiOiJvbiIsInZlcnNpb24iOm51bGx9LCJ0ZndfZm9zbnJfc29mdF9pbnRlcnZlbnRpb25zX2VuYWJsZWQiOnsiYnVja2V0Ijoib24iLCJ2ZXJzaW9uIjpudWxsfSwidGZ3X21peGVkX21lZGlhXzE1ODk3Ijp7ImJ1Y2tldCI6InRyZWF0bWVudCIsInZlcnNpb24iOm51bGx9LCJ0ZndfZXhwZXJpbWVudHNfY29va2llX2V4cGlyYXRpb24iOnsiYnVja2V0IjoxMjA5NjAwLCJ2ZXJzaW9uIjpudWxsfSwidGZ3X3Nob3dfYmlyZHdhdGNoX3Bpdm90c19lbmFibGVkIjp7ImJ1Y2tldCI6Im9uIiwidmVyc2lvbiI6bnVsbH0sInRmd19kdXBsaWNhdGVfc2NyaWJlc190b19zZXR0aW5ncyI6eyJidWNrZXQiOiJvbiIsInZlcnNpb24iOm51bGx9LCJ0ZndfdXNlX3Byb2ZpbGVfaW1hZ2Vfc2hhcGVfZW5hYmxlZCI6eyJidWNrZXQiOiJvbiIsInZlcnNpb24iOm51bGx9LCJ0ZndfdmlkZW9faGxzX2R5bmFtaWNfbWFuaWZlc3RzXzE1MDgyIjp7ImJ1Y2tldCI6InRydWVfYml0cmF0ZSIsInZlcnNpb24iOm51bGx9LCJ0ZndfbGVnYWN5X3RpbWVsaW5lX3N1bnNldCI6eyJidWNrZXQiOnRydWUsInZlcnNpb24iOm51bGx9LCJ0ZndfdHdlZXRfZWRpdF9mcm9udGVuZCI6eyJidWNrZXQiOiJvbiIsInZlcnNpb24iOm51bGx9fQ%3D%3D&amp;frame=false&amp;hideCard=false&amp;hideThread=false&amp;id=2031444234293670206&amp;lang=es&amp;origin=https%3A%2F%2Fwww.eldiarioar.com%2Fpolitica%2Fidentificaron-restos-12-personas-hallados-excavaciones-cerca-ex-centro-clandestino-perla_1_13057520.html&amp;sessionId=7ef2bdfc8b154706d7d648bb86d77879126cdc65&amp;theme=light&amp;widgetsVersion=2615f7e52b7e0%3A1702314776716&amp;width=550px\" frameborder=\"0\" scrolling=\"no\" allowfullscreen=\"allowfullscreen\" data-gtm-yt-inspected-34399851_303=\"true\" data-gtm-yt-inspected-34399851_396=\"true\" data-gtm-yt-inspected-40=\"true\" data-tweet-id=\"2031444234293670206\" data-mce-fragment=\"1\"><\/iframe><\/div>\n<\/figure>\n<p class=\"article-text\">Los estudios se realizaron sobre restos humanos encontrados durante excavaciones efectuadas en 2025 en el sector conocido como \u201cLoma del Torito\u201d, dentro de la Guarnici\u00f3n Militar de La Calera, en las inmediaciones del ex centro clandestino de detenci\u00f3n.<\/p>\n<p class=\"article-text\"><strong>Seg\u00fan inform\u00f3 el juzgado, los an\u00e1lisis gen\u00e9ticos permitieron alcanzar un \u201cresultado parcial\u201d que identifica cient\u00edficamente a doce v\u00edctimas cuyos restos hab\u00edan sido recuperados durante la campa\u00f1a de excavaciones realizada el a\u00f1o pasado.<\/strong>\u00a0Las identidades, sin embargo, no ser\u00e1n dadas a conocer p\u00fablicamente hasta que se complete el proceso de notificaci\u00f3n a los familiares directos.<\/p>\n<p class=\"article-text\">La b\u00fasqueda en la zona se desarroll\u00f3 durante 68 d\u00edas en un \u00e1rea de aproximadamente diez hect\u00e1reas. En ese per\u00edodo, equipos especializados y maquinaria removieron grandes vol\u00famenes de tierra en sectores donde, a partir de testimonios de sobrevivientes, fotograf\u00edas hist\u00f3ricas y relevamientos a\u00e9reos, se hab\u00eda establecido una alta probabilidad de existencia de fosas comunes.<\/p>\n<p class=\"article-text\">Los trabajos permitieron recuperar numerosos fragmentos \u00f3seos que luego fueron sometidos a procesos de dataci\u00f3n, clasificaci\u00f3n y an\u00e1lisis gen\u00e9tico con el objetivo de determinar su identidad. Desde la Secretar\u00eda de Derechos Humanos provincial se\u00f1alaron que el proceso de comunicaci\u00f3n con las familias se encuentra en una etapa sensible.<\/p>\n<p class=\"article-text\">La causa judicial que investiga enterramientos clandestinos en el predio se inici\u00f3 en 1998 a partir de una presentaci\u00f3n del Premio Nobel de la Paz\u00a0<strong>Adolfo P\u00e9rez Esquivel<\/strong>, la abogada\u00a0<strong>Mar\u00eda Elba Mart\u00ednez<\/strong>\u00a0y el periodista\u00a0<strong>Horacio Verbitsky<\/strong>, quienes solicitaron a la Justicia la b\u00fasqueda de los restos de desaparecidos en el \u00e1rea.<\/p>\n<p class=\"article-text\"><strong>La Perla funcion\u00f3 como centro clandestino de detenci\u00f3n, tortura y exterminio entre 1976 y 1978<\/strong>, bajo el mando del Tercer Cuerpo de Ej\u00e9rcito. Investigaciones del Archivo Provincial de la Memoria estiman que entre 2.200 y 2.500 personas pasaron por ese lugar, donde el nivel de letalidad fue particularmente alto.<\/p>\n<p class=\"article-text\">En C\u00f3rdoba, a diferencia de otros centros clandestinos del pa\u00eds, los enterramientos clandestinos fueron una de las principales modalidades utilizadas para ocultar los cuerpos de las v\u00edctimas. Por esa raz\u00f3n, las tareas de excavaci\u00f3n en los terrenos cercanos al predio militar se consideran clave para avanzar en la reconstrucci\u00f3n de lo ocurrido y en la identificaci\u00f3n de personas desaparecidas.<\/p>\n<p class=\"article-text\">Desde el juzgado indicaron que\u00a0<strong>una vez finalizado el proceso de notificaci\u00f3n a las familias se brindar\u00e1 informaci\u00f3n m\u00e1s detallada sobre las identidades confirmadas y el avance de los an\u00e1lisis<\/strong>, que podr\u00edan permitir identificar a otras v\u00edctimas cuyos restos tambi\u00e9n fueron recuperados durante las excavaciones.<\/p>\n<p class=\"article-text\"><strong>CRM &#8211; elDiarioAR<\/strong><\/p>\n<\/div>\n<\/div>\n","protected":false},"excerpt":{"rendered":"<p>El hallazgo fue confirmado por el Juzgado Federal N.\u00ba 3 de C\u00f3rdoba tras los an\u00e1lisis del Equipo Argentino de Antropolog\u00eda Forense. Las identidades no ser\u00e1n difundidas hasta que se complete la notificaci\u00f3n a los familiares de las v\u00edctimas del terrorismo de Estado.<\/p>\n","protected":false},"author":3,"featured_media":133896,"comment_status":"closed","ping_status":"closed","sticky":false,"template":"","format":"standard","meta":{"footnotes":""},"categories":[57],"tags":[],"class_list":["post-133895","post","type-post","status-publish","format-standard","has-post-thumbnail","hentry","category-judiciales"],"yoast_head":"<!-- This site is optimized with the Yoast SEO plugin v25.9 - https:\/\/yoast.com\/wordpress\/plugins\/seo\/ -->\n<title>Identificaron los restos de 12 personas hallados en excavaciones cerca del ex centro clandestino La Perla - Noticias Radio Reflejos<\/title>\n<meta name=\"robots\" content=\"index, follow, max-snippet:-1, max-image-preview:large, max-video-preview:-1\" \/>\n<link rel=\"canonical\" href=\"https:\/\/www.noticiasradioreflejos.com.ar\/2021\/identificaron-los-restos-de-12-personas-hallados-en-excavaciones-cerca-del-ex-centro-clandestino-la-perla\/\" \/>\n<meta property=\"og:locale\" content=\"es_ES\" \/>\n<meta property=\"og:type\" content=\"article\" \/>\n<meta property=\"og:title\" content=\"Identificaron los restos de 12 personas hallados en excavaciones cerca del ex centro clandestino La Perla - Noticias Radio Reflejos\" \/>\n<meta property=\"og:description\" content=\"El hallazgo fue confirmado por el Juzgado Federal N.\u00ba 3 de C\u00f3rdoba tras los an\u00e1lisis del Equipo Argentino de Antropolog\u00eda Forense. Las identidades no ser\u00e1n difundidas hasta que se complete la notificaci\u00f3n a los familiares de las v\u00edctimas del terrorismo de Estado.\" \/>\n<meta property=\"og:url\" content=\"https:\/\/www.noticiasradioreflejos.com.ar\/2021\/identificaron-los-restos-de-12-personas-hallados-en-excavaciones-cerca-del-ex-centro-clandestino-la-perla\/\" \/>\n<meta property=\"og:site_name\" content=\"Noticias Radio Reflejos\" \/>\n<meta property=\"article:published_time\" content=\"2026-03-11T10:21:31+00:00\" \/>\n<meta property=\"og:image\" content=\"https:\/\/www.noticiasradioreflejos.com.ar\/2021\/wp-content\/uploads\/2026\/03\/espacio-de-memoria.webp\" \/>\n\t<meta property=\"og:image:width\" content=\"1200\" \/>\n\t<meta property=\"og:image:height\" content=\"675\" \/>\n\t<meta property=\"og:image:type\" content=\"image\/webp\" \/>\n<meta name=\"author\" content=\"Arnaldo Botto\" \/>\n<meta name=\"twitter:card\" content=\"summary_large_image\" \/>\n<script type=\"application\/ld+json\" class=\"yoast-schema-graph\">{\"@context\":\"https:\/\/schema.org\",\"@graph\":[{\"@type\":\"WebPage\",\"@id\":\"https:\/\/www.noticiasradioreflejos.com.ar\/2021\/identificaron-los-restos-de-12-personas-hallados-en-excavaciones-cerca-del-ex-centro-clandestino-la-perla\/\",\"url\":\"https:\/\/www.noticiasradioreflejos.com.ar\/2021\/identificaron-los-restos-de-12-personas-hallados-en-excavaciones-cerca-del-ex-centro-clandestino-la-perla\/\",\"name\":\"Identificaron los restos de 12 personas hallados en excavaciones cerca del ex centro clandestino La Perla - Noticias Radio Reflejos\",\"isPartOf\":{\"@id\":\"https:\/\/www.noticiasradioreflejos.com.ar\/2021\/#website\"},\"primaryImageOfPage\":{\"@id\":\"https:\/\/www.noticiasradioreflejos.com.ar\/2021\/identificaron-los-restos-de-12-personas-hallados-en-excavaciones-cerca-del-ex-centro-clandestino-la-perla\/#primaryimage\"},\"image\":{\"@id\":\"https:\/\/www.noticiasradioreflejos.com.ar\/2021\/identificaron-los-restos-de-12-personas-hallados-en-excavaciones-cerca-del-ex-centro-clandestino-la-perla\/#primaryimage\"},\"thumbnailUrl\":\"https:\/\/www.noticiasradioreflejos.com.ar\/2021\/wp-content\/uploads\/2026\/03\/espacio-de-memoria.webp\",\"datePublished\":\"2026-03-11T10:21:31+00:00\",\"author\":{\"@id\":\"https:\/\/www.noticiasradioreflejos.com.ar\/2021\/#\/schema\/person\/ad82545263dcc5ec0996818884fd5fb1\"},\"breadcrumb\":{\"@id\":\"https:\/\/www.noticiasradioreflejos.com.ar\/2021\/identificaron-los-restos-de-12-personas-hallados-en-excavaciones-cerca-del-ex-centro-clandestino-la-perla\/#breadcrumb\"},\"inLanguage\":\"es\",\"potentialAction\":[{\"@type\":\"ReadAction\",\"target\":[\"https:\/\/www.noticiasradioreflejos.com.ar\/2021\/identificaron-los-restos-de-12-personas-hallados-en-excavaciones-cerca-del-ex-centro-clandestino-la-perla\/\"]}]},{\"@type\":\"ImageObject\",\"inLanguage\":\"es\",\"@id\":\"https:\/\/www.noticiasradioreflejos.com.ar\/2021\/identificaron-los-restos-de-12-personas-hallados-en-excavaciones-cerca-del-ex-centro-clandestino-la-perla\/#primaryimage\",\"url\":\"https:\/\/www.noticiasradioreflejos.com.ar\/2021\/wp-content\/uploads\/2026\/03\/espacio-de-memoria.webp\",\"contentUrl\":\"https:\/\/www.noticiasradioreflejos.com.ar\/2021\/wp-content\/uploads\/2026\/03\/espacio-de-memoria.webp\",\"width\":1200,\"height\":675},{\"@type\":\"BreadcrumbList\",\"@id\":\"https:\/\/www.noticiasradioreflejos.com.ar\/2021\/identificaron-los-restos-de-12-personas-hallados-en-excavaciones-cerca-del-ex-centro-clandestino-la-perla\/#breadcrumb\",\"itemListElement\":[{\"@type\":\"ListItem\",\"position\":1,\"name\":\"Portada\",\"item\":\"https:\/\/www.noticiasradioreflejos.com.ar\/2021\/\"},{\"@type\":\"ListItem\",\"position\":2,\"name\":\"Identificaron los restos de 12 personas hallados en excavaciones cerca del ex centro clandestino La Perla\"}]},{\"@type\":\"WebSite\",\"@id\":\"https:\/\/www.noticiasradioreflejos.com.ar\/2021\/#website\",\"url\":\"https:\/\/www.noticiasradioreflejos.com.ar\/2021\/\",\"name\":\"Noticias Radio Reflejos\",\"description\":\"Las noticias de mi comarca\",\"potentialAction\":[{\"@type\":\"SearchAction\",\"target\":{\"@type\":\"EntryPoint\",\"urlTemplate\":\"https:\/\/www.noticiasradioreflejos.com.ar\/2021\/?s={search_term_string}\"},\"query-input\":{\"@type\":\"PropertyValueSpecification\",\"valueRequired\":true,\"valueName\":\"search_term_string\"}}],\"inLanguage\":\"es\"},{\"@type\":\"Person\",\"@id\":\"https:\/\/www.noticiasradioreflejos.com.ar\/2021\/#\/schema\/person\/ad82545263dcc5ec0996818884fd5fb1\",\"name\":\"Arnaldo Botto\",\"image\":{\"@type\":\"ImageObject\",\"inLanguage\":\"es\",\"@id\":\"https:\/\/www.noticiasradioreflejos.com.ar\/2021\/#\/schema\/person\/image\/\",\"url\":\"https:\/\/secure.gravatar.com\/avatar\/55cb5e37c1efa326397366e6974cb338056df65cb50e7d64d1cf314e87504837?s=96&d=mm&r=g\",\"contentUrl\":\"https:\/\/secure.gravatar.com\/avatar\/55cb5e37c1efa326397366e6974cb338056df65cb50e7d64d1cf314e87504837?s=96&d=mm&r=g\",\"caption\":\"Arnaldo Botto\"},\"url\":\"https:\/\/www.noticiasradioreflejos.com.ar\/2021\/author\/arnaldo\/\"}]}<\/script>\n<!-- \/ Yoast SEO plugin. -->","yoast_head_json":{"title":"Identificaron los restos de 12 personas hallados en excavaciones cerca del ex centro clandestino La Perla - Noticias Radio Reflejos","robots":{"index":"index","follow":"follow","max-snippet":"max-snippet:-1","max-image-preview":"max-image-preview:large","max-video-preview":"max-video-preview:-1"},"canonical":"https:\/\/www.noticiasradioreflejos.com.ar\/2021\/identificaron-los-restos-de-12-personas-hallados-en-excavaciones-cerca-del-ex-centro-clandestino-la-perla\/","og_locale":"es_ES","og_type":"article","og_title":"Identificaron los restos de 12 personas hallados en excavaciones cerca del ex centro clandestino La Perla - Noticias Radio Reflejos","og_description":"El hallazgo fue confirmado por el Juzgado Federal N.\u00ba 3 de C\u00f3rdoba tras los an\u00e1lisis del Equipo Argentino de Antropolog\u00eda Forense. Las identidades no ser\u00e1n difundidas hasta que se complete la notificaci\u00f3n a los familiares de las v\u00edctimas del terrorismo de Estado.","og_url":"https:\/\/www.noticiasradioreflejos.com.ar\/2021\/identificaron-los-restos-de-12-personas-hallados-en-excavaciones-cerca-del-ex-centro-clandestino-la-perla\/","og_site_name":"Noticias Radio Reflejos","article_published_time":"2026-03-11T10:21:31+00:00","og_image":[{"width":1200,"height":675,"url":"https:\/\/www.noticiasradioreflejos.com.ar\/2021\/wp-content\/uploads\/2026\/03\/espacio-de-memoria.webp","type":"image\/webp"}],"author":"Arnaldo Botto","twitter_card":"summary_large_image","schema":{"@context":"https:\/\/schema.org","@graph":[{"@type":"WebPage","@id":"https:\/\/www.noticiasradioreflejos.com.ar\/2021\/identificaron-los-restos-de-12-personas-hallados-en-excavaciones-cerca-del-ex-centro-clandestino-la-perla\/","url":"https:\/\/www.noticiasradioreflejos.com.ar\/2021\/identificaron-los-restos-de-12-personas-hallados-en-excavaciones-cerca-del-ex-centro-clandestino-la-perla\/","name":"Identificaron los restos de 12 personas hallados en excavaciones cerca del ex centro clandestino La Perla - Noticias Radio Reflejos","isPartOf":{"@id":"https:\/\/www.noticiasradioreflejos.com.ar\/2021\/#website"},"primaryImageOfPage":{"@id":"https:\/\/www.noticiasradioreflejos.com.ar\/2021\/identificaron-los-restos-de-12-personas-hallados-en-excavaciones-cerca-del-ex-centro-clandestino-la-perla\/#primaryimage"},"image":{"@id":"https:\/\/www.noticiasradioreflejos.com.ar\/2021\/identificaron-los-restos-de-12-personas-hallados-en-excavaciones-cerca-del-ex-centro-clandestino-la-perla\/#primaryimage"},"thumbnailUrl":"https:\/\/www.noticiasradioreflejos.com.ar\/2021\/wp-content\/uploads\/2026\/03\/espacio-de-memoria.webp","datePublished":"2026-03-11T10:21:31+00:00","author":{"@id":"https:\/\/www.noticiasradioreflejos.com.ar\/2021\/#\/schema\/person\/ad82545263dcc5ec0996818884fd5fb1"},"breadcrumb":{"@id":"https:\/\/www.noticiasradioreflejos.com.ar\/2021\/identificaron-los-restos-de-12-personas-hallados-en-excavaciones-cerca-del-ex-centro-clandestino-la-perla\/#breadcrumb"},"inLanguage":"es","potentialAction":[{"@type":"ReadAction","target":["https:\/\/www.noticiasradioreflejos.com.ar\/2021\/identificaron-los-restos-de-12-personas-hallados-en-excavaciones-cerca-del-ex-centro-clandestino-la-perla\/"]}]},{"@type":"ImageObject","inLanguage":"es","@id":"https:\/\/www.noticiasradioreflejos.com.ar\/2021\/identificaron-los-restos-de-12-personas-hallados-en-excavaciones-cerca-del-ex-centro-clandestino-la-perla\/#primaryimage","url":"https:\/\/www.noticiasradioreflejos.com.ar\/2021\/wp-content\/uploads\/2026\/03\/espacio-de-memoria.webp","contentUrl":"https:\/\/www.noticiasradioreflejos.com.ar\/2021\/wp-content\/uploads\/2026\/03\/espacio-de-memoria.webp","width":1200,"height":675},{"@type":"BreadcrumbList","@id":"https:\/\/www.noticiasradioreflejos.com.ar\/2021\/identificaron-los-restos-de-12-personas-hallados-en-excavaciones-cerca-del-ex-centro-clandestino-la-perla\/#breadcrumb","itemListElement":[{"@type":"ListItem","position":1,"name":"Portada","item":"https:\/\/www.noticiasradioreflejos.com.ar\/2021\/"},{"@type":"ListItem","position":2,"name":"Identificaron los restos de 12 personas hallados en excavaciones cerca del ex centro clandestino La Perla"}]},{"@type":"WebSite","@id":"https:\/\/www.noticiasradioreflejos.com.ar\/2021\/#website","url":"https:\/\/www.noticiasradioreflejos.com.ar\/2021\/","name":"Noticias Radio Reflejos","description":"Las noticias de mi comarca","potentialAction":[{"@type":"SearchAction","target":{"@type":"EntryPoint","urlTemplate":"https:\/\/www.noticiasradioreflejos.com.ar\/2021\/?s={search_term_string}"},"query-input":{"@type":"PropertyValueSpecification","valueRequired":true,"valueName":"search_term_string"}}],"inLanguage":"es"},{"@type":"Person","@id":"https:\/\/www.noticiasradioreflejos.com.ar\/2021\/#\/schema\/person\/ad82545263dcc5ec0996818884fd5fb1","name":"Arnaldo Botto","image":{"@type":"ImageObject","inLanguage":"es","@id":"https:\/\/www.noticiasradioreflejos.com.ar\/2021\/#\/schema\/person\/image\/","url":"https:\/\/secure.gravatar.com\/avatar\/55cb5e37c1efa326397366e6974cb338056df65cb50e7d64d1cf314e87504837?s=96&d=mm&r=g","contentUrl":"https:\/\/secure.gravatar.com\/avatar\/55cb5e37c1efa326397366e6974cb338056df65cb50e7d64d1cf314e87504837?s=96&d=mm&r=g","caption":"Arnaldo Botto"},"url":"https:\/\/www.noticiasradioreflejos.com.ar\/2021\/author\/arnaldo\/"}]}},"_links":{"self":[{"href":"https:\/\/www.noticiasradioreflejos.com.ar\/2021\/wp-json\/wp\/v2\/posts\/133895","targetHints":{"allow":["GET"]}}],"collection":[{"href":"https:\/\/www.noticiasradioreflejos.com.ar\/2021\/wp-json\/wp\/v2\/posts"}],"about":[{"href":"https:\/\/www.noticiasradioreflejos.com.ar\/2021\/wp-json\/wp\/v2\/types\/post"}],"author":[{"embeddable":true,"href":"https:\/\/www.noticiasradioreflejos.com.ar\/2021\/wp-json\/wp\/v2\/users\/3"}],"replies":[{"embeddable":true,"href":"https:\/\/www.noticiasradioreflejos.com.ar\/2021\/wp-json\/wp\/v2\/comments?post=133895"}],"version-history":[{"count":1,"href":"https:\/\/www.noticiasradioreflejos.com.ar\/2021\/wp-json\/wp\/v2\/posts\/133895\/revisions"}],"predecessor-version":[{"id":133897,"href":"https:\/\/www.noticiasradioreflejos.com.ar\/2021\/wp-json\/wp\/v2\/posts\/133895\/revisions\/133897"}],"wp:featuredmedia":[{"embeddable":true,"href":"https:\/\/www.noticiasradioreflejos.com.ar\/2021\/wp-json\/wp\/v2\/media\/133896"}],"wp:attachment":[{"href":"https:\/\/www.noticiasradioreflejos.com.ar\/2021\/wp-json\/wp\/v2\/media?parent=133895"}],"wp:term":[{"taxonomy":"category","embeddable":true,"href":"https:\/\/www.noticiasradioreflejos.com.ar\/2021\/wp-json\/wp\/v2\/categories?post=133895"},{"taxonomy":"post_tag","embeddable":true,"href":"https:\/\/www.noticiasradioreflejos.com.ar\/2021\/wp-json\/wp\/v2\/tags?post=133895"}],"curies":[{"name":"wp","href":"https:\/\/api.w.org\/{rel}","templated":true}]}}