{"id":133892,"date":"2026-03-11T07:17:20","date_gmt":"2026-03-11T10:17:20","guid":{"rendered":"https:\/\/www.noticiasradioreflejos.com.ar\/2021\/?p=133892"},"modified":"2026-03-11T07:17:20","modified_gmt":"2026-03-11T10:17:20","slug":"queria-que-me-acompane-la-insolita-explicacion-de-adorni-por-el-viaje-de-su-esposa-en-el-avion-presidencial","status":"publish","type":"post","link":"https:\/\/www.noticiasradioreflejos.com.ar\/2021\/queria-que-me-acompane-la-insolita-explicacion-de-adorni-por-el-viaje-de-su-esposa-en-el-avion-presidencial\/","title":{"rendered":"\u201cQuer\u00eda que me acompa\u00f1e\u201d: la ins\u00f3lita explicaci\u00f3n de Adorni por el viaje de su esposa en el avi\u00f3n presidencial"},"content":{"rendered":"<p>El exvocero admiti\u00f3 que su mujer fue invitada por Presidencia porque \u201cno hab\u00eda otra forma\u201d de que lo acompa\u00f1ara en Nueva York. \u201cEstos son trabajos muy sacrificados, vengo ac\u00e1 a deslomarme\u201d, dijo.<!--more-->El jefe de Gabinete Manuel Adorni qued\u00f3 en el centro de un nuevo esc\u00e1ndalo luego de que se conociera que su esposa, Bettina Angeletti -quien trabaja como coach ontol\u00f3gica y <b>no forma parte de la estructura del gobierno<\/b>-,\u00a0<b>viaj\u00f3 a Nueva York junto a la comitiva presidencial<\/b>. La pol\u00e9mica situaci\u00f3n se conoci\u00f3 tras la difusi\u00f3n de una foto durante la visita oficial a la tumba del rabino Menachem Mendel Schneerson.<\/p>\n<div class=\"article-content\">\n<article class=\"p12-article-body \">\n<ul>\n<li><a title=\"https:\/\/www.pagina12.com.ar\/2026\/03\/10\/una-comitiva-nutrida-de-familiares\/\" href=\"https:\/\/www.pagina12.com.ar\/2026\/03\/10\/una-comitiva-nutrida-de-familiares\/\" target=\"_self\" rel=\"\"><b>Una comitiva \u201cnutrida\u201d de familiares<\/b><\/a><\/li>\n<\/ul>\n<p class=\"c-paragraph\">Ante las cr\u00edticas, Adorni intent\u00f3 justificar sin \u00e9xito la presencia de su esposa en declaraciones televisivas.\u00a0<b>\u201cMi mujer iba a viajar a Nueva York. De hecho ten\u00eda el pasaje comprado para viajar el 26 de febrero\u201d<\/b>, sostuvo. Seg\u00fan explic\u00f3, el itinerario presidencial cambi\u00f3 y decidi\u00f3 que lo acompa\u00f1ara en el viaje: \u201cYo quer\u00eda que mi mujer me acompa\u00f1e. Por lo tanto la\u00a0<b>Presidencia la invit\u00f3 a que me acompa\u00f1e en el avi\u00f3n presidencial<\/b>\u00a0porque no hab\u00eda otra forma\u201d.<\/p>\n<div id=\"ad-slot-video_inread\" class=\"ad-slot-video_inread ad-slot\" data-adtype=\"video_inread\" data-google-query-id=\"CICYiIjOl5MDFU5U3QId2RYujg\">\n<div id=\"google_ads_iframe_\/349353471\/p12\/nota_video_inread_0__container__\"><\/div>\n<\/div>\n<p class=\"c-paragraph\">El funcionario tambi\u00e9n apel\u00f3 a razones personales para explicar la decisi\u00f3n.\u00a0<b>\u201cEstos son trabajos muy sacrificados y la verdad que era mi deseo que mi mujer me acompa\u00f1e\u201d<\/b>, dijo. Y agreg\u00f3: \u201c<b>Yo vengo una semana o cinco d\u00edas a deslomarme<\/b>, como todos los que vienen a Nueva York. Quer\u00eda que mi esposa me acompa\u00f1e porque es mi compa\u00f1era de vida y porque es la que me da una mano ac\u00e1.\u00a0<b>Pero no le sacamos un peso al Estado eh<\/b>\u201d.<\/p>\n<p class=\"c-paragraph\">Adorni intent\u00f3 adem\u00e1s despegar al Estado de cualquier gasto vinculado al viaje. \u201cTe aclaro que los gastos de ella se los paga ella, el vuelo se lo pag\u00f3 ella y la vuelta se la paga ella\u201d, afirm\u00f3 visiblemente enojado. En ese sentido, asegur\u00f3 que tampoco utiliza fondos p\u00fablicos para su actividad personal: \u201cMis vi\u00e1ticos, mi comida y mi movilidad me lo pago yo\u201d.<\/p>\n<p class=\"c-paragraph\">El jefe de Gabinete insisti\u00f3 con esa defensa: \u201cComida y movilidad sale todo de mi bolsillo y\u00a0<b>al Estado no le sale un peso<\/b>\u201d.<\/p>\n<p class=\"c-paragraph\">El diputado\u00a0<b>Esteban Paul\u00f3n (Encuentro Federal) present\u00f3 un pedido de acceso a la informaci\u00f3n p\u00fablica para que el Ejecutivo detalle con qu\u00e9 fondos se pag\u00f3 el traslado<\/b>, qu\u00e9 rol cumple en la comitiva y si se evaluaron posibles incompatibilidades o conflictos de inter\u00e9s. Ante esta situaci\u00f3n, Adornio desafi\u00f3:\u00a0<b>\u201cQue la oposici\u00f3n haga lo que quiera\u201d<\/b>.<\/p>\n<\/article>\n<\/div>\n<p>&nbsp;<\/p>\n<p><strong>Fuente P\u00e1gina 12<\/strong><\/p>\n","protected":false},"excerpt":{"rendered":"<p>El exvocero admiti\u00f3 que su mujer fue invitada por Presidencia porque \u201cno hab\u00eda otra forma\u201d de que lo acompa\u00f1ara en Nueva York. \u201cEstos son trabajos muy sacrificados, vengo ac\u00e1 a deslomarme\u201d, dijo.<\/p>\n","protected":false},"author":3,"featured_media":133893,"comment_status":"closed","ping_status":"closed","sticky":false,"template":"","format":"standard","meta":{"footnotes":""},"categories":[58],"tags":[],"class_list":["post-133892","post","type-post","status-publish","format-standard","has-post-thumbnail","hentry","category-gobierno"],"yoast_head":"<!-- This site is optimized with the Yoast SEO plugin v25.9 - https:\/\/yoast.com\/wordpress\/plugins\/seo\/ -->\n<title>\u201cQuer\u00eda que me acompa\u00f1e\u201d: la ins\u00f3lita explicaci\u00f3n de Adorni por el viaje de su esposa en el avi\u00f3n presidencial - Noticias Radio Reflejos<\/title>\n<meta name=\"robots\" content=\"index, follow, max-snippet:-1, max-image-preview:large, max-video-preview:-1\" \/>\n<link rel=\"canonical\" href=\"https:\/\/www.noticiasradioreflejos.com.ar\/2021\/queria-que-me-acompane-la-insolita-explicacion-de-adorni-por-el-viaje-de-su-esposa-en-el-avion-presidencial\/\" \/>\n<meta property=\"og:locale\" content=\"es_ES\" \/>\n<meta property=\"og:type\" content=\"article\" \/>\n<meta property=\"og:title\" content=\"\u201cQuer\u00eda que me acompa\u00f1e\u201d: la ins\u00f3lita explicaci\u00f3n de Adorni por el viaje de su esposa en el avi\u00f3n presidencial - Noticias Radio Reflejos\" \/>\n<meta property=\"og:description\" content=\"El exvocero admiti\u00f3 que su mujer fue invitada por Presidencia porque \u201cno hab\u00eda otra forma\u201d de que lo acompa\u00f1ara en Nueva York. \u201cEstos son trabajos muy sacrificados, vengo ac\u00e1 a deslomarme\u201d, dijo.\" \/>\n<meta property=\"og:url\" content=\"https:\/\/www.noticiasradioreflejos.com.ar\/2021\/queria-que-me-acompane-la-insolita-explicacion-de-adorni-por-el-viaje-de-su-esposa-en-el-avion-presidencial\/\" \/>\n<meta property=\"og:site_name\" content=\"Noticias Radio Reflejos\" \/>\n<meta property=\"article:published_time\" content=\"2026-03-11T10:17:20+00:00\" \/>\n<meta property=\"og:image\" content=\"https:\/\/www.noticiasradioreflejos.com.ar\/2021\/wp-content\/uploads\/2026\/03\/adorni.jpg\" \/>\n\t<meta property=\"og:image:width\" content=\"714\" \/>\n\t<meta property=\"og:image:height\" content=\"476\" \/>\n\t<meta property=\"og:image:type\" content=\"image\/jpeg\" \/>\n<meta name=\"author\" content=\"Arnaldo Botto\" \/>\n<meta name=\"twitter:card\" content=\"summary_large_image\" \/>\n<script type=\"application\/ld+json\" class=\"yoast-schema-graph\">{\"@context\":\"https:\/\/schema.org\",\"@graph\":[{\"@type\":\"WebPage\",\"@id\":\"https:\/\/www.noticiasradioreflejos.com.ar\/2021\/queria-que-me-acompane-la-insolita-explicacion-de-adorni-por-el-viaje-de-su-esposa-en-el-avion-presidencial\/\",\"url\":\"https:\/\/www.noticiasradioreflejos.com.ar\/2021\/queria-que-me-acompane-la-insolita-explicacion-de-adorni-por-el-viaje-de-su-esposa-en-el-avion-presidencial\/\",\"name\":\"\u201cQuer\u00eda que me acompa\u00f1e\u201d: la ins\u00f3lita explicaci\u00f3n de Adorni por el viaje de su esposa en el avi\u00f3n presidencial - Noticias Radio Reflejos\",\"isPartOf\":{\"@id\":\"https:\/\/www.noticiasradioreflejos.com.ar\/2021\/#website\"},\"primaryImageOfPage\":{\"@id\":\"https:\/\/www.noticiasradioreflejos.com.ar\/2021\/queria-que-me-acompane-la-insolita-explicacion-de-adorni-por-el-viaje-de-su-esposa-en-el-avion-presidencial\/#primaryimage\"},\"image\":{\"@id\":\"https:\/\/www.noticiasradioreflejos.com.ar\/2021\/queria-que-me-acompane-la-insolita-explicacion-de-adorni-por-el-viaje-de-su-esposa-en-el-avion-presidencial\/#primaryimage\"},\"thumbnailUrl\":\"https:\/\/www.noticiasradioreflejos.com.ar\/2021\/wp-content\/uploads\/2026\/03\/adorni.jpg\",\"datePublished\":\"2026-03-11T10:17:20+00:00\",\"author\":{\"@id\":\"https:\/\/www.noticiasradioreflejos.com.ar\/2021\/#\/schema\/person\/ad82545263dcc5ec0996818884fd5fb1\"},\"breadcrumb\":{\"@id\":\"https:\/\/www.noticiasradioreflejos.com.ar\/2021\/queria-que-me-acompane-la-insolita-explicacion-de-adorni-por-el-viaje-de-su-esposa-en-el-avion-presidencial\/#breadcrumb\"},\"inLanguage\":\"es\",\"potentialAction\":[{\"@type\":\"ReadAction\",\"target\":[\"https:\/\/www.noticiasradioreflejos.com.ar\/2021\/queria-que-me-acompane-la-insolita-explicacion-de-adorni-por-el-viaje-de-su-esposa-en-el-avion-presidencial\/\"]}]},{\"@type\":\"ImageObject\",\"inLanguage\":\"es\",\"@id\":\"https:\/\/www.noticiasradioreflejos.com.ar\/2021\/queria-que-me-acompane-la-insolita-explicacion-de-adorni-por-el-viaje-de-su-esposa-en-el-avion-presidencial\/#primaryimage\",\"url\":\"https:\/\/www.noticiasradioreflejos.com.ar\/2021\/wp-content\/uploads\/2026\/03\/adorni.jpg\",\"contentUrl\":\"https:\/\/www.noticiasradioreflejos.com.ar\/2021\/wp-content\/uploads\/2026\/03\/adorni.jpg\",\"width\":714,\"height\":476},{\"@type\":\"BreadcrumbList\",\"@id\":\"https:\/\/www.noticiasradioreflejos.com.ar\/2021\/queria-que-me-acompane-la-insolita-explicacion-de-adorni-por-el-viaje-de-su-esposa-en-el-avion-presidencial\/#breadcrumb\",\"itemListElement\":[{\"@type\":\"ListItem\",\"position\":1,\"name\":\"Portada\",\"item\":\"https:\/\/www.noticiasradioreflejos.com.ar\/2021\/\"},{\"@type\":\"ListItem\",\"position\":2,\"name\":\"\u201cQuer\u00eda que me acompa\u00f1e\u201d: la ins\u00f3lita explicaci\u00f3n de Adorni por el viaje de su esposa en el avi\u00f3n presidencial\"}]},{\"@type\":\"WebSite\",\"@id\":\"https:\/\/www.noticiasradioreflejos.com.ar\/2021\/#website\",\"url\":\"https:\/\/www.noticiasradioreflejos.com.ar\/2021\/\",\"name\":\"Noticias Radio Reflejos\",\"description\":\"Las noticias de mi comarca\",\"potentialAction\":[{\"@type\":\"SearchAction\",\"target\":{\"@type\":\"EntryPoint\",\"urlTemplate\":\"https:\/\/www.noticiasradioreflejos.com.ar\/2021\/?s={search_term_string}\"},\"query-input\":{\"@type\":\"PropertyValueSpecification\",\"valueRequired\":true,\"valueName\":\"search_term_string\"}}],\"inLanguage\":\"es\"},{\"@type\":\"Person\",\"@id\":\"https:\/\/www.noticiasradioreflejos.com.ar\/2021\/#\/schema\/person\/ad82545263dcc5ec0996818884fd5fb1\",\"name\":\"Arnaldo Botto\",\"image\":{\"@type\":\"ImageObject\",\"inLanguage\":\"es\",\"@id\":\"https:\/\/www.noticiasradioreflejos.com.ar\/2021\/#\/schema\/person\/image\/\",\"url\":\"https:\/\/secure.gravatar.com\/avatar\/55cb5e37c1efa326397366e6974cb338056df65cb50e7d64d1cf314e87504837?s=96&d=mm&r=g\",\"contentUrl\":\"https:\/\/secure.gravatar.com\/avatar\/55cb5e37c1efa326397366e6974cb338056df65cb50e7d64d1cf314e87504837?s=96&d=mm&r=g\",\"caption\":\"Arnaldo Botto\"},\"url\":\"https:\/\/www.noticiasradioreflejos.com.ar\/2021\/author\/arnaldo\/\"}]}<\/script>\n<!-- \/ Yoast SEO plugin. -->","yoast_head_json":{"title":"\u201cQuer\u00eda que me acompa\u00f1e\u201d: la ins\u00f3lita explicaci\u00f3n de Adorni por el viaje de su esposa en el avi\u00f3n presidencial - Noticias Radio Reflejos","robots":{"index":"index","follow":"follow","max-snippet":"max-snippet:-1","max-image-preview":"max-image-preview:large","max-video-preview":"max-video-preview:-1"},"canonical":"https:\/\/www.noticiasradioreflejos.com.ar\/2021\/queria-que-me-acompane-la-insolita-explicacion-de-adorni-por-el-viaje-de-su-esposa-en-el-avion-presidencial\/","og_locale":"es_ES","og_type":"article","og_title":"\u201cQuer\u00eda que me acompa\u00f1e\u201d: la ins\u00f3lita explicaci\u00f3n de Adorni por el viaje de su esposa en el avi\u00f3n presidencial - Noticias Radio Reflejos","og_description":"El exvocero admiti\u00f3 que su mujer fue invitada por Presidencia porque \u201cno hab\u00eda otra forma\u201d de que lo acompa\u00f1ara en Nueva York. \u201cEstos son trabajos muy sacrificados, vengo ac\u00e1 a deslomarme\u201d, dijo.","og_url":"https:\/\/www.noticiasradioreflejos.com.ar\/2021\/queria-que-me-acompane-la-insolita-explicacion-de-adorni-por-el-viaje-de-su-esposa-en-el-avion-presidencial\/","og_site_name":"Noticias Radio Reflejos","article_published_time":"2026-03-11T10:17:20+00:00","og_image":[{"width":714,"height":476,"url":"https:\/\/www.noticiasradioreflejos.com.ar\/2021\/wp-content\/uploads\/2026\/03\/adorni.jpg","type":"image\/jpeg"}],"author":"Arnaldo Botto","twitter_card":"summary_large_image","schema":{"@context":"https:\/\/schema.org","@graph":[{"@type":"WebPage","@id":"https:\/\/www.noticiasradioreflejos.com.ar\/2021\/queria-que-me-acompane-la-insolita-explicacion-de-adorni-por-el-viaje-de-su-esposa-en-el-avion-presidencial\/","url":"https:\/\/www.noticiasradioreflejos.com.ar\/2021\/queria-que-me-acompane-la-insolita-explicacion-de-adorni-por-el-viaje-de-su-esposa-en-el-avion-presidencial\/","name":"\u201cQuer\u00eda que me acompa\u00f1e\u201d: la ins\u00f3lita explicaci\u00f3n de Adorni por el viaje de su esposa en el avi\u00f3n presidencial - Noticias Radio Reflejos","isPartOf":{"@id":"https:\/\/www.noticiasradioreflejos.com.ar\/2021\/#website"},"primaryImageOfPage":{"@id":"https:\/\/www.noticiasradioreflejos.com.ar\/2021\/queria-que-me-acompane-la-insolita-explicacion-de-adorni-por-el-viaje-de-su-esposa-en-el-avion-presidencial\/#primaryimage"},"image":{"@id":"https:\/\/www.noticiasradioreflejos.com.ar\/2021\/queria-que-me-acompane-la-insolita-explicacion-de-adorni-por-el-viaje-de-su-esposa-en-el-avion-presidencial\/#primaryimage"},"thumbnailUrl":"https:\/\/www.noticiasradioreflejos.com.ar\/2021\/wp-content\/uploads\/2026\/03\/adorni.jpg","datePublished":"2026-03-11T10:17:20+00:00","author":{"@id":"https:\/\/www.noticiasradioreflejos.com.ar\/2021\/#\/schema\/person\/ad82545263dcc5ec0996818884fd5fb1"},"breadcrumb":{"@id":"https:\/\/www.noticiasradioreflejos.com.ar\/2021\/queria-que-me-acompane-la-insolita-explicacion-de-adorni-por-el-viaje-de-su-esposa-en-el-avion-presidencial\/#breadcrumb"},"inLanguage":"es","potentialAction":[{"@type":"ReadAction","target":["https:\/\/www.noticiasradioreflejos.com.ar\/2021\/queria-que-me-acompane-la-insolita-explicacion-de-adorni-por-el-viaje-de-su-esposa-en-el-avion-presidencial\/"]}]},{"@type":"ImageObject","inLanguage":"es","@id":"https:\/\/www.noticiasradioreflejos.com.ar\/2021\/queria-que-me-acompane-la-insolita-explicacion-de-adorni-por-el-viaje-de-su-esposa-en-el-avion-presidencial\/#primaryimage","url":"https:\/\/www.noticiasradioreflejos.com.ar\/2021\/wp-content\/uploads\/2026\/03\/adorni.jpg","contentUrl":"https:\/\/www.noticiasradioreflejos.com.ar\/2021\/wp-content\/uploads\/2026\/03\/adorni.jpg","width":714,"height":476},{"@type":"BreadcrumbList","@id":"https:\/\/www.noticiasradioreflejos.com.ar\/2021\/queria-que-me-acompane-la-insolita-explicacion-de-adorni-por-el-viaje-de-su-esposa-en-el-avion-presidencial\/#breadcrumb","itemListElement":[{"@type":"ListItem","position":1,"name":"Portada","item":"https:\/\/www.noticiasradioreflejos.com.ar\/2021\/"},{"@type":"ListItem","position":2,"name":"\u201cQuer\u00eda que me acompa\u00f1e\u201d: la ins\u00f3lita explicaci\u00f3n de Adorni por el viaje de su esposa en el avi\u00f3n presidencial"}]},{"@type":"WebSite","@id":"https:\/\/www.noticiasradioreflejos.com.ar\/2021\/#website","url":"https:\/\/www.noticiasradioreflejos.com.ar\/2021\/","name":"Noticias Radio Reflejos","description":"Las noticias de mi comarca","potentialAction":[{"@type":"SearchAction","target":{"@type":"EntryPoint","urlTemplate":"https:\/\/www.noticiasradioreflejos.com.ar\/2021\/?s={search_term_string}"},"query-input":{"@type":"PropertyValueSpecification","valueRequired":true,"valueName":"search_term_string"}}],"inLanguage":"es"},{"@type":"Person","@id":"https:\/\/www.noticiasradioreflejos.com.ar\/2021\/#\/schema\/person\/ad82545263dcc5ec0996818884fd5fb1","name":"Arnaldo Botto","image":{"@type":"ImageObject","inLanguage":"es","@id":"https:\/\/www.noticiasradioreflejos.com.ar\/2021\/#\/schema\/person\/image\/","url":"https:\/\/secure.gravatar.com\/avatar\/55cb5e37c1efa326397366e6974cb338056df65cb50e7d64d1cf314e87504837?s=96&d=mm&r=g","contentUrl":"https:\/\/secure.gravatar.com\/avatar\/55cb5e37c1efa326397366e6974cb338056df65cb50e7d64d1cf314e87504837?s=96&d=mm&r=g","caption":"Arnaldo Botto"},"url":"https:\/\/www.noticiasradioreflejos.com.ar\/2021\/author\/arnaldo\/"}]}},"_links":{"self":[{"href":"https:\/\/www.noticiasradioreflejos.com.ar\/2021\/wp-json\/wp\/v2\/posts\/133892","targetHints":{"allow":["GET"]}}],"collection":[{"href":"https:\/\/www.noticiasradioreflejos.com.ar\/2021\/wp-json\/wp\/v2\/posts"}],"about":[{"href":"https:\/\/www.noticiasradioreflejos.com.ar\/2021\/wp-json\/wp\/v2\/types\/post"}],"author":[{"embeddable":true,"href":"https:\/\/www.noticiasradioreflejos.com.ar\/2021\/wp-json\/wp\/v2\/users\/3"}],"replies":[{"embeddable":true,"href":"https:\/\/www.noticiasradioreflejos.com.ar\/2021\/wp-json\/wp\/v2\/comments?post=133892"}],"version-history":[{"count":1,"href":"https:\/\/www.noticiasradioreflejos.com.ar\/2021\/wp-json\/wp\/v2\/posts\/133892\/revisions"}],"predecessor-version":[{"id":133894,"href":"https:\/\/www.noticiasradioreflejos.com.ar\/2021\/wp-json\/wp\/v2\/posts\/133892\/revisions\/133894"}],"wp:featuredmedia":[{"embeddable":true,"href":"https:\/\/www.noticiasradioreflejos.com.ar\/2021\/wp-json\/wp\/v2\/media\/133893"}],"wp:attachment":[{"href":"https:\/\/www.noticiasradioreflejos.com.ar\/2021\/wp-json\/wp\/v2\/media?parent=133892"}],"wp:term":[{"taxonomy":"category","embeddable":true,"href":"https:\/\/www.noticiasradioreflejos.com.ar\/2021\/wp-json\/wp\/v2\/categories?post=133892"},{"taxonomy":"post_tag","embeddable":true,"href":"https:\/\/www.noticiasradioreflejos.com.ar\/2021\/wp-json\/wp\/v2\/tags?post=133892"}],"curies":[{"name":"wp","href":"https:\/\/api.w.org\/{rel}","templated":true}]}}