{"id":13389,"date":"2017-08-13T17:55:22","date_gmt":"2017-08-13T20:55:22","guid":{"rendered":"http:\/\/www.noticiasradioreflejos.com.ar\/noticias\/?p=13389"},"modified":"2017-08-13T17:55:22","modified_gmt":"2017-08-13T20:55:22","slug":"a-pocos-minutos-de-cerrar-los-comicios-se-vota-con-normalidad-en-toda-la-comarca","status":"publish","type":"post","link":"https:\/\/www.noticiasradioreflejos.com.ar\/2021\/a-pocos-minutos-de-cerrar-los-comicios-se-vota-con-normalidad-en-toda-la-comarca\/","title":{"rendered":"A pocos minutos de cerrar los comicios se vota con normalidad en toda la comarca."},"content":{"rendered":"<p><a title=\"IMG_20170813_103138830\" href=\"http:\/\/farm5.staticflickr.com\/4420\/35740915793_a79fa3319a.jpg\" rel=\"\"><img loading=\"lazy\" decoding=\"async\" class=\"alignleft\" style=\"float: left;\" title=\"IMG_20170813_103138830\" src=\"http:\/\/farm5.staticflickr.com\/4420\/35740915793_a79fa3319a.jpg\" alt=\"IMG_20170813_103138830\" width=\"500\" height=\"375\" \/><\/a>Faltando pocos minutos para que se cierren las puertas de los lugares habilitados para votar en el pa\u00eds, en todo el distrito de Tornquist el comicios se desarrolla con absoluta normalidad. Al medio d\u00eda el porcentaje de votantes estuvo rondando el 45% de promedio, registr\u00e1ndose una mayor afluencia en las primeras horas y durante toda la tarde, alcanzando entre el 77 y el 81% de votantes totales del padr\u00f3n.<!--more--><br \/>\nEste domingo 13 de Agosto quedar\u00e1n definidas las fuerzas pol\u00edticas que competir\u00e1n en las elecciones del domingo 22 de Octubre para cubrir seis bancas en el Honorable Concejo Deliberante y dos lugares en el Consejo Escolar para el periodo diciembre 2017 a diciembre 2021.<br \/>\nHabr\u00e1 en total 39 mesas distribuidas en todo el distrito y se votar\u00e1 de 8 a 18 horas. Aquellas fuerzas pol\u00edticas que superen el 1,5% de los votos tendr\u00e1n la posibiidad de competir nuevamente en el mes de octubre.<br \/>\nEste a\u00f1o los concejales que dejar\u00e1n sus lugares son Maria Rosas(Frente Renovador), V\u00edctor Ant\u00f3n(Frente para la Victoria), Mar\u00eda Graciela Musso(Partido Justicialista), Laura Garc\u00eda, Noelia Baier y Sonia de Larena(Frente Progresista C\u00edvico y Social).<br \/>\nContinuar\u00e1n en el recinto hasta 2019 Monica Sagredo,Marita Skolak y Guillermo Loffler(Frente para la Victoria), Graciela Bagu, Germ\u00e1n De Larena y Gustavo Moroncini(Cambiemos).<br \/>\nConsejo Escolar se retiran Claudia Marcolini(Frente Progresista C\u00edvico y Social) y Eugenio Vilches(Frente para la Victoria). Continuar\u00e1n hasta 2019 Jorgelina Lencinas(Cambiemos) y Norma Biolato(Frente para la Victoria).<br \/>\nTransmisi\u00f3n especial<br \/>\nDesde lahora 17.45 habr\u00e1 una transmisi\u00f3n especial que se podr\u00e1 ver por Canal 2 TVC en duplex por FM de la Ciudad 99.5 y 94.1 FM Geminis. Adem\u00e1s habr\u00e1 corresponsales en las escuelas de la ciudad y en el distrito.<br \/>\nEmpadronados 12.923<br \/>\nTotal de Mesas 39<br \/>\nTornquist 7699<br \/>\nChasico 525<br \/>\nSaldungaray 1584<br \/>\nSierra de la Ventana 2311<br \/>\nVilla Ventana 561<br \/>\nTres Picos 243<br \/>\nVOTACION DE 8 A 18 HORAS<br \/>\nTORNQUIST 23 Mesas 7699 empadronados<br \/>\n7 mesas Unidad Academica \u201cErnesto Tornquist\u201d 2450 empadronados<br \/>\nMesa 1 350(Abad Andrea a Aramburu Alejandra B)<br \/>\nMesa 2 350(Aramburu Nicolas a Baumtrog Luis A)<br \/>\nMesa 3 350(Bautista Graciela a Brunet Oscar)<br \/>\nMesa 4 350 (Brunet Ver\u00f3nica a Centanni Karina)<br \/>\nMesa 5 350(Centeno Ana a Dorazio Patricia)<br \/>\nMesa 6 350(Dorazio Sandra a Duran Evangelina)<br \/>\nMesa 7 350(Duran Jose a Flores Horacio)<br \/>\nMesa 9001 Extranjeros Colegio Nuestra Se\u00f1ora de Lujan 279 empadronados<br \/>\nMesa 9001 279 (Achu Lazaro Andres a Zu\u00f1iga Torres Enedina)<br \/>\n7 Mesas Escuela N\u00ba 1 Domingo Faustino Sarmiento 2450 empadronados<br \/>\nMesa 8 350(Flores Jonatan a Gauto Gustavo)<br \/>\nMesa 9 350 (Gavillan Doly a Haag Jorge R.)<br \/>\nMesa 10 350(Haag Karina a Kees Maria Ines)<br \/>\nMesa 11 350(Kees Nicole a Lopez Eugenia)<br \/>\nMesa 12 350(Lopez Gabriela a Martinez Silvia)<br \/>\nMesa 13 350(Martinez Susana a Montoya Contreras Noelia)<br \/>\nMesa 14 350(Monzon Griselda a Olivera Alan)<br \/>\n8 Mesas en la Escuela de Educaci\u00f3n Secundaria N\u00ba 1 2520 empadronados<br \/>\nMesa15 350(Olivera Horacio a Pettinari Maria Belen)<br \/>\nMesa 16 350(Pettinari Matias a Riefle Gerardo)<br \/>\nMesa 17 350(Riefle Jennifer a Russo Alfredo)<br \/>\nMesa 18 350(Saavedra Sandra a Schmidt Nicolas Matias)<br \/>\nMesa 19 350(Schmidt Norma a Steffen Gabriel Tomas)<br \/>\nMesa 20 350(Steffen Marcos Alejandro a Urquiza Hidalgo Jaquelina)<br \/>\nMesa 21 350(Urquiza Hidalgo Jonatan a Wertz Fermin<br \/>\nMesa 22 70(Wertz Jhonatan a Zyla Ana Maria)<br \/>\nCHASICO 2 Mesas 525 empadronados<br \/>\nMesas 23 y 24 Escuela N\u00ba 24 Manuel Leo<br \/>\nMesa 23 350(Aceto Adela a Menna Bianca)<br \/>\nMesa 24 175(Menna Cristian a Zinger Ariana)<br \/>\nSALDUNGARAY 5 mesas 1584 empadronados<br \/>\nMesas 25 a 29 Escuela Primaria N\u00ba 2<br \/>\nMesa 25 350(Abad Gonzalo a Correa Nicanor)<br \/>\nMesa 26 350(Correa Pablo a Gorosito Maria)<br \/>\nMesa 27 350(Goycochea Dora a Mercado Maria Esther)<br \/>\nMesa 28 350(Metz Raul a Sagredo Patricio)<br \/>\nMesa 29 184(Sagredo Vanesa a Zarate Gleider Rosa)<br \/>\nSIERRA DE LA VENTANA 7 mesas 2311 empadronados<br \/>\nMesas 30 a 33 Escuela Primaria N\u00ba 6<br \/>\nMesa 30 350(Abad Amalia I a Calderon Monica)<br \/>\nMesa 31 350(Calvet Santiago a Ercolani Sandra)<br \/>\nMesa 32 350(Esmoli Mariano a Herrero Eduardo)<br \/>\nMesa 33 350(Herrero Liliana a Mims Pablo)<br \/>\nMesas 34 a 36 Escuela Educacion Secundaria N\u00ba 2<br \/>\nMesa 34 350(Minghetti Nora a Ramirez Gina)<br \/>\nMesa 35 350(Ramirez Gregoria a Simon Victor)<br \/>\nMesa 36 211(Simons Ricardo a Zylbersztejn Laura)<br \/>\nVILLA VENTANA 2 Mesas 561 empadronados<br \/>\nMesas 37 y 38 Escuela primaria 21 y Escuela Secundaria 5<br \/>\nMesa 37 350 (Acebedo Lidia a Montero Ana M)<br \/>\nMesa 38 211(Montero Pilar a Zarate Videla Hector)<br \/>\nTRES PICOS 243 empadronados<br \/>\nMesa 39 Escuela Primaria N\u00ba 3<br \/>\nMesa 39 243 ( Achigar Carlos a Zangla Luis)<\/p>\n","protected":false},"excerpt":{"rendered":"<p>Faltando pocos minutos para que se cierren las puertas de los lugares habilitados para votar en el pa\u00eds, en todo el distrito de Tornquist el comicios se desarrolla con absoluta normalidad. Al medio d\u00eda el porcentaje de votantes estuvo rondando el 45% de promedio, registr\u00e1ndose una mayor afluencia en las primeras horas y durante toda [&hellip;]<\/p>\n","protected":false},"author":3,"featured_media":0,"comment_status":"closed","ping_status":"open","sticky":false,"template":"","format":"standard","meta":{"footnotes":""},"categories":[24],"tags":[],"class_list":["post-13389","post","type-post","status-publish","format-standard","hentry","category-politica"],"yoast_head":"<!-- This site is optimized with the Yoast SEO plugin v25.9 - https:\/\/yoast.com\/wordpress\/plugins\/seo\/ -->\n<title>A pocos minutos de cerrar los comicios se vota con normalidad en toda la comarca. - Noticias Radio Reflejos<\/title>\n<meta name=\"robots\" content=\"index, follow, max-snippet:-1, max-image-preview:large, max-video-preview:-1\" \/>\n<link rel=\"canonical\" href=\"https:\/\/www.noticiasradioreflejos.com.ar\/2021\/a-pocos-minutos-de-cerrar-los-comicios-se-vota-con-normalidad-en-toda-la-comarca\/\" \/>\n<meta property=\"og:locale\" content=\"es_ES\" \/>\n<meta property=\"og:type\" content=\"article\" \/>\n<meta property=\"og:title\" content=\"A pocos minutos de cerrar los comicios se vota con normalidad en toda la comarca. - Noticias Radio Reflejos\" \/>\n<meta property=\"og:description\" content=\"Faltando pocos minutos para que se cierren las puertas de los lugares habilitados para votar en el pa\u00eds, en todo el distrito de Tornquist el comicios se desarrolla con absoluta normalidad. Al medio d\u00eda el porcentaje de votantes estuvo rondando el 45% de promedio, registr\u00e1ndose una mayor afluencia en las primeras horas y durante toda [&hellip;]\" \/>\n<meta property=\"og:url\" content=\"https:\/\/www.noticiasradioreflejos.com.ar\/2021\/a-pocos-minutos-de-cerrar-los-comicios-se-vota-con-normalidad-en-toda-la-comarca\/\" \/>\n<meta property=\"og:site_name\" content=\"Noticias Radio Reflejos\" \/>\n<meta property=\"article:published_time\" content=\"2017-08-13T20:55:22+00:00\" \/>\n<meta property=\"og:image\" content=\"http:\/\/farm5.staticflickr.com\/4420\/35740915793_a79fa3319a.jpg\" \/>\n<meta name=\"author\" content=\"Arnaldo Botto\" \/>\n<meta name=\"twitter:card\" content=\"summary_large_image\" \/>\n<script type=\"application\/ld+json\" class=\"yoast-schema-graph\">{\"@context\":\"https:\/\/schema.org\",\"@graph\":[{\"@type\":\"WebPage\",\"@id\":\"https:\/\/www.noticiasradioreflejos.com.ar\/2021\/a-pocos-minutos-de-cerrar-los-comicios-se-vota-con-normalidad-en-toda-la-comarca\/\",\"url\":\"https:\/\/www.noticiasradioreflejos.com.ar\/2021\/a-pocos-minutos-de-cerrar-los-comicios-se-vota-con-normalidad-en-toda-la-comarca\/\",\"name\":\"A pocos minutos de cerrar los comicios se vota con normalidad en toda la comarca. - Noticias Radio Reflejos\",\"isPartOf\":{\"@id\":\"https:\/\/www.noticiasradioreflejos.com.ar\/2021\/#website\"},\"primaryImageOfPage\":{\"@id\":\"https:\/\/www.noticiasradioreflejos.com.ar\/2021\/a-pocos-minutos-de-cerrar-los-comicios-se-vota-con-normalidad-en-toda-la-comarca\/#primaryimage\"},\"image\":{\"@id\":\"https:\/\/www.noticiasradioreflejos.com.ar\/2021\/a-pocos-minutos-de-cerrar-los-comicios-se-vota-con-normalidad-en-toda-la-comarca\/#primaryimage\"},\"thumbnailUrl\":\"http:\/\/farm5.staticflickr.com\/4420\/35740915793_a79fa3319a.jpg\",\"datePublished\":\"2017-08-13T20:55:22+00:00\",\"author\":{\"@id\":\"https:\/\/www.noticiasradioreflejos.com.ar\/2021\/#\/schema\/person\/ad82545263dcc5ec0996818884fd5fb1\"},\"breadcrumb\":{\"@id\":\"https:\/\/www.noticiasradioreflejos.com.ar\/2021\/a-pocos-minutos-de-cerrar-los-comicios-se-vota-con-normalidad-en-toda-la-comarca\/#breadcrumb\"},\"inLanguage\":\"es\",\"potentialAction\":[{\"@type\":\"ReadAction\",\"target\":[\"https:\/\/www.noticiasradioreflejos.com.ar\/2021\/a-pocos-minutos-de-cerrar-los-comicios-se-vota-con-normalidad-en-toda-la-comarca\/\"]}]},{\"@type\":\"ImageObject\",\"inLanguage\":\"es\",\"@id\":\"https:\/\/www.noticiasradioreflejos.com.ar\/2021\/a-pocos-minutos-de-cerrar-los-comicios-se-vota-con-normalidad-en-toda-la-comarca\/#primaryimage\",\"url\":\"http:\/\/farm5.staticflickr.com\/4420\/35740915793_a79fa3319a.jpg\",\"contentUrl\":\"http:\/\/farm5.staticflickr.com\/4420\/35740915793_a79fa3319a.jpg\"},{\"@type\":\"BreadcrumbList\",\"@id\":\"https:\/\/www.noticiasradioreflejos.com.ar\/2021\/a-pocos-minutos-de-cerrar-los-comicios-se-vota-con-normalidad-en-toda-la-comarca\/#breadcrumb\",\"itemListElement\":[{\"@type\":\"ListItem\",\"position\":1,\"name\":\"Portada\",\"item\":\"https:\/\/www.noticiasradioreflejos.com.ar\/2021\/\"},{\"@type\":\"ListItem\",\"position\":2,\"name\":\"A pocos minutos de cerrar los comicios se vota con normalidad en toda la comarca.\"}]},{\"@type\":\"WebSite\",\"@id\":\"https:\/\/www.noticiasradioreflejos.com.ar\/2021\/#website\",\"url\":\"https:\/\/www.noticiasradioreflejos.com.ar\/2021\/\",\"name\":\"Noticias Radio Reflejos\",\"description\":\"Las noticias de mi comarca\",\"potentialAction\":[{\"@type\":\"SearchAction\",\"target\":{\"@type\":\"EntryPoint\",\"urlTemplate\":\"https:\/\/www.noticiasradioreflejos.com.ar\/2021\/?s={search_term_string}\"},\"query-input\":{\"@type\":\"PropertyValueSpecification\",\"valueRequired\":true,\"valueName\":\"search_term_string\"}}],\"inLanguage\":\"es\"},{\"@type\":\"Person\",\"@id\":\"https:\/\/www.noticiasradioreflejos.com.ar\/2021\/#\/schema\/person\/ad82545263dcc5ec0996818884fd5fb1\",\"name\":\"Arnaldo Botto\",\"image\":{\"@type\":\"ImageObject\",\"inLanguage\":\"es\",\"@id\":\"https:\/\/www.noticiasradioreflejos.com.ar\/2021\/#\/schema\/person\/image\/\",\"url\":\"https:\/\/secure.gravatar.com\/avatar\/55cb5e37c1efa326397366e6974cb338056df65cb50e7d64d1cf314e87504837?s=96&d=mm&r=g\",\"contentUrl\":\"https:\/\/secure.gravatar.com\/avatar\/55cb5e37c1efa326397366e6974cb338056df65cb50e7d64d1cf314e87504837?s=96&d=mm&r=g\",\"caption\":\"Arnaldo Botto\"},\"url\":\"https:\/\/www.noticiasradioreflejos.com.ar\/2021\/author\/arnaldo\/\"}]}<\/script>\n<!-- \/ Yoast SEO plugin. -->","yoast_head_json":{"title":"A pocos minutos de cerrar los comicios se vota con normalidad en toda la comarca. - Noticias Radio Reflejos","robots":{"index":"index","follow":"follow","max-snippet":"max-snippet:-1","max-image-preview":"max-image-preview:large","max-video-preview":"max-video-preview:-1"},"canonical":"https:\/\/www.noticiasradioreflejos.com.ar\/2021\/a-pocos-minutos-de-cerrar-los-comicios-se-vota-con-normalidad-en-toda-la-comarca\/","og_locale":"es_ES","og_type":"article","og_title":"A pocos minutos de cerrar los comicios se vota con normalidad en toda la comarca. - Noticias Radio Reflejos","og_description":"Faltando pocos minutos para que se cierren las puertas de los lugares habilitados para votar en el pa\u00eds, en todo el distrito de Tornquist el comicios se desarrolla con absoluta normalidad. Al medio d\u00eda el porcentaje de votantes estuvo rondando el 45% de promedio, registr\u00e1ndose una mayor afluencia en las primeras horas y durante toda [&hellip;]","og_url":"https:\/\/www.noticiasradioreflejos.com.ar\/2021\/a-pocos-minutos-de-cerrar-los-comicios-se-vota-con-normalidad-en-toda-la-comarca\/","og_site_name":"Noticias Radio Reflejos","article_published_time":"2017-08-13T20:55:22+00:00","og_image":[{"url":"http:\/\/farm5.staticflickr.com\/4420\/35740915793_a79fa3319a.jpg","type":"","width":"","height":""}],"author":"Arnaldo Botto","twitter_card":"summary_large_image","schema":{"@context":"https:\/\/schema.org","@graph":[{"@type":"WebPage","@id":"https:\/\/www.noticiasradioreflejos.com.ar\/2021\/a-pocos-minutos-de-cerrar-los-comicios-se-vota-con-normalidad-en-toda-la-comarca\/","url":"https:\/\/www.noticiasradioreflejos.com.ar\/2021\/a-pocos-minutos-de-cerrar-los-comicios-se-vota-con-normalidad-en-toda-la-comarca\/","name":"A pocos minutos de cerrar los comicios se vota con normalidad en toda la comarca. - Noticias Radio Reflejos","isPartOf":{"@id":"https:\/\/www.noticiasradioreflejos.com.ar\/2021\/#website"},"primaryImageOfPage":{"@id":"https:\/\/www.noticiasradioreflejos.com.ar\/2021\/a-pocos-minutos-de-cerrar-los-comicios-se-vota-con-normalidad-en-toda-la-comarca\/#primaryimage"},"image":{"@id":"https:\/\/www.noticiasradioreflejos.com.ar\/2021\/a-pocos-minutos-de-cerrar-los-comicios-se-vota-con-normalidad-en-toda-la-comarca\/#primaryimage"},"thumbnailUrl":"http:\/\/farm5.staticflickr.com\/4420\/35740915793_a79fa3319a.jpg","datePublished":"2017-08-13T20:55:22+00:00","author":{"@id":"https:\/\/www.noticiasradioreflejos.com.ar\/2021\/#\/schema\/person\/ad82545263dcc5ec0996818884fd5fb1"},"breadcrumb":{"@id":"https:\/\/www.noticiasradioreflejos.com.ar\/2021\/a-pocos-minutos-de-cerrar-los-comicios-se-vota-con-normalidad-en-toda-la-comarca\/#breadcrumb"},"inLanguage":"es","potentialAction":[{"@type":"ReadAction","target":["https:\/\/www.noticiasradioreflejos.com.ar\/2021\/a-pocos-minutos-de-cerrar-los-comicios-se-vota-con-normalidad-en-toda-la-comarca\/"]}]},{"@type":"ImageObject","inLanguage":"es","@id":"https:\/\/www.noticiasradioreflejos.com.ar\/2021\/a-pocos-minutos-de-cerrar-los-comicios-se-vota-con-normalidad-en-toda-la-comarca\/#primaryimage","url":"http:\/\/farm5.staticflickr.com\/4420\/35740915793_a79fa3319a.jpg","contentUrl":"http:\/\/farm5.staticflickr.com\/4420\/35740915793_a79fa3319a.jpg"},{"@type":"BreadcrumbList","@id":"https:\/\/www.noticiasradioreflejos.com.ar\/2021\/a-pocos-minutos-de-cerrar-los-comicios-se-vota-con-normalidad-en-toda-la-comarca\/#breadcrumb","itemListElement":[{"@type":"ListItem","position":1,"name":"Portada","item":"https:\/\/www.noticiasradioreflejos.com.ar\/2021\/"},{"@type":"ListItem","position":2,"name":"A pocos minutos de cerrar los comicios se vota con normalidad en toda la comarca."}]},{"@type":"WebSite","@id":"https:\/\/www.noticiasradioreflejos.com.ar\/2021\/#website","url":"https:\/\/www.noticiasradioreflejos.com.ar\/2021\/","name":"Noticias Radio Reflejos","description":"Las noticias de mi comarca","potentialAction":[{"@type":"SearchAction","target":{"@type":"EntryPoint","urlTemplate":"https:\/\/www.noticiasradioreflejos.com.ar\/2021\/?s={search_term_string}"},"query-input":{"@type":"PropertyValueSpecification","valueRequired":true,"valueName":"search_term_string"}}],"inLanguage":"es"},{"@type":"Person","@id":"https:\/\/www.noticiasradioreflejos.com.ar\/2021\/#\/schema\/person\/ad82545263dcc5ec0996818884fd5fb1","name":"Arnaldo Botto","image":{"@type":"ImageObject","inLanguage":"es","@id":"https:\/\/www.noticiasradioreflejos.com.ar\/2021\/#\/schema\/person\/image\/","url":"https:\/\/secure.gravatar.com\/avatar\/55cb5e37c1efa326397366e6974cb338056df65cb50e7d64d1cf314e87504837?s=96&d=mm&r=g","contentUrl":"https:\/\/secure.gravatar.com\/avatar\/55cb5e37c1efa326397366e6974cb338056df65cb50e7d64d1cf314e87504837?s=96&d=mm&r=g","caption":"Arnaldo Botto"},"url":"https:\/\/www.noticiasradioreflejos.com.ar\/2021\/author\/arnaldo\/"}]}},"_links":{"self":[{"href":"https:\/\/www.noticiasradioreflejos.com.ar\/2021\/wp-json\/wp\/v2\/posts\/13389","targetHints":{"allow":["GET"]}}],"collection":[{"href":"https:\/\/www.noticiasradioreflejos.com.ar\/2021\/wp-json\/wp\/v2\/posts"}],"about":[{"href":"https:\/\/www.noticiasradioreflejos.com.ar\/2021\/wp-json\/wp\/v2\/types\/post"}],"author":[{"embeddable":true,"href":"https:\/\/www.noticiasradioreflejos.com.ar\/2021\/wp-json\/wp\/v2\/users\/3"}],"replies":[{"embeddable":true,"href":"https:\/\/www.noticiasradioreflejos.com.ar\/2021\/wp-json\/wp\/v2\/comments?post=13389"}],"version-history":[{"count":0,"href":"https:\/\/www.noticiasradioreflejos.com.ar\/2021\/wp-json\/wp\/v2\/posts\/13389\/revisions"}],"wp:attachment":[{"href":"https:\/\/www.noticiasradioreflejos.com.ar\/2021\/wp-json\/wp\/v2\/media?parent=13389"}],"wp:term":[{"taxonomy":"category","embeddable":true,"href":"https:\/\/www.noticiasradioreflejos.com.ar\/2021\/wp-json\/wp\/v2\/categories?post=13389"},{"taxonomy":"post_tag","embeddable":true,"href":"https:\/\/www.noticiasradioreflejos.com.ar\/2021\/wp-json\/wp\/v2\/tags?post=13389"}],"curies":[{"name":"wp","href":"https:\/\/api.w.org\/{rel}","templated":true}]}}