{"id":133889,"date":"2026-03-11T07:12:30","date_gmt":"2026-03-11T10:12:30","guid":{"rendered":"https:\/\/www.noticiasradioreflejos.com.ar\/2021\/?p=133889"},"modified":"2026-03-11T07:12:30","modified_gmt":"2026-03-11T10:12:30","slug":"competencia-entre-bancos-el-nacion-y-el-provincia-anunciaron-credito-en-dolares-a-tasa-cero-para-el-agro","status":"publish","type":"post","link":"https:\/\/www.noticiasradioreflejos.com.ar\/2021\/competencia-entre-bancos-el-nacion-y-el-provincia-anunciaron-credito-en-dolares-a-tasa-cero-para-el-agro\/","title":{"rendered":"Competencia entre bancos: el Naci\u00f3n y el Provincia anunciaron cr\u00e9dito en d\u00f3lares a tasa cero para el agro"},"content":{"rendered":"<p>En Expoagro 2026, las entidades anunciaron financiamiento para la compra de maquinaria agr\u00edcola.<!--more--><\/p>\n<div class=\"columns\" data-tadevel-template=\"web\/article-columns\">\n<div class=\"column-main\">\n<figure class=\"multimedia\" data-tadevel-template=\"web\/multimedia\" data-type=\"photo\">\n<div class=\"content\">\n<div class=\"sizer\" data-sizer=\"aspect-ratio\" data-tadevel-template=\"web\/aspect-ratio\"><\/div>\n<\/div>\n<\/figure>\n<div class=\"article-body\" data-tadevel-template=\"web\/article-body\">\n<div class=\"article-body-content\">\n<p>En la primera jornada de\u00a0<strong>Expoagro 2026<\/strong>\u00a0los bancos fueron protagonistas por lanzamientos de\u00a0<strong>l\u00edneas de cr\u00e9dito en d\u00f3lares a tasa cero<\/strong>, destinados a\u00a0<strong>la compra de maquinaria agr\u00edcola.<\/strong><\/p>\n<p>El\u00a0<strong>Banco Naci\u00f3n y el Banco Provincia\u00a0<\/strong>presentaron sus ofertas para el agro, tanto para capital de trabajo nuevo o usado.<\/p>\n<h3>La oferta del BNA<\/h3>\n<p>El Banco Naci\u00f3n anunci\u00f3 este martes un nuevo esquema de financiamiento que incluye pr\u00e9stamos\u00a0<strong>en d\u00f3lares a tasa 0%<\/strong>\u00a0<strong>y l\u00edneas en pesos al 19% fijo,<\/strong>\u00a0destinado a la adquisici\u00f3n de maquinaria agr\u00edcola.<\/p>\n<p>Seg\u00fan explicaron las autoridades del banco, el objetivo es\u00a0<strong>superar el r\u00e9cord de colocaci\u00f3n de cr\u00e9ditos de la edici\u00f3n anterior<\/strong>\u00a0y consolidar su actual participaci\u00f3n de mercado, que alcanz\u00f3 un pico hist\u00f3rico del\u00a0<strong>19,3%.<\/strong><\/p>\n<h3>Claves de la oferta crediticia<\/h3>\n<p>El men\u00fa de opciones presentado por el BNA busca adaptarse a las necesidades de inversi\u00f3n tecnol\u00f3gica del sector.<\/p>\n<p>Seg\u00fan se expres\u00f3,\u00a0<strong>el financiamiento es de hasta el 100% del valor del bien, con plazos de hasta 60 meses.<\/strong><\/p>\n<p>En d\u00f3lares,\u00a0<strong>los de tasa 0% tienen cupos de hasta US$1,5 millones,\u00a0<\/strong>mientras que\u00a0<strong>en pesos la tasa es del 19% anual.\u00a0<\/strong><\/p>\n<p>En provincias como Santa Fe y Entre R\u00edos, a trav\u00e9s de convenios locales, la tasa puede descender al 16%.<\/p>\n<p>Hay l\u00edneas de cr\u00e9dito para la\u00a0<strong>maquinaria usada, con tasas desde el 24% en pesos y del 3% en d\u00f3lares.<\/strong><\/p>\n<p>De acuerdo a la plataforma BNA+ Empresas, se ofrecen\u00a0<strong>cr\u00e9ditos de hasta $60 millones a 12 meses con una tasa del 35%.<\/strong>\u00a0En d\u00f3lares se ofrecen hasta US$2 millones para personas f\u00edsicas y sin l\u00edmite para empresas.<\/p>\n<p>La propuesta fue presentada durante el acto de inauguraci\u00f3n del stand institucional de la entidad, que estuvo encabezado por el presidente del Banco,\u00a0<strong>Dar\u00edo Wasserman<\/strong>, acompa\u00f1ado por el Directorio y el gerente general,\u00a0<strong>Gast\u00f3n \u00c1lvarez.<\/strong><\/p>\n<h3>La l\u00ednea del BAPRO<\/h3>\n<p>El Banco Provincia, por su parte, anunci\u00f3 una propuesta crediticia reforzada para a<strong>compa\u00f1ar las necesidades de inversi\u00f3n y capital de trabajo del sector agropecuario.<\/strong><\/p>\n<p>Los productores y contratistas podr\u00e1n acceder a\u00a0<strong>financiamiento en d\u00f3lares a tasa 0% y con hasta 48 meses de plazo<\/strong>. Est\u00e1 orientado a las inversiones en tecnolog\u00eda aplicada al agro, soluciones sustentables y maquinaria fabricada por empresas bonaerenses agrupadas en MAGRIBA, en el marco de un convenio espec\u00edfico que celebra la banca p\u00fablica.<\/p>\n<p>En cuanto al financiamiento en pesos, la oferta parte de\u00a0<strong>tasas de 22,5%, tambi\u00e9n con hasta 48 meses de plazo<\/strong>. En todos los casos, la financiaci\u00f3n alcanza hasta el 100% del valor de la factura (con IVA incluido).<\/p>\n<p>Adem\u00e1s, a trav\u00e9s de\u00a0<strong>Procampo Digital<\/strong>, la entidad ofrecer\u00e1 financiaci\u00f3n\u00a0<strong>en d\u00f3lares desde tasa 0%<\/strong>\u00a0y\u00a0<strong>en pesos desde 25%<\/strong>\u00a0para la compra de\u00a0<strong>insumos<\/strong>, con plazos de hasta 360 d\u00edas. Cabe destacar que esta herramienta digital, destinada a la compra de insumos, combustible y hacienda, suma tambi\u00e9n la posibilidad de operar directamente en moneda extranjera.<\/p>\n<h3>Cr\u00e9ditos orientados al sector productivo<\/h3>\n<p>El presidente de Banco Provincia,\u00a0<strong>Juan Cuattromo,<\/strong>\u00a0afirm\u00f3 que la propuesta desplegada en la\u00a0<strong>\u201cCapital Nacional de los Agronegocios\u201d<\/strong>\u00a0llama a la construcci\u00f3n de \u201cun proyecto estrat\u00e9gico de pa\u00eds\u201d de forma p\u00fablico-privada.<\/p>\n<p><strong>\u201cSin buenas pol\u00edticas p\u00fablicas y sin un Estado que articule y acompa\u00f1e, es muy dif\u00edcil que una estrategia de desarrollo nacional prospere en un mundo tan complejo como el actual\u201d,\u00a0<\/strong>a\u00f1adi\u00f3 el economista.<\/p>\n<p>Respecto a las necesidades del sector productivo, tanto agropecuario como industrial, Cuattromo puntualiz\u00f3 que el acompa\u00f1amiento a la inversi\u00f3n es hoy prioritario.\u00a0<strong>\u201cMuchas familias y empresas atraviesan dificultades porque el acceso al financiamiento se ha vuelto m\u00e1s complejo, y por eso vamos a seguir trabajando para acompa\u00f1arlas\u201d<\/strong>, expres\u00f3.<\/p>\n<p><strong>\u201cSabemos que para muchos productores esta exposici\u00f3n es clave para planificar el a\u00f1o.\u00a0<\/strong>Por eso, junto al gobernador Axel Kicillof y al ministro Javier Rodr\u00edguez, desarrollamos pol\u00edticas y estrategias para seguir acompa\u00f1ando al sector productivo\u201d, agreg\u00f3 Cuattromo.<\/p>\n<p><a href=\"https:\/\/noticiasargentinas.com\/-agenciana_t6916e70a4551e78eb9423f59\">Fuente: #AgenciaNA<\/a><\/p>\n<\/div>\n<\/div>\n<\/div>\n<\/div>\n","protected":false},"excerpt":{"rendered":"<p>En Expoagro 2026, las entidades anunciaron financiamiento para la compra de maquinaria agr\u00edcola.<\/p>\n","protected":false},"author":3,"featured_media":0,"comment_status":"closed","ping_status":"closed","sticky":false,"template":"","format":"standard","meta":{"footnotes":""},"categories":[36,26],"tags":[],"class_list":["post-133889","post","type-post","status-publish","format-standard","hentry","category-economia","category-sociedad"],"yoast_head":"<!-- This site is optimized with the Yoast SEO plugin v25.9 - https:\/\/yoast.com\/wordpress\/plugins\/seo\/ -->\n<title>Competencia entre bancos: el Naci\u00f3n y el Provincia anunciaron cr\u00e9dito en d\u00f3lares a tasa cero para el agro - Noticias Radio Reflejos<\/title>\n<meta name=\"robots\" content=\"index, follow, max-snippet:-1, max-image-preview:large, max-video-preview:-1\" \/>\n<link rel=\"canonical\" href=\"https:\/\/www.noticiasradioreflejos.com.ar\/2021\/competencia-entre-bancos-el-nacion-y-el-provincia-anunciaron-credito-en-dolares-a-tasa-cero-para-el-agro\/\" \/>\n<meta property=\"og:locale\" content=\"es_ES\" \/>\n<meta property=\"og:type\" content=\"article\" \/>\n<meta property=\"og:title\" content=\"Competencia entre bancos: el Naci\u00f3n y el Provincia anunciaron cr\u00e9dito en d\u00f3lares a tasa cero para el agro - Noticias Radio Reflejos\" \/>\n<meta property=\"og:description\" content=\"En Expoagro 2026, las entidades anunciaron financiamiento para la compra de maquinaria agr\u00edcola.\" \/>\n<meta property=\"og:url\" content=\"https:\/\/www.noticiasradioreflejos.com.ar\/2021\/competencia-entre-bancos-el-nacion-y-el-provincia-anunciaron-credito-en-dolares-a-tasa-cero-para-el-agro\/\" \/>\n<meta property=\"og:site_name\" content=\"Noticias Radio Reflejos\" \/>\n<meta property=\"article:published_time\" content=\"2026-03-11T10:12:30+00:00\" \/>\n<meta property=\"og:image\" content=\"https:\/\/www.noticiasradioreflejos.com.ar\/2021\/wp-content\/uploads\/2026\/03\/720-7.webp\" \/>\n\t<meta property=\"og:image:width\" content=\"1080\" \/>\n\t<meta property=\"og:image:height\" content=\"720\" \/>\n\t<meta property=\"og:image:type\" content=\"image\/webp\" \/>\n<meta name=\"author\" content=\"Arnaldo Botto\" \/>\n<meta name=\"twitter:card\" content=\"summary_large_image\" \/>\n<script type=\"application\/ld+json\" class=\"yoast-schema-graph\">{\"@context\":\"https:\/\/schema.org\",\"@graph\":[{\"@type\":\"WebPage\",\"@id\":\"https:\/\/www.noticiasradioreflejos.com.ar\/2021\/competencia-entre-bancos-el-nacion-y-el-provincia-anunciaron-credito-en-dolares-a-tasa-cero-para-el-agro\/\",\"url\":\"https:\/\/www.noticiasradioreflejos.com.ar\/2021\/competencia-entre-bancos-el-nacion-y-el-provincia-anunciaron-credito-en-dolares-a-tasa-cero-para-el-agro\/\",\"name\":\"Competencia entre bancos: el Naci\u00f3n y el Provincia anunciaron cr\u00e9dito en d\u00f3lares a tasa cero para el agro - Noticias Radio Reflejos\",\"isPartOf\":{\"@id\":\"https:\/\/www.noticiasradioreflejos.com.ar\/2021\/#website\"},\"datePublished\":\"2026-03-11T10:12:30+00:00\",\"author\":{\"@id\":\"https:\/\/www.noticiasradioreflejos.com.ar\/2021\/#\/schema\/person\/ad82545263dcc5ec0996818884fd5fb1\"},\"breadcrumb\":{\"@id\":\"https:\/\/www.noticiasradioreflejos.com.ar\/2021\/competencia-entre-bancos-el-nacion-y-el-provincia-anunciaron-credito-en-dolares-a-tasa-cero-para-el-agro\/#breadcrumb\"},\"inLanguage\":\"es\",\"potentialAction\":[{\"@type\":\"ReadAction\",\"target\":[\"https:\/\/www.noticiasradioreflejos.com.ar\/2021\/competencia-entre-bancos-el-nacion-y-el-provincia-anunciaron-credito-en-dolares-a-tasa-cero-para-el-agro\/\"]}]},{\"@type\":\"BreadcrumbList\",\"@id\":\"https:\/\/www.noticiasradioreflejos.com.ar\/2021\/competencia-entre-bancos-el-nacion-y-el-provincia-anunciaron-credito-en-dolares-a-tasa-cero-para-el-agro\/#breadcrumb\",\"itemListElement\":[{\"@type\":\"ListItem\",\"position\":1,\"name\":\"Portada\",\"item\":\"https:\/\/www.noticiasradioreflejos.com.ar\/2021\/\"},{\"@type\":\"ListItem\",\"position\":2,\"name\":\"Competencia entre bancos: el Naci\u00f3n y el Provincia anunciaron cr\u00e9dito en d\u00f3lares a tasa cero para el agro\"}]},{\"@type\":\"WebSite\",\"@id\":\"https:\/\/www.noticiasradioreflejos.com.ar\/2021\/#website\",\"url\":\"https:\/\/www.noticiasradioreflejos.com.ar\/2021\/\",\"name\":\"Noticias Radio Reflejos\",\"description\":\"Las noticias de mi comarca\",\"potentialAction\":[{\"@type\":\"SearchAction\",\"target\":{\"@type\":\"EntryPoint\",\"urlTemplate\":\"https:\/\/www.noticiasradioreflejos.com.ar\/2021\/?s={search_term_string}\"},\"query-input\":{\"@type\":\"PropertyValueSpecification\",\"valueRequired\":true,\"valueName\":\"search_term_string\"}}],\"inLanguage\":\"es\"},{\"@type\":\"Person\",\"@id\":\"https:\/\/www.noticiasradioreflejos.com.ar\/2021\/#\/schema\/person\/ad82545263dcc5ec0996818884fd5fb1\",\"name\":\"Arnaldo Botto\",\"image\":{\"@type\":\"ImageObject\",\"inLanguage\":\"es\",\"@id\":\"https:\/\/www.noticiasradioreflejos.com.ar\/2021\/#\/schema\/person\/image\/\",\"url\":\"https:\/\/secure.gravatar.com\/avatar\/55cb5e37c1efa326397366e6974cb338056df65cb50e7d64d1cf314e87504837?s=96&d=mm&r=g\",\"contentUrl\":\"https:\/\/secure.gravatar.com\/avatar\/55cb5e37c1efa326397366e6974cb338056df65cb50e7d64d1cf314e87504837?s=96&d=mm&r=g\",\"caption\":\"Arnaldo Botto\"},\"url\":\"https:\/\/www.noticiasradioreflejos.com.ar\/2021\/author\/arnaldo\/\"}]}<\/script>\n<!-- \/ Yoast SEO plugin. -->","yoast_head_json":{"title":"Competencia entre bancos: el Naci\u00f3n y el Provincia anunciaron cr\u00e9dito en d\u00f3lares a tasa cero para el agro - Noticias Radio Reflejos","robots":{"index":"index","follow":"follow","max-snippet":"max-snippet:-1","max-image-preview":"max-image-preview:large","max-video-preview":"max-video-preview:-1"},"canonical":"https:\/\/www.noticiasradioreflejos.com.ar\/2021\/competencia-entre-bancos-el-nacion-y-el-provincia-anunciaron-credito-en-dolares-a-tasa-cero-para-el-agro\/","og_locale":"es_ES","og_type":"article","og_title":"Competencia entre bancos: el Naci\u00f3n y el Provincia anunciaron cr\u00e9dito en d\u00f3lares a tasa cero para el agro - Noticias Radio Reflejos","og_description":"En Expoagro 2026, las entidades anunciaron financiamiento para la compra de maquinaria agr\u00edcola.","og_url":"https:\/\/www.noticiasradioreflejos.com.ar\/2021\/competencia-entre-bancos-el-nacion-y-el-provincia-anunciaron-credito-en-dolares-a-tasa-cero-para-el-agro\/","og_site_name":"Noticias Radio Reflejos","article_published_time":"2026-03-11T10:12:30+00:00","og_image":[{"width":1080,"height":720,"url":"https:\/\/www.noticiasradioreflejos.com.ar\/2021\/wp-content\/uploads\/2026\/03\/720-7.webp","type":"image\/webp"}],"author":"Arnaldo Botto","twitter_card":"summary_large_image","schema":{"@context":"https:\/\/schema.org","@graph":[{"@type":"WebPage","@id":"https:\/\/www.noticiasradioreflejos.com.ar\/2021\/competencia-entre-bancos-el-nacion-y-el-provincia-anunciaron-credito-en-dolares-a-tasa-cero-para-el-agro\/","url":"https:\/\/www.noticiasradioreflejos.com.ar\/2021\/competencia-entre-bancos-el-nacion-y-el-provincia-anunciaron-credito-en-dolares-a-tasa-cero-para-el-agro\/","name":"Competencia entre bancos: el Naci\u00f3n y el Provincia anunciaron cr\u00e9dito en d\u00f3lares a tasa cero para el agro - Noticias Radio Reflejos","isPartOf":{"@id":"https:\/\/www.noticiasradioreflejos.com.ar\/2021\/#website"},"datePublished":"2026-03-11T10:12:30+00:00","author":{"@id":"https:\/\/www.noticiasradioreflejos.com.ar\/2021\/#\/schema\/person\/ad82545263dcc5ec0996818884fd5fb1"},"breadcrumb":{"@id":"https:\/\/www.noticiasradioreflejos.com.ar\/2021\/competencia-entre-bancos-el-nacion-y-el-provincia-anunciaron-credito-en-dolares-a-tasa-cero-para-el-agro\/#breadcrumb"},"inLanguage":"es","potentialAction":[{"@type":"ReadAction","target":["https:\/\/www.noticiasradioreflejos.com.ar\/2021\/competencia-entre-bancos-el-nacion-y-el-provincia-anunciaron-credito-en-dolares-a-tasa-cero-para-el-agro\/"]}]},{"@type":"BreadcrumbList","@id":"https:\/\/www.noticiasradioreflejos.com.ar\/2021\/competencia-entre-bancos-el-nacion-y-el-provincia-anunciaron-credito-en-dolares-a-tasa-cero-para-el-agro\/#breadcrumb","itemListElement":[{"@type":"ListItem","position":1,"name":"Portada","item":"https:\/\/www.noticiasradioreflejos.com.ar\/2021\/"},{"@type":"ListItem","position":2,"name":"Competencia entre bancos: el Naci\u00f3n y el Provincia anunciaron cr\u00e9dito en d\u00f3lares a tasa cero para el agro"}]},{"@type":"WebSite","@id":"https:\/\/www.noticiasradioreflejos.com.ar\/2021\/#website","url":"https:\/\/www.noticiasradioreflejos.com.ar\/2021\/","name":"Noticias Radio Reflejos","description":"Las noticias de mi comarca","potentialAction":[{"@type":"SearchAction","target":{"@type":"EntryPoint","urlTemplate":"https:\/\/www.noticiasradioreflejos.com.ar\/2021\/?s={search_term_string}"},"query-input":{"@type":"PropertyValueSpecification","valueRequired":true,"valueName":"search_term_string"}}],"inLanguage":"es"},{"@type":"Person","@id":"https:\/\/www.noticiasradioreflejos.com.ar\/2021\/#\/schema\/person\/ad82545263dcc5ec0996818884fd5fb1","name":"Arnaldo Botto","image":{"@type":"ImageObject","inLanguage":"es","@id":"https:\/\/www.noticiasradioreflejos.com.ar\/2021\/#\/schema\/person\/image\/","url":"https:\/\/secure.gravatar.com\/avatar\/55cb5e37c1efa326397366e6974cb338056df65cb50e7d64d1cf314e87504837?s=96&d=mm&r=g","contentUrl":"https:\/\/secure.gravatar.com\/avatar\/55cb5e37c1efa326397366e6974cb338056df65cb50e7d64d1cf314e87504837?s=96&d=mm&r=g","caption":"Arnaldo Botto"},"url":"https:\/\/www.noticiasradioreflejos.com.ar\/2021\/author\/arnaldo\/"}]}},"_links":{"self":[{"href":"https:\/\/www.noticiasradioreflejos.com.ar\/2021\/wp-json\/wp\/v2\/posts\/133889","targetHints":{"allow":["GET"]}}],"collection":[{"href":"https:\/\/www.noticiasradioreflejos.com.ar\/2021\/wp-json\/wp\/v2\/posts"}],"about":[{"href":"https:\/\/www.noticiasradioreflejos.com.ar\/2021\/wp-json\/wp\/v2\/types\/post"}],"author":[{"embeddable":true,"href":"https:\/\/www.noticiasradioreflejos.com.ar\/2021\/wp-json\/wp\/v2\/users\/3"}],"replies":[{"embeddable":true,"href":"https:\/\/www.noticiasradioreflejos.com.ar\/2021\/wp-json\/wp\/v2\/comments?post=133889"}],"version-history":[{"count":1,"href":"https:\/\/www.noticiasradioreflejos.com.ar\/2021\/wp-json\/wp\/v2\/posts\/133889\/revisions"}],"predecessor-version":[{"id":133891,"href":"https:\/\/www.noticiasradioreflejos.com.ar\/2021\/wp-json\/wp\/v2\/posts\/133889\/revisions\/133891"}],"wp:attachment":[{"href":"https:\/\/www.noticiasradioreflejos.com.ar\/2021\/wp-json\/wp\/v2\/media?parent=133889"}],"wp:term":[{"taxonomy":"category","embeddable":true,"href":"https:\/\/www.noticiasradioreflejos.com.ar\/2021\/wp-json\/wp\/v2\/categories?post=133889"},{"taxonomy":"post_tag","embeddable":true,"href":"https:\/\/www.noticiasradioreflejos.com.ar\/2021\/wp-json\/wp\/v2\/tags?post=133889"}],"curies":[{"name":"wp","href":"https:\/\/api.w.org\/{rel}","templated":true}]}}