{"id":133886,"date":"2026-03-11T07:10:21","date_gmt":"2026-03-11T10:10:21","guid":{"rendered":"https:\/\/www.noticiasradioreflejos.com.ar\/2021\/?p=133886"},"modified":"2026-03-11T09:50:02","modified_gmt":"2026-03-11T12:50:02","slug":"dia-del-escudo-nacional-por-que-se-celebra-el-11-de-marzo","status":"publish","type":"post","link":"https:\/\/www.noticiasradioreflejos.com.ar\/2021\/dia-del-escudo-nacional-por-que-se-celebra-el-11-de-marzo\/","title":{"rendered":"D\u00eda del escudo nacional: \u00bfpor qu\u00e9 se celebra el 11 de marzo?"},"content":{"rendered":"<p>Cada 11 de marzo se conmemora la creaci\u00f3n del escudo que identifica al pa\u00eds y refleja los valores de libertad, uni\u00f3n y soberan\u00eda.<!--more--><\/p>\n<p>El<strong>\u00a0D\u00eda del Escudo Nacional\u00a0<\/strong>se celebra cada\u00a0<strong>11 de marzo<\/strong>\u00a0en Argentina, una fecha que recuerda la aprobaci\u00f3n oficial de este s\u00edmbolo patrio en 1813 por parte de la Asamblea del A\u00f1o XIII. El escudo se convirti\u00f3 desde entonces en una de las principales representaciones de la identidad nacional.<\/div>\n<\/div>\n<div class=\"partner-wrapper article-page__body-row\">\n<div class=\"second-col\">\n<p class=\"article-text\">El dise\u00f1o del Escudo Nacional Argentino re\u00fane distintos elementos cargados de significado hist\u00f3rico. En su centro aparecen dos manos estrech\u00e1ndose como s\u00edmbolo de uni\u00f3n entre las provincias, mientras que la pica sostenida por ambas sostiene un gorro frigio, tradicional emblema de la libertad.<\/p>\n<p class=\"article-text\">El \u00f3valo celeste y blanco remite a los colores de la bandera nacional y est\u00e1 rodeado por ramas de laurel, que representan la victoria y el triunfo. En la parte superior se encuentra el sol naciente, una imagen que alude al nacimiento de una nueva naci\u00f3n y que tambi\u00e9n forma parte de otros s\u00edmbolos patrios argentinos.<\/p>\n<div id=\"container-after-news-outlook\"><\/div>\n<p class=\"article-text\">La creaci\u00f3n del escudo estuvo vinculada al proceso de construcci\u00f3n institucional que atravesaba el territorio en los a\u00f1os posteriores a la Revoluci\u00f3n de Mayo. En ese contexto, la Asamblea del A\u00f1o XIII impuls\u00f3 la necesidad de establecer emblemas que representaran al nuevo Estado y fortalecieran la identidad colectiva.<\/p>\n<p class=\"article-text\">Cada 11 de marzo, el D\u00eda del Escudo Nacional invita a recordar el origen y el significado de uno de los s\u00edmbolos m\u00e1s importantes del pa\u00eds. M\u00e1s all\u00e1 de su presencia en documentos oficiales, instituciones y edificios p\u00fablicos, el escudo representa los valores fundacionales que marcaron el camino hacia la independencia y la organizaci\u00f3n nacional.<\/p>\n<\/div>\n<\/div>\n","protected":false},"excerpt":{"rendered":"<p>Cada 11 de marzo se conmemora la creaci\u00f3n del escudo que identifica al pa\u00eds y refleja los valores de libertad, uni\u00f3n y soberan\u00eda.<\/p>\n","protected":false},"author":3,"featured_media":133887,"comment_status":"closed","ping_status":"closed","sticky":false,"template":"","format":"standard","meta":{"footnotes":""},"categories":[35,26],"tags":[],"class_list":["post-133886","post","type-post","status-publish","format-standard","has-post-thumbnail","hentry","category-cultura","category-sociedad"],"yoast_head":"<!-- This site is optimized with the Yoast SEO plugin v25.9 - https:\/\/yoast.com\/wordpress\/plugins\/seo\/ -->\n<title>D\u00eda del escudo nacional: \u00bfpor qu\u00e9 se celebra el 11 de marzo? - Noticias Radio Reflejos<\/title>\n<meta name=\"robots\" content=\"index, follow, max-snippet:-1, max-image-preview:large, max-video-preview:-1\" \/>\n<link rel=\"canonical\" href=\"https:\/\/www.noticiasradioreflejos.com.ar\/2021\/dia-del-escudo-nacional-por-que-se-celebra-el-11-de-marzo\/\" \/>\n<meta property=\"og:locale\" content=\"es_ES\" \/>\n<meta property=\"og:type\" content=\"article\" \/>\n<meta property=\"og:title\" content=\"D\u00eda del escudo nacional: \u00bfpor qu\u00e9 se celebra el 11 de marzo? - Noticias Radio Reflejos\" \/>\n<meta property=\"og:description\" content=\"Cada 11 de marzo se conmemora la creaci\u00f3n del escudo que identifica al pa\u00eds y refleja los valores de libertad, uni\u00f3n y soberan\u00eda.\" \/>\n<meta property=\"og:url\" content=\"https:\/\/www.noticiasradioreflejos.com.ar\/2021\/dia-del-escudo-nacional-por-que-se-celebra-el-11-de-marzo\/\" \/>\n<meta property=\"og:site_name\" content=\"Noticias Radio Reflejos\" \/>\n<meta property=\"article:published_time\" content=\"2026-03-11T10:10:21+00:00\" \/>\n<meta property=\"article:modified_time\" content=\"2026-03-11T12:50:02+00:00\" \/>\n<meta property=\"og:image\" content=\"https:\/\/www.noticiasradioreflejos.com.ar\/2021\/wp-content\/uploads\/2026\/03\/escudo-nacional.webp\" \/>\n\t<meta property=\"og:image:width\" content=\"1200\" \/>\n\t<meta property=\"og:image:height\" content=\"675\" \/>\n\t<meta property=\"og:image:type\" content=\"image\/webp\" \/>\n<meta name=\"author\" content=\"Arnaldo Botto\" \/>\n<meta name=\"twitter:card\" content=\"summary_large_image\" \/>\n<script type=\"application\/ld+json\" class=\"yoast-schema-graph\">{\"@context\":\"https:\/\/schema.org\",\"@graph\":[{\"@type\":\"WebPage\",\"@id\":\"https:\/\/www.noticiasradioreflejos.com.ar\/2021\/dia-del-escudo-nacional-por-que-se-celebra-el-11-de-marzo\/\",\"url\":\"https:\/\/www.noticiasradioreflejos.com.ar\/2021\/dia-del-escudo-nacional-por-que-se-celebra-el-11-de-marzo\/\",\"name\":\"D\u00eda del escudo nacional: \u00bfpor qu\u00e9 se celebra el 11 de marzo? - Noticias Radio Reflejos\",\"isPartOf\":{\"@id\":\"https:\/\/www.noticiasradioreflejos.com.ar\/2021\/#website\"},\"primaryImageOfPage\":{\"@id\":\"https:\/\/www.noticiasradioreflejos.com.ar\/2021\/dia-del-escudo-nacional-por-que-se-celebra-el-11-de-marzo\/#primaryimage\"},\"image\":{\"@id\":\"https:\/\/www.noticiasradioreflejos.com.ar\/2021\/dia-del-escudo-nacional-por-que-se-celebra-el-11-de-marzo\/#primaryimage\"},\"thumbnailUrl\":\"https:\/\/www.noticiasradioreflejos.com.ar\/2021\/wp-content\/uploads\/2026\/03\/escudo-nacional.webp\",\"datePublished\":\"2026-03-11T10:10:21+00:00\",\"dateModified\":\"2026-03-11T12:50:02+00:00\",\"author\":{\"@id\":\"https:\/\/www.noticiasradioreflejos.com.ar\/2021\/#\/schema\/person\/ad82545263dcc5ec0996818884fd5fb1\"},\"breadcrumb\":{\"@id\":\"https:\/\/www.noticiasradioreflejos.com.ar\/2021\/dia-del-escudo-nacional-por-que-se-celebra-el-11-de-marzo\/#breadcrumb\"},\"inLanguage\":\"es\",\"potentialAction\":[{\"@type\":\"ReadAction\",\"target\":[\"https:\/\/www.noticiasradioreflejos.com.ar\/2021\/dia-del-escudo-nacional-por-que-se-celebra-el-11-de-marzo\/\"]}]},{\"@type\":\"ImageObject\",\"inLanguage\":\"es\",\"@id\":\"https:\/\/www.noticiasradioreflejos.com.ar\/2021\/dia-del-escudo-nacional-por-que-se-celebra-el-11-de-marzo\/#primaryimage\",\"url\":\"https:\/\/www.noticiasradioreflejos.com.ar\/2021\/wp-content\/uploads\/2026\/03\/escudo-nacional.webp\",\"contentUrl\":\"https:\/\/www.noticiasradioreflejos.com.ar\/2021\/wp-content\/uploads\/2026\/03\/escudo-nacional.webp\",\"width\":1200,\"height\":675},{\"@type\":\"BreadcrumbList\",\"@id\":\"https:\/\/www.noticiasradioreflejos.com.ar\/2021\/dia-del-escudo-nacional-por-que-se-celebra-el-11-de-marzo\/#breadcrumb\",\"itemListElement\":[{\"@type\":\"ListItem\",\"position\":1,\"name\":\"Portada\",\"item\":\"https:\/\/www.noticiasradioreflejos.com.ar\/2021\/\"},{\"@type\":\"ListItem\",\"position\":2,\"name\":\"D\u00eda del escudo nacional: \u00bfpor qu\u00e9 se celebra el 11 de marzo?\"}]},{\"@type\":\"WebSite\",\"@id\":\"https:\/\/www.noticiasradioreflejos.com.ar\/2021\/#website\",\"url\":\"https:\/\/www.noticiasradioreflejos.com.ar\/2021\/\",\"name\":\"Noticias Radio Reflejos\",\"description\":\"Las noticias de mi comarca\",\"potentialAction\":[{\"@type\":\"SearchAction\",\"target\":{\"@type\":\"EntryPoint\",\"urlTemplate\":\"https:\/\/www.noticiasradioreflejos.com.ar\/2021\/?s={search_term_string}\"},\"query-input\":{\"@type\":\"PropertyValueSpecification\",\"valueRequired\":true,\"valueName\":\"search_term_string\"}}],\"inLanguage\":\"es\"},{\"@type\":\"Person\",\"@id\":\"https:\/\/www.noticiasradioreflejos.com.ar\/2021\/#\/schema\/person\/ad82545263dcc5ec0996818884fd5fb1\",\"name\":\"Arnaldo Botto\",\"image\":{\"@type\":\"ImageObject\",\"inLanguage\":\"es\",\"@id\":\"https:\/\/www.noticiasradioreflejos.com.ar\/2021\/#\/schema\/person\/image\/\",\"url\":\"https:\/\/secure.gravatar.com\/avatar\/55cb5e37c1efa326397366e6974cb338056df65cb50e7d64d1cf314e87504837?s=96&d=mm&r=g\",\"contentUrl\":\"https:\/\/secure.gravatar.com\/avatar\/55cb5e37c1efa326397366e6974cb338056df65cb50e7d64d1cf314e87504837?s=96&d=mm&r=g\",\"caption\":\"Arnaldo Botto\"},\"url\":\"https:\/\/www.noticiasradioreflejos.com.ar\/2021\/author\/arnaldo\/\"}]}<\/script>\n<!-- \/ Yoast SEO plugin. -->","yoast_head_json":{"title":"D\u00eda del escudo nacional: \u00bfpor qu\u00e9 se celebra el 11 de marzo? - Noticias Radio Reflejos","robots":{"index":"index","follow":"follow","max-snippet":"max-snippet:-1","max-image-preview":"max-image-preview:large","max-video-preview":"max-video-preview:-1"},"canonical":"https:\/\/www.noticiasradioreflejos.com.ar\/2021\/dia-del-escudo-nacional-por-que-se-celebra-el-11-de-marzo\/","og_locale":"es_ES","og_type":"article","og_title":"D\u00eda del escudo nacional: \u00bfpor qu\u00e9 se celebra el 11 de marzo? - Noticias Radio Reflejos","og_description":"Cada 11 de marzo se conmemora la creaci\u00f3n del escudo que identifica al pa\u00eds y refleja los valores de libertad, uni\u00f3n y soberan\u00eda.","og_url":"https:\/\/www.noticiasradioreflejos.com.ar\/2021\/dia-del-escudo-nacional-por-que-se-celebra-el-11-de-marzo\/","og_site_name":"Noticias Radio Reflejos","article_published_time":"2026-03-11T10:10:21+00:00","article_modified_time":"2026-03-11T12:50:02+00:00","og_image":[{"width":1200,"height":675,"url":"https:\/\/www.noticiasradioreflejos.com.ar\/2021\/wp-content\/uploads\/2026\/03\/escudo-nacional.webp","type":"image\/webp"}],"author":"Arnaldo Botto","twitter_card":"summary_large_image","schema":{"@context":"https:\/\/schema.org","@graph":[{"@type":"WebPage","@id":"https:\/\/www.noticiasradioreflejos.com.ar\/2021\/dia-del-escudo-nacional-por-que-se-celebra-el-11-de-marzo\/","url":"https:\/\/www.noticiasradioreflejos.com.ar\/2021\/dia-del-escudo-nacional-por-que-se-celebra-el-11-de-marzo\/","name":"D\u00eda del escudo nacional: \u00bfpor qu\u00e9 se celebra el 11 de marzo? - Noticias Radio Reflejos","isPartOf":{"@id":"https:\/\/www.noticiasradioreflejos.com.ar\/2021\/#website"},"primaryImageOfPage":{"@id":"https:\/\/www.noticiasradioreflejos.com.ar\/2021\/dia-del-escudo-nacional-por-que-se-celebra-el-11-de-marzo\/#primaryimage"},"image":{"@id":"https:\/\/www.noticiasradioreflejos.com.ar\/2021\/dia-del-escudo-nacional-por-que-se-celebra-el-11-de-marzo\/#primaryimage"},"thumbnailUrl":"https:\/\/www.noticiasradioreflejos.com.ar\/2021\/wp-content\/uploads\/2026\/03\/escudo-nacional.webp","datePublished":"2026-03-11T10:10:21+00:00","dateModified":"2026-03-11T12:50:02+00:00","author":{"@id":"https:\/\/www.noticiasradioreflejos.com.ar\/2021\/#\/schema\/person\/ad82545263dcc5ec0996818884fd5fb1"},"breadcrumb":{"@id":"https:\/\/www.noticiasradioreflejos.com.ar\/2021\/dia-del-escudo-nacional-por-que-se-celebra-el-11-de-marzo\/#breadcrumb"},"inLanguage":"es","potentialAction":[{"@type":"ReadAction","target":["https:\/\/www.noticiasradioreflejos.com.ar\/2021\/dia-del-escudo-nacional-por-que-se-celebra-el-11-de-marzo\/"]}]},{"@type":"ImageObject","inLanguage":"es","@id":"https:\/\/www.noticiasradioreflejos.com.ar\/2021\/dia-del-escudo-nacional-por-que-se-celebra-el-11-de-marzo\/#primaryimage","url":"https:\/\/www.noticiasradioreflejos.com.ar\/2021\/wp-content\/uploads\/2026\/03\/escudo-nacional.webp","contentUrl":"https:\/\/www.noticiasradioreflejos.com.ar\/2021\/wp-content\/uploads\/2026\/03\/escudo-nacional.webp","width":1200,"height":675},{"@type":"BreadcrumbList","@id":"https:\/\/www.noticiasradioreflejos.com.ar\/2021\/dia-del-escudo-nacional-por-que-se-celebra-el-11-de-marzo\/#breadcrumb","itemListElement":[{"@type":"ListItem","position":1,"name":"Portada","item":"https:\/\/www.noticiasradioreflejos.com.ar\/2021\/"},{"@type":"ListItem","position":2,"name":"D\u00eda del escudo nacional: \u00bfpor qu\u00e9 se celebra el 11 de marzo?"}]},{"@type":"WebSite","@id":"https:\/\/www.noticiasradioreflejos.com.ar\/2021\/#website","url":"https:\/\/www.noticiasradioreflejos.com.ar\/2021\/","name":"Noticias Radio Reflejos","description":"Las noticias de mi comarca","potentialAction":[{"@type":"SearchAction","target":{"@type":"EntryPoint","urlTemplate":"https:\/\/www.noticiasradioreflejos.com.ar\/2021\/?s={search_term_string}"},"query-input":{"@type":"PropertyValueSpecification","valueRequired":true,"valueName":"search_term_string"}}],"inLanguage":"es"},{"@type":"Person","@id":"https:\/\/www.noticiasradioreflejos.com.ar\/2021\/#\/schema\/person\/ad82545263dcc5ec0996818884fd5fb1","name":"Arnaldo Botto","image":{"@type":"ImageObject","inLanguage":"es","@id":"https:\/\/www.noticiasradioreflejos.com.ar\/2021\/#\/schema\/person\/image\/","url":"https:\/\/secure.gravatar.com\/avatar\/55cb5e37c1efa326397366e6974cb338056df65cb50e7d64d1cf314e87504837?s=96&d=mm&r=g","contentUrl":"https:\/\/secure.gravatar.com\/avatar\/55cb5e37c1efa326397366e6974cb338056df65cb50e7d64d1cf314e87504837?s=96&d=mm&r=g","caption":"Arnaldo Botto"},"url":"https:\/\/www.noticiasradioreflejos.com.ar\/2021\/author\/arnaldo\/"}]}},"_links":{"self":[{"href":"https:\/\/www.noticiasradioreflejos.com.ar\/2021\/wp-json\/wp\/v2\/posts\/133886","targetHints":{"allow":["GET"]}}],"collection":[{"href":"https:\/\/www.noticiasradioreflejos.com.ar\/2021\/wp-json\/wp\/v2\/posts"}],"about":[{"href":"https:\/\/www.noticiasradioreflejos.com.ar\/2021\/wp-json\/wp\/v2\/types\/post"}],"author":[{"embeddable":true,"href":"https:\/\/www.noticiasradioreflejos.com.ar\/2021\/wp-json\/wp\/v2\/users\/3"}],"replies":[{"embeddable":true,"href":"https:\/\/www.noticiasradioreflejos.com.ar\/2021\/wp-json\/wp\/v2\/comments?post=133886"}],"version-history":[{"count":3,"href":"https:\/\/www.noticiasradioreflejos.com.ar\/2021\/wp-json\/wp\/v2\/posts\/133886\/revisions"}],"predecessor-version":[{"id":133911,"href":"https:\/\/www.noticiasradioreflejos.com.ar\/2021\/wp-json\/wp\/v2\/posts\/133886\/revisions\/133911"}],"wp:featuredmedia":[{"embeddable":true,"href":"https:\/\/www.noticiasradioreflejos.com.ar\/2021\/wp-json\/wp\/v2\/media\/133887"}],"wp:attachment":[{"href":"https:\/\/www.noticiasradioreflejos.com.ar\/2021\/wp-json\/wp\/v2\/media?parent=133886"}],"wp:term":[{"taxonomy":"category","embeddable":true,"href":"https:\/\/www.noticiasradioreflejos.com.ar\/2021\/wp-json\/wp\/v2\/categories?post=133886"},{"taxonomy":"post_tag","embeddable":true,"href":"https:\/\/www.noticiasradioreflejos.com.ar\/2021\/wp-json\/wp\/v2\/tags?post=133886"}],"curies":[{"name":"wp","href":"https:\/\/api.w.org\/{rel}","templated":true}]}}