{"id":133884,"date":"2026-03-11T07:02:08","date_gmt":"2026-03-11T10:02:08","guid":{"rendered":"https:\/\/www.noticiasradioreflejos.com.ar\/2021\/?p=133884"},"modified":"2026-03-11T07:02:22","modified_gmt":"2026-03-11T10:02:22","slug":"jornada-radiante-y-temperatura-en-ascenso-para-disfrutar-la-comarca","status":"publish","type":"post","link":"https:\/\/www.noticiasradioreflejos.com.ar\/2021\/jornada-radiante-y-temperatura-en-ascenso-para-disfrutar-la-comarca\/","title":{"rendered":"Jornada radiante y temperatura en ascenso para disfrutar la Comarca"},"content":{"rendered":"<p>Con una m\u00e1xima que alcanzar\u00e1 los <strong>27 grados<\/strong> y cielos totalmente despejados, el mi\u00e9rcoles se presenta como el escenario ideal para las actividades al aire libre en Sierra de la Ventana.<!--more--><!--more--><\/p>\n<p data-path-to-node=\"4\">La ma\u00f1ana en la regi\u00f3n serrana despert\u00f3 con una atm\u00f3sfera cristalina y una marca <strong>m\u00ednima de 15 grados<\/strong>, estableciendo el preludio de un d\u00eda que invita al disfrute pleno. Bajo un cielo sin nubes, el sol se posiciona como el gran protagonista de una jornada donde el clima acompa\u00f1a cada rinc\u00f3n del paisaje, permitiendo que tanto residentes como visitantes aprovechen la calma del amanecer.<\/p>\n<p data-path-to-node=\"5\">A medida que avance la tarde, el term\u00f3metro escalar\u00e1 hasta los <strong>27 grados<\/strong>, brindando un ambiente c\u00e1lido y sumamente agradable. Aunque el viento se har\u00e1 sentir de forma moderada, con r\u00e1fagas que podr\u00edan alcanzar los <strong>30 kil\u00f3metros por hora<\/strong>, las condiciones generales se mantendr\u00e1n formidables para transitar los senderos o descansar frente a los cerros.<\/p>\n<p data-path-to-node=\"6\">Para el jueves, la tendencia de buen tiempo continuar\u00e1 con registros t\u00e9rmicos id\u00e9nticos a los de hoy. Si bien se espera que el cielo se presente algo nublado a nublado, el viento suave proveniente del sector norte garantizar\u00e1 que la calidez persista, cerrando una ventana de d\u00edas ideales para el contacto con la naturaleza.<\/p>\n","protected":false},"excerpt":{"rendered":"<p>Con una m\u00e1xima que alcanzar\u00e1 los 27 grados y cielos totalmente despejados, el mi\u00e9rcoles se presenta como el escenario ideal para las actividades al aire libre en Sierra de la Ventana.<\/p>\n","protected":false},"author":3,"featured_media":132825,"comment_status":"closed","ping_status":"closed","sticky":false,"template":"","format":"standard","meta":{"footnotes":""},"categories":[46],"tags":[48],"class_list":["post-133884","post","type-post","status-publish","format-standard","has-post-thumbnail","hentry","category-ciencia-y-tecnologia","tag-destacada"],"yoast_head":"<!-- This site is optimized with the Yoast SEO plugin v25.9 - https:\/\/yoast.com\/wordpress\/plugins\/seo\/ -->\n<title>Jornada radiante y temperatura en ascenso para disfrutar la Comarca - Noticias Radio Reflejos<\/title>\n<meta name=\"robots\" content=\"index, follow, max-snippet:-1, max-image-preview:large, max-video-preview:-1\" \/>\n<link rel=\"canonical\" href=\"https:\/\/www.noticiasradioreflejos.com.ar\/2021\/jornada-radiante-y-temperatura-en-ascenso-para-disfrutar-la-comarca\/\" \/>\n<meta property=\"og:locale\" content=\"es_ES\" \/>\n<meta property=\"og:type\" content=\"article\" \/>\n<meta property=\"og:title\" content=\"Jornada radiante y temperatura en ascenso para disfrutar la Comarca - Noticias Radio Reflejos\" \/>\n<meta property=\"og:description\" content=\"Con una m\u00e1xima que alcanzar\u00e1 los 27 grados y cielos totalmente despejados, el mi\u00e9rcoles se presenta como el escenario ideal para las actividades al aire libre en Sierra de la Ventana.\" \/>\n<meta property=\"og:url\" content=\"https:\/\/www.noticiasradioreflejos.com.ar\/2021\/jornada-radiante-y-temperatura-en-ascenso-para-disfrutar-la-comarca\/\" \/>\n<meta property=\"og:site_name\" content=\"Noticias Radio Reflejos\" \/>\n<meta property=\"article:published_time\" content=\"2026-03-11T10:02:08+00:00\" \/>\n<meta property=\"article:modified_time\" content=\"2026-03-11T10:02:22+00:00\" \/>\n<meta property=\"og:image\" content=\"https:\/\/www.noticiasradioreflejos.com.ar\/2021\/wp-content\/uploads\/2026\/02\/amanecer-en-Sierra-de-la-Ventana.jpeg\" \/>\n\t<meta property=\"og:image:width\" content=\"1600\" \/>\n\t<meta property=\"og:image:height\" content=\"900\" \/>\n\t<meta property=\"og:image:type\" content=\"image\/jpeg\" \/>\n<meta name=\"author\" content=\"Arnaldo Botto\" \/>\n<meta name=\"twitter:card\" content=\"summary_large_image\" \/>\n<script type=\"application\/ld+json\" class=\"yoast-schema-graph\">{\"@context\":\"https:\/\/schema.org\",\"@graph\":[{\"@type\":\"WebPage\",\"@id\":\"https:\/\/www.noticiasradioreflejos.com.ar\/2021\/jornada-radiante-y-temperatura-en-ascenso-para-disfrutar-la-comarca\/\",\"url\":\"https:\/\/www.noticiasradioreflejos.com.ar\/2021\/jornada-radiante-y-temperatura-en-ascenso-para-disfrutar-la-comarca\/\",\"name\":\"Jornada radiante y temperatura en ascenso para disfrutar la Comarca - Noticias Radio Reflejos\",\"isPartOf\":{\"@id\":\"https:\/\/www.noticiasradioreflejos.com.ar\/2021\/#website\"},\"primaryImageOfPage\":{\"@id\":\"https:\/\/www.noticiasradioreflejos.com.ar\/2021\/jornada-radiante-y-temperatura-en-ascenso-para-disfrutar-la-comarca\/#primaryimage\"},\"image\":{\"@id\":\"https:\/\/www.noticiasradioreflejos.com.ar\/2021\/jornada-radiante-y-temperatura-en-ascenso-para-disfrutar-la-comarca\/#primaryimage\"},\"thumbnailUrl\":\"https:\/\/www.noticiasradioreflejos.com.ar\/2021\/wp-content\/uploads\/2026\/02\/amanecer-en-Sierra-de-la-Ventana.jpeg\",\"datePublished\":\"2026-03-11T10:02:08+00:00\",\"dateModified\":\"2026-03-11T10:02:22+00:00\",\"author\":{\"@id\":\"https:\/\/www.noticiasradioreflejos.com.ar\/2021\/#\/schema\/person\/ad82545263dcc5ec0996818884fd5fb1\"},\"breadcrumb\":{\"@id\":\"https:\/\/www.noticiasradioreflejos.com.ar\/2021\/jornada-radiante-y-temperatura-en-ascenso-para-disfrutar-la-comarca\/#breadcrumb\"},\"inLanguage\":\"es\",\"potentialAction\":[{\"@type\":\"ReadAction\",\"target\":[\"https:\/\/www.noticiasradioreflejos.com.ar\/2021\/jornada-radiante-y-temperatura-en-ascenso-para-disfrutar-la-comarca\/\"]}]},{\"@type\":\"ImageObject\",\"inLanguage\":\"es\",\"@id\":\"https:\/\/www.noticiasradioreflejos.com.ar\/2021\/jornada-radiante-y-temperatura-en-ascenso-para-disfrutar-la-comarca\/#primaryimage\",\"url\":\"https:\/\/www.noticiasradioreflejos.com.ar\/2021\/wp-content\/uploads\/2026\/02\/amanecer-en-Sierra-de-la-Ventana.jpeg\",\"contentUrl\":\"https:\/\/www.noticiasradioreflejos.com.ar\/2021\/wp-content\/uploads\/2026\/02\/amanecer-en-Sierra-de-la-Ventana.jpeg\",\"width\":1600,\"height\":900},{\"@type\":\"BreadcrumbList\",\"@id\":\"https:\/\/www.noticiasradioreflejos.com.ar\/2021\/jornada-radiante-y-temperatura-en-ascenso-para-disfrutar-la-comarca\/#breadcrumb\",\"itemListElement\":[{\"@type\":\"ListItem\",\"position\":1,\"name\":\"Portada\",\"item\":\"https:\/\/www.noticiasradioreflejos.com.ar\/2021\/\"},{\"@type\":\"ListItem\",\"position\":2,\"name\":\"Jornada radiante y temperatura en ascenso para disfrutar la Comarca\"}]},{\"@type\":\"WebSite\",\"@id\":\"https:\/\/www.noticiasradioreflejos.com.ar\/2021\/#website\",\"url\":\"https:\/\/www.noticiasradioreflejos.com.ar\/2021\/\",\"name\":\"Noticias Radio Reflejos\",\"description\":\"Las noticias de mi comarca\",\"potentialAction\":[{\"@type\":\"SearchAction\",\"target\":{\"@type\":\"EntryPoint\",\"urlTemplate\":\"https:\/\/www.noticiasradioreflejos.com.ar\/2021\/?s={search_term_string}\"},\"query-input\":{\"@type\":\"PropertyValueSpecification\",\"valueRequired\":true,\"valueName\":\"search_term_string\"}}],\"inLanguage\":\"es\"},{\"@type\":\"Person\",\"@id\":\"https:\/\/www.noticiasradioreflejos.com.ar\/2021\/#\/schema\/person\/ad82545263dcc5ec0996818884fd5fb1\",\"name\":\"Arnaldo Botto\",\"image\":{\"@type\":\"ImageObject\",\"inLanguage\":\"es\",\"@id\":\"https:\/\/www.noticiasradioreflejos.com.ar\/2021\/#\/schema\/person\/image\/\",\"url\":\"https:\/\/secure.gravatar.com\/avatar\/55cb5e37c1efa326397366e6974cb338056df65cb50e7d64d1cf314e87504837?s=96&d=mm&r=g\",\"contentUrl\":\"https:\/\/secure.gravatar.com\/avatar\/55cb5e37c1efa326397366e6974cb338056df65cb50e7d64d1cf314e87504837?s=96&d=mm&r=g\",\"caption\":\"Arnaldo Botto\"},\"url\":\"https:\/\/www.noticiasradioreflejos.com.ar\/2021\/author\/arnaldo\/\"}]}<\/script>\n<!-- \/ Yoast SEO plugin. -->","yoast_head_json":{"title":"Jornada radiante y temperatura en ascenso para disfrutar la Comarca - Noticias Radio Reflejos","robots":{"index":"index","follow":"follow","max-snippet":"max-snippet:-1","max-image-preview":"max-image-preview:large","max-video-preview":"max-video-preview:-1"},"canonical":"https:\/\/www.noticiasradioreflejos.com.ar\/2021\/jornada-radiante-y-temperatura-en-ascenso-para-disfrutar-la-comarca\/","og_locale":"es_ES","og_type":"article","og_title":"Jornada radiante y temperatura en ascenso para disfrutar la Comarca - Noticias Radio Reflejos","og_description":"Con una m\u00e1xima que alcanzar\u00e1 los 27 grados y cielos totalmente despejados, el mi\u00e9rcoles se presenta como el escenario ideal para las actividades al aire libre en Sierra de la Ventana.","og_url":"https:\/\/www.noticiasradioreflejos.com.ar\/2021\/jornada-radiante-y-temperatura-en-ascenso-para-disfrutar-la-comarca\/","og_site_name":"Noticias Radio Reflejos","article_published_time":"2026-03-11T10:02:08+00:00","article_modified_time":"2026-03-11T10:02:22+00:00","og_image":[{"width":1600,"height":900,"url":"https:\/\/www.noticiasradioreflejos.com.ar\/2021\/wp-content\/uploads\/2026\/02\/amanecer-en-Sierra-de-la-Ventana.jpeg","type":"image\/jpeg"}],"author":"Arnaldo Botto","twitter_card":"summary_large_image","schema":{"@context":"https:\/\/schema.org","@graph":[{"@type":"WebPage","@id":"https:\/\/www.noticiasradioreflejos.com.ar\/2021\/jornada-radiante-y-temperatura-en-ascenso-para-disfrutar-la-comarca\/","url":"https:\/\/www.noticiasradioreflejos.com.ar\/2021\/jornada-radiante-y-temperatura-en-ascenso-para-disfrutar-la-comarca\/","name":"Jornada radiante y temperatura en ascenso para disfrutar la Comarca - Noticias Radio Reflejos","isPartOf":{"@id":"https:\/\/www.noticiasradioreflejos.com.ar\/2021\/#website"},"primaryImageOfPage":{"@id":"https:\/\/www.noticiasradioreflejos.com.ar\/2021\/jornada-radiante-y-temperatura-en-ascenso-para-disfrutar-la-comarca\/#primaryimage"},"image":{"@id":"https:\/\/www.noticiasradioreflejos.com.ar\/2021\/jornada-radiante-y-temperatura-en-ascenso-para-disfrutar-la-comarca\/#primaryimage"},"thumbnailUrl":"https:\/\/www.noticiasradioreflejos.com.ar\/2021\/wp-content\/uploads\/2026\/02\/amanecer-en-Sierra-de-la-Ventana.jpeg","datePublished":"2026-03-11T10:02:08+00:00","dateModified":"2026-03-11T10:02:22+00:00","author":{"@id":"https:\/\/www.noticiasradioreflejos.com.ar\/2021\/#\/schema\/person\/ad82545263dcc5ec0996818884fd5fb1"},"breadcrumb":{"@id":"https:\/\/www.noticiasradioreflejos.com.ar\/2021\/jornada-radiante-y-temperatura-en-ascenso-para-disfrutar-la-comarca\/#breadcrumb"},"inLanguage":"es","potentialAction":[{"@type":"ReadAction","target":["https:\/\/www.noticiasradioreflejos.com.ar\/2021\/jornada-radiante-y-temperatura-en-ascenso-para-disfrutar-la-comarca\/"]}]},{"@type":"ImageObject","inLanguage":"es","@id":"https:\/\/www.noticiasradioreflejos.com.ar\/2021\/jornada-radiante-y-temperatura-en-ascenso-para-disfrutar-la-comarca\/#primaryimage","url":"https:\/\/www.noticiasradioreflejos.com.ar\/2021\/wp-content\/uploads\/2026\/02\/amanecer-en-Sierra-de-la-Ventana.jpeg","contentUrl":"https:\/\/www.noticiasradioreflejos.com.ar\/2021\/wp-content\/uploads\/2026\/02\/amanecer-en-Sierra-de-la-Ventana.jpeg","width":1600,"height":900},{"@type":"BreadcrumbList","@id":"https:\/\/www.noticiasradioreflejos.com.ar\/2021\/jornada-radiante-y-temperatura-en-ascenso-para-disfrutar-la-comarca\/#breadcrumb","itemListElement":[{"@type":"ListItem","position":1,"name":"Portada","item":"https:\/\/www.noticiasradioreflejos.com.ar\/2021\/"},{"@type":"ListItem","position":2,"name":"Jornada radiante y temperatura en ascenso para disfrutar la Comarca"}]},{"@type":"WebSite","@id":"https:\/\/www.noticiasradioreflejos.com.ar\/2021\/#website","url":"https:\/\/www.noticiasradioreflejos.com.ar\/2021\/","name":"Noticias Radio Reflejos","description":"Las noticias de mi comarca","potentialAction":[{"@type":"SearchAction","target":{"@type":"EntryPoint","urlTemplate":"https:\/\/www.noticiasradioreflejos.com.ar\/2021\/?s={search_term_string}"},"query-input":{"@type":"PropertyValueSpecification","valueRequired":true,"valueName":"search_term_string"}}],"inLanguage":"es"},{"@type":"Person","@id":"https:\/\/www.noticiasradioreflejos.com.ar\/2021\/#\/schema\/person\/ad82545263dcc5ec0996818884fd5fb1","name":"Arnaldo Botto","image":{"@type":"ImageObject","inLanguage":"es","@id":"https:\/\/www.noticiasradioreflejos.com.ar\/2021\/#\/schema\/person\/image\/","url":"https:\/\/secure.gravatar.com\/avatar\/55cb5e37c1efa326397366e6974cb338056df65cb50e7d64d1cf314e87504837?s=96&d=mm&r=g","contentUrl":"https:\/\/secure.gravatar.com\/avatar\/55cb5e37c1efa326397366e6974cb338056df65cb50e7d64d1cf314e87504837?s=96&d=mm&r=g","caption":"Arnaldo Botto"},"url":"https:\/\/www.noticiasradioreflejos.com.ar\/2021\/author\/arnaldo\/"}]}},"_links":{"self":[{"href":"https:\/\/www.noticiasradioreflejos.com.ar\/2021\/wp-json\/wp\/v2\/posts\/133884","targetHints":{"allow":["GET"]}}],"collection":[{"href":"https:\/\/www.noticiasradioreflejos.com.ar\/2021\/wp-json\/wp\/v2\/posts"}],"about":[{"href":"https:\/\/www.noticiasradioreflejos.com.ar\/2021\/wp-json\/wp\/v2\/types\/post"}],"author":[{"embeddable":true,"href":"https:\/\/www.noticiasradioreflejos.com.ar\/2021\/wp-json\/wp\/v2\/users\/3"}],"replies":[{"embeddable":true,"href":"https:\/\/www.noticiasradioreflejos.com.ar\/2021\/wp-json\/wp\/v2\/comments?post=133884"}],"version-history":[{"count":1,"href":"https:\/\/www.noticiasradioreflejos.com.ar\/2021\/wp-json\/wp\/v2\/posts\/133884\/revisions"}],"predecessor-version":[{"id":133885,"href":"https:\/\/www.noticiasradioreflejos.com.ar\/2021\/wp-json\/wp\/v2\/posts\/133884\/revisions\/133885"}],"wp:featuredmedia":[{"embeddable":true,"href":"https:\/\/www.noticiasradioreflejos.com.ar\/2021\/wp-json\/wp\/v2\/media\/132825"}],"wp:attachment":[{"href":"https:\/\/www.noticiasradioreflejos.com.ar\/2021\/wp-json\/wp\/v2\/media?parent=133884"}],"wp:term":[{"taxonomy":"category","embeddable":true,"href":"https:\/\/www.noticiasradioreflejos.com.ar\/2021\/wp-json\/wp\/v2\/categories?post=133884"},{"taxonomy":"post_tag","embeddable":true,"href":"https:\/\/www.noticiasradioreflejos.com.ar\/2021\/wp-json\/wp\/v2\/tags?post=133884"}],"curies":[{"name":"wp","href":"https:\/\/api.w.org\/{rel}","templated":true}]}}