{"id":133869,"date":"2026-03-10T17:09:52","date_gmt":"2026-03-10T20:09:52","guid":{"rendered":"https:\/\/www.noticiasradioreflejos.com.ar\/2021\/?p=133869"},"modified":"2026-03-10T17:09:56","modified_gmt":"2026-03-10T20:09:56","slug":"capital-humano-multo-a-fate-por-no-pagar-los-sueldos-y-extendio-la-conciliacion-obligatoria","status":"publish","type":"post","link":"https:\/\/www.noticiasradioreflejos.com.ar\/2021\/capital-humano-multo-a-fate-por-no-pagar-los-sueldos-y-extendio-la-conciliacion-obligatoria\/","title":{"rendered":"Capital Humano mult\u00f3 a FATE por no pagar los sueldos y extendi\u00f3 la conciliaci\u00f3n obligatoria"},"content":{"rendered":"<p>El Ministerio de Capital Humano sancionar\u00e1 a la empresa FATE,<span style=\"color: #333333; font-size: 15px;\">\u00a0que anunci\u00f3 su cierre y el despido de m\u00e1s de 900 trabajadores,\u00a0<\/span><strong style=\"color: #333333; font-size: 15px;\">debido al \u201cincumplimiento de pago a los empleados durante la conciliaci\u00f3n obligatoria\u201d,\u00a0<\/strong><span style=\"color: #333333; font-size: 15px;\">se inform\u00f3 en un comunicado.<\/span><\/p>\n<p><!--more--><\/p>\n<div class=\"columns\" data-tadevel-template=\"web\/article-columns\">\n<div class=\"column-main\">\n<div class=\"article-body\" data-tadevel-template=\"web\/article-body\">\n<div class=\"article-body-content\">\n<p>Adem\u00e1s, en el marco del conflicto laboral con el Sindicato \u00danico de Trabajadores del Neum\u00e1tico Argentino (SUTNA),\u00a0<strong>la cartera que dirige Sandra Pettovello resolvi\u00f3 prorrogar la instancia conciliatoria con vencimiento el 11 de marzo de 2026, por el per\u00edodo de cinco d\u00edas,<\/strong> \u201ccon el objetivo de continuar promoviendo el di\u00e1logo entre las partes y alcanzar una soluci\u00f3n\u201d.<\/p>\n<p>En ese marco, se detall\u00f3 que el Gobierno nacional inici\u00f3 \u201cel sumario correspondiente a la empresa FATE por el incumplimiento de pago de los salarios correspondientes a la segunda quincena de febrero, lo cual constituye una violaci\u00f3n de la conciliaci\u00f3n obligatoria dictada oportunamente\u201d.<\/p>\n<\/div>\n<p><a href=\"https:\/\/www.noticiasradioreflejos.com.ar\/2021\/capital-humano-multo-a-fate-por-no-pagar-los-sueldos-y-extendio-la-conciliacion-obligatoria\/720-1-17\/\" rel=\"attachment wp-att-133871\"><img loading=\"lazy\" decoding=\"async\" class=\"aligncenter size-full wp-image-133871\" src=\"https:\/\/www.noticiasradioreflejos.com.ar\/2021\/wp-content\/uploads\/2026\/03\/720-1-1.webp\" alt=\"\" width=\"576\" height=\"720\" \/><\/a><\/p>\n<div class=\"article-body-content\">\n<p>En las \u00faltimas horas se supo que el SUTNA impulsa un proyecto de ley en la Legislatura bonaerense para declarar de \u201cutilidad p\u00fablica\u201d la producci\u00f3n de la planta de neum\u00e1ticos FATE para garantizar la continuidad de esa firma y para que se haga cargo temporalmente el gobierno de la provincia de Buenos Aires.<\/p>\n<p>Durante la jornada, el presidente Javier Milei volvi\u00f3 a cargar desde Nueva York, donde se realiza el Argentina Week, contra Paolo Rocca, CEO de Techint, y Javier Madanes Quintanilla, due\u00f1o de FATE, a quienes calific\u00f3 como \u201cempresarios prebendarios\u201d.<\/p>\n<p>&nbsp;<\/p>\n<p><a href=\"https:\/\/noticiasargentinas.com\/-agenciana_t6916e70a4551e78eb9423f59\">Fuente: #AgenciaNA<\/a><\/p>\n<\/div>\n<\/div>\n<\/div>\n<\/div>\n","protected":false},"excerpt":{"rendered":"<p>El Ministerio de Capital Humano sancionar\u00e1 a la empresa FATE,\u00a0que anunci\u00f3 su cierre y el despido de m\u00e1s de 900 trabajadores,\u00a0debido al \u201cincumplimiento de pago a los empleados durante la conciliaci\u00f3n obligatoria\u201d,\u00a0se inform\u00f3 en un comunicado.<\/p>\n","protected":false},"author":3,"featured_media":133870,"comment_status":"closed","ping_status":"closed","sticky":false,"template":"","format":"standard","meta":{"footnotes":""},"categories":[58],"tags":[],"class_list":["post-133869","post","type-post","status-publish","format-standard","has-post-thumbnail","hentry","category-gobierno"],"yoast_head":"<!-- This site is optimized with the Yoast SEO plugin v25.9 - https:\/\/yoast.com\/wordpress\/plugins\/seo\/ -->\n<title>Capital Humano mult\u00f3 a FATE por no pagar los sueldos y extendi\u00f3 la conciliaci\u00f3n obligatoria - Noticias Radio Reflejos<\/title>\n<meta name=\"robots\" content=\"index, follow, max-snippet:-1, max-image-preview:large, max-video-preview:-1\" \/>\n<link rel=\"canonical\" href=\"https:\/\/www.noticiasradioreflejos.com.ar\/2021\/capital-humano-multo-a-fate-por-no-pagar-los-sueldos-y-extendio-la-conciliacion-obligatoria\/\" \/>\n<meta property=\"og:locale\" content=\"es_ES\" \/>\n<meta property=\"og:type\" content=\"article\" \/>\n<meta property=\"og:title\" content=\"Capital Humano mult\u00f3 a FATE por no pagar los sueldos y extendi\u00f3 la conciliaci\u00f3n obligatoria - Noticias Radio Reflejos\" \/>\n<meta property=\"og:description\" content=\"El Ministerio de Capital Humano sancionar\u00e1 a la empresa FATE,\u00a0que anunci\u00f3 su cierre y el despido de m\u00e1s de 900 trabajadores,\u00a0debido al \u201cincumplimiento de pago a los empleados durante la conciliaci\u00f3n obligatoria\u201d,\u00a0se inform\u00f3 en un comunicado.\" \/>\n<meta property=\"og:url\" content=\"https:\/\/www.noticiasradioreflejos.com.ar\/2021\/capital-humano-multo-a-fate-por-no-pagar-los-sueldos-y-extendio-la-conciliacion-obligatoria\/\" \/>\n<meta property=\"og:site_name\" content=\"Noticias Radio Reflejos\" \/>\n<meta property=\"article:published_time\" content=\"2026-03-10T20:09:52+00:00\" \/>\n<meta property=\"article:modified_time\" content=\"2026-03-10T20:09:56+00:00\" \/>\n<meta property=\"og:image\" content=\"https:\/\/www.noticiasradioreflejos.com.ar\/2021\/wp-content\/uploads\/2026\/03\/720-6.webp\" \/>\n\t<meta property=\"og:image:width\" content=\"1148\" \/>\n\t<meta property=\"og:image:height\" content=\"720\" \/>\n\t<meta property=\"og:image:type\" content=\"image\/webp\" \/>\n<meta name=\"author\" content=\"Arnaldo Botto\" \/>\n<meta name=\"twitter:card\" content=\"summary_large_image\" \/>\n<script type=\"application\/ld+json\" class=\"yoast-schema-graph\">{\"@context\":\"https:\/\/schema.org\",\"@graph\":[{\"@type\":\"WebPage\",\"@id\":\"https:\/\/www.noticiasradioreflejos.com.ar\/2021\/capital-humano-multo-a-fate-por-no-pagar-los-sueldos-y-extendio-la-conciliacion-obligatoria\/\",\"url\":\"https:\/\/www.noticiasradioreflejos.com.ar\/2021\/capital-humano-multo-a-fate-por-no-pagar-los-sueldos-y-extendio-la-conciliacion-obligatoria\/\",\"name\":\"Capital Humano mult\u00f3 a FATE por no pagar los sueldos y extendi\u00f3 la conciliaci\u00f3n obligatoria - Noticias Radio Reflejos\",\"isPartOf\":{\"@id\":\"https:\/\/www.noticiasradioreflejos.com.ar\/2021\/#website\"},\"primaryImageOfPage\":{\"@id\":\"https:\/\/www.noticiasradioreflejos.com.ar\/2021\/capital-humano-multo-a-fate-por-no-pagar-los-sueldos-y-extendio-la-conciliacion-obligatoria\/#primaryimage\"},\"image\":{\"@id\":\"https:\/\/www.noticiasradioreflejos.com.ar\/2021\/capital-humano-multo-a-fate-por-no-pagar-los-sueldos-y-extendio-la-conciliacion-obligatoria\/#primaryimage\"},\"thumbnailUrl\":\"https:\/\/www.noticiasradioreflejos.com.ar\/2021\/wp-content\/uploads\/2026\/03\/720-6.webp\",\"datePublished\":\"2026-03-10T20:09:52+00:00\",\"dateModified\":\"2026-03-10T20:09:56+00:00\",\"author\":{\"@id\":\"https:\/\/www.noticiasradioreflejos.com.ar\/2021\/#\/schema\/person\/ad82545263dcc5ec0996818884fd5fb1\"},\"breadcrumb\":{\"@id\":\"https:\/\/www.noticiasradioreflejos.com.ar\/2021\/capital-humano-multo-a-fate-por-no-pagar-los-sueldos-y-extendio-la-conciliacion-obligatoria\/#breadcrumb\"},\"inLanguage\":\"es\",\"potentialAction\":[{\"@type\":\"ReadAction\",\"target\":[\"https:\/\/www.noticiasradioreflejos.com.ar\/2021\/capital-humano-multo-a-fate-por-no-pagar-los-sueldos-y-extendio-la-conciliacion-obligatoria\/\"]}]},{\"@type\":\"ImageObject\",\"inLanguage\":\"es\",\"@id\":\"https:\/\/www.noticiasradioreflejos.com.ar\/2021\/capital-humano-multo-a-fate-por-no-pagar-los-sueldos-y-extendio-la-conciliacion-obligatoria\/#primaryimage\",\"url\":\"https:\/\/www.noticiasradioreflejos.com.ar\/2021\/wp-content\/uploads\/2026\/03\/720-6.webp\",\"contentUrl\":\"https:\/\/www.noticiasradioreflejos.com.ar\/2021\/wp-content\/uploads\/2026\/03\/720-6.webp\",\"width\":1148,\"height\":720},{\"@type\":\"BreadcrumbList\",\"@id\":\"https:\/\/www.noticiasradioreflejos.com.ar\/2021\/capital-humano-multo-a-fate-por-no-pagar-los-sueldos-y-extendio-la-conciliacion-obligatoria\/#breadcrumb\",\"itemListElement\":[{\"@type\":\"ListItem\",\"position\":1,\"name\":\"Portada\",\"item\":\"https:\/\/www.noticiasradioreflejos.com.ar\/2021\/\"},{\"@type\":\"ListItem\",\"position\":2,\"name\":\"Capital Humano mult\u00f3 a FATE por no pagar los sueldos y extendi\u00f3 la conciliaci\u00f3n obligatoria\"}]},{\"@type\":\"WebSite\",\"@id\":\"https:\/\/www.noticiasradioreflejos.com.ar\/2021\/#website\",\"url\":\"https:\/\/www.noticiasradioreflejos.com.ar\/2021\/\",\"name\":\"Noticias Radio Reflejos\",\"description\":\"Las noticias de mi comarca\",\"potentialAction\":[{\"@type\":\"SearchAction\",\"target\":{\"@type\":\"EntryPoint\",\"urlTemplate\":\"https:\/\/www.noticiasradioreflejos.com.ar\/2021\/?s={search_term_string}\"},\"query-input\":{\"@type\":\"PropertyValueSpecification\",\"valueRequired\":true,\"valueName\":\"search_term_string\"}}],\"inLanguage\":\"es\"},{\"@type\":\"Person\",\"@id\":\"https:\/\/www.noticiasradioreflejos.com.ar\/2021\/#\/schema\/person\/ad82545263dcc5ec0996818884fd5fb1\",\"name\":\"Arnaldo Botto\",\"image\":{\"@type\":\"ImageObject\",\"inLanguage\":\"es\",\"@id\":\"https:\/\/www.noticiasradioreflejos.com.ar\/2021\/#\/schema\/person\/image\/\",\"url\":\"https:\/\/secure.gravatar.com\/avatar\/55cb5e37c1efa326397366e6974cb338056df65cb50e7d64d1cf314e87504837?s=96&d=mm&r=g\",\"contentUrl\":\"https:\/\/secure.gravatar.com\/avatar\/55cb5e37c1efa326397366e6974cb338056df65cb50e7d64d1cf314e87504837?s=96&d=mm&r=g\",\"caption\":\"Arnaldo Botto\"},\"url\":\"https:\/\/www.noticiasradioreflejos.com.ar\/2021\/author\/arnaldo\/\"}]}<\/script>\n<!-- \/ Yoast SEO plugin. -->","yoast_head_json":{"title":"Capital Humano mult\u00f3 a FATE por no pagar los sueldos y extendi\u00f3 la conciliaci\u00f3n obligatoria - Noticias Radio Reflejos","robots":{"index":"index","follow":"follow","max-snippet":"max-snippet:-1","max-image-preview":"max-image-preview:large","max-video-preview":"max-video-preview:-1"},"canonical":"https:\/\/www.noticiasradioreflejos.com.ar\/2021\/capital-humano-multo-a-fate-por-no-pagar-los-sueldos-y-extendio-la-conciliacion-obligatoria\/","og_locale":"es_ES","og_type":"article","og_title":"Capital Humano mult\u00f3 a FATE por no pagar los sueldos y extendi\u00f3 la conciliaci\u00f3n obligatoria - Noticias Radio Reflejos","og_description":"El Ministerio de Capital Humano sancionar\u00e1 a la empresa FATE,\u00a0que anunci\u00f3 su cierre y el despido de m\u00e1s de 900 trabajadores,\u00a0debido al \u201cincumplimiento de pago a los empleados durante la conciliaci\u00f3n obligatoria\u201d,\u00a0se inform\u00f3 en un comunicado.","og_url":"https:\/\/www.noticiasradioreflejos.com.ar\/2021\/capital-humano-multo-a-fate-por-no-pagar-los-sueldos-y-extendio-la-conciliacion-obligatoria\/","og_site_name":"Noticias Radio Reflejos","article_published_time":"2026-03-10T20:09:52+00:00","article_modified_time":"2026-03-10T20:09:56+00:00","og_image":[{"width":1148,"height":720,"url":"https:\/\/www.noticiasradioreflejos.com.ar\/2021\/wp-content\/uploads\/2026\/03\/720-6.webp","type":"image\/webp"}],"author":"Arnaldo Botto","twitter_card":"summary_large_image","schema":{"@context":"https:\/\/schema.org","@graph":[{"@type":"WebPage","@id":"https:\/\/www.noticiasradioreflejos.com.ar\/2021\/capital-humano-multo-a-fate-por-no-pagar-los-sueldos-y-extendio-la-conciliacion-obligatoria\/","url":"https:\/\/www.noticiasradioreflejos.com.ar\/2021\/capital-humano-multo-a-fate-por-no-pagar-los-sueldos-y-extendio-la-conciliacion-obligatoria\/","name":"Capital Humano mult\u00f3 a FATE por no pagar los sueldos y extendi\u00f3 la conciliaci\u00f3n obligatoria - Noticias Radio Reflejos","isPartOf":{"@id":"https:\/\/www.noticiasradioreflejos.com.ar\/2021\/#website"},"primaryImageOfPage":{"@id":"https:\/\/www.noticiasradioreflejos.com.ar\/2021\/capital-humano-multo-a-fate-por-no-pagar-los-sueldos-y-extendio-la-conciliacion-obligatoria\/#primaryimage"},"image":{"@id":"https:\/\/www.noticiasradioreflejos.com.ar\/2021\/capital-humano-multo-a-fate-por-no-pagar-los-sueldos-y-extendio-la-conciliacion-obligatoria\/#primaryimage"},"thumbnailUrl":"https:\/\/www.noticiasradioreflejos.com.ar\/2021\/wp-content\/uploads\/2026\/03\/720-6.webp","datePublished":"2026-03-10T20:09:52+00:00","dateModified":"2026-03-10T20:09:56+00:00","author":{"@id":"https:\/\/www.noticiasradioreflejos.com.ar\/2021\/#\/schema\/person\/ad82545263dcc5ec0996818884fd5fb1"},"breadcrumb":{"@id":"https:\/\/www.noticiasradioreflejos.com.ar\/2021\/capital-humano-multo-a-fate-por-no-pagar-los-sueldos-y-extendio-la-conciliacion-obligatoria\/#breadcrumb"},"inLanguage":"es","potentialAction":[{"@type":"ReadAction","target":["https:\/\/www.noticiasradioreflejos.com.ar\/2021\/capital-humano-multo-a-fate-por-no-pagar-los-sueldos-y-extendio-la-conciliacion-obligatoria\/"]}]},{"@type":"ImageObject","inLanguage":"es","@id":"https:\/\/www.noticiasradioreflejos.com.ar\/2021\/capital-humano-multo-a-fate-por-no-pagar-los-sueldos-y-extendio-la-conciliacion-obligatoria\/#primaryimage","url":"https:\/\/www.noticiasradioreflejos.com.ar\/2021\/wp-content\/uploads\/2026\/03\/720-6.webp","contentUrl":"https:\/\/www.noticiasradioreflejos.com.ar\/2021\/wp-content\/uploads\/2026\/03\/720-6.webp","width":1148,"height":720},{"@type":"BreadcrumbList","@id":"https:\/\/www.noticiasradioreflejos.com.ar\/2021\/capital-humano-multo-a-fate-por-no-pagar-los-sueldos-y-extendio-la-conciliacion-obligatoria\/#breadcrumb","itemListElement":[{"@type":"ListItem","position":1,"name":"Portada","item":"https:\/\/www.noticiasradioreflejos.com.ar\/2021\/"},{"@type":"ListItem","position":2,"name":"Capital Humano mult\u00f3 a FATE por no pagar los sueldos y extendi\u00f3 la conciliaci\u00f3n obligatoria"}]},{"@type":"WebSite","@id":"https:\/\/www.noticiasradioreflejos.com.ar\/2021\/#website","url":"https:\/\/www.noticiasradioreflejos.com.ar\/2021\/","name":"Noticias Radio Reflejos","description":"Las noticias de mi comarca","potentialAction":[{"@type":"SearchAction","target":{"@type":"EntryPoint","urlTemplate":"https:\/\/www.noticiasradioreflejos.com.ar\/2021\/?s={search_term_string}"},"query-input":{"@type":"PropertyValueSpecification","valueRequired":true,"valueName":"search_term_string"}}],"inLanguage":"es"},{"@type":"Person","@id":"https:\/\/www.noticiasradioreflejos.com.ar\/2021\/#\/schema\/person\/ad82545263dcc5ec0996818884fd5fb1","name":"Arnaldo Botto","image":{"@type":"ImageObject","inLanguage":"es","@id":"https:\/\/www.noticiasradioreflejos.com.ar\/2021\/#\/schema\/person\/image\/","url":"https:\/\/secure.gravatar.com\/avatar\/55cb5e37c1efa326397366e6974cb338056df65cb50e7d64d1cf314e87504837?s=96&d=mm&r=g","contentUrl":"https:\/\/secure.gravatar.com\/avatar\/55cb5e37c1efa326397366e6974cb338056df65cb50e7d64d1cf314e87504837?s=96&d=mm&r=g","caption":"Arnaldo Botto"},"url":"https:\/\/www.noticiasradioreflejos.com.ar\/2021\/author\/arnaldo\/"}]}},"_links":{"self":[{"href":"https:\/\/www.noticiasradioreflejos.com.ar\/2021\/wp-json\/wp\/v2\/posts\/133869","targetHints":{"allow":["GET"]}}],"collection":[{"href":"https:\/\/www.noticiasradioreflejos.com.ar\/2021\/wp-json\/wp\/v2\/posts"}],"about":[{"href":"https:\/\/www.noticiasradioreflejos.com.ar\/2021\/wp-json\/wp\/v2\/types\/post"}],"author":[{"embeddable":true,"href":"https:\/\/www.noticiasradioreflejos.com.ar\/2021\/wp-json\/wp\/v2\/users\/3"}],"replies":[{"embeddable":true,"href":"https:\/\/www.noticiasradioreflejos.com.ar\/2021\/wp-json\/wp\/v2\/comments?post=133869"}],"version-history":[{"count":2,"href":"https:\/\/www.noticiasradioreflejos.com.ar\/2021\/wp-json\/wp\/v2\/posts\/133869\/revisions"}],"predecessor-version":[{"id":133873,"href":"https:\/\/www.noticiasradioreflejos.com.ar\/2021\/wp-json\/wp\/v2\/posts\/133869\/revisions\/133873"}],"wp:featuredmedia":[{"embeddable":true,"href":"https:\/\/www.noticiasradioreflejos.com.ar\/2021\/wp-json\/wp\/v2\/media\/133870"}],"wp:attachment":[{"href":"https:\/\/www.noticiasradioreflejos.com.ar\/2021\/wp-json\/wp\/v2\/media?parent=133869"}],"wp:term":[{"taxonomy":"category","embeddable":true,"href":"https:\/\/www.noticiasradioreflejos.com.ar\/2021\/wp-json\/wp\/v2\/categories?post=133869"},{"taxonomy":"post_tag","embeddable":true,"href":"https:\/\/www.noticiasradioreflejos.com.ar\/2021\/wp-json\/wp\/v2\/tags?post=133869"}],"curies":[{"name":"wp","href":"https:\/\/api.w.org\/{rel}","templated":true}]}}