{"id":133866,"date":"2026-03-10T15:24:13","date_gmt":"2026-03-10T18:24:13","guid":{"rendered":"https:\/\/www.noticiasradioreflejos.com.ar\/2021\/?p=133866"},"modified":"2026-03-10T15:24:13","modified_gmt":"2026-03-10T18:24:13","slug":"cuadernos-cristina-kirchner-sera-indagada-de-forma-presencial-el-martes-tras-el-rechazo-de-nulidades-en-el-juicio","status":"publish","type":"post","link":"https:\/\/www.noticiasradioreflejos.com.ar\/2021\/cuadernos-cristina-kirchner-sera-indagada-de-forma-presencial-el-martes-tras-el-rechazo-de-nulidades-en-el-juicio\/","title":{"rendered":"Cuadernos: Cristina Kirchner ser\u00e1 indagada de forma presencial el martes tras el rechazo de nulidades en el juicio"},"content":{"rendered":"<p>El Tribunal Oral Federal 7 rechaz\u00f3 m\u00e1s de 50 planteos de nulidad presentados por las defensas y habilit\u00f3 el inicio de las indagatorias en el juicio por la causa Cuadernos. La primera citada ser\u00e1 la expresidenta, que deber\u00e1 comparecer de manera presencial el pr\u00f3ximo martes en los tribunales de Comodoro Py.<!--more--><\/p>\n<p>El Tribunal Oral Federal N.\u00ba 7 rechaz\u00f3 este martes los principales planteos de nulidad presentados por las defensas en el juicio por la denominada causa <strong>Cuadernos\u00a0<\/strong>y dispuso avanzar hacia una nueva etapa del debate oral. En ese contexto, la expresidenta\u00a0<a class=\"link\" href=\"https:\/\/www.eldiarioar.com\/temas\/cristina-fernandez-de-kirchner\/\" data-mrf-recirculation=\"links-noticia\" data-mrf-link=\"https:\/\/www.eldiarioar.com\/temas\/cristina-fernandez-de-kirchner\/\">Cristina Fern\u00e1ndez de Kirchner<\/a> deber\u00e1 prestar declaraci\u00f3n indagatoria de manera presencial el pr\u00f3ximo martes en los tribunales federales de Comodoro Py.<\/p>\n<div class=\"partner-wrapper article-page__body-row\">\n<div class=\"second-col\">\n<p class=\"article-text\">La resoluci\u00f3n fue adoptada por los jueces Enrique M\u00e9ndez Signori, Germ\u00e1n Castelli y Fernando Canero, quienes desestimaron m\u00e1s de medio centenar de recursos presentados por las defensas de ex funcionarios y empresarios imputados. Entre ellos se encontraba el pedido de nulidad total del proceso impulsado por la defensa de la ex mandataria, a cargo de los abogados Carlos Beraldi y Ary Llernovoy.<\/p>\n<p class=\"article-text\"><strong>Con esa decisi\u00f3n, el tribunal dio por cerrada la etapa de cuestiones preliminares del juicio y habilit\u00f3 el inicio de las declaraciones indagatorias de los acusados.<\/strong>\u00a0La primera audiencia de esta nueva fase se realizar\u00e1 el martes desde las 9 en el sal\u00f3n Auditorium del subsuelo de los tribunales de Comodoro Py 2002.<\/p>\n<p class=\"article-text\">En esa jornada, la primera citada ser\u00e1 Cristina Kirchner, seguida por el ex ministro de Planificaci\u00f3n Federal\u00a0<strong>Julio De Vido<\/strong>. Tambi\u00e9n figuran en la lista de convocados para ese d\u00eda los ex funcionarios\u00a0<strong>Roberto Baratta, Nelson Lazarte, Rafael Llorens y Jos\u00e9 Mar\u00eda Olazagasti<\/strong>, adem\u00e1s del ex chofer de N\u00e9stor Kirchner,\u00a0<strong>Rudy Ulloa<\/strong>.<\/p>\n<p class=\"article-text\">Seg\u00fan la resoluci\u00f3n le\u00edda en audiencia, los magistrados concluyeron que \u201cla lectura del expediente no evidencia los vicios\u201d se\u00f1alados por las defensas para intentar anular el proceso. En ese sentido, descartaron que se hubieran vulnerado garant\u00edas constitucionales durante la investigaci\u00f3n.<\/p>\n<p class=\"article-text\">El tribunal tambi\u00e9n rechaz\u00f3 planteos vinculados con la prescripci\u00f3n de los delitos, cuestionamientos a la validez de la figura del imputado colaborador y pedidos para apartar a la Unidad de Informaci\u00f3n Financiera (UIF) como querellante en el juicio.<\/p>\n<p class=\"article-text\">Las indagatorias se realizar\u00e1n de manera presencial ante los jueces, aunque el proceso continuar\u00e1 con una modalidad mixta: s\u00f3lo deber\u00e1n asistir a la sala los acusados convocados para declarar en cada audiencia junto con sus defensores, mientras que el resto de las partes podr\u00e1 seguir el debate de forma remota.<\/p>\n<p class=\"article-text\"><strong>En el caso de Cristina Kirchner y de Julio De Vido, ambos con condenas firmes en otras causas, el tribunal deber\u00e1 coordinar los traslados con los juzgados encargados de la ejecuci\u00f3n de sus penas<\/strong>. La ex presidenta cumple arresto domiciliario en su departamento del barrio porte\u00f1o de Constituci\u00f3n, tras la condena a seis a\u00f1os de prisi\u00f3n en la causa Vialidad, mientras que De Vido permanece detenido en el penal de Ezeiza por la tragedia ferroviaria de Once.<\/p>\n<p class=\"article-text\">Durante la audiencia de este martes, el abogado de la ex mandataria cuestion\u00f3 adem\u00e1s declaraciones p\u00fablicas del presidente Javier Milei. Carlos Beraldi sostuvo que el mandatario emiti\u00f3 expresiones que \u201cafectan de manera directa al proceso\u201d, luego de que en la apertura de las sesiones ordinarias del Congreso afirmara que Kirchner \u201cva a seguir presa por la causa de los cuadernos\u201d.<\/p>\n<p class=\"article-text\">El planteo fue respaldado por otras defensas. La fiscal de juicio Fabiana Le\u00f3n, por su parte, coincidi\u00f3 en que ese tipo de manifestaciones p\u00fablicas resultan impropias, aunque remarc\u00f3 que el Ministerio P\u00fablico act\u00faa con independencia. El presidente del tribunal respondi\u00f3 que se garantizar\u00e1 \u201cun juicio justo que se adecue estrictamente a la Constituci\u00f3n y a las leyes\u201d.<\/p>\n<p class=\"article-text\"><strong>La causa Cuadernos se origin\u00f3 en 2018 a partir de los cuadernos atribuidos al chofer Oscar Centeno, en los que se registraban presuntos traslados de dinero vinculados con empresarios contratistas del Estado.<\/strong>\u00a0A partir de ese material se abri\u00f3 una investigaci\u00f3n que deriv\u00f3 en m\u00faltiples procesamientos de ex funcionarios y empresarios.<\/p>\n<div id=\"container-after-news-outlook\"><\/div>\n<p class=\"article-text\"><strong>En el juicio oral se analiza la existencia de un presunto sistema de recaudaci\u00f3n ilegal de sobornos asociado a contratos de obra p\u00fablica y otros negocios con el Estado durante los gobiernos kirchneristas.\u00a0<\/strong>En ese expediente, Cristina Kirchner est\u00e1 acusada como presunta jefa de una asociaci\u00f3n il\u00edcita dedicada a la recaudaci\u00f3n de coimas, cargos que la ex presidenta ha rechazado y cuya investigaci\u00f3n ha cuestionado en reiteradas oportunidades.<\/p>\n<p class=\"article-text\">Con el rechazo de los planteos de nulidad, el tribunal despej\u00f3 los principales obst\u00e1culos procesales y dio paso a una de las etapas centrales del debate: las indagatorias de los acusados, que comenzar\u00e1n el martes con la comparecencia presencial de la ex mandataria.<\/p>\n<\/div>\n<\/div>\n<p>&nbsp;<\/p>\n<p><strong>Fuente elDiarioAR<\/strong><\/p>\n","protected":false},"excerpt":{"rendered":"<p>El Tribunal Oral Federal 7 rechaz\u00f3 m\u00e1s de 50 planteos de nulidad presentados por las defensas y habilit\u00f3 el inicio de las indagatorias en el juicio por la causa Cuadernos. La primera citada ser\u00e1 la expresidenta, que deber\u00e1 comparecer de manera presencial el pr\u00f3ximo martes en los tribunales de Comodoro Py.<\/p>\n","protected":false},"author":3,"featured_media":133867,"comment_status":"closed","ping_status":"closed","sticky":false,"template":"","format":"standard","meta":{"footnotes":""},"categories":[57,24],"tags":[],"class_list":["post-133866","post","type-post","status-publish","format-standard","has-post-thumbnail","hentry","category-judiciales","category-politica"],"yoast_head":"<!-- This site is optimized with the Yoast SEO plugin v25.9 - https:\/\/yoast.com\/wordpress\/plugins\/seo\/ -->\n<title>Cuadernos: Cristina Kirchner ser\u00e1 indagada de forma presencial el martes tras el rechazo de nulidades en el juicio - Noticias Radio Reflejos<\/title>\n<meta name=\"robots\" content=\"index, follow, max-snippet:-1, max-image-preview:large, max-video-preview:-1\" \/>\n<link rel=\"canonical\" href=\"https:\/\/www.noticiasradioreflejos.com.ar\/2021\/cuadernos-cristina-kirchner-sera-indagada-de-forma-presencial-el-martes-tras-el-rechazo-de-nulidades-en-el-juicio\/\" \/>\n<meta property=\"og:locale\" content=\"es_ES\" \/>\n<meta property=\"og:type\" content=\"article\" \/>\n<meta property=\"og:title\" content=\"Cuadernos: Cristina Kirchner ser\u00e1 indagada de forma presencial el martes tras el rechazo de nulidades en el juicio - Noticias Radio Reflejos\" \/>\n<meta property=\"og:description\" content=\"El Tribunal Oral Federal 7 rechaz\u00f3 m\u00e1s de 50 planteos de nulidad presentados por las defensas y habilit\u00f3 el inicio de las indagatorias en el juicio por la causa Cuadernos. La primera citada ser\u00e1 la expresidenta, que deber\u00e1 comparecer de manera presencial el pr\u00f3ximo martes en los tribunales de Comodoro Py.\" \/>\n<meta property=\"og:url\" content=\"https:\/\/www.noticiasradioreflejos.com.ar\/2021\/cuadernos-cristina-kirchner-sera-indagada-de-forma-presencial-el-martes-tras-el-rechazo-de-nulidades-en-el-juicio\/\" \/>\n<meta property=\"og:site_name\" content=\"Noticias Radio Reflejos\" \/>\n<meta property=\"article:published_time\" content=\"2026-03-10T18:24:13+00:00\" \/>\n<meta property=\"og:image\" content=\"https:\/\/www.noticiasradioreflejos.com.ar\/2021\/wp-content\/uploads\/2026\/03\/95e9a229-d0b4-4382-bf5a-8346c146a8ee_16-9-discover-aspect-ratio_default_0.webp\" \/>\n\t<meta property=\"og:image:width\" content=\"1200\" \/>\n\t<meta property=\"og:image:height\" content=\"675\" \/>\n\t<meta property=\"og:image:type\" content=\"image\/webp\" \/>\n<meta name=\"author\" content=\"Arnaldo Botto\" \/>\n<meta name=\"twitter:card\" content=\"summary_large_image\" \/>\n<script type=\"application\/ld+json\" class=\"yoast-schema-graph\">{\"@context\":\"https:\/\/schema.org\",\"@graph\":[{\"@type\":\"WebPage\",\"@id\":\"https:\/\/www.noticiasradioreflejos.com.ar\/2021\/cuadernos-cristina-kirchner-sera-indagada-de-forma-presencial-el-martes-tras-el-rechazo-de-nulidades-en-el-juicio\/\",\"url\":\"https:\/\/www.noticiasradioreflejos.com.ar\/2021\/cuadernos-cristina-kirchner-sera-indagada-de-forma-presencial-el-martes-tras-el-rechazo-de-nulidades-en-el-juicio\/\",\"name\":\"Cuadernos: Cristina Kirchner ser\u00e1 indagada de forma presencial el martes tras el rechazo de nulidades en el juicio - Noticias Radio Reflejos\",\"isPartOf\":{\"@id\":\"https:\/\/www.noticiasradioreflejos.com.ar\/2021\/#website\"},\"primaryImageOfPage\":{\"@id\":\"https:\/\/www.noticiasradioreflejos.com.ar\/2021\/cuadernos-cristina-kirchner-sera-indagada-de-forma-presencial-el-martes-tras-el-rechazo-de-nulidades-en-el-juicio\/#primaryimage\"},\"image\":{\"@id\":\"https:\/\/www.noticiasradioreflejos.com.ar\/2021\/cuadernos-cristina-kirchner-sera-indagada-de-forma-presencial-el-martes-tras-el-rechazo-de-nulidades-en-el-juicio\/#primaryimage\"},\"thumbnailUrl\":\"https:\/\/www.noticiasradioreflejos.com.ar\/2021\/wp-content\/uploads\/2026\/03\/95e9a229-d0b4-4382-bf5a-8346c146a8ee_16-9-discover-aspect-ratio_default_0.webp\",\"datePublished\":\"2026-03-10T18:24:13+00:00\",\"author\":{\"@id\":\"https:\/\/www.noticiasradioreflejos.com.ar\/2021\/#\/schema\/person\/ad82545263dcc5ec0996818884fd5fb1\"},\"breadcrumb\":{\"@id\":\"https:\/\/www.noticiasradioreflejos.com.ar\/2021\/cuadernos-cristina-kirchner-sera-indagada-de-forma-presencial-el-martes-tras-el-rechazo-de-nulidades-en-el-juicio\/#breadcrumb\"},\"inLanguage\":\"es\",\"potentialAction\":[{\"@type\":\"ReadAction\",\"target\":[\"https:\/\/www.noticiasradioreflejos.com.ar\/2021\/cuadernos-cristina-kirchner-sera-indagada-de-forma-presencial-el-martes-tras-el-rechazo-de-nulidades-en-el-juicio\/\"]}]},{\"@type\":\"ImageObject\",\"inLanguage\":\"es\",\"@id\":\"https:\/\/www.noticiasradioreflejos.com.ar\/2021\/cuadernos-cristina-kirchner-sera-indagada-de-forma-presencial-el-martes-tras-el-rechazo-de-nulidades-en-el-juicio\/#primaryimage\",\"url\":\"https:\/\/www.noticiasradioreflejos.com.ar\/2021\/wp-content\/uploads\/2026\/03\/95e9a229-d0b4-4382-bf5a-8346c146a8ee_16-9-discover-aspect-ratio_default_0.webp\",\"contentUrl\":\"https:\/\/www.noticiasradioreflejos.com.ar\/2021\/wp-content\/uploads\/2026\/03\/95e9a229-d0b4-4382-bf5a-8346c146a8ee_16-9-discover-aspect-ratio_default_0.webp\",\"width\":1200,\"height\":675},{\"@type\":\"BreadcrumbList\",\"@id\":\"https:\/\/www.noticiasradioreflejos.com.ar\/2021\/cuadernos-cristina-kirchner-sera-indagada-de-forma-presencial-el-martes-tras-el-rechazo-de-nulidades-en-el-juicio\/#breadcrumb\",\"itemListElement\":[{\"@type\":\"ListItem\",\"position\":1,\"name\":\"Portada\",\"item\":\"https:\/\/www.noticiasradioreflejos.com.ar\/2021\/\"},{\"@type\":\"ListItem\",\"position\":2,\"name\":\"Cuadernos: Cristina Kirchner ser\u00e1 indagada de forma presencial el martes tras el rechazo de nulidades en el juicio\"}]},{\"@type\":\"WebSite\",\"@id\":\"https:\/\/www.noticiasradioreflejos.com.ar\/2021\/#website\",\"url\":\"https:\/\/www.noticiasradioreflejos.com.ar\/2021\/\",\"name\":\"Noticias Radio Reflejos\",\"description\":\"Las noticias de mi comarca\",\"potentialAction\":[{\"@type\":\"SearchAction\",\"target\":{\"@type\":\"EntryPoint\",\"urlTemplate\":\"https:\/\/www.noticiasradioreflejos.com.ar\/2021\/?s={search_term_string}\"},\"query-input\":{\"@type\":\"PropertyValueSpecification\",\"valueRequired\":true,\"valueName\":\"search_term_string\"}}],\"inLanguage\":\"es\"},{\"@type\":\"Person\",\"@id\":\"https:\/\/www.noticiasradioreflejos.com.ar\/2021\/#\/schema\/person\/ad82545263dcc5ec0996818884fd5fb1\",\"name\":\"Arnaldo Botto\",\"image\":{\"@type\":\"ImageObject\",\"inLanguage\":\"es\",\"@id\":\"https:\/\/www.noticiasradioreflejos.com.ar\/2021\/#\/schema\/person\/image\/\",\"url\":\"https:\/\/secure.gravatar.com\/avatar\/55cb5e37c1efa326397366e6974cb338056df65cb50e7d64d1cf314e87504837?s=96&d=mm&r=g\",\"contentUrl\":\"https:\/\/secure.gravatar.com\/avatar\/55cb5e37c1efa326397366e6974cb338056df65cb50e7d64d1cf314e87504837?s=96&d=mm&r=g\",\"caption\":\"Arnaldo Botto\"},\"url\":\"https:\/\/www.noticiasradioreflejos.com.ar\/2021\/author\/arnaldo\/\"}]}<\/script>\n<!-- \/ Yoast SEO plugin. -->","yoast_head_json":{"title":"Cuadernos: Cristina Kirchner ser\u00e1 indagada de forma presencial el martes tras el rechazo de nulidades en el juicio - Noticias Radio Reflejos","robots":{"index":"index","follow":"follow","max-snippet":"max-snippet:-1","max-image-preview":"max-image-preview:large","max-video-preview":"max-video-preview:-1"},"canonical":"https:\/\/www.noticiasradioreflejos.com.ar\/2021\/cuadernos-cristina-kirchner-sera-indagada-de-forma-presencial-el-martes-tras-el-rechazo-de-nulidades-en-el-juicio\/","og_locale":"es_ES","og_type":"article","og_title":"Cuadernos: Cristina Kirchner ser\u00e1 indagada de forma presencial el martes tras el rechazo de nulidades en el juicio - Noticias Radio Reflejos","og_description":"El Tribunal Oral Federal 7 rechaz\u00f3 m\u00e1s de 50 planteos de nulidad presentados por las defensas y habilit\u00f3 el inicio de las indagatorias en el juicio por la causa Cuadernos. La primera citada ser\u00e1 la expresidenta, que deber\u00e1 comparecer de manera presencial el pr\u00f3ximo martes en los tribunales de Comodoro Py.","og_url":"https:\/\/www.noticiasradioreflejos.com.ar\/2021\/cuadernos-cristina-kirchner-sera-indagada-de-forma-presencial-el-martes-tras-el-rechazo-de-nulidades-en-el-juicio\/","og_site_name":"Noticias Radio Reflejos","article_published_time":"2026-03-10T18:24:13+00:00","og_image":[{"width":1200,"height":675,"url":"https:\/\/www.noticiasradioreflejos.com.ar\/2021\/wp-content\/uploads\/2026\/03\/95e9a229-d0b4-4382-bf5a-8346c146a8ee_16-9-discover-aspect-ratio_default_0.webp","type":"image\/webp"}],"author":"Arnaldo Botto","twitter_card":"summary_large_image","schema":{"@context":"https:\/\/schema.org","@graph":[{"@type":"WebPage","@id":"https:\/\/www.noticiasradioreflejos.com.ar\/2021\/cuadernos-cristina-kirchner-sera-indagada-de-forma-presencial-el-martes-tras-el-rechazo-de-nulidades-en-el-juicio\/","url":"https:\/\/www.noticiasradioreflejos.com.ar\/2021\/cuadernos-cristina-kirchner-sera-indagada-de-forma-presencial-el-martes-tras-el-rechazo-de-nulidades-en-el-juicio\/","name":"Cuadernos: Cristina Kirchner ser\u00e1 indagada de forma presencial el martes tras el rechazo de nulidades en el juicio - Noticias Radio Reflejos","isPartOf":{"@id":"https:\/\/www.noticiasradioreflejos.com.ar\/2021\/#website"},"primaryImageOfPage":{"@id":"https:\/\/www.noticiasradioreflejos.com.ar\/2021\/cuadernos-cristina-kirchner-sera-indagada-de-forma-presencial-el-martes-tras-el-rechazo-de-nulidades-en-el-juicio\/#primaryimage"},"image":{"@id":"https:\/\/www.noticiasradioreflejos.com.ar\/2021\/cuadernos-cristina-kirchner-sera-indagada-de-forma-presencial-el-martes-tras-el-rechazo-de-nulidades-en-el-juicio\/#primaryimage"},"thumbnailUrl":"https:\/\/www.noticiasradioreflejos.com.ar\/2021\/wp-content\/uploads\/2026\/03\/95e9a229-d0b4-4382-bf5a-8346c146a8ee_16-9-discover-aspect-ratio_default_0.webp","datePublished":"2026-03-10T18:24:13+00:00","author":{"@id":"https:\/\/www.noticiasradioreflejos.com.ar\/2021\/#\/schema\/person\/ad82545263dcc5ec0996818884fd5fb1"},"breadcrumb":{"@id":"https:\/\/www.noticiasradioreflejos.com.ar\/2021\/cuadernos-cristina-kirchner-sera-indagada-de-forma-presencial-el-martes-tras-el-rechazo-de-nulidades-en-el-juicio\/#breadcrumb"},"inLanguage":"es","potentialAction":[{"@type":"ReadAction","target":["https:\/\/www.noticiasradioreflejos.com.ar\/2021\/cuadernos-cristina-kirchner-sera-indagada-de-forma-presencial-el-martes-tras-el-rechazo-de-nulidades-en-el-juicio\/"]}]},{"@type":"ImageObject","inLanguage":"es","@id":"https:\/\/www.noticiasradioreflejos.com.ar\/2021\/cuadernos-cristina-kirchner-sera-indagada-de-forma-presencial-el-martes-tras-el-rechazo-de-nulidades-en-el-juicio\/#primaryimage","url":"https:\/\/www.noticiasradioreflejos.com.ar\/2021\/wp-content\/uploads\/2026\/03\/95e9a229-d0b4-4382-bf5a-8346c146a8ee_16-9-discover-aspect-ratio_default_0.webp","contentUrl":"https:\/\/www.noticiasradioreflejos.com.ar\/2021\/wp-content\/uploads\/2026\/03\/95e9a229-d0b4-4382-bf5a-8346c146a8ee_16-9-discover-aspect-ratio_default_0.webp","width":1200,"height":675},{"@type":"BreadcrumbList","@id":"https:\/\/www.noticiasradioreflejos.com.ar\/2021\/cuadernos-cristina-kirchner-sera-indagada-de-forma-presencial-el-martes-tras-el-rechazo-de-nulidades-en-el-juicio\/#breadcrumb","itemListElement":[{"@type":"ListItem","position":1,"name":"Portada","item":"https:\/\/www.noticiasradioreflejos.com.ar\/2021\/"},{"@type":"ListItem","position":2,"name":"Cuadernos: Cristina Kirchner ser\u00e1 indagada de forma presencial el martes tras el rechazo de nulidades en el juicio"}]},{"@type":"WebSite","@id":"https:\/\/www.noticiasradioreflejos.com.ar\/2021\/#website","url":"https:\/\/www.noticiasradioreflejos.com.ar\/2021\/","name":"Noticias Radio Reflejos","description":"Las noticias de mi comarca","potentialAction":[{"@type":"SearchAction","target":{"@type":"EntryPoint","urlTemplate":"https:\/\/www.noticiasradioreflejos.com.ar\/2021\/?s={search_term_string}"},"query-input":{"@type":"PropertyValueSpecification","valueRequired":true,"valueName":"search_term_string"}}],"inLanguage":"es"},{"@type":"Person","@id":"https:\/\/www.noticiasradioreflejos.com.ar\/2021\/#\/schema\/person\/ad82545263dcc5ec0996818884fd5fb1","name":"Arnaldo Botto","image":{"@type":"ImageObject","inLanguage":"es","@id":"https:\/\/www.noticiasradioreflejos.com.ar\/2021\/#\/schema\/person\/image\/","url":"https:\/\/secure.gravatar.com\/avatar\/55cb5e37c1efa326397366e6974cb338056df65cb50e7d64d1cf314e87504837?s=96&d=mm&r=g","contentUrl":"https:\/\/secure.gravatar.com\/avatar\/55cb5e37c1efa326397366e6974cb338056df65cb50e7d64d1cf314e87504837?s=96&d=mm&r=g","caption":"Arnaldo Botto"},"url":"https:\/\/www.noticiasradioreflejos.com.ar\/2021\/author\/arnaldo\/"}]}},"_links":{"self":[{"href":"https:\/\/www.noticiasradioreflejos.com.ar\/2021\/wp-json\/wp\/v2\/posts\/133866","targetHints":{"allow":["GET"]}}],"collection":[{"href":"https:\/\/www.noticiasradioreflejos.com.ar\/2021\/wp-json\/wp\/v2\/posts"}],"about":[{"href":"https:\/\/www.noticiasradioreflejos.com.ar\/2021\/wp-json\/wp\/v2\/types\/post"}],"author":[{"embeddable":true,"href":"https:\/\/www.noticiasradioreflejos.com.ar\/2021\/wp-json\/wp\/v2\/users\/3"}],"replies":[{"embeddable":true,"href":"https:\/\/www.noticiasradioreflejos.com.ar\/2021\/wp-json\/wp\/v2\/comments?post=133866"}],"version-history":[{"count":1,"href":"https:\/\/www.noticiasradioreflejos.com.ar\/2021\/wp-json\/wp\/v2\/posts\/133866\/revisions"}],"predecessor-version":[{"id":133868,"href":"https:\/\/www.noticiasradioreflejos.com.ar\/2021\/wp-json\/wp\/v2\/posts\/133866\/revisions\/133868"}],"wp:featuredmedia":[{"embeddable":true,"href":"https:\/\/www.noticiasradioreflejos.com.ar\/2021\/wp-json\/wp\/v2\/media\/133867"}],"wp:attachment":[{"href":"https:\/\/www.noticiasradioreflejos.com.ar\/2021\/wp-json\/wp\/v2\/media?parent=133866"}],"wp:term":[{"taxonomy":"category","embeddable":true,"href":"https:\/\/www.noticiasradioreflejos.com.ar\/2021\/wp-json\/wp\/v2\/categories?post=133866"},{"taxonomy":"post_tag","embeddable":true,"href":"https:\/\/www.noticiasradioreflejos.com.ar\/2021\/wp-json\/wp\/v2\/tags?post=133866"}],"curies":[{"name":"wp","href":"https:\/\/api.w.org\/{rel}","templated":true}]}}