{"id":133838,"date":"2026-03-10T17:42:09","date_gmt":"2026-03-10T20:42:09","guid":{"rendered":"https:\/\/www.noticiasradioreflejos.com.ar\/2021\/?p=133838"},"modified":"2026-03-10T17:42:10","modified_gmt":"2026-03-10T20:42:10","slug":"tito-musso-y-carmen-soverchia-haber-transitado-20-anos-la-unidad-basica-no-les-otorga-el-titulo-de-peronistas-autenticos","status":"publish","type":"post","link":"https:\/\/www.noticiasradioreflejos.com.ar\/2021\/tito-musso-y-carmen-soverchia-haber-transitado-20-anos-la-unidad-basica-no-les-otorga-el-titulo-de-peronistas-autenticos\/","title":{"rendered":"Tito Musso y Carmen Soverchia: \u00abHaber transitado 20 a\u00f1os la Unidad B\u00e1sica no les otorga el t\u00edtulo de peronistas aut\u00e9nticos\u00bb"},"content":{"rendered":"<p>En una entrevista cargada de definiciones pol\u00edticas en <strong><a href=\"https:\/\/www.noticiasradioreflejos.com.ar\/2021\/radio-en-vivo\/\">FM Reflejos<\/a><\/strong>, los candidatos de la Lista 4 respondieron a los cuestionamientos de la oposici\u00f3n interna de cara al pr\u00f3ximo domingo 15 de marzo. <strong>Alberto \u00abTito\u00bb Musso, candidato a presidente del PJ, y la concejal Carmen Soverchia<\/strong>, defendieron su pertenencia hist\u00f3rica al movimiento y propusieron un modelo de \u00abperonismo participativo\u00bb que rompa con el encierro de las estructuras tradicionales.<!--more--><\/p>\n<p data-path-to-node=\"4\">La interna del Partido Justicialista de Tornquist entra en su fase definitoria. Tras los dichos del candidato de la lista opositora, <strong>Juan Carlos Gisler<\/strong> \u2014quien hab\u00eda cuestionado la \u00abpureza\u00bb de la Lista 4\u2014, <b data-path-to-node=\"4\" data-index-in-node=\"228\">Alberto \u201cTito\u201d Musso<\/b> y <b data-path-to-node=\"4\" data-index-in-node=\"251\">Carmen Soverchia<\/b> salieron al cruce para fijar su postura y detallar el esp\u00edritu de su plataforma, la <b data-path-to-node=\"4\" data-index-in-node=\"352\">Lista Azul<\/b>.<\/p>\n<h4 data-path-to-node=\"5\"><b data-path-to-node=\"5\" data-index-in-node=\"0\">\u00abNunca nos fuimos del peronismo\u00bb<\/b><\/h4>\n<p data-path-to-node=\"6\">Ante la acusaci\u00f3n de representar un peronismo \u00abmezclado\u00bb o falto de identidad, Musso fue tajante: <i data-path-to-node=\"6\" data-index-in-node=\"98\">\u00abCreo que ya cansa de tanto repetirlo, porque la verdad que tanto Carmen como yo y el resto de los integrantes compa\u00f1eros de la lista nunca nos fuimos del peronismo\u00bb<\/i>.<\/p>\n<p data-path-to-node=\"7\">El candidato a presidente redobl\u00f3 la apuesta al se\u00f1alar que la antig\u00fcedad en un edificio no define la lealtad doctrinaria: <i data-path-to-node=\"7\" data-index-in-node=\"123\">\u00abQue ellos hayan transitado durante 20 a\u00f1os la unidad b\u00e1sica no les otorga el t\u00edtulo de aut\u00e9ntico, la verdad que yo siempre fui y voy a ser peronista\u00bb<\/i>.<\/p>\n<h4 data-path-to-node=\"8\"><b data-path-to-node=\"8\" data-index-in-node=\"0\">Un trabajo diferente para el afiliado<\/b><\/h4>\n<p data-path-to-node=\"9\">Por su parte, Carmen Soverchia explic\u00f3 que la existencia de la interna nace de la necesidad de ofrecer una alternativa de gesti\u00f3n partidaria. Al ser consultada sobre la duda de los afiliados por la existencia de dos listas, expres\u00f3: <i data-path-to-node=\"9\" data-index-in-node=\"233\">\u00abNosotros les explicamos que nuestra propuesta es un trabajo diferente, un peronismo que sume y que participe activamente en la comunidad\u00bb<\/i>.<\/p>\n<p data-path-to-node=\"10\">Soverchia destac\u00f3 el valor de la militancia que se est\u00e1 realizando \u00abdel otro lado de la sierra\u00bb y en cada localidad del distrito: <i data-path-to-node=\"10\" data-index-in-node=\"130\">\u00abEs muy lindo ese trabajo, a nosotros nos gusta mucho estar con la boleta en la mano y poder acercarla a los compa\u00f1eros. Hay mucha gente que entrega parte de su tiempo para colaborar con esta campa\u00f1a\u00bb<\/i>.<\/p>\n<h4 data-path-to-node=\"11\"><b data-path-to-node=\"11\" data-index-in-node=\"0\">Sin \u00abvencedores ni vencidos\u00bb para el d\u00eda despu\u00e9s<\/b><\/h4>\n<p data-path-to-node=\"12\">A diferencia de la postura m\u00e1s r\u00edgida mostrada por otros sectores, Musso cerr\u00f3 la nota con un mensaje de unidad institucional, pensando en el lunes post-elecci\u00f3n: <i data-path-to-node=\"12\" data-index-in-node=\"163\">\u00abNosotros solo pretendemos y queremos que ac\u00e1 gane el justicialismo y que no haya ni ganadores ni perdedores, simplemente que el justicialismo salga adelante y salga fortalecido. Vamos a bregar para que esto suceda\u00bb<\/i>.<\/p>\n<audio class=\"wp-audio-shortcode\" id=\"audio-133838-1\" preload=\"none\" style=\"width: 100%;\" controls=\"controls\"><source type=\"audio\/mpeg\" src=\"https:\/\/www.noticiasradioreflejos.com.ar\/2021\/wp-content\/uploads\/2026\/03\/Alberto-Tito-Musso-Y-Carmen-Soverchia.mp3?_=1\" \/><a href=\"https:\/\/www.noticiasradioreflejos.com.ar\/2021\/wp-content\/uploads\/2026\/03\/Alberto-Tito-Musso-Y-Carmen-Soverchia.mp3\">https:\/\/www.noticiasradioreflejos.com.ar\/2021\/wp-content\/uploads\/2026\/03\/Alberto-Tito-Musso-Y-Carmen-Soverchia.mp3<\/a><\/audio>\n<p>&nbsp;<\/p>\n<p><a href=\"https:\/\/www.noticiasradioreflejos.com.ar\/2021\/tito-musso-y-carmen-soverchia-haber-transitado-20-anos-la-unidad-basica-no-les-otorga-el-titulo-de-peronistas-autenticos\/whatsapp-image-2026-03-09-at-10-40-59\/\" rel=\"attachment wp-att-133877\"><img loading=\"lazy\" decoding=\"async\" class=\"aligncenter size-full wp-image-133877\" src=\"https:\/\/www.noticiasradioreflejos.com.ar\/2021\/wp-content\/uploads\/2026\/03\/WhatsApp-Image-2026-03-09-at-10.40.59.jpeg\" alt=\"\" width=\"669\" height=\"532\" srcset=\"https:\/\/www.noticiasradioreflejos.com.ar\/2021\/wp-content\/uploads\/2026\/03\/WhatsApp-Image-2026-03-09-at-10.40.59.jpeg 669w, https:\/\/www.noticiasradioreflejos.com.ar\/2021\/wp-content\/uploads\/2026\/03\/WhatsApp-Image-2026-03-09-at-10.40.59-300x239.jpeg 300w\" sizes=\"auto, (max-width: 669px) 100vw, 669px\" \/><\/a><\/p>\n","protected":false},"excerpt":{"rendered":"<p>En una entrevista cargada de definiciones pol\u00edticas en FM Reflejos, los candidatos de la Lista 4 respondieron a los cuestionamientos de la oposici\u00f3n interna de cara al pr\u00f3ximo domingo 15 de marzo. Alberto \u00abTito\u00bb Musso, candidato a presidente del PJ, y la concejal Carmen Soverchia, defendieron su pertenencia hist\u00f3rica al movimiento y propusieron un modelo [&hellip;]<\/p>\n","protected":false},"author":3,"featured_media":133878,"comment_status":"closed","ping_status":"closed","sticky":false,"template":"","format":"standard","meta":{"footnotes":""},"categories":[24],"tags":[48],"class_list":["post-133838","post","type-post","status-publish","format-standard","has-post-thumbnail","hentry","category-politica","tag-destacada"],"yoast_head":"<!-- This site is optimized with the Yoast SEO plugin v25.9 - https:\/\/yoast.com\/wordpress\/plugins\/seo\/ -->\n<title>Tito Musso y Carmen Soverchia: &quot;Haber transitado 20 a\u00f1os la Unidad B\u00e1sica no les otorga el t\u00edtulo de peronistas aut\u00e9nticos&quot; - Noticias Radio Reflejos<\/title>\n<meta name=\"robots\" content=\"index, follow, max-snippet:-1, max-image-preview:large, max-video-preview:-1\" \/>\n<link rel=\"canonical\" href=\"https:\/\/www.noticiasradioreflejos.com.ar\/2021\/tito-musso-y-carmen-soverchia-haber-transitado-20-anos-la-unidad-basica-no-les-otorga-el-titulo-de-peronistas-autenticos\/\" \/>\n<meta property=\"og:locale\" content=\"es_ES\" \/>\n<meta property=\"og:type\" content=\"article\" \/>\n<meta property=\"og:title\" content=\"Tito Musso y Carmen Soverchia: &quot;Haber transitado 20 a\u00f1os la Unidad B\u00e1sica no les otorga el t\u00edtulo de peronistas aut\u00e9nticos&quot; - Noticias Radio Reflejos\" \/>\n<meta property=\"og:description\" content=\"En una entrevista cargada de definiciones pol\u00edticas en FM Reflejos, los candidatos de la Lista 4 respondieron a los cuestionamientos de la oposici\u00f3n interna de cara al pr\u00f3ximo domingo 15 de marzo. Alberto \u00abTito\u00bb Musso, candidato a presidente del PJ, y la concejal Carmen Soverchia, defendieron su pertenencia hist\u00f3rica al movimiento y propusieron un modelo [&hellip;]\" \/>\n<meta property=\"og:url\" content=\"https:\/\/www.noticiasradioreflejos.com.ar\/2021\/tito-musso-y-carmen-soverchia-haber-transitado-20-anos-la-unidad-basica-no-les-otorga-el-titulo-de-peronistas-autenticos\/\" \/>\n<meta property=\"og:site_name\" content=\"Noticias Radio Reflejos\" \/>\n<meta property=\"article:published_time\" content=\"2026-03-10T20:42:09+00:00\" \/>\n<meta property=\"article:modified_time\" content=\"2026-03-10T20:42:10+00:00\" \/>\n<meta property=\"og:image\" content=\"https:\/\/www.noticiasradioreflejos.com.ar\/2021\/wp-content\/uploads\/2026\/03\/Carmen-y-Tito.jpeg\" \/>\n\t<meta property=\"og:image:width\" content=\"1168\" \/>\n\t<meta property=\"og:image:height\" content=\"912\" \/>\n\t<meta property=\"og:image:type\" content=\"image\/jpeg\" \/>\n<meta name=\"author\" content=\"Arnaldo Botto\" \/>\n<meta name=\"twitter:card\" content=\"summary_large_image\" \/>\n<script type=\"application\/ld+json\" class=\"yoast-schema-graph\">{\"@context\":\"https:\/\/schema.org\",\"@graph\":[{\"@type\":\"WebPage\",\"@id\":\"https:\/\/www.noticiasradioreflejos.com.ar\/2021\/tito-musso-y-carmen-soverchia-haber-transitado-20-anos-la-unidad-basica-no-les-otorga-el-titulo-de-peronistas-autenticos\/\",\"url\":\"https:\/\/www.noticiasradioreflejos.com.ar\/2021\/tito-musso-y-carmen-soverchia-haber-transitado-20-anos-la-unidad-basica-no-les-otorga-el-titulo-de-peronistas-autenticos\/\",\"name\":\"Tito Musso y Carmen Soverchia: \\\"Haber transitado 20 a\u00f1os la Unidad B\u00e1sica no les otorga el t\u00edtulo de peronistas aut\u00e9nticos\\\" - Noticias Radio Reflejos\",\"isPartOf\":{\"@id\":\"https:\/\/www.noticiasradioreflejos.com.ar\/2021\/#website\"},\"primaryImageOfPage\":{\"@id\":\"https:\/\/www.noticiasradioreflejos.com.ar\/2021\/tito-musso-y-carmen-soverchia-haber-transitado-20-anos-la-unidad-basica-no-les-otorga-el-titulo-de-peronistas-autenticos\/#primaryimage\"},\"image\":{\"@id\":\"https:\/\/www.noticiasradioreflejos.com.ar\/2021\/tito-musso-y-carmen-soverchia-haber-transitado-20-anos-la-unidad-basica-no-les-otorga-el-titulo-de-peronistas-autenticos\/#primaryimage\"},\"thumbnailUrl\":\"https:\/\/www.noticiasradioreflejos.com.ar\/2021\/wp-content\/uploads\/2026\/03\/Carmen-y-Tito.jpeg\",\"datePublished\":\"2026-03-10T20:42:09+00:00\",\"dateModified\":\"2026-03-10T20:42:10+00:00\",\"author\":{\"@id\":\"https:\/\/www.noticiasradioreflejos.com.ar\/2021\/#\/schema\/person\/ad82545263dcc5ec0996818884fd5fb1\"},\"breadcrumb\":{\"@id\":\"https:\/\/www.noticiasradioreflejos.com.ar\/2021\/tito-musso-y-carmen-soverchia-haber-transitado-20-anos-la-unidad-basica-no-les-otorga-el-titulo-de-peronistas-autenticos\/#breadcrumb\"},\"inLanguage\":\"es\",\"potentialAction\":[{\"@type\":\"ReadAction\",\"target\":[\"https:\/\/www.noticiasradioreflejos.com.ar\/2021\/tito-musso-y-carmen-soverchia-haber-transitado-20-anos-la-unidad-basica-no-les-otorga-el-titulo-de-peronistas-autenticos\/\"]}]},{\"@type\":\"ImageObject\",\"inLanguage\":\"es\",\"@id\":\"https:\/\/www.noticiasradioreflejos.com.ar\/2021\/tito-musso-y-carmen-soverchia-haber-transitado-20-anos-la-unidad-basica-no-les-otorga-el-titulo-de-peronistas-autenticos\/#primaryimage\",\"url\":\"https:\/\/www.noticiasradioreflejos.com.ar\/2021\/wp-content\/uploads\/2026\/03\/Carmen-y-Tito.jpeg\",\"contentUrl\":\"https:\/\/www.noticiasradioreflejos.com.ar\/2021\/wp-content\/uploads\/2026\/03\/Carmen-y-Tito.jpeg\",\"width\":1168,\"height\":912},{\"@type\":\"BreadcrumbList\",\"@id\":\"https:\/\/www.noticiasradioreflejos.com.ar\/2021\/tito-musso-y-carmen-soverchia-haber-transitado-20-anos-la-unidad-basica-no-les-otorga-el-titulo-de-peronistas-autenticos\/#breadcrumb\",\"itemListElement\":[{\"@type\":\"ListItem\",\"position\":1,\"name\":\"Portada\",\"item\":\"https:\/\/www.noticiasradioreflejos.com.ar\/2021\/\"},{\"@type\":\"ListItem\",\"position\":2,\"name\":\"Tito Musso y Carmen Soverchia: \u00abHaber transitado 20 a\u00f1os la Unidad B\u00e1sica no les otorga el t\u00edtulo de peronistas aut\u00e9nticos\u00bb\"}]},{\"@type\":\"WebSite\",\"@id\":\"https:\/\/www.noticiasradioreflejos.com.ar\/2021\/#website\",\"url\":\"https:\/\/www.noticiasradioreflejos.com.ar\/2021\/\",\"name\":\"Noticias Radio Reflejos\",\"description\":\"Las noticias de mi comarca\",\"potentialAction\":[{\"@type\":\"SearchAction\",\"target\":{\"@type\":\"EntryPoint\",\"urlTemplate\":\"https:\/\/www.noticiasradioreflejos.com.ar\/2021\/?s={search_term_string}\"},\"query-input\":{\"@type\":\"PropertyValueSpecification\",\"valueRequired\":true,\"valueName\":\"search_term_string\"}}],\"inLanguage\":\"es\"},{\"@type\":\"Person\",\"@id\":\"https:\/\/www.noticiasradioreflejos.com.ar\/2021\/#\/schema\/person\/ad82545263dcc5ec0996818884fd5fb1\",\"name\":\"Arnaldo Botto\",\"image\":{\"@type\":\"ImageObject\",\"inLanguage\":\"es\",\"@id\":\"https:\/\/www.noticiasradioreflejos.com.ar\/2021\/#\/schema\/person\/image\/\",\"url\":\"https:\/\/secure.gravatar.com\/avatar\/55cb5e37c1efa326397366e6974cb338056df65cb50e7d64d1cf314e87504837?s=96&d=mm&r=g\",\"contentUrl\":\"https:\/\/secure.gravatar.com\/avatar\/55cb5e37c1efa326397366e6974cb338056df65cb50e7d64d1cf314e87504837?s=96&d=mm&r=g\",\"caption\":\"Arnaldo Botto\"},\"url\":\"https:\/\/www.noticiasradioreflejos.com.ar\/2021\/author\/arnaldo\/\"}]}<\/script>\n<!-- \/ Yoast SEO plugin. -->","yoast_head_json":{"title":"Tito Musso y Carmen Soverchia: \"Haber transitado 20 a\u00f1os la Unidad B\u00e1sica no les otorga el t\u00edtulo de peronistas aut\u00e9nticos\" - Noticias Radio Reflejos","robots":{"index":"index","follow":"follow","max-snippet":"max-snippet:-1","max-image-preview":"max-image-preview:large","max-video-preview":"max-video-preview:-1"},"canonical":"https:\/\/www.noticiasradioreflejos.com.ar\/2021\/tito-musso-y-carmen-soverchia-haber-transitado-20-anos-la-unidad-basica-no-les-otorga-el-titulo-de-peronistas-autenticos\/","og_locale":"es_ES","og_type":"article","og_title":"Tito Musso y Carmen Soverchia: \"Haber transitado 20 a\u00f1os la Unidad B\u00e1sica no les otorga el t\u00edtulo de peronistas aut\u00e9nticos\" - Noticias Radio Reflejos","og_description":"En una entrevista cargada de definiciones pol\u00edticas en FM Reflejos, los candidatos de la Lista 4 respondieron a los cuestionamientos de la oposici\u00f3n interna de cara al pr\u00f3ximo domingo 15 de marzo. Alberto \u00abTito\u00bb Musso, candidato a presidente del PJ, y la concejal Carmen Soverchia, defendieron su pertenencia hist\u00f3rica al movimiento y propusieron un modelo [&hellip;]","og_url":"https:\/\/www.noticiasradioreflejos.com.ar\/2021\/tito-musso-y-carmen-soverchia-haber-transitado-20-anos-la-unidad-basica-no-les-otorga-el-titulo-de-peronistas-autenticos\/","og_site_name":"Noticias Radio Reflejos","article_published_time":"2026-03-10T20:42:09+00:00","article_modified_time":"2026-03-10T20:42:10+00:00","og_image":[{"width":1168,"height":912,"url":"https:\/\/www.noticiasradioreflejos.com.ar\/2021\/wp-content\/uploads\/2026\/03\/Carmen-y-Tito.jpeg","type":"image\/jpeg"}],"author":"Arnaldo Botto","twitter_card":"summary_large_image","schema":{"@context":"https:\/\/schema.org","@graph":[{"@type":"WebPage","@id":"https:\/\/www.noticiasradioreflejos.com.ar\/2021\/tito-musso-y-carmen-soverchia-haber-transitado-20-anos-la-unidad-basica-no-les-otorga-el-titulo-de-peronistas-autenticos\/","url":"https:\/\/www.noticiasradioreflejos.com.ar\/2021\/tito-musso-y-carmen-soverchia-haber-transitado-20-anos-la-unidad-basica-no-les-otorga-el-titulo-de-peronistas-autenticos\/","name":"Tito Musso y Carmen Soverchia: \"Haber transitado 20 a\u00f1os la Unidad B\u00e1sica no les otorga el t\u00edtulo de peronistas aut\u00e9nticos\" - Noticias Radio Reflejos","isPartOf":{"@id":"https:\/\/www.noticiasradioreflejos.com.ar\/2021\/#website"},"primaryImageOfPage":{"@id":"https:\/\/www.noticiasradioreflejos.com.ar\/2021\/tito-musso-y-carmen-soverchia-haber-transitado-20-anos-la-unidad-basica-no-les-otorga-el-titulo-de-peronistas-autenticos\/#primaryimage"},"image":{"@id":"https:\/\/www.noticiasradioreflejos.com.ar\/2021\/tito-musso-y-carmen-soverchia-haber-transitado-20-anos-la-unidad-basica-no-les-otorga-el-titulo-de-peronistas-autenticos\/#primaryimage"},"thumbnailUrl":"https:\/\/www.noticiasradioreflejos.com.ar\/2021\/wp-content\/uploads\/2026\/03\/Carmen-y-Tito.jpeg","datePublished":"2026-03-10T20:42:09+00:00","dateModified":"2026-03-10T20:42:10+00:00","author":{"@id":"https:\/\/www.noticiasradioreflejos.com.ar\/2021\/#\/schema\/person\/ad82545263dcc5ec0996818884fd5fb1"},"breadcrumb":{"@id":"https:\/\/www.noticiasradioreflejos.com.ar\/2021\/tito-musso-y-carmen-soverchia-haber-transitado-20-anos-la-unidad-basica-no-les-otorga-el-titulo-de-peronistas-autenticos\/#breadcrumb"},"inLanguage":"es","potentialAction":[{"@type":"ReadAction","target":["https:\/\/www.noticiasradioreflejos.com.ar\/2021\/tito-musso-y-carmen-soverchia-haber-transitado-20-anos-la-unidad-basica-no-les-otorga-el-titulo-de-peronistas-autenticos\/"]}]},{"@type":"ImageObject","inLanguage":"es","@id":"https:\/\/www.noticiasradioreflejos.com.ar\/2021\/tito-musso-y-carmen-soverchia-haber-transitado-20-anos-la-unidad-basica-no-les-otorga-el-titulo-de-peronistas-autenticos\/#primaryimage","url":"https:\/\/www.noticiasradioreflejos.com.ar\/2021\/wp-content\/uploads\/2026\/03\/Carmen-y-Tito.jpeg","contentUrl":"https:\/\/www.noticiasradioreflejos.com.ar\/2021\/wp-content\/uploads\/2026\/03\/Carmen-y-Tito.jpeg","width":1168,"height":912},{"@type":"BreadcrumbList","@id":"https:\/\/www.noticiasradioreflejos.com.ar\/2021\/tito-musso-y-carmen-soverchia-haber-transitado-20-anos-la-unidad-basica-no-les-otorga-el-titulo-de-peronistas-autenticos\/#breadcrumb","itemListElement":[{"@type":"ListItem","position":1,"name":"Portada","item":"https:\/\/www.noticiasradioreflejos.com.ar\/2021\/"},{"@type":"ListItem","position":2,"name":"Tito Musso y Carmen Soverchia: \u00abHaber transitado 20 a\u00f1os la Unidad B\u00e1sica no les otorga el t\u00edtulo de peronistas aut\u00e9nticos\u00bb"}]},{"@type":"WebSite","@id":"https:\/\/www.noticiasradioreflejos.com.ar\/2021\/#website","url":"https:\/\/www.noticiasradioreflejos.com.ar\/2021\/","name":"Noticias Radio Reflejos","description":"Las noticias de mi comarca","potentialAction":[{"@type":"SearchAction","target":{"@type":"EntryPoint","urlTemplate":"https:\/\/www.noticiasradioreflejos.com.ar\/2021\/?s={search_term_string}"},"query-input":{"@type":"PropertyValueSpecification","valueRequired":true,"valueName":"search_term_string"}}],"inLanguage":"es"},{"@type":"Person","@id":"https:\/\/www.noticiasradioreflejos.com.ar\/2021\/#\/schema\/person\/ad82545263dcc5ec0996818884fd5fb1","name":"Arnaldo Botto","image":{"@type":"ImageObject","inLanguage":"es","@id":"https:\/\/www.noticiasradioreflejos.com.ar\/2021\/#\/schema\/person\/image\/","url":"https:\/\/secure.gravatar.com\/avatar\/55cb5e37c1efa326397366e6974cb338056df65cb50e7d64d1cf314e87504837?s=96&d=mm&r=g","contentUrl":"https:\/\/secure.gravatar.com\/avatar\/55cb5e37c1efa326397366e6974cb338056df65cb50e7d64d1cf314e87504837?s=96&d=mm&r=g","caption":"Arnaldo Botto"},"url":"https:\/\/www.noticiasradioreflejos.com.ar\/2021\/author\/arnaldo\/"}]}},"_links":{"self":[{"href":"https:\/\/www.noticiasradioreflejos.com.ar\/2021\/wp-json\/wp\/v2\/posts\/133838","targetHints":{"allow":["GET"]}}],"collection":[{"href":"https:\/\/www.noticiasradioreflejos.com.ar\/2021\/wp-json\/wp\/v2\/posts"}],"about":[{"href":"https:\/\/www.noticiasradioreflejos.com.ar\/2021\/wp-json\/wp\/v2\/types\/post"}],"author":[{"embeddable":true,"href":"https:\/\/www.noticiasradioreflejos.com.ar\/2021\/wp-json\/wp\/v2\/users\/3"}],"replies":[{"embeddable":true,"href":"https:\/\/www.noticiasradioreflejos.com.ar\/2021\/wp-json\/wp\/v2\/comments?post=133838"}],"version-history":[{"count":3,"href":"https:\/\/www.noticiasradioreflejos.com.ar\/2021\/wp-json\/wp\/v2\/posts\/133838\/revisions"}],"predecessor-version":[{"id":133880,"href":"https:\/\/www.noticiasradioreflejos.com.ar\/2021\/wp-json\/wp\/v2\/posts\/133838\/revisions\/133880"}],"wp:featuredmedia":[{"embeddable":true,"href":"https:\/\/www.noticiasradioreflejos.com.ar\/2021\/wp-json\/wp\/v2\/media\/133878"}],"wp:attachment":[{"href":"https:\/\/www.noticiasradioreflejos.com.ar\/2021\/wp-json\/wp\/v2\/media?parent=133838"}],"wp:term":[{"taxonomy":"category","embeddable":true,"href":"https:\/\/www.noticiasradioreflejos.com.ar\/2021\/wp-json\/wp\/v2\/categories?post=133838"},{"taxonomy":"post_tag","embeddable":true,"href":"https:\/\/www.noticiasradioreflejos.com.ar\/2021\/wp-json\/wp\/v2\/tags?post=133838"}],"curies":[{"name":"wp","href":"https:\/\/api.w.org\/{rel}","templated":true}]}}