{"id":133832,"date":"2026-03-10T11:03:43","date_gmt":"2026-03-10T14:03:43","guid":{"rendered":"https:\/\/www.noticiasradioreflejos.com.ar\/2021\/?p=133832"},"modified":"2026-03-10T11:03:43","modified_gmt":"2026-03-10T14:03:43","slug":"ciclo-lectivo-2026-el-isfdyt-n-162-confirmo-las-fechas-de-inicio-para-todas-sus-carreras","status":"publish","type":"post","link":"https:\/\/www.noticiasradioreflejos.com.ar\/2021\/ciclo-lectivo-2026-el-isfdyt-n-162-confirmo-las-fechas-de-inicio-para-todas-sus-carreras\/","title":{"rendered":"Ciclo Lectivo 2026: El ISFDyT N\u00b0 162 confirm\u00f3 las fechas de inicio para todas sus carreras"},"content":{"rendered":"<p>El instituto educativo de nuestro distrito se prepara para recibir a sus alumnos en una cursada que se dividir\u00e1 en dos etapas. El lunes 16 de marzo comenzar\u00e1n las clases para Enfermer\u00eda y Educaci\u00f3n Primaria, mientras que el resto de la oferta acad\u00e9mica iniciar\u00e1 el mi\u00e9rcoles 25. Se espera un importante marco de estudiantes tanto en la sede de Tornquist como en el anexo de Sierra de la Ventana.<!--more--><\/p>\n<p data-path-to-node=\"3\">\u00a0El <b data-path-to-node=\"3\" data-index-in-node=\"15\">Instituto Superior de Formaci\u00f3n Docente y T\u00e9cnica N\u00b0 162<\/b> dio a conocer el cronograma oficial para el comienzo de las actividades acad\u00e9micas correspondientes al a\u00f1o 2026. Seg\u00fan informaron las autoridades, el inicio de clases estar\u00e1 desdoblado de acuerdo a las carreras y a\u00f1os de cursada.<\/p>\n<h3 data-path-to-node=\"4\"><b data-path-to-node=\"4\" data-index-in-node=\"0\">Cronograma de inicio:<\/b><\/h3>\n<p data-path-to-node=\"5\"><b data-path-to-node=\"5\" data-index-in-node=\"0\">Lunes 16 de marzo (18:00 hs):<\/b> En esta primera jornada, retornar\u00e1n a las aulas los estudiantes de las siguientes carreras:<\/p>\n<ul data-path-to-node=\"6\">\n<li>\n<p data-path-to-node=\"6,0,0\"><b data-path-to-node=\"6,0,0\" data-index-in-node=\"0\">Tecnicatura Superior en Enfermer\u00eda:<\/b> 1\u00b0, 2\u00b0 y 3\u00b0 a\u00f1o.<\/p>\n<\/li>\n<li>\n<p data-path-to-node=\"6,1,0\"><b data-path-to-node=\"6,1,0\" data-index-in-node=\"0\">Profesorado de Educaci\u00f3n Primaria:<\/b><\/p>\n<ul data-path-to-node=\"6,1,1\">\n<li>\n<p data-path-to-node=\"6,1,1,0,0\">1\u00b0 y 2\u00b0 a\u00f1o (<b data-path-to-node=\"6,1,1,0,0\" data-index-in-node=\"13\">Sede Tornquist<\/b>).<\/p>\n<\/li>\n<li>\n<p data-path-to-node=\"6,1,1,1,0\">3\u00b0 a\u00f1o (<b data-path-to-node=\"6,1,1,1,0\" data-index-in-node=\"8\">Anexo Sierra de la Ventana<\/b>).<\/p>\n<\/li>\n<\/ul>\n<\/li>\n<\/ul>\n<p data-path-to-node=\"7\"><b data-path-to-node=\"7\" data-index-in-node=\"0\">Mi\u00e9rcoles 25 de marzo:<\/b> Ser\u00e1 el turno de quienes inician o contin\u00faan sus estudios en las nuevas ofertas y especialidades:<\/p>\n<ul data-path-to-node=\"8\">\n<li>\n<p data-path-to-node=\"8,0,0\"><b data-path-to-node=\"8,0,0\" data-index-in-node=\"0\">Profesorado de Ingl\u00e9s.<\/b><\/p>\n<\/li>\n<li>\n<p data-path-to-node=\"8,1,0\"><b data-path-to-node=\"8,1,0\" data-index-in-node=\"0\">Tecnicatura Superior en Acompa\u00f1amiento Terap\u00e9utico.<\/b><\/p>\n<\/li>\n<\/ul>\n<p data-path-to-node=\"9\">Desde la direcci\u00f3n de la instituci\u00f3n expresaron su entusiasmo por el comienzo de un nuevo a\u00f1o de formaci\u00f3n profesional y docente, invitando a todos los inscriptos a presentarse en sus respectivas sedes para dar inicio formal a las actividades.<\/p>\n","protected":false},"excerpt":{"rendered":"<p>El instituto educativo de nuestro distrito se prepara para recibir a sus alumnos en una cursada que se dividir\u00e1 en dos etapas. El lunes 16 de marzo comenzar\u00e1n las clases para Enfermer\u00eda y Educaci\u00f3n Primaria, mientras que el resto de la oferta acad\u00e9mica iniciar\u00e1 el mi\u00e9rcoles 25. Se espera un importante marco de estudiantes tanto [&hellip;]<\/p>\n","protected":false},"author":3,"featured_media":133834,"comment_status":"closed","ping_status":"closed","sticky":false,"template":"","format":"standard","meta":{"footnotes":""},"categories":[34],"tags":[],"class_list":["post-133832","post","type-post","status-publish","format-standard","has-post-thumbnail","hentry","category-educacion"],"yoast_head":"<!-- This site is optimized with the Yoast SEO plugin v25.9 - https:\/\/yoast.com\/wordpress\/plugins\/seo\/ -->\n<title>Ciclo Lectivo 2026: El ISFDyT N\u00b0 162 confirm\u00f3 las fechas de inicio para todas sus carreras - Noticias Radio Reflejos<\/title>\n<meta name=\"robots\" content=\"index, follow, max-snippet:-1, max-image-preview:large, max-video-preview:-1\" \/>\n<link rel=\"canonical\" href=\"https:\/\/www.noticiasradioreflejos.com.ar\/2021\/ciclo-lectivo-2026-el-isfdyt-n-162-confirmo-las-fechas-de-inicio-para-todas-sus-carreras\/\" \/>\n<meta property=\"og:locale\" content=\"es_ES\" \/>\n<meta property=\"og:type\" content=\"article\" \/>\n<meta property=\"og:title\" content=\"Ciclo Lectivo 2026: El ISFDyT N\u00b0 162 confirm\u00f3 las fechas de inicio para todas sus carreras - Noticias Radio Reflejos\" \/>\n<meta property=\"og:description\" content=\"El instituto educativo de nuestro distrito se prepara para recibir a sus alumnos en una cursada que se dividir\u00e1 en dos etapas. El lunes 16 de marzo comenzar\u00e1n las clases para Enfermer\u00eda y Educaci\u00f3n Primaria, mientras que el resto de la oferta acad\u00e9mica iniciar\u00e1 el mi\u00e9rcoles 25. Se espera un importante marco de estudiantes tanto [&hellip;]\" \/>\n<meta property=\"og:url\" content=\"https:\/\/www.noticiasradioreflejos.com.ar\/2021\/ciclo-lectivo-2026-el-isfdyt-n-162-confirmo-las-fechas-de-inicio-para-todas-sus-carreras\/\" \/>\n<meta property=\"og:site_name\" content=\"Noticias Radio Reflejos\" \/>\n<meta property=\"article:published_time\" content=\"2026-03-10T14:03:43+00:00\" \/>\n<meta property=\"og:image\" content=\"https:\/\/www.noticiasradioreflejos.com.ar\/2021\/wp-content\/uploads\/2026\/03\/isfd-162.jpg\" \/>\n\t<meta property=\"og:image:width\" content=\"483\" \/>\n\t<meta property=\"og:image:height\" content=\"351\" \/>\n\t<meta property=\"og:image:type\" content=\"image\/jpeg\" \/>\n<meta name=\"author\" content=\"Arnaldo Botto\" \/>\n<meta name=\"twitter:card\" content=\"summary_large_image\" \/>\n<script type=\"application\/ld+json\" class=\"yoast-schema-graph\">{\"@context\":\"https:\/\/schema.org\",\"@graph\":[{\"@type\":\"WebPage\",\"@id\":\"https:\/\/www.noticiasradioreflejos.com.ar\/2021\/ciclo-lectivo-2026-el-isfdyt-n-162-confirmo-las-fechas-de-inicio-para-todas-sus-carreras\/\",\"url\":\"https:\/\/www.noticiasradioreflejos.com.ar\/2021\/ciclo-lectivo-2026-el-isfdyt-n-162-confirmo-las-fechas-de-inicio-para-todas-sus-carreras\/\",\"name\":\"Ciclo Lectivo 2026: El ISFDyT N\u00b0 162 confirm\u00f3 las fechas de inicio para todas sus carreras - Noticias Radio Reflejos\",\"isPartOf\":{\"@id\":\"https:\/\/www.noticiasradioreflejos.com.ar\/2021\/#website\"},\"primaryImageOfPage\":{\"@id\":\"https:\/\/www.noticiasradioreflejos.com.ar\/2021\/ciclo-lectivo-2026-el-isfdyt-n-162-confirmo-las-fechas-de-inicio-para-todas-sus-carreras\/#primaryimage\"},\"image\":{\"@id\":\"https:\/\/www.noticiasradioreflejos.com.ar\/2021\/ciclo-lectivo-2026-el-isfdyt-n-162-confirmo-las-fechas-de-inicio-para-todas-sus-carreras\/#primaryimage\"},\"thumbnailUrl\":\"https:\/\/www.noticiasradioreflejos.com.ar\/2021\/wp-content\/uploads\/2026\/03\/isfd-162.jpg\",\"datePublished\":\"2026-03-10T14:03:43+00:00\",\"author\":{\"@id\":\"https:\/\/www.noticiasradioreflejos.com.ar\/2021\/#\/schema\/person\/ad82545263dcc5ec0996818884fd5fb1\"},\"breadcrumb\":{\"@id\":\"https:\/\/www.noticiasradioreflejos.com.ar\/2021\/ciclo-lectivo-2026-el-isfdyt-n-162-confirmo-las-fechas-de-inicio-para-todas-sus-carreras\/#breadcrumb\"},\"inLanguage\":\"es\",\"potentialAction\":[{\"@type\":\"ReadAction\",\"target\":[\"https:\/\/www.noticiasradioreflejos.com.ar\/2021\/ciclo-lectivo-2026-el-isfdyt-n-162-confirmo-las-fechas-de-inicio-para-todas-sus-carreras\/\"]}]},{\"@type\":\"ImageObject\",\"inLanguage\":\"es\",\"@id\":\"https:\/\/www.noticiasradioreflejos.com.ar\/2021\/ciclo-lectivo-2026-el-isfdyt-n-162-confirmo-las-fechas-de-inicio-para-todas-sus-carreras\/#primaryimage\",\"url\":\"https:\/\/www.noticiasradioreflejos.com.ar\/2021\/wp-content\/uploads\/2026\/03\/isfd-162.jpg\",\"contentUrl\":\"https:\/\/www.noticiasradioreflejos.com.ar\/2021\/wp-content\/uploads\/2026\/03\/isfd-162.jpg\",\"width\":483,\"height\":351},{\"@type\":\"BreadcrumbList\",\"@id\":\"https:\/\/www.noticiasradioreflejos.com.ar\/2021\/ciclo-lectivo-2026-el-isfdyt-n-162-confirmo-las-fechas-de-inicio-para-todas-sus-carreras\/#breadcrumb\",\"itemListElement\":[{\"@type\":\"ListItem\",\"position\":1,\"name\":\"Portada\",\"item\":\"https:\/\/www.noticiasradioreflejos.com.ar\/2021\/\"},{\"@type\":\"ListItem\",\"position\":2,\"name\":\"Ciclo Lectivo 2026: El ISFDyT N\u00b0 162 confirm\u00f3 las fechas de inicio para todas sus carreras\"}]},{\"@type\":\"WebSite\",\"@id\":\"https:\/\/www.noticiasradioreflejos.com.ar\/2021\/#website\",\"url\":\"https:\/\/www.noticiasradioreflejos.com.ar\/2021\/\",\"name\":\"Noticias Radio Reflejos\",\"description\":\"Las noticias de mi comarca\",\"potentialAction\":[{\"@type\":\"SearchAction\",\"target\":{\"@type\":\"EntryPoint\",\"urlTemplate\":\"https:\/\/www.noticiasradioreflejos.com.ar\/2021\/?s={search_term_string}\"},\"query-input\":{\"@type\":\"PropertyValueSpecification\",\"valueRequired\":true,\"valueName\":\"search_term_string\"}}],\"inLanguage\":\"es\"},{\"@type\":\"Person\",\"@id\":\"https:\/\/www.noticiasradioreflejos.com.ar\/2021\/#\/schema\/person\/ad82545263dcc5ec0996818884fd5fb1\",\"name\":\"Arnaldo Botto\",\"image\":{\"@type\":\"ImageObject\",\"inLanguage\":\"es\",\"@id\":\"https:\/\/www.noticiasradioreflejos.com.ar\/2021\/#\/schema\/person\/image\/\",\"url\":\"https:\/\/secure.gravatar.com\/avatar\/55cb5e37c1efa326397366e6974cb338056df65cb50e7d64d1cf314e87504837?s=96&d=mm&r=g\",\"contentUrl\":\"https:\/\/secure.gravatar.com\/avatar\/55cb5e37c1efa326397366e6974cb338056df65cb50e7d64d1cf314e87504837?s=96&d=mm&r=g\",\"caption\":\"Arnaldo Botto\"},\"url\":\"https:\/\/www.noticiasradioreflejos.com.ar\/2021\/author\/arnaldo\/\"}]}<\/script>\n<!-- \/ Yoast SEO plugin. -->","yoast_head_json":{"title":"Ciclo Lectivo 2026: El ISFDyT N\u00b0 162 confirm\u00f3 las fechas de inicio para todas sus carreras - Noticias Radio Reflejos","robots":{"index":"index","follow":"follow","max-snippet":"max-snippet:-1","max-image-preview":"max-image-preview:large","max-video-preview":"max-video-preview:-1"},"canonical":"https:\/\/www.noticiasradioreflejos.com.ar\/2021\/ciclo-lectivo-2026-el-isfdyt-n-162-confirmo-las-fechas-de-inicio-para-todas-sus-carreras\/","og_locale":"es_ES","og_type":"article","og_title":"Ciclo Lectivo 2026: El ISFDyT N\u00b0 162 confirm\u00f3 las fechas de inicio para todas sus carreras - Noticias Radio Reflejos","og_description":"El instituto educativo de nuestro distrito se prepara para recibir a sus alumnos en una cursada que se dividir\u00e1 en dos etapas. El lunes 16 de marzo comenzar\u00e1n las clases para Enfermer\u00eda y Educaci\u00f3n Primaria, mientras que el resto de la oferta acad\u00e9mica iniciar\u00e1 el mi\u00e9rcoles 25. Se espera un importante marco de estudiantes tanto [&hellip;]","og_url":"https:\/\/www.noticiasradioreflejos.com.ar\/2021\/ciclo-lectivo-2026-el-isfdyt-n-162-confirmo-las-fechas-de-inicio-para-todas-sus-carreras\/","og_site_name":"Noticias Radio Reflejos","article_published_time":"2026-03-10T14:03:43+00:00","og_image":[{"width":483,"height":351,"url":"https:\/\/www.noticiasradioreflejos.com.ar\/2021\/wp-content\/uploads\/2026\/03\/isfd-162.jpg","type":"image\/jpeg"}],"author":"Arnaldo Botto","twitter_card":"summary_large_image","schema":{"@context":"https:\/\/schema.org","@graph":[{"@type":"WebPage","@id":"https:\/\/www.noticiasradioreflejos.com.ar\/2021\/ciclo-lectivo-2026-el-isfdyt-n-162-confirmo-las-fechas-de-inicio-para-todas-sus-carreras\/","url":"https:\/\/www.noticiasradioreflejos.com.ar\/2021\/ciclo-lectivo-2026-el-isfdyt-n-162-confirmo-las-fechas-de-inicio-para-todas-sus-carreras\/","name":"Ciclo Lectivo 2026: El ISFDyT N\u00b0 162 confirm\u00f3 las fechas de inicio para todas sus carreras - Noticias Radio Reflejos","isPartOf":{"@id":"https:\/\/www.noticiasradioreflejos.com.ar\/2021\/#website"},"primaryImageOfPage":{"@id":"https:\/\/www.noticiasradioreflejos.com.ar\/2021\/ciclo-lectivo-2026-el-isfdyt-n-162-confirmo-las-fechas-de-inicio-para-todas-sus-carreras\/#primaryimage"},"image":{"@id":"https:\/\/www.noticiasradioreflejos.com.ar\/2021\/ciclo-lectivo-2026-el-isfdyt-n-162-confirmo-las-fechas-de-inicio-para-todas-sus-carreras\/#primaryimage"},"thumbnailUrl":"https:\/\/www.noticiasradioreflejos.com.ar\/2021\/wp-content\/uploads\/2026\/03\/isfd-162.jpg","datePublished":"2026-03-10T14:03:43+00:00","author":{"@id":"https:\/\/www.noticiasradioreflejos.com.ar\/2021\/#\/schema\/person\/ad82545263dcc5ec0996818884fd5fb1"},"breadcrumb":{"@id":"https:\/\/www.noticiasradioreflejos.com.ar\/2021\/ciclo-lectivo-2026-el-isfdyt-n-162-confirmo-las-fechas-de-inicio-para-todas-sus-carreras\/#breadcrumb"},"inLanguage":"es","potentialAction":[{"@type":"ReadAction","target":["https:\/\/www.noticiasradioreflejos.com.ar\/2021\/ciclo-lectivo-2026-el-isfdyt-n-162-confirmo-las-fechas-de-inicio-para-todas-sus-carreras\/"]}]},{"@type":"ImageObject","inLanguage":"es","@id":"https:\/\/www.noticiasradioreflejos.com.ar\/2021\/ciclo-lectivo-2026-el-isfdyt-n-162-confirmo-las-fechas-de-inicio-para-todas-sus-carreras\/#primaryimage","url":"https:\/\/www.noticiasradioreflejos.com.ar\/2021\/wp-content\/uploads\/2026\/03\/isfd-162.jpg","contentUrl":"https:\/\/www.noticiasradioreflejos.com.ar\/2021\/wp-content\/uploads\/2026\/03\/isfd-162.jpg","width":483,"height":351},{"@type":"BreadcrumbList","@id":"https:\/\/www.noticiasradioreflejos.com.ar\/2021\/ciclo-lectivo-2026-el-isfdyt-n-162-confirmo-las-fechas-de-inicio-para-todas-sus-carreras\/#breadcrumb","itemListElement":[{"@type":"ListItem","position":1,"name":"Portada","item":"https:\/\/www.noticiasradioreflejos.com.ar\/2021\/"},{"@type":"ListItem","position":2,"name":"Ciclo Lectivo 2026: El ISFDyT N\u00b0 162 confirm\u00f3 las fechas de inicio para todas sus carreras"}]},{"@type":"WebSite","@id":"https:\/\/www.noticiasradioreflejos.com.ar\/2021\/#website","url":"https:\/\/www.noticiasradioreflejos.com.ar\/2021\/","name":"Noticias Radio Reflejos","description":"Las noticias de mi comarca","potentialAction":[{"@type":"SearchAction","target":{"@type":"EntryPoint","urlTemplate":"https:\/\/www.noticiasradioreflejos.com.ar\/2021\/?s={search_term_string}"},"query-input":{"@type":"PropertyValueSpecification","valueRequired":true,"valueName":"search_term_string"}}],"inLanguage":"es"},{"@type":"Person","@id":"https:\/\/www.noticiasradioreflejos.com.ar\/2021\/#\/schema\/person\/ad82545263dcc5ec0996818884fd5fb1","name":"Arnaldo Botto","image":{"@type":"ImageObject","inLanguage":"es","@id":"https:\/\/www.noticiasradioreflejos.com.ar\/2021\/#\/schema\/person\/image\/","url":"https:\/\/secure.gravatar.com\/avatar\/55cb5e37c1efa326397366e6974cb338056df65cb50e7d64d1cf314e87504837?s=96&d=mm&r=g","contentUrl":"https:\/\/secure.gravatar.com\/avatar\/55cb5e37c1efa326397366e6974cb338056df65cb50e7d64d1cf314e87504837?s=96&d=mm&r=g","caption":"Arnaldo Botto"},"url":"https:\/\/www.noticiasradioreflejos.com.ar\/2021\/author\/arnaldo\/"}]}},"_links":{"self":[{"href":"https:\/\/www.noticiasradioreflejos.com.ar\/2021\/wp-json\/wp\/v2\/posts\/133832","targetHints":{"allow":["GET"]}}],"collection":[{"href":"https:\/\/www.noticiasradioreflejos.com.ar\/2021\/wp-json\/wp\/v2\/posts"}],"about":[{"href":"https:\/\/www.noticiasradioreflejos.com.ar\/2021\/wp-json\/wp\/v2\/types\/post"}],"author":[{"embeddable":true,"href":"https:\/\/www.noticiasradioreflejos.com.ar\/2021\/wp-json\/wp\/v2\/users\/3"}],"replies":[{"embeddable":true,"href":"https:\/\/www.noticiasradioreflejos.com.ar\/2021\/wp-json\/wp\/v2\/comments?post=133832"}],"version-history":[{"count":1,"href":"https:\/\/www.noticiasradioreflejos.com.ar\/2021\/wp-json\/wp\/v2\/posts\/133832\/revisions"}],"predecessor-version":[{"id":133835,"href":"https:\/\/www.noticiasradioreflejos.com.ar\/2021\/wp-json\/wp\/v2\/posts\/133832\/revisions\/133835"}],"wp:featuredmedia":[{"embeddable":true,"href":"https:\/\/www.noticiasradioreflejos.com.ar\/2021\/wp-json\/wp\/v2\/media\/133834"}],"wp:attachment":[{"href":"https:\/\/www.noticiasradioreflejos.com.ar\/2021\/wp-json\/wp\/v2\/media?parent=133832"}],"wp:term":[{"taxonomy":"category","embeddable":true,"href":"https:\/\/www.noticiasradioreflejos.com.ar\/2021\/wp-json\/wp\/v2\/categories?post=133832"},{"taxonomy":"post_tag","embeddable":true,"href":"https:\/\/www.noticiasradioreflejos.com.ar\/2021\/wp-json\/wp\/v2\/tags?post=133832"}],"curies":[{"name":"wp","href":"https:\/\/api.w.org\/{rel}","templated":true}]}}