{"id":133829,"date":"2026-03-10T10:53:28","date_gmt":"2026-03-10T13:53:28","guid":{"rendered":"https:\/\/www.noticiasradioreflejos.com.ar\/2021\/?p=133829"},"modified":"2026-03-10T10:53:28","modified_gmt":"2026-03-10T13:53:28","slug":"marzo-llega-con-un-fin-de-semana-xl-de-cuatro-dias-quienes-descansan-y-como-se-paga","status":"publish","type":"post","link":"https:\/\/www.noticiasradioreflejos.com.ar\/2021\/marzo-llega-con-un-fin-de-semana-xl-de-cuatro-dias-quienes-descansan-y-como-se-paga\/","title":{"rendered":"Marzo llega con un fin de semana XL de cuatro d\u00edas: \u00bfQui\u00e9nes descansan y c\u00f3mo se paga?"},"content":{"rendered":"<p>El cronograma nacional establece un descanso extendido desde el s\u00e1bado 21 hasta el martes 24 de marzo. Sin embargo, existe una diferencia clave entre los d\u00edas: mientras que el martes es feriado inamovible, el lunes fue declarado \u00abd\u00eda no laborable\u00bb, dejando en manos de los empleadores la decisi\u00f3n de otorgar o no el beneficio.<!--more--><\/p>\n<p data-path-to-node=\"4\">\u00a0A pocos d\u00edas de finalizar el primer tramo del a\u00f1o, los argentinos ya ponen la vista en el pr\u00f3ximo fin de semana extra largo. Seg\u00fan el calendario oficial, el descanso se extender\u00e1 por cuatro jornadas: <b data-path-to-node=\"4\" data-index-in-node=\"215\">s\u00e1bado 21, domingo 22, lunes 23 y martes 24 de marzo<\/b>.<\/p>\n<p data-path-to-node=\"5\">Pese a la expectativa, es fundamental distinguir la naturaleza legal de los \u00faltimos dos d\u00edas para evitar confusiones en el \u00e1mbito laboral y salarial.<\/p>\n<h3 data-path-to-node=\"6\"><b data-path-to-node=\"6\" data-index-in-node=\"0\">Lunes 23: D\u00eda no laborable con fines tur\u00edsticos<\/b><\/h3>\n<p data-path-to-node=\"7\">Para esta jornada, el Gobierno Nacional estableci\u00f3 la figura de <b data-path-to-node=\"7\" data-index-in-node=\"64\">\u00abd\u00eda no laborable\u00bb<\/b>. Esto implica que:<\/p>\n<ul data-path-to-node=\"8\">\n<li>\n<p data-path-to-node=\"8,0,0\"><b data-path-to-node=\"8,0,0\" data-index-in-node=\"0\">Decisi\u00f3n del empleador:<\/b> El trabajo es optativo para el sector privado. El empleador decide si se trabaja o no.<\/p>\n<\/li>\n<li>\n<p data-path-to-node=\"8,1,0\"><b data-path-to-node=\"8,1,0\" data-index-in-node=\"0\">Remuneraci\u00f3n:<\/b> En caso de trabajar, los empleados <b data-path-to-node=\"8,1,0\" data-index-in-node=\"49\">no perciben un pago doble<\/b>; se cobra como una jornada habitual.<\/p>\n<\/li>\n<li>\n<p data-path-to-node=\"8,2,0\"><b data-path-to-node=\"8,2,0\" data-index-in-node=\"0\">Servicios:<\/b> La administraci\u00f3n p\u00fablica y los bancos suelen no tener actividad, pero el comercio en general tiende a funcionar con normalidad.<\/p>\n<\/li>\n<\/ul>\n<h3 data-path-to-node=\"9\"><b data-path-to-node=\"9\" data-index-in-node=\"0\">Martes 24: Feriado Nacional Inamovible<\/b><\/h3>\n<p data-path-to-node=\"10\">A diferencia del lunes, el martes 24 de marzo se conmemora el <b data-path-to-node=\"10\" data-index-in-node=\"62\">D\u00eda Nacional de la Memoria por la Verdad y la Justicia<\/b>. Al ser un feriado nacional:<\/p>\n<ul data-path-to-node=\"11\">\n<li>\n<p data-path-to-node=\"11,0,0\"><b data-path-to-node=\"11,0,0\" data-index-in-node=\"0\">Obligatoriedad:<\/b> Rigen las normas de descanso dominical.<\/p>\n<\/li>\n<li>\n<p data-path-to-node=\"11,1,0\"><b data-path-to-node=\"11,1,0\" data-index-in-node=\"0\">Remuneraci\u00f3n:<\/b> En caso de que el empleador solicite prestar servicios, el trabajador <b data-path-to-node=\"11,1,0\" data-index-in-node=\"84\">debe percibir el pago doble<\/b> (un recargo del 100% sobre la jornada normal), tal como lo establece la Ley de Contrato de Trabajo.<\/p>\n<\/li>\n<\/ul>\n<p data-path-to-node=\"12\">Con este panorama, el sector tur\u00edstico de la Comarca se prepara para una alta afluencia de visitantes, mientras que los trabajadores locales deber\u00e1n confirmar con sus empresas el esquema de tareas para el inicio de esa semana.<\/p>\n","protected":false},"excerpt":{"rendered":"<p>El cronograma nacional establece un descanso extendido desde el s\u00e1bado 21 hasta el martes 24 de marzo. Sin embargo, existe una diferencia clave entre los d\u00edas: mientras que el martes es feriado inamovible, el lunes fue declarado \u00abd\u00eda no laborable\u00bb, dejando en manos de los empleadores la decisi\u00f3n de otorgar o no el beneficio.<\/p>\n","protected":false},"author":3,"featured_media":0,"comment_status":"closed","ping_status":"closed","sticky":false,"template":"","format":"standard","meta":{"footnotes":""},"categories":[26,33],"tags":[],"class_list":["post-133829","post","type-post","status-publish","format-standard","hentry","category-sociedad","category-turismo"],"yoast_head":"<!-- This site is optimized with the Yoast SEO plugin v25.9 - https:\/\/yoast.com\/wordpress\/plugins\/seo\/ -->\n<title>Marzo llega con un fin de semana XL de cuatro d\u00edas: \u00bfQui\u00e9nes descansan y c\u00f3mo se paga? - Noticias Radio Reflejos<\/title>\n<meta name=\"robots\" content=\"index, follow, max-snippet:-1, max-image-preview:large, max-video-preview:-1\" \/>\n<link rel=\"canonical\" href=\"https:\/\/www.noticiasradioreflejos.com.ar\/2021\/marzo-llega-con-un-fin-de-semana-xl-de-cuatro-dias-quienes-descansan-y-como-se-paga\/\" \/>\n<meta property=\"og:locale\" content=\"es_ES\" \/>\n<meta property=\"og:type\" content=\"article\" \/>\n<meta property=\"og:title\" content=\"Marzo llega con un fin de semana XL de cuatro d\u00edas: \u00bfQui\u00e9nes descansan y c\u00f3mo se paga? - Noticias Radio Reflejos\" \/>\n<meta property=\"og:description\" content=\"El cronograma nacional establece un descanso extendido desde el s\u00e1bado 21 hasta el martes 24 de marzo. Sin embargo, existe una diferencia clave entre los d\u00edas: mientras que el martes es feriado inamovible, el lunes fue declarado \u00abd\u00eda no laborable\u00bb, dejando en manos de los empleadores la decisi\u00f3n de otorgar o no el beneficio.\" \/>\n<meta property=\"og:url\" content=\"https:\/\/www.noticiasradioreflejos.com.ar\/2021\/marzo-llega-con-un-fin-de-semana-xl-de-cuatro-dias-quienes-descansan-y-como-se-paga\/\" \/>\n<meta property=\"og:site_name\" content=\"Noticias Radio Reflejos\" \/>\n<meta property=\"article:published_time\" content=\"2026-03-10T13:53:28+00:00\" \/>\n<meta property=\"og:image\" content=\"https:\/\/www.noticiasradioreflejos.com.ar\/2021\/wp-content\/uploads\/2026\/03\/720-5.webp\" \/>\n\t<meta property=\"og:image:width\" content=\"1280\" \/>\n\t<meta property=\"og:image:height\" content=\"720\" \/>\n\t<meta property=\"og:image:type\" content=\"image\/webp\" \/>\n<meta name=\"author\" content=\"Arnaldo Botto\" \/>\n<meta name=\"twitter:card\" content=\"summary_large_image\" \/>\n<script type=\"application\/ld+json\" class=\"yoast-schema-graph\">{\"@context\":\"https:\/\/schema.org\",\"@graph\":[{\"@type\":\"WebPage\",\"@id\":\"https:\/\/www.noticiasradioreflejos.com.ar\/2021\/marzo-llega-con-un-fin-de-semana-xl-de-cuatro-dias-quienes-descansan-y-como-se-paga\/\",\"url\":\"https:\/\/www.noticiasradioreflejos.com.ar\/2021\/marzo-llega-con-un-fin-de-semana-xl-de-cuatro-dias-quienes-descansan-y-como-se-paga\/\",\"name\":\"Marzo llega con un fin de semana XL de cuatro d\u00edas: \u00bfQui\u00e9nes descansan y c\u00f3mo se paga? - Noticias Radio Reflejos\",\"isPartOf\":{\"@id\":\"https:\/\/www.noticiasradioreflejos.com.ar\/2021\/#website\"},\"datePublished\":\"2026-03-10T13:53:28+00:00\",\"author\":{\"@id\":\"https:\/\/www.noticiasradioreflejos.com.ar\/2021\/#\/schema\/person\/ad82545263dcc5ec0996818884fd5fb1\"},\"breadcrumb\":{\"@id\":\"https:\/\/www.noticiasradioreflejos.com.ar\/2021\/marzo-llega-con-un-fin-de-semana-xl-de-cuatro-dias-quienes-descansan-y-como-se-paga\/#breadcrumb\"},\"inLanguage\":\"es\",\"potentialAction\":[{\"@type\":\"ReadAction\",\"target\":[\"https:\/\/www.noticiasradioreflejos.com.ar\/2021\/marzo-llega-con-un-fin-de-semana-xl-de-cuatro-dias-quienes-descansan-y-como-se-paga\/\"]}]},{\"@type\":\"BreadcrumbList\",\"@id\":\"https:\/\/www.noticiasradioreflejos.com.ar\/2021\/marzo-llega-con-un-fin-de-semana-xl-de-cuatro-dias-quienes-descansan-y-como-se-paga\/#breadcrumb\",\"itemListElement\":[{\"@type\":\"ListItem\",\"position\":1,\"name\":\"Portada\",\"item\":\"https:\/\/www.noticiasradioreflejos.com.ar\/2021\/\"},{\"@type\":\"ListItem\",\"position\":2,\"name\":\"Marzo llega con un fin de semana XL de cuatro d\u00edas: \u00bfQui\u00e9nes descansan y c\u00f3mo se paga?\"}]},{\"@type\":\"WebSite\",\"@id\":\"https:\/\/www.noticiasradioreflejos.com.ar\/2021\/#website\",\"url\":\"https:\/\/www.noticiasradioreflejos.com.ar\/2021\/\",\"name\":\"Noticias Radio Reflejos\",\"description\":\"Las noticias de mi comarca\",\"potentialAction\":[{\"@type\":\"SearchAction\",\"target\":{\"@type\":\"EntryPoint\",\"urlTemplate\":\"https:\/\/www.noticiasradioreflejos.com.ar\/2021\/?s={search_term_string}\"},\"query-input\":{\"@type\":\"PropertyValueSpecification\",\"valueRequired\":true,\"valueName\":\"search_term_string\"}}],\"inLanguage\":\"es\"},{\"@type\":\"Person\",\"@id\":\"https:\/\/www.noticiasradioreflejos.com.ar\/2021\/#\/schema\/person\/ad82545263dcc5ec0996818884fd5fb1\",\"name\":\"Arnaldo Botto\",\"image\":{\"@type\":\"ImageObject\",\"inLanguage\":\"es\",\"@id\":\"https:\/\/www.noticiasradioreflejos.com.ar\/2021\/#\/schema\/person\/image\/\",\"url\":\"https:\/\/secure.gravatar.com\/avatar\/55cb5e37c1efa326397366e6974cb338056df65cb50e7d64d1cf314e87504837?s=96&d=mm&r=g\",\"contentUrl\":\"https:\/\/secure.gravatar.com\/avatar\/55cb5e37c1efa326397366e6974cb338056df65cb50e7d64d1cf314e87504837?s=96&d=mm&r=g\",\"caption\":\"Arnaldo Botto\"},\"url\":\"https:\/\/www.noticiasradioreflejos.com.ar\/2021\/author\/arnaldo\/\"}]}<\/script>\n<!-- \/ Yoast SEO plugin. -->","yoast_head_json":{"title":"Marzo llega con un fin de semana XL de cuatro d\u00edas: \u00bfQui\u00e9nes descansan y c\u00f3mo se paga? - Noticias Radio Reflejos","robots":{"index":"index","follow":"follow","max-snippet":"max-snippet:-1","max-image-preview":"max-image-preview:large","max-video-preview":"max-video-preview:-1"},"canonical":"https:\/\/www.noticiasradioreflejos.com.ar\/2021\/marzo-llega-con-un-fin-de-semana-xl-de-cuatro-dias-quienes-descansan-y-como-se-paga\/","og_locale":"es_ES","og_type":"article","og_title":"Marzo llega con un fin de semana XL de cuatro d\u00edas: \u00bfQui\u00e9nes descansan y c\u00f3mo se paga? - Noticias Radio Reflejos","og_description":"El cronograma nacional establece un descanso extendido desde el s\u00e1bado 21 hasta el martes 24 de marzo. Sin embargo, existe una diferencia clave entre los d\u00edas: mientras que el martes es feriado inamovible, el lunes fue declarado \u00abd\u00eda no laborable\u00bb, dejando en manos de los empleadores la decisi\u00f3n de otorgar o no el beneficio.","og_url":"https:\/\/www.noticiasradioreflejos.com.ar\/2021\/marzo-llega-con-un-fin-de-semana-xl-de-cuatro-dias-quienes-descansan-y-como-se-paga\/","og_site_name":"Noticias Radio Reflejos","article_published_time":"2026-03-10T13:53:28+00:00","og_image":[{"width":1280,"height":720,"url":"https:\/\/www.noticiasradioreflejos.com.ar\/2021\/wp-content\/uploads\/2026\/03\/720-5.webp","type":"image\/webp"}],"author":"Arnaldo Botto","twitter_card":"summary_large_image","schema":{"@context":"https:\/\/schema.org","@graph":[{"@type":"WebPage","@id":"https:\/\/www.noticiasradioreflejos.com.ar\/2021\/marzo-llega-con-un-fin-de-semana-xl-de-cuatro-dias-quienes-descansan-y-como-se-paga\/","url":"https:\/\/www.noticiasradioreflejos.com.ar\/2021\/marzo-llega-con-un-fin-de-semana-xl-de-cuatro-dias-quienes-descansan-y-como-se-paga\/","name":"Marzo llega con un fin de semana XL de cuatro d\u00edas: \u00bfQui\u00e9nes descansan y c\u00f3mo se paga? - Noticias Radio Reflejos","isPartOf":{"@id":"https:\/\/www.noticiasradioreflejos.com.ar\/2021\/#website"},"datePublished":"2026-03-10T13:53:28+00:00","author":{"@id":"https:\/\/www.noticiasradioreflejos.com.ar\/2021\/#\/schema\/person\/ad82545263dcc5ec0996818884fd5fb1"},"breadcrumb":{"@id":"https:\/\/www.noticiasradioreflejos.com.ar\/2021\/marzo-llega-con-un-fin-de-semana-xl-de-cuatro-dias-quienes-descansan-y-como-se-paga\/#breadcrumb"},"inLanguage":"es","potentialAction":[{"@type":"ReadAction","target":["https:\/\/www.noticiasradioreflejos.com.ar\/2021\/marzo-llega-con-un-fin-de-semana-xl-de-cuatro-dias-quienes-descansan-y-como-se-paga\/"]}]},{"@type":"BreadcrumbList","@id":"https:\/\/www.noticiasradioreflejos.com.ar\/2021\/marzo-llega-con-un-fin-de-semana-xl-de-cuatro-dias-quienes-descansan-y-como-se-paga\/#breadcrumb","itemListElement":[{"@type":"ListItem","position":1,"name":"Portada","item":"https:\/\/www.noticiasradioreflejos.com.ar\/2021\/"},{"@type":"ListItem","position":2,"name":"Marzo llega con un fin de semana XL de cuatro d\u00edas: \u00bfQui\u00e9nes descansan y c\u00f3mo se paga?"}]},{"@type":"WebSite","@id":"https:\/\/www.noticiasradioreflejos.com.ar\/2021\/#website","url":"https:\/\/www.noticiasradioreflejos.com.ar\/2021\/","name":"Noticias Radio Reflejos","description":"Las noticias de mi comarca","potentialAction":[{"@type":"SearchAction","target":{"@type":"EntryPoint","urlTemplate":"https:\/\/www.noticiasradioreflejos.com.ar\/2021\/?s={search_term_string}"},"query-input":{"@type":"PropertyValueSpecification","valueRequired":true,"valueName":"search_term_string"}}],"inLanguage":"es"},{"@type":"Person","@id":"https:\/\/www.noticiasradioreflejos.com.ar\/2021\/#\/schema\/person\/ad82545263dcc5ec0996818884fd5fb1","name":"Arnaldo Botto","image":{"@type":"ImageObject","inLanguage":"es","@id":"https:\/\/www.noticiasradioreflejos.com.ar\/2021\/#\/schema\/person\/image\/","url":"https:\/\/secure.gravatar.com\/avatar\/55cb5e37c1efa326397366e6974cb338056df65cb50e7d64d1cf314e87504837?s=96&d=mm&r=g","contentUrl":"https:\/\/secure.gravatar.com\/avatar\/55cb5e37c1efa326397366e6974cb338056df65cb50e7d64d1cf314e87504837?s=96&d=mm&r=g","caption":"Arnaldo Botto"},"url":"https:\/\/www.noticiasradioreflejos.com.ar\/2021\/author\/arnaldo\/"}]}},"_links":{"self":[{"href":"https:\/\/www.noticiasradioreflejos.com.ar\/2021\/wp-json\/wp\/v2\/posts\/133829","targetHints":{"allow":["GET"]}}],"collection":[{"href":"https:\/\/www.noticiasradioreflejos.com.ar\/2021\/wp-json\/wp\/v2\/posts"}],"about":[{"href":"https:\/\/www.noticiasradioreflejos.com.ar\/2021\/wp-json\/wp\/v2\/types\/post"}],"author":[{"embeddable":true,"href":"https:\/\/www.noticiasradioreflejos.com.ar\/2021\/wp-json\/wp\/v2\/users\/3"}],"replies":[{"embeddable":true,"href":"https:\/\/www.noticiasradioreflejos.com.ar\/2021\/wp-json\/wp\/v2\/comments?post=133829"}],"version-history":[{"count":1,"href":"https:\/\/www.noticiasradioreflejos.com.ar\/2021\/wp-json\/wp\/v2\/posts\/133829\/revisions"}],"predecessor-version":[{"id":133831,"href":"https:\/\/www.noticiasradioreflejos.com.ar\/2021\/wp-json\/wp\/v2\/posts\/133829\/revisions\/133831"}],"wp:attachment":[{"href":"https:\/\/www.noticiasradioreflejos.com.ar\/2021\/wp-json\/wp\/v2\/media?parent=133829"}],"wp:term":[{"taxonomy":"category","embeddable":true,"href":"https:\/\/www.noticiasradioreflejos.com.ar\/2021\/wp-json\/wp\/v2\/categories?post=133829"},{"taxonomy":"post_tag","embeddable":true,"href":"https:\/\/www.noticiasradioreflejos.com.ar\/2021\/wp-json\/wp\/v2\/tags?post=133829"}],"curies":[{"name":"wp","href":"https:\/\/api.w.org\/{rel}","templated":true}]}}