{"id":133825,"date":"2026-03-10T12:47:30","date_gmt":"2026-03-10T15:47:30","guid":{"rendered":"https:\/\/www.noticiasradioreflejos.com.ar\/2021\/?p=133825"},"modified":"2026-03-10T13:57:49","modified_gmt":"2026-03-10T16:57:49","slug":"gisler-de-cara-al-domingo-nosotros-siempre-estuvimos-dentro-del-peronismo-la-otra-lista-no-puede-decir-lo-mismo","status":"publish","type":"post","link":"https:\/\/www.noticiasradioreflejos.com.ar\/2021\/gisler-de-cara-al-domingo-nosotros-siempre-estuvimos-dentro-del-peronismo-la-otra-lista-no-puede-decir-lo-mismo\/","title":{"rendered":"Gisler de cara al domingo: \u00abNosotros siempre estuvimos dentro del peronismo, la otra lista no puede decir lo mismo\u00bb"},"content":{"rendered":"<p>En la recta final hacia las elecciones del Partido Justicialista de Tornquist, el candidato de la Lista 2, Juan Carlos Gisler, polariz\u00f3 la contienda marcando distancias ideol\u00f3gicas con el sector opositor. El dirigente lament\u00f3 la falta de una mesa de votaci\u00f3n en Chasic\u00f3, cuestion\u00f3 la influencia del exintendente Bordoni en la lista rival y asegur\u00f3 que, a pesar de la log\u00edstica, el afiliado local reconoce la coherencia y trayectoria de su espacio.<!--more--><\/p>\n<p data-path-to-node=\"3\">Con cuatro mesas habilitadas en Sierra de la Ventana, Saldungaray y la ciudad cabecera, el peronismo del distrito se prepara para una jornada electoral clave este pr\u00f3ximo domingo. <b data-path-to-node=\"4\" data-index-in-node=\"192\">Juan Carlos Gisler<\/b>, candidato a presidente por la <b data-path-to-node=\"4\" data-index-in-node=\"242\">Lista 2<\/b>, brind\u00f3 detalles en <a href=\"https:\/\/www.noticiasradioreflejos.com.ar\/2021\/radio-en-vivo\/\"><em><strong>FM Reflejos<\/strong><\/em><\/a> sobre la preparaci\u00f3n de su espacio y no ahorr\u00f3 cr\u00edticas hacia la conformaci\u00f3n de la lista opositora.<\/p>\n<p data-path-to-node=\"4\">De cara a los comicios del pr\u00f3ximo domingo, Juan Carlos Gisler detall\u00f3 c\u00f3mo se prepara su espacio para una jornada que contar\u00e1 con cuatro mesas habilitadas en Sierra de la Ventana, Saldungaray y Tornquist. Una de las mayores preocupaciones del candidato es la representaci\u00f3n de los afiliados de las zonas m\u00e1s alejadas del distrito: \u00abHab\u00edamos pedido en particular una mesa para Chasic\u00f3, pero no va a poder ser; por las distancias es una l\u00e1stima. En Chasic\u00f3 figuran m\u00e1s o menos 50 afiliados. Donde llueva y no pueda venir nadie, quiz\u00e1s esos votos puedan marcar la diferencia\u00bb, advirti\u00f3, dejando abierta la posibilidad de trasladar una urna con fiscales de ambos sectores si la Junta Electoral lo autoriza.<\/p>\n<p data-path-to-node=\"5\">Respecto al recibimiento de su propuesta, Gisler se mostr\u00f3 optimista tras el recorrido por las localidades, destacando que el contacto cara a cara es fundamental en esta etapa. \u00abCuando nos confirmaron la interna, inmediatamente salimos a hablar con los afiliados. Nosotros estamos con buena aceptaci\u00f3n, estamos convencidos desde el primer d\u00eda del por qu\u00e9 de la interna. La verdad es que la respuesta es buena, es una carrera dif\u00edcil, con mucho trabajo de mano, pero el afiliado nos conoce\u00bb, afirm\u00f3, haciendo hincapi\u00e9 en que su lista representa la coherencia hist\u00f3rica dentro del partido.<\/p>\n<p data-path-to-node=\"6\">En ese sentido, el candidato de la Lista 2 no evit\u00f3 referirse a las diferencias con el sector opositor, se\u00f1alando la influencia del exintendente Sergio Bordoni en la contienda. \u00abEvidentemente hay diferencias con la otra parte. M\u00e1s all\u00e1 de los nombres, nosotros estamos expuestos pol\u00edticamente. La otra parte no est\u00e1 en la lista, pero est\u00e1 puesta en batalla de la mano del Ex Intendente Bordoni. Nosotros siempre estuvimos dentro del peronismo, cosa que la otra lista no puede decir lo mismo\u00bb, sentenci\u00f3. Sin embargo, aclar\u00f3 que prefiere evitar t\u00e9rminos beligerantes: \u00abYo en pol\u00edtica no uso la palabra enemigo, en pol\u00edtica somos personas que no pensamos lo mismo. No podemos hacernos los distra\u00eddos en que hay cosas en las que no estamos de acuerdo\u00bb.<\/p>\n<p data-path-to-node=\"7\">Finalmente, al ser consultado sobre el escenario posterior al lunes 16, Gisler prefiri\u00f3 la cautela, aunque dej\u00f3 entrever su postura personal sobre la integraci\u00f3n de fuerzas. \u00abPrimero hay que ver los resultados y el porcentaje de cada lista. La lista perdedora tendr\u00eda un 25% de lugar en la ganadora. Vamos a charlar el d\u00eda despu\u00e9s cu\u00e1les son los pasos a seguir. Si me preguntas hoy, por la exposici\u00f3n que tuve \u00faltimamente, no integrar\u00eda la lista. Pero no estamos hablando como perdedores nosotros\u00bb, concluy\u00f3, reafirmando que su objetivo es dejar claro \u00abde d\u00f3nde venimos y a d\u00f3nde vamos\u00bb para que el afiliado elija el destino del PJ.<\/p>\n<audio class=\"wp-audio-shortcode\" id=\"audio-133825-1\" preload=\"none\" style=\"width: 100%;\" controls=\"controls\"><source type=\"audio\/mpeg\" src=\"https:\/\/www.noticiasradioreflejos.com.ar\/2021\/wp-content\/uploads\/2026\/03\/Juan-Carlos-Gisler-10-03.mp3?_=1\" \/><a href=\"https:\/\/www.noticiasradioreflejos.com.ar\/2021\/wp-content\/uploads\/2026\/03\/Juan-Carlos-Gisler-10-03.mp3\">https:\/\/www.noticiasradioreflejos.com.ar\/2021\/wp-content\/uploads\/2026\/03\/Juan-Carlos-Gisler-10-03.mp3<\/a><\/audio>\n<p>&nbsp;<\/p>\n<p><a href=\"https:\/\/www.noticiasradioreflejos.com.ar\/2021\/gisler-de-cara-al-domingo-nosotros-siempre-estuvimos-dentro-del-peronismo-la-otra-lista-no-puede-decir-lo-mismo\/lista-2\/\" rel=\"attachment wp-att-133863\"><img loading=\"lazy\" decoding=\"async\" class=\"aligncenter size-full wp-image-133863\" src=\"https:\/\/www.noticiasradioreflejos.com.ar\/2021\/wp-content\/uploads\/2026\/03\/lista-2.jpg\" alt=\"\" width=\"689\" height=\"543\" srcset=\"https:\/\/www.noticiasradioreflejos.com.ar\/2021\/wp-content\/uploads\/2026\/03\/lista-2.jpg 689w, https:\/\/www.noticiasradioreflejos.com.ar\/2021\/wp-content\/uploads\/2026\/03\/lista-2-300x236.jpg 300w\" sizes=\"auto, (max-width: 689px) 100vw, 689px\" \/><\/a><\/p>\n","protected":false},"excerpt":{"rendered":"<p>En la recta final hacia las elecciones del Partido Justicialista de Tornquist, el candidato de la Lista 2, Juan Carlos Gisler, polariz\u00f3 la contienda marcando distancias ideol\u00f3gicas con el sector opositor. El dirigente lament\u00f3 la falta de una mesa de votaci\u00f3n en Chasic\u00f3, cuestion\u00f3 la influencia del exintendente Bordoni en la lista rival y asegur\u00f3 [&hellip;]<\/p>\n","protected":false},"author":3,"featured_media":133844,"comment_status":"closed","ping_status":"closed","sticky":false,"template":"","format":"standard","meta":{"footnotes":""},"categories":[24],"tags":[48],"class_list":["post-133825","post","type-post","status-publish","format-standard","has-post-thumbnail","hentry","category-politica","tag-destacada"],"yoast_head":"<!-- This site is optimized with the Yoast SEO plugin v25.9 - https:\/\/yoast.com\/wordpress\/plugins\/seo\/ -->\n<title>Gisler de cara al domingo: &quot;Nosotros siempre estuvimos dentro del peronismo, la otra lista no puede decir lo mismo&quot; - Noticias Radio Reflejos<\/title>\n<meta name=\"robots\" content=\"index, follow, max-snippet:-1, max-image-preview:large, max-video-preview:-1\" \/>\n<link rel=\"canonical\" href=\"https:\/\/www.noticiasradioreflejos.com.ar\/2021\/gisler-de-cara-al-domingo-nosotros-siempre-estuvimos-dentro-del-peronismo-la-otra-lista-no-puede-decir-lo-mismo\/\" \/>\n<meta property=\"og:locale\" content=\"es_ES\" \/>\n<meta property=\"og:type\" content=\"article\" \/>\n<meta property=\"og:title\" content=\"Gisler de cara al domingo: &quot;Nosotros siempre estuvimos dentro del peronismo, la otra lista no puede decir lo mismo&quot; - Noticias Radio Reflejos\" \/>\n<meta property=\"og:description\" content=\"En la recta final hacia las elecciones del Partido Justicialista de Tornquist, el candidato de la Lista 2, Juan Carlos Gisler, polariz\u00f3 la contienda marcando distancias ideol\u00f3gicas con el sector opositor. El dirigente lament\u00f3 la falta de una mesa de votaci\u00f3n en Chasic\u00f3, cuestion\u00f3 la influencia del exintendente Bordoni en la lista rival y asegur\u00f3 [&hellip;]\" \/>\n<meta property=\"og:url\" content=\"https:\/\/www.noticiasradioreflejos.com.ar\/2021\/gisler-de-cara-al-domingo-nosotros-siempre-estuvimos-dentro-del-peronismo-la-otra-lista-no-puede-decir-lo-mismo\/\" \/>\n<meta property=\"og:site_name\" content=\"Noticias Radio Reflejos\" \/>\n<meta property=\"article:published_time\" content=\"2026-03-10T15:47:30+00:00\" \/>\n<meta property=\"article:modified_time\" content=\"2026-03-10T16:57:49+00:00\" \/>\n<meta property=\"og:image\" content=\"https:\/\/www.noticiasradioreflejos.com.ar\/2021\/wp-content\/uploads\/2026\/03\/gisler-lista-2.jpg\" \/>\n\t<meta property=\"og:image:width\" content=\"576\" \/>\n\t<meta property=\"og:image:height\" content=\"483\" \/>\n\t<meta property=\"og:image:type\" content=\"image\/jpeg\" \/>\n<meta name=\"author\" content=\"Arnaldo Botto\" \/>\n<meta name=\"twitter:card\" content=\"summary_large_image\" \/>\n<script type=\"application\/ld+json\" class=\"yoast-schema-graph\">{\"@context\":\"https:\/\/schema.org\",\"@graph\":[{\"@type\":\"WebPage\",\"@id\":\"https:\/\/www.noticiasradioreflejos.com.ar\/2021\/gisler-de-cara-al-domingo-nosotros-siempre-estuvimos-dentro-del-peronismo-la-otra-lista-no-puede-decir-lo-mismo\/\",\"url\":\"https:\/\/www.noticiasradioreflejos.com.ar\/2021\/gisler-de-cara-al-domingo-nosotros-siempre-estuvimos-dentro-del-peronismo-la-otra-lista-no-puede-decir-lo-mismo\/\",\"name\":\"Gisler de cara al domingo: \\\"Nosotros siempre estuvimos dentro del peronismo, la otra lista no puede decir lo mismo\\\" - Noticias Radio Reflejos\",\"isPartOf\":{\"@id\":\"https:\/\/www.noticiasradioreflejos.com.ar\/2021\/#website\"},\"primaryImageOfPage\":{\"@id\":\"https:\/\/www.noticiasradioreflejos.com.ar\/2021\/gisler-de-cara-al-domingo-nosotros-siempre-estuvimos-dentro-del-peronismo-la-otra-lista-no-puede-decir-lo-mismo\/#primaryimage\"},\"image\":{\"@id\":\"https:\/\/www.noticiasradioreflejos.com.ar\/2021\/gisler-de-cara-al-domingo-nosotros-siempre-estuvimos-dentro-del-peronismo-la-otra-lista-no-puede-decir-lo-mismo\/#primaryimage\"},\"thumbnailUrl\":\"https:\/\/www.noticiasradioreflejos.com.ar\/2021\/wp-content\/uploads\/2026\/03\/gisler-lista-2.jpg\",\"datePublished\":\"2026-03-10T15:47:30+00:00\",\"dateModified\":\"2026-03-10T16:57:49+00:00\",\"author\":{\"@id\":\"https:\/\/www.noticiasradioreflejos.com.ar\/2021\/#\/schema\/person\/ad82545263dcc5ec0996818884fd5fb1\"},\"breadcrumb\":{\"@id\":\"https:\/\/www.noticiasradioreflejos.com.ar\/2021\/gisler-de-cara-al-domingo-nosotros-siempre-estuvimos-dentro-del-peronismo-la-otra-lista-no-puede-decir-lo-mismo\/#breadcrumb\"},\"inLanguage\":\"es\",\"potentialAction\":[{\"@type\":\"ReadAction\",\"target\":[\"https:\/\/www.noticiasradioreflejos.com.ar\/2021\/gisler-de-cara-al-domingo-nosotros-siempre-estuvimos-dentro-del-peronismo-la-otra-lista-no-puede-decir-lo-mismo\/\"]}]},{\"@type\":\"ImageObject\",\"inLanguage\":\"es\",\"@id\":\"https:\/\/www.noticiasradioreflejos.com.ar\/2021\/gisler-de-cara-al-domingo-nosotros-siempre-estuvimos-dentro-del-peronismo-la-otra-lista-no-puede-decir-lo-mismo\/#primaryimage\",\"url\":\"https:\/\/www.noticiasradioreflejos.com.ar\/2021\/wp-content\/uploads\/2026\/03\/gisler-lista-2.jpg\",\"contentUrl\":\"https:\/\/www.noticiasradioreflejos.com.ar\/2021\/wp-content\/uploads\/2026\/03\/gisler-lista-2.jpg\",\"width\":576,\"height\":483},{\"@type\":\"BreadcrumbList\",\"@id\":\"https:\/\/www.noticiasradioreflejos.com.ar\/2021\/gisler-de-cara-al-domingo-nosotros-siempre-estuvimos-dentro-del-peronismo-la-otra-lista-no-puede-decir-lo-mismo\/#breadcrumb\",\"itemListElement\":[{\"@type\":\"ListItem\",\"position\":1,\"name\":\"Portada\",\"item\":\"https:\/\/www.noticiasradioreflejos.com.ar\/2021\/\"},{\"@type\":\"ListItem\",\"position\":2,\"name\":\"Gisler de cara al domingo: \u00abNosotros siempre estuvimos dentro del peronismo, la otra lista no puede decir lo mismo\u00bb\"}]},{\"@type\":\"WebSite\",\"@id\":\"https:\/\/www.noticiasradioreflejos.com.ar\/2021\/#website\",\"url\":\"https:\/\/www.noticiasradioreflejos.com.ar\/2021\/\",\"name\":\"Noticias Radio Reflejos\",\"description\":\"Las noticias de mi comarca\",\"potentialAction\":[{\"@type\":\"SearchAction\",\"target\":{\"@type\":\"EntryPoint\",\"urlTemplate\":\"https:\/\/www.noticiasradioreflejos.com.ar\/2021\/?s={search_term_string}\"},\"query-input\":{\"@type\":\"PropertyValueSpecification\",\"valueRequired\":true,\"valueName\":\"search_term_string\"}}],\"inLanguage\":\"es\"},{\"@type\":\"Person\",\"@id\":\"https:\/\/www.noticiasradioreflejos.com.ar\/2021\/#\/schema\/person\/ad82545263dcc5ec0996818884fd5fb1\",\"name\":\"Arnaldo Botto\",\"image\":{\"@type\":\"ImageObject\",\"inLanguage\":\"es\",\"@id\":\"https:\/\/www.noticiasradioreflejos.com.ar\/2021\/#\/schema\/person\/image\/\",\"url\":\"https:\/\/secure.gravatar.com\/avatar\/55cb5e37c1efa326397366e6974cb338056df65cb50e7d64d1cf314e87504837?s=96&d=mm&r=g\",\"contentUrl\":\"https:\/\/secure.gravatar.com\/avatar\/55cb5e37c1efa326397366e6974cb338056df65cb50e7d64d1cf314e87504837?s=96&d=mm&r=g\",\"caption\":\"Arnaldo Botto\"},\"url\":\"https:\/\/www.noticiasradioreflejos.com.ar\/2021\/author\/arnaldo\/\"}]}<\/script>\n<!-- \/ Yoast SEO plugin. -->","yoast_head_json":{"title":"Gisler de cara al domingo: \"Nosotros siempre estuvimos dentro del peronismo, la otra lista no puede decir lo mismo\" - Noticias Radio Reflejos","robots":{"index":"index","follow":"follow","max-snippet":"max-snippet:-1","max-image-preview":"max-image-preview:large","max-video-preview":"max-video-preview:-1"},"canonical":"https:\/\/www.noticiasradioreflejos.com.ar\/2021\/gisler-de-cara-al-domingo-nosotros-siempre-estuvimos-dentro-del-peronismo-la-otra-lista-no-puede-decir-lo-mismo\/","og_locale":"es_ES","og_type":"article","og_title":"Gisler de cara al domingo: \"Nosotros siempre estuvimos dentro del peronismo, la otra lista no puede decir lo mismo\" - Noticias Radio Reflejos","og_description":"En la recta final hacia las elecciones del Partido Justicialista de Tornquist, el candidato de la Lista 2, Juan Carlos Gisler, polariz\u00f3 la contienda marcando distancias ideol\u00f3gicas con el sector opositor. El dirigente lament\u00f3 la falta de una mesa de votaci\u00f3n en Chasic\u00f3, cuestion\u00f3 la influencia del exintendente Bordoni en la lista rival y asegur\u00f3 [&hellip;]","og_url":"https:\/\/www.noticiasradioreflejos.com.ar\/2021\/gisler-de-cara-al-domingo-nosotros-siempre-estuvimos-dentro-del-peronismo-la-otra-lista-no-puede-decir-lo-mismo\/","og_site_name":"Noticias Radio Reflejos","article_published_time":"2026-03-10T15:47:30+00:00","article_modified_time":"2026-03-10T16:57:49+00:00","og_image":[{"width":576,"height":483,"url":"https:\/\/www.noticiasradioreflejos.com.ar\/2021\/wp-content\/uploads\/2026\/03\/gisler-lista-2.jpg","type":"image\/jpeg"}],"author":"Arnaldo Botto","twitter_card":"summary_large_image","schema":{"@context":"https:\/\/schema.org","@graph":[{"@type":"WebPage","@id":"https:\/\/www.noticiasradioreflejos.com.ar\/2021\/gisler-de-cara-al-domingo-nosotros-siempre-estuvimos-dentro-del-peronismo-la-otra-lista-no-puede-decir-lo-mismo\/","url":"https:\/\/www.noticiasradioreflejos.com.ar\/2021\/gisler-de-cara-al-domingo-nosotros-siempre-estuvimos-dentro-del-peronismo-la-otra-lista-no-puede-decir-lo-mismo\/","name":"Gisler de cara al domingo: \"Nosotros siempre estuvimos dentro del peronismo, la otra lista no puede decir lo mismo\" - Noticias Radio Reflejos","isPartOf":{"@id":"https:\/\/www.noticiasradioreflejos.com.ar\/2021\/#website"},"primaryImageOfPage":{"@id":"https:\/\/www.noticiasradioreflejos.com.ar\/2021\/gisler-de-cara-al-domingo-nosotros-siempre-estuvimos-dentro-del-peronismo-la-otra-lista-no-puede-decir-lo-mismo\/#primaryimage"},"image":{"@id":"https:\/\/www.noticiasradioreflejos.com.ar\/2021\/gisler-de-cara-al-domingo-nosotros-siempre-estuvimos-dentro-del-peronismo-la-otra-lista-no-puede-decir-lo-mismo\/#primaryimage"},"thumbnailUrl":"https:\/\/www.noticiasradioreflejos.com.ar\/2021\/wp-content\/uploads\/2026\/03\/gisler-lista-2.jpg","datePublished":"2026-03-10T15:47:30+00:00","dateModified":"2026-03-10T16:57:49+00:00","author":{"@id":"https:\/\/www.noticiasradioreflejos.com.ar\/2021\/#\/schema\/person\/ad82545263dcc5ec0996818884fd5fb1"},"breadcrumb":{"@id":"https:\/\/www.noticiasradioreflejos.com.ar\/2021\/gisler-de-cara-al-domingo-nosotros-siempre-estuvimos-dentro-del-peronismo-la-otra-lista-no-puede-decir-lo-mismo\/#breadcrumb"},"inLanguage":"es","potentialAction":[{"@type":"ReadAction","target":["https:\/\/www.noticiasradioreflejos.com.ar\/2021\/gisler-de-cara-al-domingo-nosotros-siempre-estuvimos-dentro-del-peronismo-la-otra-lista-no-puede-decir-lo-mismo\/"]}]},{"@type":"ImageObject","inLanguage":"es","@id":"https:\/\/www.noticiasradioreflejos.com.ar\/2021\/gisler-de-cara-al-domingo-nosotros-siempre-estuvimos-dentro-del-peronismo-la-otra-lista-no-puede-decir-lo-mismo\/#primaryimage","url":"https:\/\/www.noticiasradioreflejos.com.ar\/2021\/wp-content\/uploads\/2026\/03\/gisler-lista-2.jpg","contentUrl":"https:\/\/www.noticiasradioreflejos.com.ar\/2021\/wp-content\/uploads\/2026\/03\/gisler-lista-2.jpg","width":576,"height":483},{"@type":"BreadcrumbList","@id":"https:\/\/www.noticiasradioreflejos.com.ar\/2021\/gisler-de-cara-al-domingo-nosotros-siempre-estuvimos-dentro-del-peronismo-la-otra-lista-no-puede-decir-lo-mismo\/#breadcrumb","itemListElement":[{"@type":"ListItem","position":1,"name":"Portada","item":"https:\/\/www.noticiasradioreflejos.com.ar\/2021\/"},{"@type":"ListItem","position":2,"name":"Gisler de cara al domingo: \u00abNosotros siempre estuvimos dentro del peronismo, la otra lista no puede decir lo mismo\u00bb"}]},{"@type":"WebSite","@id":"https:\/\/www.noticiasradioreflejos.com.ar\/2021\/#website","url":"https:\/\/www.noticiasradioreflejos.com.ar\/2021\/","name":"Noticias Radio Reflejos","description":"Las noticias de mi comarca","potentialAction":[{"@type":"SearchAction","target":{"@type":"EntryPoint","urlTemplate":"https:\/\/www.noticiasradioreflejos.com.ar\/2021\/?s={search_term_string}"},"query-input":{"@type":"PropertyValueSpecification","valueRequired":true,"valueName":"search_term_string"}}],"inLanguage":"es"},{"@type":"Person","@id":"https:\/\/www.noticiasradioreflejos.com.ar\/2021\/#\/schema\/person\/ad82545263dcc5ec0996818884fd5fb1","name":"Arnaldo Botto","image":{"@type":"ImageObject","inLanguage":"es","@id":"https:\/\/www.noticiasradioreflejos.com.ar\/2021\/#\/schema\/person\/image\/","url":"https:\/\/secure.gravatar.com\/avatar\/55cb5e37c1efa326397366e6974cb338056df65cb50e7d64d1cf314e87504837?s=96&d=mm&r=g","contentUrl":"https:\/\/secure.gravatar.com\/avatar\/55cb5e37c1efa326397366e6974cb338056df65cb50e7d64d1cf314e87504837?s=96&d=mm&r=g","caption":"Arnaldo Botto"},"url":"https:\/\/www.noticiasradioreflejos.com.ar\/2021\/author\/arnaldo\/"}]}},"_links":{"self":[{"href":"https:\/\/www.noticiasradioreflejos.com.ar\/2021\/wp-json\/wp\/v2\/posts\/133825","targetHints":{"allow":["GET"]}}],"collection":[{"href":"https:\/\/www.noticiasradioreflejos.com.ar\/2021\/wp-json\/wp\/v2\/posts"}],"about":[{"href":"https:\/\/www.noticiasradioreflejos.com.ar\/2021\/wp-json\/wp\/v2\/types\/post"}],"author":[{"embeddable":true,"href":"https:\/\/www.noticiasradioreflejos.com.ar\/2021\/wp-json\/wp\/v2\/users\/3"}],"replies":[{"embeddable":true,"href":"https:\/\/www.noticiasradioreflejos.com.ar\/2021\/wp-json\/wp\/v2\/comments?post=133825"}],"version-history":[{"count":4,"href":"https:\/\/www.noticiasradioreflejos.com.ar\/2021\/wp-json\/wp\/v2\/posts\/133825\/revisions"}],"predecessor-version":[{"id":133864,"href":"https:\/\/www.noticiasradioreflejos.com.ar\/2021\/wp-json\/wp\/v2\/posts\/133825\/revisions\/133864"}],"wp:featuredmedia":[{"embeddable":true,"href":"https:\/\/www.noticiasradioreflejos.com.ar\/2021\/wp-json\/wp\/v2\/media\/133844"}],"wp:attachment":[{"href":"https:\/\/www.noticiasradioreflejos.com.ar\/2021\/wp-json\/wp\/v2\/media?parent=133825"}],"wp:term":[{"taxonomy":"category","embeddable":true,"href":"https:\/\/www.noticiasradioreflejos.com.ar\/2021\/wp-json\/wp\/v2\/categories?post=133825"},{"taxonomy":"post_tag","embeddable":true,"href":"https:\/\/www.noticiasradioreflejos.com.ar\/2021\/wp-json\/wp\/v2\/tags?post=133825"}],"curies":[{"name":"wp","href":"https:\/\/api.w.org\/{rel}","templated":true}]}}