{"id":133817,"date":"2026-03-10T09:31:31","date_gmt":"2026-03-10T12:31:31","guid":{"rendered":"https:\/\/www.noticiasradioreflejos.com.ar\/2021\/?p=133817"},"modified":"2026-03-10T09:34:31","modified_gmt":"2026-03-10T12:34:31","slug":"polemica-por-allanamientos-hugo-pastor-desmiente-el-parte-oficial-y-asegura-que-el-operativo-en-su-casa-fue-negativo","status":"publish","type":"post","link":"https:\/\/www.noticiasradioreflejos.com.ar\/2021\/polemica-por-allanamientos-hugo-pastor-desmiente-el-parte-oficial-y-asegura-que-el-operativo-en-su-casa-fue-negativo\/","title":{"rendered":"Pol\u00e9mica por allanamientos: Hugo Pastor desmiente el parte oficial y asegura que el operativo en su casa fue negativo"},"content":{"rendered":"<p>Tras la difusi\u00f3n de un informe de la Comisar\u00eda de Saavedra que vinculaba su domicilio con el secuestro de elementos probatorios en una causa por robo, el vecino de Tornquist rompi\u00f3 el silencio. En di\u00e1logo con \u00abLa Ma\u00f1ana de la Radio\u00bb, Pastor afirm\u00f3 que la polic\u00eda no hall\u00f3 \u00abni una lapicera\u00bb en su vivienda y adelant\u00f3 que presentar\u00e1 las actas judiciales para limpiar su nombre y el de su familia.<!--more--><\/p>\n<p data-path-to-node=\"4\"><b data-path-to-node=\"4\" data-index-in-node=\"0\">TORNQUIST \u2013<\/b> Lo que comenz\u00f3 como un reporte policial sobre el avance de una investigaci\u00f3n por un robo calificado en Saavedra, ha derivado en una fuerte controversia p\u00fablica en Tornquist. Hugo Pastor, uno de los vecinos cuyo domicilio en la calle Lavalle fue blanco de los procedimientos simult\u00e1neos del pasado 6 de marzo, sali\u00f3 al cruce de la informaci\u00f3n oficial para aclarar su situaci\u00f3n procesal.<\/p>\n<p data-path-to-node=\"5\">Si bien el parte emitido por la Seccional Segunda de Saavedra indicaba que en los allanamientos realizados en Tornquist se hab\u00edan obtenido \u00abdiferentes elementos probatorios y de inter\u00e9s para la presente causa\u00bb, Pastor fue categ\u00f3rico al desmentir dicha versi\u00f3n respecto a su hogar y el de sus familiares.<\/p>\n<h3 data-path-to-node=\"6\"><b data-path-to-node=\"6\" data-index-in-node=\"0\">\u00abNo encontraron nada\u00bb<\/b><\/h3>\n<p data-path-to-node=\"7\">\u00abEn la noticia est\u00e1 saliendo que encontraron cosas que apoyan la causa y eso es err\u00f3neo. No encontraron nada, ni siquiera una lapicera\u00bb, sostuvo Pastor durante una entrevista radial. El vecino explic\u00f3 que, al finalizar el procedimiento, el personal policial le entreg\u00f3 un acta donde consta que el resultado fue <b data-path-to-node=\"7\" data-index-in-node=\"311\">negativo<\/b>, documento que fue firmado tanto por \u00e9l como por sus familiares, Lucas Mat\u00edas Ferreyra y Valentina Franco.<\/p>\n<p data-path-to-node=\"8\">Pastor manifest\u00f3 su profunda preocupaci\u00f3n por el impacto que esta informaci\u00f3n tiene en su vida personal y familiar: \u201cNosotros tenemos familia detr\u00e1s y no queremos que se ensucie nuestro nombre. El pueblo es chico y el boca a boca corre r\u00e1pido\u201d.<\/p>\n<h3 data-path-to-node=\"9\"><b data-path-to-node=\"9\" data-index-in-node=\"0\">El origen de la vinculaci\u00f3n<\/b><\/h3>\n<p data-path-to-node=\"10\">Sobre los motivos que llevaron a la polic\u00eda a su puerta, el vecino se\u00f1al\u00f3 que la justicia habr\u00eda detectado su cercan\u00eda geogr\u00e1fica con el lugar donde ocurri\u00f3 el hecho en Saavedra, pero descart\u00f3 cualquier tipo de participaci\u00f3n o relaci\u00f3n con el delito investigado.<\/p>\n<p data-path-to-node=\"11\">Con el objetivo de rectificar la informaci\u00f3n p\u00fablicamente, Pastor adelant\u00f3 que solicitar\u00e1 en la dependencia policial las copias certificadas de las actas de allanamiento para acreditar que no se secuestr\u00f3 ning\u00fan elemento vinculado al robo. Mientras tanto, la causa \u2014bajo la \u00f3rbita de la Ayudant\u00eda Fiscal de Saavedra\u2014 contin\u00faa su curso, aunque ahora bajo el foco de la contradicci\u00f3n entre los dichos de los involucrados y el informe oficial de la fuerza.<\/p>\n<audio class=\"wp-audio-shortcode\" id=\"audio-133817-1\" preload=\"none\" style=\"width: 100%;\" controls=\"controls\"><source type=\"audio\/mpeg\" src=\"https:\/\/www.noticiasradioreflejos.com.ar\/2021\/wp-content\/uploads\/2026\/03\/hugo-pastor.mp3?_=1\" \/><a href=\"https:\/\/www.noticiasradioreflejos.com.ar\/2021\/wp-content\/uploads\/2026\/03\/hugo-pastor.mp3\">https:\/\/www.noticiasradioreflejos.com.ar\/2021\/wp-content\/uploads\/2026\/03\/hugo-pastor.mp3<\/a><\/audio>\n<p>&nbsp;<\/p>\n<p><em><strong>Fuente Noticias Tornquist<\/strong><\/em><\/p>\n","protected":false},"excerpt":{"rendered":"<p>Tras la difusi\u00f3n de un informe de la Comisar\u00eda de Saavedra que vinculaba su domicilio con el secuestro de elementos probatorios en una causa por robo, el vecino de Tornquist rompi\u00f3 el silencio. En di\u00e1logo con \u00abLa Ma\u00f1ana de la Radio\u00bb, Pastor afirm\u00f3 que la polic\u00eda no hall\u00f3 \u00abni una lapicera\u00bb en su vivienda y [&hellip;]<\/p>\n","protected":false},"author":3,"featured_media":133819,"comment_status":"closed","ping_status":"closed","sticky":false,"template":"","format":"standard","meta":{"footnotes":""},"categories":[57,29],"tags":[],"class_list":["post-133817","post","type-post","status-publish","format-standard","has-post-thumbnail","hentry","category-judiciales","category-policiales"],"yoast_head":"<!-- This site is optimized with the Yoast SEO plugin v25.9 - https:\/\/yoast.com\/wordpress\/plugins\/seo\/ -->\n<title>Pol\u00e9mica por allanamientos: Hugo Pastor desmiente el parte oficial y asegura que el operativo en su casa fue negativo - Noticias Radio Reflejos<\/title>\n<meta name=\"robots\" content=\"index, follow, max-snippet:-1, max-image-preview:large, max-video-preview:-1\" \/>\n<link rel=\"canonical\" href=\"https:\/\/www.noticiasradioreflejos.com.ar\/2021\/polemica-por-allanamientos-hugo-pastor-desmiente-el-parte-oficial-y-asegura-que-el-operativo-en-su-casa-fue-negativo\/\" \/>\n<meta property=\"og:locale\" content=\"es_ES\" \/>\n<meta property=\"og:type\" content=\"article\" \/>\n<meta property=\"og:title\" content=\"Pol\u00e9mica por allanamientos: Hugo Pastor desmiente el parte oficial y asegura que el operativo en su casa fue negativo - Noticias Radio Reflejos\" \/>\n<meta property=\"og:description\" content=\"Tras la difusi\u00f3n de un informe de la Comisar\u00eda de Saavedra que vinculaba su domicilio con el secuestro de elementos probatorios en una causa por robo, el vecino de Tornquist rompi\u00f3 el silencio. En di\u00e1logo con \u00abLa Ma\u00f1ana de la Radio\u00bb, Pastor afirm\u00f3 que la polic\u00eda no hall\u00f3 \u00abni una lapicera\u00bb en su vivienda y [&hellip;]\" \/>\n<meta property=\"og:url\" content=\"https:\/\/www.noticiasradioreflejos.com.ar\/2021\/polemica-por-allanamientos-hugo-pastor-desmiente-el-parte-oficial-y-asegura-que-el-operativo-en-su-casa-fue-negativo\/\" \/>\n<meta property=\"og:site_name\" content=\"Noticias Radio Reflejos\" \/>\n<meta property=\"article:published_time\" content=\"2026-03-10T12:31:31+00:00\" \/>\n<meta property=\"article:modified_time\" content=\"2026-03-10T12:34:31+00:00\" \/>\n<meta property=\"og:image\" content=\"https:\/\/www.noticiasradioreflejos.com.ar\/2021\/wp-content\/uploads\/2026\/03\/085252_73_hugoo.jpg_1000.jpg\" \/>\n\t<meta property=\"og:image:width\" content=\"1000\" \/>\n\t<meta property=\"og:image:height\" content=\"750\" \/>\n\t<meta property=\"og:image:type\" content=\"image\/jpeg\" \/>\n<meta name=\"author\" content=\"Arnaldo Botto\" \/>\n<meta name=\"twitter:card\" content=\"summary_large_image\" \/>\n<script type=\"application\/ld+json\" class=\"yoast-schema-graph\">{\"@context\":\"https:\/\/schema.org\",\"@graph\":[{\"@type\":\"WebPage\",\"@id\":\"https:\/\/www.noticiasradioreflejos.com.ar\/2021\/polemica-por-allanamientos-hugo-pastor-desmiente-el-parte-oficial-y-asegura-que-el-operativo-en-su-casa-fue-negativo\/\",\"url\":\"https:\/\/www.noticiasradioreflejos.com.ar\/2021\/polemica-por-allanamientos-hugo-pastor-desmiente-el-parte-oficial-y-asegura-que-el-operativo-en-su-casa-fue-negativo\/\",\"name\":\"Pol\u00e9mica por allanamientos: Hugo Pastor desmiente el parte oficial y asegura que el operativo en su casa fue negativo - Noticias Radio Reflejos\",\"isPartOf\":{\"@id\":\"https:\/\/www.noticiasradioreflejos.com.ar\/2021\/#website\"},\"primaryImageOfPage\":{\"@id\":\"https:\/\/www.noticiasradioreflejos.com.ar\/2021\/polemica-por-allanamientos-hugo-pastor-desmiente-el-parte-oficial-y-asegura-que-el-operativo-en-su-casa-fue-negativo\/#primaryimage\"},\"image\":{\"@id\":\"https:\/\/www.noticiasradioreflejos.com.ar\/2021\/polemica-por-allanamientos-hugo-pastor-desmiente-el-parte-oficial-y-asegura-que-el-operativo-en-su-casa-fue-negativo\/#primaryimage\"},\"thumbnailUrl\":\"https:\/\/www.noticiasradioreflejos.com.ar\/2021\/wp-content\/uploads\/2026\/03\/085252_73_hugoo.jpg_1000.jpg\",\"datePublished\":\"2026-03-10T12:31:31+00:00\",\"dateModified\":\"2026-03-10T12:34:31+00:00\",\"author\":{\"@id\":\"https:\/\/www.noticiasradioreflejos.com.ar\/2021\/#\/schema\/person\/ad82545263dcc5ec0996818884fd5fb1\"},\"breadcrumb\":{\"@id\":\"https:\/\/www.noticiasradioreflejos.com.ar\/2021\/polemica-por-allanamientos-hugo-pastor-desmiente-el-parte-oficial-y-asegura-que-el-operativo-en-su-casa-fue-negativo\/#breadcrumb\"},\"inLanguage\":\"es\",\"potentialAction\":[{\"@type\":\"ReadAction\",\"target\":[\"https:\/\/www.noticiasradioreflejos.com.ar\/2021\/polemica-por-allanamientos-hugo-pastor-desmiente-el-parte-oficial-y-asegura-que-el-operativo-en-su-casa-fue-negativo\/\"]}]},{\"@type\":\"ImageObject\",\"inLanguage\":\"es\",\"@id\":\"https:\/\/www.noticiasradioreflejos.com.ar\/2021\/polemica-por-allanamientos-hugo-pastor-desmiente-el-parte-oficial-y-asegura-que-el-operativo-en-su-casa-fue-negativo\/#primaryimage\",\"url\":\"https:\/\/www.noticiasradioreflejos.com.ar\/2021\/wp-content\/uploads\/2026\/03\/085252_73_hugoo.jpg_1000.jpg\",\"contentUrl\":\"https:\/\/www.noticiasradioreflejos.com.ar\/2021\/wp-content\/uploads\/2026\/03\/085252_73_hugoo.jpg_1000.jpg\",\"width\":1000,\"height\":750},{\"@type\":\"BreadcrumbList\",\"@id\":\"https:\/\/www.noticiasradioreflejos.com.ar\/2021\/polemica-por-allanamientos-hugo-pastor-desmiente-el-parte-oficial-y-asegura-que-el-operativo-en-su-casa-fue-negativo\/#breadcrumb\",\"itemListElement\":[{\"@type\":\"ListItem\",\"position\":1,\"name\":\"Portada\",\"item\":\"https:\/\/www.noticiasradioreflejos.com.ar\/2021\/\"},{\"@type\":\"ListItem\",\"position\":2,\"name\":\"Pol\u00e9mica por allanamientos: Hugo Pastor desmiente el parte oficial y asegura que el operativo en su casa fue negativo\"}]},{\"@type\":\"WebSite\",\"@id\":\"https:\/\/www.noticiasradioreflejos.com.ar\/2021\/#website\",\"url\":\"https:\/\/www.noticiasradioreflejos.com.ar\/2021\/\",\"name\":\"Noticias Radio Reflejos\",\"description\":\"Las noticias de mi comarca\",\"potentialAction\":[{\"@type\":\"SearchAction\",\"target\":{\"@type\":\"EntryPoint\",\"urlTemplate\":\"https:\/\/www.noticiasradioreflejos.com.ar\/2021\/?s={search_term_string}\"},\"query-input\":{\"@type\":\"PropertyValueSpecification\",\"valueRequired\":true,\"valueName\":\"search_term_string\"}}],\"inLanguage\":\"es\"},{\"@type\":\"Person\",\"@id\":\"https:\/\/www.noticiasradioreflejos.com.ar\/2021\/#\/schema\/person\/ad82545263dcc5ec0996818884fd5fb1\",\"name\":\"Arnaldo Botto\",\"image\":{\"@type\":\"ImageObject\",\"inLanguage\":\"es\",\"@id\":\"https:\/\/www.noticiasradioreflejos.com.ar\/2021\/#\/schema\/person\/image\/\",\"url\":\"https:\/\/secure.gravatar.com\/avatar\/55cb5e37c1efa326397366e6974cb338056df65cb50e7d64d1cf314e87504837?s=96&d=mm&r=g\",\"contentUrl\":\"https:\/\/secure.gravatar.com\/avatar\/55cb5e37c1efa326397366e6974cb338056df65cb50e7d64d1cf314e87504837?s=96&d=mm&r=g\",\"caption\":\"Arnaldo Botto\"},\"url\":\"https:\/\/www.noticiasradioreflejos.com.ar\/2021\/author\/arnaldo\/\"}]}<\/script>\n<!-- \/ Yoast SEO plugin. -->","yoast_head_json":{"title":"Pol\u00e9mica por allanamientos: Hugo Pastor desmiente el parte oficial y asegura que el operativo en su casa fue negativo - Noticias Radio Reflejos","robots":{"index":"index","follow":"follow","max-snippet":"max-snippet:-1","max-image-preview":"max-image-preview:large","max-video-preview":"max-video-preview:-1"},"canonical":"https:\/\/www.noticiasradioreflejos.com.ar\/2021\/polemica-por-allanamientos-hugo-pastor-desmiente-el-parte-oficial-y-asegura-que-el-operativo-en-su-casa-fue-negativo\/","og_locale":"es_ES","og_type":"article","og_title":"Pol\u00e9mica por allanamientos: Hugo Pastor desmiente el parte oficial y asegura que el operativo en su casa fue negativo - Noticias Radio Reflejos","og_description":"Tras la difusi\u00f3n de un informe de la Comisar\u00eda de Saavedra que vinculaba su domicilio con el secuestro de elementos probatorios en una causa por robo, el vecino de Tornquist rompi\u00f3 el silencio. En di\u00e1logo con \u00abLa Ma\u00f1ana de la Radio\u00bb, Pastor afirm\u00f3 que la polic\u00eda no hall\u00f3 \u00abni una lapicera\u00bb en su vivienda y [&hellip;]","og_url":"https:\/\/www.noticiasradioreflejos.com.ar\/2021\/polemica-por-allanamientos-hugo-pastor-desmiente-el-parte-oficial-y-asegura-que-el-operativo-en-su-casa-fue-negativo\/","og_site_name":"Noticias Radio Reflejos","article_published_time":"2026-03-10T12:31:31+00:00","article_modified_time":"2026-03-10T12:34:31+00:00","og_image":[{"width":1000,"height":750,"url":"https:\/\/www.noticiasradioreflejos.com.ar\/2021\/wp-content\/uploads\/2026\/03\/085252_73_hugoo.jpg_1000.jpg","type":"image\/jpeg"}],"author":"Arnaldo Botto","twitter_card":"summary_large_image","schema":{"@context":"https:\/\/schema.org","@graph":[{"@type":"WebPage","@id":"https:\/\/www.noticiasradioreflejos.com.ar\/2021\/polemica-por-allanamientos-hugo-pastor-desmiente-el-parte-oficial-y-asegura-que-el-operativo-en-su-casa-fue-negativo\/","url":"https:\/\/www.noticiasradioreflejos.com.ar\/2021\/polemica-por-allanamientos-hugo-pastor-desmiente-el-parte-oficial-y-asegura-que-el-operativo-en-su-casa-fue-negativo\/","name":"Pol\u00e9mica por allanamientos: Hugo Pastor desmiente el parte oficial y asegura que el operativo en su casa fue negativo - Noticias Radio Reflejos","isPartOf":{"@id":"https:\/\/www.noticiasradioreflejos.com.ar\/2021\/#website"},"primaryImageOfPage":{"@id":"https:\/\/www.noticiasradioreflejos.com.ar\/2021\/polemica-por-allanamientos-hugo-pastor-desmiente-el-parte-oficial-y-asegura-que-el-operativo-en-su-casa-fue-negativo\/#primaryimage"},"image":{"@id":"https:\/\/www.noticiasradioreflejos.com.ar\/2021\/polemica-por-allanamientos-hugo-pastor-desmiente-el-parte-oficial-y-asegura-que-el-operativo-en-su-casa-fue-negativo\/#primaryimage"},"thumbnailUrl":"https:\/\/www.noticiasradioreflejos.com.ar\/2021\/wp-content\/uploads\/2026\/03\/085252_73_hugoo.jpg_1000.jpg","datePublished":"2026-03-10T12:31:31+00:00","dateModified":"2026-03-10T12:34:31+00:00","author":{"@id":"https:\/\/www.noticiasradioreflejos.com.ar\/2021\/#\/schema\/person\/ad82545263dcc5ec0996818884fd5fb1"},"breadcrumb":{"@id":"https:\/\/www.noticiasradioreflejos.com.ar\/2021\/polemica-por-allanamientos-hugo-pastor-desmiente-el-parte-oficial-y-asegura-que-el-operativo-en-su-casa-fue-negativo\/#breadcrumb"},"inLanguage":"es","potentialAction":[{"@type":"ReadAction","target":["https:\/\/www.noticiasradioreflejos.com.ar\/2021\/polemica-por-allanamientos-hugo-pastor-desmiente-el-parte-oficial-y-asegura-que-el-operativo-en-su-casa-fue-negativo\/"]}]},{"@type":"ImageObject","inLanguage":"es","@id":"https:\/\/www.noticiasradioreflejos.com.ar\/2021\/polemica-por-allanamientos-hugo-pastor-desmiente-el-parte-oficial-y-asegura-que-el-operativo-en-su-casa-fue-negativo\/#primaryimage","url":"https:\/\/www.noticiasradioreflejos.com.ar\/2021\/wp-content\/uploads\/2026\/03\/085252_73_hugoo.jpg_1000.jpg","contentUrl":"https:\/\/www.noticiasradioreflejos.com.ar\/2021\/wp-content\/uploads\/2026\/03\/085252_73_hugoo.jpg_1000.jpg","width":1000,"height":750},{"@type":"BreadcrumbList","@id":"https:\/\/www.noticiasradioreflejos.com.ar\/2021\/polemica-por-allanamientos-hugo-pastor-desmiente-el-parte-oficial-y-asegura-que-el-operativo-en-su-casa-fue-negativo\/#breadcrumb","itemListElement":[{"@type":"ListItem","position":1,"name":"Portada","item":"https:\/\/www.noticiasradioreflejos.com.ar\/2021\/"},{"@type":"ListItem","position":2,"name":"Pol\u00e9mica por allanamientos: Hugo Pastor desmiente el parte oficial y asegura que el operativo en su casa fue negativo"}]},{"@type":"WebSite","@id":"https:\/\/www.noticiasradioreflejos.com.ar\/2021\/#website","url":"https:\/\/www.noticiasradioreflejos.com.ar\/2021\/","name":"Noticias Radio Reflejos","description":"Las noticias de mi comarca","potentialAction":[{"@type":"SearchAction","target":{"@type":"EntryPoint","urlTemplate":"https:\/\/www.noticiasradioreflejos.com.ar\/2021\/?s={search_term_string}"},"query-input":{"@type":"PropertyValueSpecification","valueRequired":true,"valueName":"search_term_string"}}],"inLanguage":"es"},{"@type":"Person","@id":"https:\/\/www.noticiasradioreflejos.com.ar\/2021\/#\/schema\/person\/ad82545263dcc5ec0996818884fd5fb1","name":"Arnaldo Botto","image":{"@type":"ImageObject","inLanguage":"es","@id":"https:\/\/www.noticiasradioreflejos.com.ar\/2021\/#\/schema\/person\/image\/","url":"https:\/\/secure.gravatar.com\/avatar\/55cb5e37c1efa326397366e6974cb338056df65cb50e7d64d1cf314e87504837?s=96&d=mm&r=g","contentUrl":"https:\/\/secure.gravatar.com\/avatar\/55cb5e37c1efa326397366e6974cb338056df65cb50e7d64d1cf314e87504837?s=96&d=mm&r=g","caption":"Arnaldo Botto"},"url":"https:\/\/www.noticiasradioreflejos.com.ar\/2021\/author\/arnaldo\/"}]}},"_links":{"self":[{"href":"https:\/\/www.noticiasradioreflejos.com.ar\/2021\/wp-json\/wp\/v2\/posts\/133817","targetHints":{"allow":["GET"]}}],"collection":[{"href":"https:\/\/www.noticiasradioreflejos.com.ar\/2021\/wp-json\/wp\/v2\/posts"}],"about":[{"href":"https:\/\/www.noticiasradioreflejos.com.ar\/2021\/wp-json\/wp\/v2\/types\/post"}],"author":[{"embeddable":true,"href":"https:\/\/www.noticiasradioreflejos.com.ar\/2021\/wp-json\/wp\/v2\/users\/3"}],"replies":[{"embeddable":true,"href":"https:\/\/www.noticiasradioreflejos.com.ar\/2021\/wp-json\/wp\/v2\/comments?post=133817"}],"version-history":[{"count":2,"href":"https:\/\/www.noticiasradioreflejos.com.ar\/2021\/wp-json\/wp\/v2\/posts\/133817\/revisions"}],"predecessor-version":[{"id":133823,"href":"https:\/\/www.noticiasradioreflejos.com.ar\/2021\/wp-json\/wp\/v2\/posts\/133817\/revisions\/133823"}],"wp:featuredmedia":[{"embeddable":true,"href":"https:\/\/www.noticiasradioreflejos.com.ar\/2021\/wp-json\/wp\/v2\/media\/133819"}],"wp:attachment":[{"href":"https:\/\/www.noticiasradioreflejos.com.ar\/2021\/wp-json\/wp\/v2\/media?parent=133817"}],"wp:term":[{"taxonomy":"category","embeddable":true,"href":"https:\/\/www.noticiasradioreflejos.com.ar\/2021\/wp-json\/wp\/v2\/categories?post=133817"},{"taxonomy":"post_tag","embeddable":true,"href":"https:\/\/www.noticiasradioreflejos.com.ar\/2021\/wp-json\/wp\/v2\/tags?post=133817"}],"curies":[{"name":"wp","href":"https:\/\/api.w.org\/{rel}","templated":true}]}}