{"id":133813,"date":"2026-03-10T08:24:12","date_gmt":"2026-03-10T11:24:12","guid":{"rendered":"https:\/\/www.noticiasradioreflejos.com.ar\/2021\/?p=133813"},"modified":"2026-03-10T09:49:49","modified_gmt":"2026-03-10T12:49:49","slug":"energia-coopersive-informa-cambios-en-el-sistema-de-subsidios-nacionales-y-el-fin-de-la-segmentacion-n1-n2-y-n3","status":"publish","type":"post","link":"https:\/\/www.noticiasradioreflejos.com.ar\/2021\/energia-coopersive-informa-cambios-en-el-sistema-de-subsidios-nacionales-y-el-fin-de-la-segmentacion-n1-n2-y-n3\/","title":{"rendered":"Energ\u00eda: Coopersive informa cambios en el sistema de subsidios nacionales y el fin de la segmentaci\u00f3n N1, N2 y N3"},"content":{"rendered":"<p>A ra\u00edz de lo dispuesto por la Secretar\u00eda de Energ\u00eda de la Naci\u00f3n bajo la Resoluci\u00f3n <span class=\"math-inline\" data-math=\"13\/2026\" data-index-in-node=\"84\">N\u00b013\/2026-<\/span>, se implementar\u00e1 el nuevo esquema de Subsidios Energ\u00e9ticos Focalizados (SEF). La medida elimina las categor\u00edas de segmentaci\u00f3n vigentes hasta el momento y establece una nueva clasificaci\u00f3n entre usuarios con y sin subsidio, lo que impactar\u00e1 en las pr\u00f3ximas facturas del servicio el\u00e9ctrico. Desde la Cooperativa local aclararon que no definen el esquema ni los precios, sino que aplican la normativa nacional.<!--more--><\/p>\n<ul data-path-to-node=\"5\">\n<li>\n<p data-path-to-node=\"5,0,0\"><b data-path-to-node=\"5,0,0\" data-index-in-node=\"0\">Registro RASE:<\/b> Quienes ya estaban inscriptos (ex categor\u00edas N2 y N3) <b data-path-to-node=\"5,0,0\" data-index-in-node=\"69\">no deben realizar tr\u00e1mites adicionales<\/b>.<\/p>\n<\/li>\n<li>\n<p data-path-to-node=\"5,1,0\"><b data-path-to-node=\"5,1,0\" data-index-in-node=\"0\">Nuevos usuarios:<\/b> Aquellos que no est\u00e9n registrados y deseen acceder al beneficio deber\u00e1n realizar la inscripci\u00f3n en el registro nacional habilitado.<\/p>\n<\/li>\n<li>\n<p data-path-to-node=\"5,2,0\"><b data-path-to-node=\"5,2,0\" data-index-in-node=\"0\">Asesoramiento:<\/b> Coopersive pone a disposici\u00f3n sus oficinas para consultas y asesoramiento de los asociados ante posibles cambios en los montos de facturaci\u00f3n.<\/p>\n<\/li>\n<\/ul>\n<p>&nbsp;<\/p>\n<p><iframe loading=\"lazy\" class=\"scribd_iframe_embed\" tabindex=\"0\" title=\"Cambios en El R\u00e9gimen de Subsidios Energ\u00e9ticos Dispuestos Por La Secretar\u00eda de Energ\u00eda de La Naci\u00f3n\" src=\"https:\/\/www.scribd.com\/embeds\/1010289599\/content?start_page=1&amp;view_mode=scroll&amp;access_key=key-Prq4dNIcjWt0trFNGoeo\" width=\"100%\" height=\"600\" frameborder=\"0\" scrolling=\"no\" data-auto-height=\"true\" data-aspect-ratio=\"0.7080062794348508\"><\/iframe><\/p>\n<p style=\"margin: 12px auto 6px auto; font-family: Helvetica,Arial,Sans-serif; font-size: 14px; line-height: normal; display: block;\"><a style=\"color: #098642; text-decoration: underline;\" title=\"View Cambios en El R\u00e9gimen de Subsidios Energ\u00e9ticos Dispuestos Por La Secretar\u00eda de Energ\u00eda de La Naci\u00f3n on Scribd\" href=\"https:\/\/www.scribd.com\/document\/1010289599\/Cambios-en-El-Regimen-de-Subsidios-Energeticos-Dispuestos-Por-La-Secretaria-de-Energia-de-La-Nacion#from_embed\"> Cambios en El R\u00e9gimen de Subsidios Energ\u00e9ticos Dispuestos Por La Secretar\u00eda de Energ\u00eda de La Naci\u00f3n <\/a> by <a style=\"color: #098642; text-decoration: underline;\" title=\"View FM Reflejos Sierra de la Ventana's profile on Scribd\" href=\"https:\/\/www.scribd.com\/user\/128459674\/FM-Reflejos-Sierra-de-la-Ventana#from_embed\"> FM Reflejos Sierra de la Ventana <\/a><\/p>\n","protected":false},"excerpt":{"rendered":"<p>A ra\u00edz de lo dispuesto por la Secretar\u00eda de Energ\u00eda de la Naci\u00f3n bajo la Resoluci\u00f3n N\u00b013\/2026-, se implementar\u00e1 el nuevo esquema de Subsidios Energ\u00e9ticos Focalizados (SEF). La medida elimina las categor\u00edas de segmentaci\u00f3n vigentes hasta el momento y establece una nueva clasificaci\u00f3n entre usuarios con y sin subsidio, lo que impactar\u00e1 en las pr\u00f3ximas [&hellip;]<\/p>\n","protected":false},"author":3,"featured_media":133815,"comment_status":"closed","ping_status":"closed","sticky":false,"template":"","format":"standard","meta":{"footnotes":""},"categories":[26],"tags":[],"class_list":["post-133813","post","type-post","status-publish","format-standard","has-post-thumbnail","hentry","category-sociedad"],"yoast_head":"<!-- This site is optimized with the Yoast SEO plugin v25.9 - https:\/\/yoast.com\/wordpress\/plugins\/seo\/ -->\n<title>Energ\u00eda: Coopersive informa cambios en el sistema de subsidios nacionales y el fin de la segmentaci\u00f3n N1, N2 y N3 - Noticias Radio Reflejos<\/title>\n<meta name=\"robots\" content=\"index, follow, max-snippet:-1, max-image-preview:large, max-video-preview:-1\" \/>\n<link rel=\"canonical\" href=\"https:\/\/www.noticiasradioreflejos.com.ar\/2021\/energia-coopersive-informa-cambios-en-el-sistema-de-subsidios-nacionales-y-el-fin-de-la-segmentacion-n1-n2-y-n3\/\" \/>\n<meta property=\"og:locale\" content=\"es_ES\" \/>\n<meta property=\"og:type\" content=\"article\" \/>\n<meta property=\"og:title\" content=\"Energ\u00eda: Coopersive informa cambios en el sistema de subsidios nacionales y el fin de la segmentaci\u00f3n N1, N2 y N3 - Noticias Radio Reflejos\" \/>\n<meta property=\"og:description\" content=\"A ra\u00edz de lo dispuesto por la Secretar\u00eda de Energ\u00eda de la Naci\u00f3n bajo la Resoluci\u00f3n N\u00b013\/2026-, se implementar\u00e1 el nuevo esquema de Subsidios Energ\u00e9ticos Focalizados (SEF). La medida elimina las categor\u00edas de segmentaci\u00f3n vigentes hasta el momento y establece una nueva clasificaci\u00f3n entre usuarios con y sin subsidio, lo que impactar\u00e1 en las pr\u00f3ximas [&hellip;]\" \/>\n<meta property=\"og:url\" content=\"https:\/\/www.noticiasradioreflejos.com.ar\/2021\/energia-coopersive-informa-cambios-en-el-sistema-de-subsidios-nacionales-y-el-fin-de-la-segmentacion-n1-n2-y-n3\/\" \/>\n<meta property=\"og:site_name\" content=\"Noticias Radio Reflejos\" \/>\n<meta property=\"article:published_time\" content=\"2026-03-10T11:24:12+00:00\" \/>\n<meta property=\"article:modified_time\" content=\"2026-03-10T12:49:49+00:00\" \/>\n<meta property=\"og:image\" content=\"https:\/\/www.noticiasradioreflejos.com.ar\/2021\/wp-content\/uploads\/2026\/03\/Coopersive.jpg\" \/>\n\t<meta property=\"og:image:width\" content=\"1279\" \/>\n\t<meta property=\"og:image:height\" content=\"583\" \/>\n\t<meta property=\"og:image:type\" content=\"image\/jpeg\" \/>\n<meta name=\"author\" content=\"Arnaldo Botto\" \/>\n<meta name=\"twitter:card\" content=\"summary_large_image\" \/>\n<script type=\"application\/ld+json\" class=\"yoast-schema-graph\">{\"@context\":\"https:\/\/schema.org\",\"@graph\":[{\"@type\":\"WebPage\",\"@id\":\"https:\/\/www.noticiasradioreflejos.com.ar\/2021\/energia-coopersive-informa-cambios-en-el-sistema-de-subsidios-nacionales-y-el-fin-de-la-segmentacion-n1-n2-y-n3\/\",\"url\":\"https:\/\/www.noticiasradioreflejos.com.ar\/2021\/energia-coopersive-informa-cambios-en-el-sistema-de-subsidios-nacionales-y-el-fin-de-la-segmentacion-n1-n2-y-n3\/\",\"name\":\"Energ\u00eda: Coopersive informa cambios en el sistema de subsidios nacionales y el fin de la segmentaci\u00f3n N1, N2 y N3 - Noticias Radio Reflejos\",\"isPartOf\":{\"@id\":\"https:\/\/www.noticiasradioreflejos.com.ar\/2021\/#website\"},\"primaryImageOfPage\":{\"@id\":\"https:\/\/www.noticiasradioreflejos.com.ar\/2021\/energia-coopersive-informa-cambios-en-el-sistema-de-subsidios-nacionales-y-el-fin-de-la-segmentacion-n1-n2-y-n3\/#primaryimage\"},\"image\":{\"@id\":\"https:\/\/www.noticiasradioreflejos.com.ar\/2021\/energia-coopersive-informa-cambios-en-el-sistema-de-subsidios-nacionales-y-el-fin-de-la-segmentacion-n1-n2-y-n3\/#primaryimage\"},\"thumbnailUrl\":\"https:\/\/www.noticiasradioreflejos.com.ar\/2021\/wp-content\/uploads\/2026\/03\/Coopersive.jpg\",\"datePublished\":\"2026-03-10T11:24:12+00:00\",\"dateModified\":\"2026-03-10T12:49:49+00:00\",\"author\":{\"@id\":\"https:\/\/www.noticiasradioreflejos.com.ar\/2021\/#\/schema\/person\/ad82545263dcc5ec0996818884fd5fb1\"},\"breadcrumb\":{\"@id\":\"https:\/\/www.noticiasradioreflejos.com.ar\/2021\/energia-coopersive-informa-cambios-en-el-sistema-de-subsidios-nacionales-y-el-fin-de-la-segmentacion-n1-n2-y-n3\/#breadcrumb\"},\"inLanguage\":\"es\",\"potentialAction\":[{\"@type\":\"ReadAction\",\"target\":[\"https:\/\/www.noticiasradioreflejos.com.ar\/2021\/energia-coopersive-informa-cambios-en-el-sistema-de-subsidios-nacionales-y-el-fin-de-la-segmentacion-n1-n2-y-n3\/\"]}]},{\"@type\":\"ImageObject\",\"inLanguage\":\"es\",\"@id\":\"https:\/\/www.noticiasradioreflejos.com.ar\/2021\/energia-coopersive-informa-cambios-en-el-sistema-de-subsidios-nacionales-y-el-fin-de-la-segmentacion-n1-n2-y-n3\/#primaryimage\",\"url\":\"https:\/\/www.noticiasradioreflejos.com.ar\/2021\/wp-content\/uploads\/2026\/03\/Coopersive.jpg\",\"contentUrl\":\"https:\/\/www.noticiasradioreflejos.com.ar\/2021\/wp-content\/uploads\/2026\/03\/Coopersive.jpg\",\"width\":1279,\"height\":583},{\"@type\":\"BreadcrumbList\",\"@id\":\"https:\/\/www.noticiasradioreflejos.com.ar\/2021\/energia-coopersive-informa-cambios-en-el-sistema-de-subsidios-nacionales-y-el-fin-de-la-segmentacion-n1-n2-y-n3\/#breadcrumb\",\"itemListElement\":[{\"@type\":\"ListItem\",\"position\":1,\"name\":\"Portada\",\"item\":\"https:\/\/www.noticiasradioreflejos.com.ar\/2021\/\"},{\"@type\":\"ListItem\",\"position\":2,\"name\":\"Energ\u00eda: Coopersive informa cambios en el sistema de subsidios nacionales y el fin de la segmentaci\u00f3n N1, N2 y N3\"}]},{\"@type\":\"WebSite\",\"@id\":\"https:\/\/www.noticiasradioreflejos.com.ar\/2021\/#website\",\"url\":\"https:\/\/www.noticiasradioreflejos.com.ar\/2021\/\",\"name\":\"Noticias Radio Reflejos\",\"description\":\"Las noticias de mi comarca\",\"potentialAction\":[{\"@type\":\"SearchAction\",\"target\":{\"@type\":\"EntryPoint\",\"urlTemplate\":\"https:\/\/www.noticiasradioreflejos.com.ar\/2021\/?s={search_term_string}\"},\"query-input\":{\"@type\":\"PropertyValueSpecification\",\"valueRequired\":true,\"valueName\":\"search_term_string\"}}],\"inLanguage\":\"es\"},{\"@type\":\"Person\",\"@id\":\"https:\/\/www.noticiasradioreflejos.com.ar\/2021\/#\/schema\/person\/ad82545263dcc5ec0996818884fd5fb1\",\"name\":\"Arnaldo Botto\",\"image\":{\"@type\":\"ImageObject\",\"inLanguage\":\"es\",\"@id\":\"https:\/\/www.noticiasradioreflejos.com.ar\/2021\/#\/schema\/person\/image\/\",\"url\":\"https:\/\/secure.gravatar.com\/avatar\/55cb5e37c1efa326397366e6974cb338056df65cb50e7d64d1cf314e87504837?s=96&d=mm&r=g\",\"contentUrl\":\"https:\/\/secure.gravatar.com\/avatar\/55cb5e37c1efa326397366e6974cb338056df65cb50e7d64d1cf314e87504837?s=96&d=mm&r=g\",\"caption\":\"Arnaldo Botto\"},\"url\":\"https:\/\/www.noticiasradioreflejos.com.ar\/2021\/author\/arnaldo\/\"}]}<\/script>\n<!-- \/ Yoast SEO plugin. -->","yoast_head_json":{"title":"Energ\u00eda: Coopersive informa cambios en el sistema de subsidios nacionales y el fin de la segmentaci\u00f3n N1, N2 y N3 - Noticias Radio Reflejos","robots":{"index":"index","follow":"follow","max-snippet":"max-snippet:-1","max-image-preview":"max-image-preview:large","max-video-preview":"max-video-preview:-1"},"canonical":"https:\/\/www.noticiasradioreflejos.com.ar\/2021\/energia-coopersive-informa-cambios-en-el-sistema-de-subsidios-nacionales-y-el-fin-de-la-segmentacion-n1-n2-y-n3\/","og_locale":"es_ES","og_type":"article","og_title":"Energ\u00eda: Coopersive informa cambios en el sistema de subsidios nacionales y el fin de la segmentaci\u00f3n N1, N2 y N3 - Noticias Radio Reflejos","og_description":"A ra\u00edz de lo dispuesto por la Secretar\u00eda de Energ\u00eda de la Naci\u00f3n bajo la Resoluci\u00f3n N\u00b013\/2026-, se implementar\u00e1 el nuevo esquema de Subsidios Energ\u00e9ticos Focalizados (SEF). La medida elimina las categor\u00edas de segmentaci\u00f3n vigentes hasta el momento y establece una nueva clasificaci\u00f3n entre usuarios con y sin subsidio, lo que impactar\u00e1 en las pr\u00f3ximas [&hellip;]","og_url":"https:\/\/www.noticiasradioreflejos.com.ar\/2021\/energia-coopersive-informa-cambios-en-el-sistema-de-subsidios-nacionales-y-el-fin-de-la-segmentacion-n1-n2-y-n3\/","og_site_name":"Noticias Radio Reflejos","article_published_time":"2026-03-10T11:24:12+00:00","article_modified_time":"2026-03-10T12:49:49+00:00","og_image":[{"width":1279,"height":583,"url":"https:\/\/www.noticiasradioreflejos.com.ar\/2021\/wp-content\/uploads\/2026\/03\/Coopersive.jpg","type":"image\/jpeg"}],"author":"Arnaldo Botto","twitter_card":"summary_large_image","schema":{"@context":"https:\/\/schema.org","@graph":[{"@type":"WebPage","@id":"https:\/\/www.noticiasradioreflejos.com.ar\/2021\/energia-coopersive-informa-cambios-en-el-sistema-de-subsidios-nacionales-y-el-fin-de-la-segmentacion-n1-n2-y-n3\/","url":"https:\/\/www.noticiasradioreflejos.com.ar\/2021\/energia-coopersive-informa-cambios-en-el-sistema-de-subsidios-nacionales-y-el-fin-de-la-segmentacion-n1-n2-y-n3\/","name":"Energ\u00eda: Coopersive informa cambios en el sistema de subsidios nacionales y el fin de la segmentaci\u00f3n N1, N2 y N3 - Noticias Radio Reflejos","isPartOf":{"@id":"https:\/\/www.noticiasradioreflejos.com.ar\/2021\/#website"},"primaryImageOfPage":{"@id":"https:\/\/www.noticiasradioreflejos.com.ar\/2021\/energia-coopersive-informa-cambios-en-el-sistema-de-subsidios-nacionales-y-el-fin-de-la-segmentacion-n1-n2-y-n3\/#primaryimage"},"image":{"@id":"https:\/\/www.noticiasradioreflejos.com.ar\/2021\/energia-coopersive-informa-cambios-en-el-sistema-de-subsidios-nacionales-y-el-fin-de-la-segmentacion-n1-n2-y-n3\/#primaryimage"},"thumbnailUrl":"https:\/\/www.noticiasradioreflejos.com.ar\/2021\/wp-content\/uploads\/2026\/03\/Coopersive.jpg","datePublished":"2026-03-10T11:24:12+00:00","dateModified":"2026-03-10T12:49:49+00:00","author":{"@id":"https:\/\/www.noticiasradioreflejos.com.ar\/2021\/#\/schema\/person\/ad82545263dcc5ec0996818884fd5fb1"},"breadcrumb":{"@id":"https:\/\/www.noticiasradioreflejos.com.ar\/2021\/energia-coopersive-informa-cambios-en-el-sistema-de-subsidios-nacionales-y-el-fin-de-la-segmentacion-n1-n2-y-n3\/#breadcrumb"},"inLanguage":"es","potentialAction":[{"@type":"ReadAction","target":["https:\/\/www.noticiasradioreflejos.com.ar\/2021\/energia-coopersive-informa-cambios-en-el-sistema-de-subsidios-nacionales-y-el-fin-de-la-segmentacion-n1-n2-y-n3\/"]}]},{"@type":"ImageObject","inLanguage":"es","@id":"https:\/\/www.noticiasradioreflejos.com.ar\/2021\/energia-coopersive-informa-cambios-en-el-sistema-de-subsidios-nacionales-y-el-fin-de-la-segmentacion-n1-n2-y-n3\/#primaryimage","url":"https:\/\/www.noticiasradioreflejos.com.ar\/2021\/wp-content\/uploads\/2026\/03\/Coopersive.jpg","contentUrl":"https:\/\/www.noticiasradioreflejos.com.ar\/2021\/wp-content\/uploads\/2026\/03\/Coopersive.jpg","width":1279,"height":583},{"@type":"BreadcrumbList","@id":"https:\/\/www.noticiasradioreflejos.com.ar\/2021\/energia-coopersive-informa-cambios-en-el-sistema-de-subsidios-nacionales-y-el-fin-de-la-segmentacion-n1-n2-y-n3\/#breadcrumb","itemListElement":[{"@type":"ListItem","position":1,"name":"Portada","item":"https:\/\/www.noticiasradioreflejos.com.ar\/2021\/"},{"@type":"ListItem","position":2,"name":"Energ\u00eda: Coopersive informa cambios en el sistema de subsidios nacionales y el fin de la segmentaci\u00f3n N1, N2 y N3"}]},{"@type":"WebSite","@id":"https:\/\/www.noticiasradioreflejos.com.ar\/2021\/#website","url":"https:\/\/www.noticiasradioreflejos.com.ar\/2021\/","name":"Noticias Radio Reflejos","description":"Las noticias de mi comarca","potentialAction":[{"@type":"SearchAction","target":{"@type":"EntryPoint","urlTemplate":"https:\/\/www.noticiasradioreflejos.com.ar\/2021\/?s={search_term_string}"},"query-input":{"@type":"PropertyValueSpecification","valueRequired":true,"valueName":"search_term_string"}}],"inLanguage":"es"},{"@type":"Person","@id":"https:\/\/www.noticiasradioreflejos.com.ar\/2021\/#\/schema\/person\/ad82545263dcc5ec0996818884fd5fb1","name":"Arnaldo Botto","image":{"@type":"ImageObject","inLanguage":"es","@id":"https:\/\/www.noticiasradioreflejos.com.ar\/2021\/#\/schema\/person\/image\/","url":"https:\/\/secure.gravatar.com\/avatar\/55cb5e37c1efa326397366e6974cb338056df65cb50e7d64d1cf314e87504837?s=96&d=mm&r=g","contentUrl":"https:\/\/secure.gravatar.com\/avatar\/55cb5e37c1efa326397366e6974cb338056df65cb50e7d64d1cf314e87504837?s=96&d=mm&r=g","caption":"Arnaldo Botto"},"url":"https:\/\/www.noticiasradioreflejos.com.ar\/2021\/author\/arnaldo\/"}]}},"_links":{"self":[{"href":"https:\/\/www.noticiasradioreflejos.com.ar\/2021\/wp-json\/wp\/v2\/posts\/133813","targetHints":{"allow":["GET"]}}],"collection":[{"href":"https:\/\/www.noticiasradioreflejos.com.ar\/2021\/wp-json\/wp\/v2\/posts"}],"about":[{"href":"https:\/\/www.noticiasradioreflejos.com.ar\/2021\/wp-json\/wp\/v2\/types\/post"}],"author":[{"embeddable":true,"href":"https:\/\/www.noticiasradioreflejos.com.ar\/2021\/wp-json\/wp\/v2\/users\/3"}],"replies":[{"embeddable":true,"href":"https:\/\/www.noticiasradioreflejos.com.ar\/2021\/wp-json\/wp\/v2\/comments?post=133813"}],"version-history":[{"count":2,"href":"https:\/\/www.noticiasradioreflejos.com.ar\/2021\/wp-json\/wp\/v2\/posts\/133813\/revisions"}],"predecessor-version":[{"id":133824,"href":"https:\/\/www.noticiasradioreflejos.com.ar\/2021\/wp-json\/wp\/v2\/posts\/133813\/revisions\/133824"}],"wp:featuredmedia":[{"embeddable":true,"href":"https:\/\/www.noticiasradioreflejos.com.ar\/2021\/wp-json\/wp\/v2\/media\/133815"}],"wp:attachment":[{"href":"https:\/\/www.noticiasradioreflejos.com.ar\/2021\/wp-json\/wp\/v2\/media?parent=133813"}],"wp:term":[{"taxonomy":"category","embeddable":true,"href":"https:\/\/www.noticiasradioreflejos.com.ar\/2021\/wp-json\/wp\/v2\/categories?post=133813"},{"taxonomy":"post_tag","embeddable":true,"href":"https:\/\/www.noticiasradioreflejos.com.ar\/2021\/wp-json\/wp\/v2\/tags?post=133813"}],"curies":[{"name":"wp","href":"https:\/\/api.w.org\/{rel}","templated":true}]}}