{"id":133810,"date":"2026-03-10T07:25:38","date_gmt":"2026-03-10T10:25:38","guid":{"rendered":"https:\/\/www.noticiasradioreflejos.com.ar\/2021\/?p=133810"},"modified":"2026-03-10T07:25:38","modified_gmt":"2026-03-10T10:25:38","slug":"el-loco-montenegro-le-gano-un-juicio-millonario-a-yahoo","status":"publish","type":"post","link":"https:\/\/www.noticiasradioreflejos.com.ar\/2021\/el-loco-montenegro-le-gano-un-juicio-millonario-a-yahoo\/","title":{"rendered":"El \u201cloco\u201d Montenegro le gan\u00f3 un juicio millonario a Yahoo!"},"content":{"rendered":"<p>A trav\u00e9s de la pantalla de Am\u00e9rica TV, en una entrevista dada con Sergio Lapeg\u00fce,\u00a0<b><strong>el ex basquetbolista bahiense Hern\u00e1n Abel Montenegro confirm\u00f3 que le gan\u00f3 una demanda a Yahoo! por difamaci\u00f3n.<\/strong><\/b><!--more--><\/p>\n<p>\u00abJugu\u00e9 profesionalmente hasta los 44 a\u00f1os, soy uno de los deportistas m\u00e1s longevos de la historia,\u00a0<b><strong>si las drogas me hubieran arruinado la carrera no hubiera durado tanto\u00bb afirm\u00f3 el \u201cloco\u201d.<\/strong><\/b><\/p>\n<p>Del mismo modo, y repasando su actual internaci\u00f3n, mencion\u00f3 que \u00ab<b><strong>ingres\u00e9 el 16 de agosto de 2025 porque ven\u00eda muy mal.\u00a0<\/strong><\/b>Mi adicci\u00f3n, el alcoholismo, me estaba liquidando, y mi depresi\u00f3n, porque esa es mi enfermedad de base, que me trato desde los 14 a\u00f1os, pero bueno no pod\u00eda y tuve la suerte de que conoc\u00eda a Luis desde que abri\u00f3 la fundaci\u00f3n Eyra, y lo llam\u00e9 y le dije \u00abLuis, dame una mano\u00bb, me abri\u00f3 las puertas y estoy ac\u00e1 hace siete meses\u00bb.<\/p>\n<p>Por \u00faltimo, y buscando dejar un mensaje claro, el ex participante de Mastercheff indic\u00f3 que \u00abm\u00e1s all\u00e1 del juicio, el mensaje que quiero dar es este: pedir ayuda cuesta, a los adictos nos cuesta much\u00edsimo, yo tengo casi 60 a\u00f1os,\u00a0<b><strong>es muy dif\u00edcil a mi edad tener todav\u00eda un poco de ganas<\/strong><\/b>. Yo llegu\u00e9 sin ganas, llegu\u00e9 desarmado, esa es la realidad. Tener la posibilidad de estar ac\u00e1, y llevar siete meses, soy un bendecido. Yo nunca imagin\u00e9 a mi edad pasar 7 meses encerrado, pero bueno, estoy ac\u00e1, estoy contento\u00bb.<\/p>\n<p>&nbsp;<\/p>\n<blockquote class=\"twitter-tweet\" data-media-max-width=\"560\">\n<p lang=\"es\" dir=\"ltr\">\ud83d\udcccHern\u00e1n &quot;El Loco&quot; Montenegro le gan\u00f3 un juicio a Yahoo por difamaci\u00f3n<\/p>\n<p>\ud83d\udde3\ufe0f&quot;Yo nunca esquiv\u00e9 mi situaci\u00f3n. Estoy internado hace 7 meses&quot;<a href=\"https:\/\/t.co\/SBnzSgwUpz\">pic.twitter.com\/SBnzSgwUpz<\/a><\/p>\n<p>&mdash; Filo.news (@filonewsOK) <a href=\"https:\/\/twitter.com\/filonewsOK\/status\/2031065526550585393?ref_src=twsrc%5Etfw\">March 9, 2026<\/a><\/p><\/blockquote>\n<p> <script async src=\"https:\/\/platform.twitter.com\/widgets.js\" charset=\"utf-8\"><\/script><\/p>\n<p><strong>Fuente BHInfo<\/strong><\/p>\n","protected":false},"excerpt":{"rendered":"<p>A trav\u00e9s de la pantalla de Am\u00e9rica TV, en una entrevista dada con Sergio Lapeg\u00fce,\u00a0el ex basquetbolista bahiense Hern\u00e1n Abel Montenegro confirm\u00f3 que le gan\u00f3 una demanda a Yahoo! por difamaci\u00f3n.<\/p>\n","protected":false},"author":3,"featured_media":133811,"comment_status":"closed","ping_status":"closed","sticky":false,"template":"","format":"standard","meta":{"footnotes":""},"categories":[57,26],"tags":[],"class_list":["post-133810","post","type-post","status-publish","format-standard","has-post-thumbnail","hentry","category-judiciales","category-sociedad"],"yoast_head":"<!-- This site is optimized with the Yoast SEO plugin v25.9 - https:\/\/yoast.com\/wordpress\/plugins\/seo\/ -->\n<title>El \u201cloco\u201d Montenegro le gan\u00f3 un juicio millonario a Yahoo! - Noticias Radio Reflejos<\/title>\n<meta name=\"robots\" content=\"index, follow, max-snippet:-1, max-image-preview:large, max-video-preview:-1\" \/>\n<link rel=\"canonical\" href=\"https:\/\/www.noticiasradioreflejos.com.ar\/2021\/el-loco-montenegro-le-gano-un-juicio-millonario-a-yahoo\/\" \/>\n<meta property=\"og:locale\" content=\"es_ES\" \/>\n<meta property=\"og:type\" content=\"article\" \/>\n<meta property=\"og:title\" content=\"El \u201cloco\u201d Montenegro le gan\u00f3 un juicio millonario a Yahoo! - Noticias Radio Reflejos\" \/>\n<meta property=\"og:description\" content=\"A trav\u00e9s de la pantalla de Am\u00e9rica TV, en una entrevista dada con Sergio Lapeg\u00fce,\u00a0el ex basquetbolista bahiense Hern\u00e1n Abel Montenegro confirm\u00f3 que le gan\u00f3 una demanda a Yahoo! por difamaci\u00f3n.\" \/>\n<meta property=\"og:url\" content=\"https:\/\/www.noticiasradioreflejos.com.ar\/2021\/el-loco-montenegro-le-gano-un-juicio-millonario-a-yahoo\/\" \/>\n<meta property=\"og:site_name\" content=\"Noticias Radio Reflejos\" \/>\n<meta property=\"article:published_time\" content=\"2026-03-10T10:25:38+00:00\" \/>\n<meta property=\"og:image\" content=\"https:\/\/www.noticiasradioreflejos.com.ar\/2021\/wp-content\/uploads\/2026\/03\/Montenegro.jpeg\" \/>\n\t<meta property=\"og:image:width\" content=\"1625\" \/>\n\t<meta property=\"og:image:height\" content=\"715\" \/>\n\t<meta property=\"og:image:type\" content=\"image\/jpeg\" \/>\n<meta name=\"author\" content=\"Arnaldo Botto\" \/>\n<meta name=\"twitter:card\" content=\"summary_large_image\" \/>\n<script type=\"application\/ld+json\" class=\"yoast-schema-graph\">{\"@context\":\"https:\/\/schema.org\",\"@graph\":[{\"@type\":\"WebPage\",\"@id\":\"https:\/\/www.noticiasradioreflejos.com.ar\/2021\/el-loco-montenegro-le-gano-un-juicio-millonario-a-yahoo\/\",\"url\":\"https:\/\/www.noticiasradioreflejos.com.ar\/2021\/el-loco-montenegro-le-gano-un-juicio-millonario-a-yahoo\/\",\"name\":\"El \u201cloco\u201d Montenegro le gan\u00f3 un juicio millonario a Yahoo! - Noticias Radio Reflejos\",\"isPartOf\":{\"@id\":\"https:\/\/www.noticiasradioreflejos.com.ar\/2021\/#website\"},\"primaryImageOfPage\":{\"@id\":\"https:\/\/www.noticiasradioreflejos.com.ar\/2021\/el-loco-montenegro-le-gano-un-juicio-millonario-a-yahoo\/#primaryimage\"},\"image\":{\"@id\":\"https:\/\/www.noticiasradioreflejos.com.ar\/2021\/el-loco-montenegro-le-gano-un-juicio-millonario-a-yahoo\/#primaryimage\"},\"thumbnailUrl\":\"https:\/\/www.noticiasradioreflejos.com.ar\/2021\/wp-content\/uploads\/2026\/03\/Montenegro.jpeg\",\"datePublished\":\"2026-03-10T10:25:38+00:00\",\"author\":{\"@id\":\"https:\/\/www.noticiasradioreflejos.com.ar\/2021\/#\/schema\/person\/ad82545263dcc5ec0996818884fd5fb1\"},\"breadcrumb\":{\"@id\":\"https:\/\/www.noticiasradioreflejos.com.ar\/2021\/el-loco-montenegro-le-gano-un-juicio-millonario-a-yahoo\/#breadcrumb\"},\"inLanguage\":\"es\",\"potentialAction\":[{\"@type\":\"ReadAction\",\"target\":[\"https:\/\/www.noticiasradioreflejos.com.ar\/2021\/el-loco-montenegro-le-gano-un-juicio-millonario-a-yahoo\/\"]}]},{\"@type\":\"ImageObject\",\"inLanguage\":\"es\",\"@id\":\"https:\/\/www.noticiasradioreflejos.com.ar\/2021\/el-loco-montenegro-le-gano-un-juicio-millonario-a-yahoo\/#primaryimage\",\"url\":\"https:\/\/www.noticiasradioreflejos.com.ar\/2021\/wp-content\/uploads\/2026\/03\/Montenegro.jpeg\",\"contentUrl\":\"https:\/\/www.noticiasradioreflejos.com.ar\/2021\/wp-content\/uploads\/2026\/03\/Montenegro.jpeg\",\"width\":1625,\"height\":715},{\"@type\":\"BreadcrumbList\",\"@id\":\"https:\/\/www.noticiasradioreflejos.com.ar\/2021\/el-loco-montenegro-le-gano-un-juicio-millonario-a-yahoo\/#breadcrumb\",\"itemListElement\":[{\"@type\":\"ListItem\",\"position\":1,\"name\":\"Portada\",\"item\":\"https:\/\/www.noticiasradioreflejos.com.ar\/2021\/\"},{\"@type\":\"ListItem\",\"position\":2,\"name\":\"El \u201cloco\u201d Montenegro le gan\u00f3 un juicio millonario a Yahoo!\"}]},{\"@type\":\"WebSite\",\"@id\":\"https:\/\/www.noticiasradioreflejos.com.ar\/2021\/#website\",\"url\":\"https:\/\/www.noticiasradioreflejos.com.ar\/2021\/\",\"name\":\"Noticias Radio Reflejos\",\"description\":\"Las noticias de mi comarca\",\"potentialAction\":[{\"@type\":\"SearchAction\",\"target\":{\"@type\":\"EntryPoint\",\"urlTemplate\":\"https:\/\/www.noticiasradioreflejos.com.ar\/2021\/?s={search_term_string}\"},\"query-input\":{\"@type\":\"PropertyValueSpecification\",\"valueRequired\":true,\"valueName\":\"search_term_string\"}}],\"inLanguage\":\"es\"},{\"@type\":\"Person\",\"@id\":\"https:\/\/www.noticiasradioreflejos.com.ar\/2021\/#\/schema\/person\/ad82545263dcc5ec0996818884fd5fb1\",\"name\":\"Arnaldo Botto\",\"image\":{\"@type\":\"ImageObject\",\"inLanguage\":\"es\",\"@id\":\"https:\/\/www.noticiasradioreflejos.com.ar\/2021\/#\/schema\/person\/image\/\",\"url\":\"https:\/\/secure.gravatar.com\/avatar\/55cb5e37c1efa326397366e6974cb338056df65cb50e7d64d1cf314e87504837?s=96&d=mm&r=g\",\"contentUrl\":\"https:\/\/secure.gravatar.com\/avatar\/55cb5e37c1efa326397366e6974cb338056df65cb50e7d64d1cf314e87504837?s=96&d=mm&r=g\",\"caption\":\"Arnaldo Botto\"},\"url\":\"https:\/\/www.noticiasradioreflejos.com.ar\/2021\/author\/arnaldo\/\"}]}<\/script>\n<!-- \/ Yoast SEO plugin. -->","yoast_head_json":{"title":"El \u201cloco\u201d Montenegro le gan\u00f3 un juicio millonario a Yahoo! - Noticias Radio Reflejos","robots":{"index":"index","follow":"follow","max-snippet":"max-snippet:-1","max-image-preview":"max-image-preview:large","max-video-preview":"max-video-preview:-1"},"canonical":"https:\/\/www.noticiasradioreflejos.com.ar\/2021\/el-loco-montenegro-le-gano-un-juicio-millonario-a-yahoo\/","og_locale":"es_ES","og_type":"article","og_title":"El \u201cloco\u201d Montenegro le gan\u00f3 un juicio millonario a Yahoo! - Noticias Radio Reflejos","og_description":"A trav\u00e9s de la pantalla de Am\u00e9rica TV, en una entrevista dada con Sergio Lapeg\u00fce,\u00a0el ex basquetbolista bahiense Hern\u00e1n Abel Montenegro confirm\u00f3 que le gan\u00f3 una demanda a Yahoo! por difamaci\u00f3n.","og_url":"https:\/\/www.noticiasradioreflejos.com.ar\/2021\/el-loco-montenegro-le-gano-un-juicio-millonario-a-yahoo\/","og_site_name":"Noticias Radio Reflejos","article_published_time":"2026-03-10T10:25:38+00:00","og_image":[{"width":1625,"height":715,"url":"https:\/\/www.noticiasradioreflejos.com.ar\/2021\/wp-content\/uploads\/2026\/03\/Montenegro.jpeg","type":"image\/jpeg"}],"author":"Arnaldo Botto","twitter_card":"summary_large_image","schema":{"@context":"https:\/\/schema.org","@graph":[{"@type":"WebPage","@id":"https:\/\/www.noticiasradioreflejos.com.ar\/2021\/el-loco-montenegro-le-gano-un-juicio-millonario-a-yahoo\/","url":"https:\/\/www.noticiasradioreflejos.com.ar\/2021\/el-loco-montenegro-le-gano-un-juicio-millonario-a-yahoo\/","name":"El \u201cloco\u201d Montenegro le gan\u00f3 un juicio millonario a Yahoo! - Noticias Radio Reflejos","isPartOf":{"@id":"https:\/\/www.noticiasradioreflejos.com.ar\/2021\/#website"},"primaryImageOfPage":{"@id":"https:\/\/www.noticiasradioreflejos.com.ar\/2021\/el-loco-montenegro-le-gano-un-juicio-millonario-a-yahoo\/#primaryimage"},"image":{"@id":"https:\/\/www.noticiasradioreflejos.com.ar\/2021\/el-loco-montenegro-le-gano-un-juicio-millonario-a-yahoo\/#primaryimage"},"thumbnailUrl":"https:\/\/www.noticiasradioreflejos.com.ar\/2021\/wp-content\/uploads\/2026\/03\/Montenegro.jpeg","datePublished":"2026-03-10T10:25:38+00:00","author":{"@id":"https:\/\/www.noticiasradioreflejos.com.ar\/2021\/#\/schema\/person\/ad82545263dcc5ec0996818884fd5fb1"},"breadcrumb":{"@id":"https:\/\/www.noticiasradioreflejos.com.ar\/2021\/el-loco-montenegro-le-gano-un-juicio-millonario-a-yahoo\/#breadcrumb"},"inLanguage":"es","potentialAction":[{"@type":"ReadAction","target":["https:\/\/www.noticiasradioreflejos.com.ar\/2021\/el-loco-montenegro-le-gano-un-juicio-millonario-a-yahoo\/"]}]},{"@type":"ImageObject","inLanguage":"es","@id":"https:\/\/www.noticiasradioreflejos.com.ar\/2021\/el-loco-montenegro-le-gano-un-juicio-millonario-a-yahoo\/#primaryimage","url":"https:\/\/www.noticiasradioreflejos.com.ar\/2021\/wp-content\/uploads\/2026\/03\/Montenegro.jpeg","contentUrl":"https:\/\/www.noticiasradioreflejos.com.ar\/2021\/wp-content\/uploads\/2026\/03\/Montenegro.jpeg","width":1625,"height":715},{"@type":"BreadcrumbList","@id":"https:\/\/www.noticiasradioreflejos.com.ar\/2021\/el-loco-montenegro-le-gano-un-juicio-millonario-a-yahoo\/#breadcrumb","itemListElement":[{"@type":"ListItem","position":1,"name":"Portada","item":"https:\/\/www.noticiasradioreflejos.com.ar\/2021\/"},{"@type":"ListItem","position":2,"name":"El \u201cloco\u201d Montenegro le gan\u00f3 un juicio millonario a Yahoo!"}]},{"@type":"WebSite","@id":"https:\/\/www.noticiasradioreflejos.com.ar\/2021\/#website","url":"https:\/\/www.noticiasradioreflejos.com.ar\/2021\/","name":"Noticias Radio Reflejos","description":"Las noticias de mi comarca","potentialAction":[{"@type":"SearchAction","target":{"@type":"EntryPoint","urlTemplate":"https:\/\/www.noticiasradioreflejos.com.ar\/2021\/?s={search_term_string}"},"query-input":{"@type":"PropertyValueSpecification","valueRequired":true,"valueName":"search_term_string"}}],"inLanguage":"es"},{"@type":"Person","@id":"https:\/\/www.noticiasradioreflejos.com.ar\/2021\/#\/schema\/person\/ad82545263dcc5ec0996818884fd5fb1","name":"Arnaldo Botto","image":{"@type":"ImageObject","inLanguage":"es","@id":"https:\/\/www.noticiasradioreflejos.com.ar\/2021\/#\/schema\/person\/image\/","url":"https:\/\/secure.gravatar.com\/avatar\/55cb5e37c1efa326397366e6974cb338056df65cb50e7d64d1cf314e87504837?s=96&d=mm&r=g","contentUrl":"https:\/\/secure.gravatar.com\/avatar\/55cb5e37c1efa326397366e6974cb338056df65cb50e7d64d1cf314e87504837?s=96&d=mm&r=g","caption":"Arnaldo Botto"},"url":"https:\/\/www.noticiasradioreflejos.com.ar\/2021\/author\/arnaldo\/"}]}},"_links":{"self":[{"href":"https:\/\/www.noticiasradioreflejos.com.ar\/2021\/wp-json\/wp\/v2\/posts\/133810","targetHints":{"allow":["GET"]}}],"collection":[{"href":"https:\/\/www.noticiasradioreflejos.com.ar\/2021\/wp-json\/wp\/v2\/posts"}],"about":[{"href":"https:\/\/www.noticiasradioreflejos.com.ar\/2021\/wp-json\/wp\/v2\/types\/post"}],"author":[{"embeddable":true,"href":"https:\/\/www.noticiasradioreflejos.com.ar\/2021\/wp-json\/wp\/v2\/users\/3"}],"replies":[{"embeddable":true,"href":"https:\/\/www.noticiasradioreflejos.com.ar\/2021\/wp-json\/wp\/v2\/comments?post=133810"}],"version-history":[{"count":1,"href":"https:\/\/www.noticiasradioreflejos.com.ar\/2021\/wp-json\/wp\/v2\/posts\/133810\/revisions"}],"predecessor-version":[{"id":133812,"href":"https:\/\/www.noticiasradioreflejos.com.ar\/2021\/wp-json\/wp\/v2\/posts\/133810\/revisions\/133812"}],"wp:featuredmedia":[{"embeddable":true,"href":"https:\/\/www.noticiasradioreflejos.com.ar\/2021\/wp-json\/wp\/v2\/media\/133811"}],"wp:attachment":[{"href":"https:\/\/www.noticiasradioreflejos.com.ar\/2021\/wp-json\/wp\/v2\/media?parent=133810"}],"wp:term":[{"taxonomy":"category","embeddable":true,"href":"https:\/\/www.noticiasradioreflejos.com.ar\/2021\/wp-json\/wp\/v2\/categories?post=133810"},{"taxonomy":"post_tag","embeddable":true,"href":"https:\/\/www.noticiasradioreflejos.com.ar\/2021\/wp-json\/wp\/v2\/tags?post=133810"}],"curies":[{"name":"wp","href":"https:\/\/api.w.org\/{rel}","templated":true}]}}